{"id":98763,"date":"2023-11-06T00:33:36","date_gmt":"2023-11-06T00:33:36","guid":{"rendered":"https:\/\/ucm.one\/%f0%9f%8e%ac-successful-premiere-of-the-film-soultribe-a-dance-of-life-by-stefan-rainer-in-munich\/"},"modified":"2024-01-16T23:18:00","modified_gmt":"2024-01-16T23:18:00","slug":"successful-premiere-of-the-film-soultribe-a-dance-of-life-by-stefan-rainer-in-munich","status":"publish","type":"post","link":"https:\/\/ucm.one\/en\/successful-premiere-of-the-film-soultribe-a-dance-of-life-by-stefan-rainer-in-munich\/","title":{"rendered":"\ud83c\udfac Successful premiere of the film &#8220;Soultribe &#8211; A Dance of Life&#8221; by Stefan Rainer in Munich"},"content":{"rendered":"<div class=\"wpb-content-wrapper\"><p>[vc_row][vc_column][vc_column_text]<\/p>\n<p style=\"font-weight: 400;\">The moving cinema premiere of &#8220;<strong>Soultribe &#8211; A Dance of Life<\/strong>&#8221; by director and producer <strong>Stefan Rainer<\/strong> on 5 November at the <strong>Math\u00e4ser Filmpalast<\/strong> and <strong>Gloria Palast<\/strong> in Munich inspired and touched the audience in the sold-out cinema auditorium and ended with standing ovations for the protagonists present and at the same time the makers of the film.<\/p>\n<p>[\/vc_column_text][\/vc_column][\/vc_row][vc_row][vc_column width=&#8221;3\/4&#8243;][vc_column_text]<\/p>\n<p style=\"font-weight: 400;\"><strong>Stefan Rainer<\/strong>, <strong>Jenny Rainer<\/strong>, <strong>Patrick (SEOM) Kammerer,<\/strong> <strong>Johanna Heizmann<\/strong> and <strong>Maik<\/strong> and <strong>Dunja Burghardt<\/strong> were as authentic and close to the audience afterwards as they had been before in the film. The feature film about a section of their individual and joint hero&#8217;s journey as artists, entrepreneurs and parents picked up the audience where many of them currently stand: in the arc of tension between personal freedom and creative fulfilment as well as the pressure of social expectations.<\/p>\n<p>[\/vc_column_text][vc_column_text]<\/p>\n<p style=\"font-weight: 400;\">In addition to experiencing the makers and protagonists up close, the more than 550 spectators were also treated to a colourful supporting programme with a red carpet hosted by <strong>Katrin Seibold<\/strong>, <strong>Thomas Schmelzer<\/strong> and <strong>Anja Plattner<\/strong>, live performances by <strong>Patrick Kammerer<\/strong> alias <strong>SEOM<\/strong> and <strong>Annika Dietmann<\/strong>, who took the audience along with them and set the mood wonderfully for the subsequent film enjoyment. At the subsequent get-together in the foyer of the <strong>Math\u00e4ser Filmpalast<\/strong>, there was feedback from the audience, who felt very connected to the actors and their stories and recognised parallels to their own lives.<\/p>\n<p>[\/vc_column_text][vc_column_text]<\/p>\n<p style=\"font-weight: 400;\">Many of the topics covered in the film, such as social roles, raising children, homeschooling, couple relationships, financial challenges and finding one&#8217;s calling, were addressed again by the audience in the Q&amp;A session that followed and personal questions were put to the actors and about the making of the film. Of course, there was also plenty of time to celebrate the premiere afterwards.<\/p>\n<p>[\/vc_column_text][\/vc_column][vc_column width=&#8221;1\/4&#8243;][vc_single_image image=&#8221;98968&#8243; img_size=&#8221;full&#8221; onclick=&#8221;link_image&#8221;][\/vc_column][\/vc_row][vc_row][vc_column][vc_column_text]&#8221;<strong>Soultribe &#8211; A Dance of Life<\/strong>&#8221; was so well received in advance that, after several changes to a larger cinema, another screening was even shown almost simultaneously in the neighbouring <strong>Gloria Palast<\/strong>.[\/vc_column_text][vc_row_inner][vc_column_inner][vc_column_text css=&#8221;.vc_custom_1699568144648{margin-bottom: -3px !important;}&#8221;]<span style=\"font-size: 14pt;\">Pictures from the premiere at the Math\u00e4ser Filmpalast in Munich:<\/span>[\/vc_column_text][vc_empty_space height=&#8221;13px&#8221;][\/vc_column_inner][\/vc_row_inner][\/vc_column][\/vc_row][vc_row][vc_column width=&#8221;1\/4&#8243;][vc_single_image image=&#8221;98723&#8243; img_size=&#8221;full&#8221; onclick=&#8221;link_image&#8221;][\/vc_column][vc_column width=&#8221;1\/4&#8243;][vc_single_image image=&#8221;98725&#8243; img_size=&#8221;full&#8221; onclick=&#8221;link_image&#8221;][\/vc_column][vc_column width=&#8221;1\/4&#8243;][vc_single_image image=&#8221;98727&#8243; img_size=&#8221;full&#8221; onclick=&#8221;link_image&#8221;][\/vc_column][vc_column width=&#8221;1\/4&#8243;][vc_single_image image=&#8221;98729&#8243; img_size=&#8221;full&#8221; onclick=&#8221;link_image&#8221;][\/vc_column][\/vc_row][vc_row][vc_column width=&#8221;1\/4&#8243;][vc_single_image image=&#8221;98731&#8243; img_size=&#8221;full&#8221; onclick=&#8221;link_image&#8221;][\/vc_column][vc_column width=&#8221;1\/4&#8243;][vc_single_image image=&#8221;98735&#8243; img_size=&#8221;full&#8221; onclick=&#8221;link_image&#8221;][\/vc_column][vc_column width=&#8221;1\/4&#8243;][vc_single_image image=&#8221;98737&#8243; img_size=&#8221;full&#8221; onclick=&#8221;link_image&#8221;][\/vc_column][vc_column width=&#8221;1\/4&#8243;][vc_single_image image=&#8221;98739&#8243; img_size=&#8221;full&#8221; onclick=&#8221;link_image&#8221;][\/vc_column][\/vc_row][vc_row][vc_column][vc_row_inner][vc_column_inner][vc_empty_space height=&#8221;1px&#8221;][vc_column_text css=&#8221;.vc_custom_1699568289834{margin-top: -25px !important;}&#8221;]<span style=\"font-size: 10pt;\"><em>All pictures: \u00a9 Katharina Kraus<\/em><\/span>[\/vc_column_text][\/vc_column_inner][\/vc_row_inner][\/vc_column][\/vc_row][vc_row][vc_column][vc_row_inner][vc_column_inner][\/vc_column_inner][\/vc_row_inner][vc_column_text]<br \/>\nFollowing the successful premiere, the film&#8217;s journey now continues. &#8220;<strong>Soultribe &#8211; A Dance of Life<\/strong>&#8220;, which can be booked on the film label <strong>Artkeim\u00b2<\/strong> via <span style=\"font-family: 'arial black', sans-serif;\"><strong>UCM.ONE<\/strong><\/span>, will meet further audiences on its cinema tour through Germany and Austria and spread the message &#8220;<em>Follow your heart&#8221;<\/em>.<\/p>\n<p><strong>See you &#8211; in the cinema.<\/strong><br \/>\n[\/vc_column_text][\/vc_column][\/vc_row][vc_row][vc_column][vc_video link=&#8221;https:\/\/youtu.be\/_-Dponfr-7c?si=aa5C2Zb9-vjlQovM&#8221;][\/vc_column][\/vc_row][vc_row][vc_column width=&#8221;1\/2&#8243;][vc_column_text]More information about the movie: <a title=\"Soultribe\" href=\"https:\/\/ucm.one\/en\/soultribe\/\" target=\"_blank\" rel=\"noopener\">Soultribe<\/a>[\/vc_column_text][\/vc_column][vc_column width=&#8221;1\/2&#8243;][vc_column_text]More information about the film label: <a title=\"Artkeim\u00b2\" href=\"https:\/\/ucm.one\/en\/film-labels\/artkeim\/\">Artkeim\u00b2<\/a>[\/vc_column_text][\/vc_column][\/vc_row]<\/p>\n<\/div>","protected":false},"excerpt":{"rendered":"<p>[vc_row][vc_column][vc_column_text] The moving cinema premiere of &#8220;Soultribe &#8211; A Dance of Life&#8221; by director and producer Stefan Rainer on 5 November at the Math\u00e4ser Filmpalast and Gloria Palast in Munich inspired and touched the audience in the sold-out cinema auditorium and ended with standing ovations for the protagonists present and at the same time the&hellip;<\/p>\n","protected":false},"author":2,"featured_media":98717,"comment_status":"closed","ping_status":"closed","sticky":false,"template":"","format":"standard","meta":{"_acf_changed":false,"footnotes":""},"categories":[570,1011,942,4630,941,7530],"tags":[3479,16768,16767,16765,3887,16764,16795,4036,16763,16766],"class_list":["post-98763","post","type-post","status-publish","format-standard","has-post-thumbnail","hentry","category-artkeim-en","category-cinema","category-film-en","category-movie-distribution","category-news-en","category-world-sales","tag-artkeim-en","tag-cosmic-cine-tv-2","tag-ein-tanz-des-lebens-2","tag-gloria-filmpalast-2","tag-kino-en","tag-mathaser","tag-mathaser-filmpalast","tag-muenchen-en","tag-soultribe-2","tag-stefan-rainer-2","category-570","category-1011","category-942","category-4630","category-941","category-7530","description-off"],"acf":[],"yoast_head":"<!-- This site is optimized with the Yoast SEO plugin v27.5 - https:\/\/yoast.com\/product\/yoast-seo-wordpress\/ -->\n<title>Successful premiere of the film by Stefan Rainer in Munich<\/title>\n<meta name=\"description\" content=\"The moving cinema premiere of &quot;Soultribe&quot; by director and producer Stefan Rainer on 5 November at the Math\u00e4ser Filmpalast in Munich inspired and touched the audience in the sold-out cinema auditorium\" \/>\n<meta name=\"robots\" content=\"index, follow, max-snippet:-1, max-image-preview:large, max-video-preview:-1\" \/>\n<link rel=\"canonical\" href=\"https:\/\/ucm.one\/en\/successful-premiere-of-the-film-soultribe-a-dance-of-life-by-stefan-rainer-in-munich\/\" \/>\n<meta property=\"og:locale\" content=\"en_US\" \/>\n<meta property=\"og:type\" content=\"article\" \/>\n<meta property=\"og:title\" content=\"Successful premiere of the film by Stefan Rainer in Munich\" \/>\n<meta property=\"og:description\" content=\"The moving cinema premiere of &quot;Soultribe&quot; by director and producer Stefan Rainer on 5 November at the Math\u00e4ser Filmpalast in Munich inspired and touched the audience in the sold-out cinema auditorium\" \/>\n<meta property=\"og:url\" content=\"https:\/\/ucm.one\/en\/successful-premiere-of-the-film-soultribe-a-dance-of-life-by-stefan-rainer-in-munich\/\" \/>\n<meta property=\"og:site_name\" content=\"UCM.ONE\" \/>\n<meta property=\"article:published_time\" content=\"2023-11-06T00:33:36+00:00\" \/>\n<meta property=\"article:modified_time\" content=\"2024-01-16T23:18:00+00:00\" \/>\n<meta property=\"og:image\" content=\"https:\/\/ucm.one\/wp-content\/uploads\/2023\/11\/YT-Soultribe.jpg\" \/>\n<meta name=\"author\" content=\"Joachim Keil\" \/>\n<meta name=\"twitter:card\" content=\"summary_large_image\" \/>\n<meta name=\"twitter:title\" content=\"Successful premiere of the film by Stefan Rainer in Munich\" \/>\n<meta name=\"twitter:description\" content=\"The moving cinema premiere of &quot;Soultribe&quot; by director and producer Stefan Rainer on 5 November at the Math\u00e4ser Filmpalast in Munich inspired and touched the audience in the sold-out cinema auditorium\" \/>\n<meta name=\"twitter:image\" content=\"https:\/\/ucm.one\/wp-content\/uploads\/2023\/11\/YT-Soultribe.jpg\" \/>\n<meta name=\"twitter:label1\" content=\"Written by\" \/>\n\t<meta name=\"twitter:data1\" content=\"Joachim Keil\" \/>\n\t<meta name=\"twitter:label2\" content=\"Est. reading time\" \/>\n\t<meta name=\"twitter:data2\" content=\"4 minutes\" \/>\n<!-- \/ Yoast SEO plugin. -->","yoast_head_json":{"title":"Successful premiere of the film by Stefan Rainer in Munich","description":"The moving cinema premiere of \"Soultribe\" by director and producer Stefan Rainer on 5 November at the Math\u00e4ser Filmpalast in Munich inspired and touched the audience in the sold-out cinema auditorium","robots":{"index":"index","follow":"follow","max-snippet":"max-snippet:-1","max-image-preview":"max-image-preview:large","max-video-preview":"max-video-preview:-1"},"canonical":"https:\/\/ucm.one\/en\/successful-premiere-of-the-film-soultribe-a-dance-of-life-by-stefan-rainer-in-munich\/","og_locale":"en_US","og_type":"article","og_title":"Successful premiere of the film by Stefan Rainer in Munich","og_description":"The moving cinema premiere of \"Soultribe\" by director and producer Stefan Rainer on 5 November at the Math\u00e4ser Filmpalast in Munich inspired and touched the audience in the sold-out cinema auditorium","og_url":"https:\/\/ucm.one\/en\/successful-premiere-of-the-film-soultribe-a-dance-of-life-by-stefan-rainer-in-munich\/","og_site_name":"UCM.ONE","article_published_time":"2023-11-06T00:33:36+00:00","article_modified_time":"2024-01-16T23:18:00+00:00","og_image":[{"url":"https:\/\/ucm.one\/wp-content\/uploads\/2023\/11\/YT-Soultribe.jpg","type":"","width":"","height":""}],"author":"Joachim Keil","twitter_card":"summary_large_image","twitter_title":"Successful premiere of the film by Stefan Rainer in Munich","twitter_description":"The moving cinema premiere of \"Soultribe\" by director and producer Stefan Rainer on 5 November at the Math\u00e4ser Filmpalast in Munich inspired and touched the audience in the sold-out cinema auditorium","twitter_image":"https:\/\/ucm.one\/wp-content\/uploads\/2023\/11\/YT-Soultribe.jpg","twitter_misc":{"Written by":"Joachim Keil","Est. reading time":"4 minutes"},"schema":{"@context":"https:\/\/schema.org","@graph":[{"@type":"Article","@id":"https:\/\/ucm.one\/en\/successful-premiere-of-the-film-soultribe-a-dance-of-life-by-stefan-rainer-in-munich\/#article","isPartOf":{"@id":"https:\/\/ucm.one\/en\/successful-premiere-of-the-film-soultribe-a-dance-of-life-by-stefan-rainer-in-munich\/"},"author":{"name":"Joachim Keil","@id":"https:\/\/ucm.one\/en\/#\/schema\/person\/4b959e467e8acc058836467a0ef8fa50"},"headline":"\ud83c\udfac Successful premiere of the film &#8220;Soultribe &#8211; A Dance of Life&#8221; by Stefan Rainer in Munich","datePublished":"2023-11-06T00:33:36+00:00","dateModified":"2024-01-16T23:18:00+00:00","mainEntityOfPage":{"@id":"https:\/\/ucm.one\/en\/successful-premiere-of-the-film-soultribe-a-dance-of-life-by-stefan-rainer-in-munich\/"},"wordCount":768,"publisher":{"@id":"https:\/\/ucm.one\/en\/#organization"},"image":{"@id":"https:\/\/ucm.one\/en\/successful-premiere-of-the-film-soultribe-a-dance-of-life-by-stefan-rainer-in-munich\/#primaryimage"},"thumbnailUrl":"https:\/\/ucm.one\/wp-content\/uploads\/2023\/11\/B-Soultribe-Premiere.jpg","keywords":["Artkeim\u00b2","Cosmic-Cine TV","Ein Tanz des Lebens","Gloria Filmpalast","Kino","Math\u00e4ser","Math\u00e4ser Filmpalast","M\u00fcnchen","Soultribe","Stefan Rainer"],"articleSection":["Artkeim\u00b2","Cinema","Film","Movie Distribution","News","World Sales"],"inLanguage":"en-US"},{"@type":"WebPage","@id":"https:\/\/ucm.one\/en\/successful-premiere-of-the-film-soultribe-a-dance-of-life-by-stefan-rainer-in-munich\/","url":"https:\/\/ucm.one\/en\/successful-premiere-of-the-film-soultribe-a-dance-of-life-by-stefan-rainer-in-munich\/","name":"Successful premiere of the film by Stefan Rainer in Munich","isPartOf":{"@id":"https:\/\/ucm.one\/en\/#website"},"primaryImageOfPage":{"@id":"https:\/\/ucm.one\/en\/successful-premiere-of-the-film-soultribe-a-dance-of-life-by-stefan-rainer-in-munich\/#primaryimage"},"image":{"@id":"https:\/\/ucm.one\/en\/successful-premiere-of-the-film-soultribe-a-dance-of-life-by-stefan-rainer-in-munich\/#primaryimage"},"thumbnailUrl":"https:\/\/ucm.one\/wp-content\/uploads\/2023\/11\/B-Soultribe-Premiere.jpg","datePublished":"2023-11-06T00:33:36+00:00","dateModified":"2024-01-16T23:18:00+00:00","description":"The moving cinema premiere of \"Soultribe\" by director and producer Stefan Rainer on 5 November at the Math\u00e4ser Filmpalast in Munich inspired and touched the audience in the sold-out cinema auditorium","breadcrumb":{"@id":"https:\/\/ucm.one\/en\/successful-premiere-of-the-film-soultribe-a-dance-of-life-by-stefan-rainer-in-munich\/#breadcrumb"},"inLanguage":"en-US","potentialAction":[{"@type":"ReadAction","target":["https:\/\/ucm.one\/en\/successful-premiere-of-the-film-soultribe-a-dance-of-life-by-stefan-rainer-in-munich\/"]}]},{"@type":"ImageObject","inLanguage":"en-US","@id":"https:\/\/ucm.one\/en\/successful-premiere-of-the-film-soultribe-a-dance-of-life-by-stefan-rainer-in-munich\/#primaryimage","url":"https:\/\/ucm.one\/wp-content\/uploads\/2023\/11\/B-Soultribe-Premiere.jpg","contentUrl":"https:\/\/ucm.one\/wp-content\/uploads\/2023\/11\/B-Soultribe-Premiere.jpg","width":1920,"height":600},{"@type":"BreadcrumbList","@id":"https:\/\/ucm.one\/en\/successful-premiere-of-the-film-soultribe-a-dance-of-life-by-stefan-rainer-in-munich\/#breadcrumb","itemListElement":[{"@type":"ListItem","position":1,"name":"Home","item":"https:\/\/ucm.one\/en\/"},{"@type":"ListItem","position":2,"name":"\ud83c\udfac Successful premiere of the film &#8220;Soultribe &#8211; A Dance of Life&#8221; by Stefan Rainer in Munich"}]},{"@type":"WebSite","@id":"https:\/\/ucm.one\/en\/#website","url":"https:\/\/ucm.one\/en\/","name":"UCM.ONE","description":"","publisher":{"@id":"https:\/\/ucm.one\/en\/#organization"},"potentialAction":[{"@type":"SearchAction","target":{"@type":"EntryPoint","urlTemplate":"https:\/\/ucm.one\/en\/?s={search_term_string}"},"query-input":{"@type":"PropertyValueSpecification","valueRequired":true,"valueName":"search_term_string"}}],"inLanguage":"en-US"},{"@type":"Organization","@id":"https:\/\/ucm.one\/en\/#organization","name":"UCM.ONE","url":"https:\/\/ucm.one\/en\/","logo":{"@type":"ImageObject","inLanguage":"en-US","@id":"https:\/\/ucm.one\/en\/#\/schema\/logo\/image\/","url":"https:\/\/ucm.one\/wp-content\/uploads\/2019\/10\/UCM.ONE-Logo-RGB.svg","contentUrl":"https:\/\/ucm.one\/wp-content\/uploads\/2019\/10\/UCM.ONE-Logo-RGB.svg","width":1,"height":1,"caption":"UCM.ONE"},"image":{"@id":"https:\/\/ucm.one\/en\/#\/schema\/logo\/image\/"}},{"@type":"Person","@id":"https:\/\/ucm.one\/en\/#\/schema\/person\/4b959e467e8acc058836467a0ef8fa50","name":"Joachim Keil","image":{"@type":"ImageObject","inLanguage":"en-US","@id":"https:\/\/secure.gravatar.com\/avatar\/10e1dfd05f2a7a7bc83cd44bae31e01c8ac15f974229211a2b1a49fa0a22fec0?s=96&d=mm&r=g","url":"https:\/\/secure.gravatar.com\/avatar\/10e1dfd05f2a7a7bc83cd44bae31e01c8ac15f974229211a2b1a49fa0a22fec0?s=96&d=mm&r=g","contentUrl":"https:\/\/secure.gravatar.com\/avatar\/10e1dfd05f2a7a7bc83cd44bae31e01c8ac15f974229211a2b1a49fa0a22fec0?s=96&d=mm&r=g","caption":"Joachim Keil"},"sameAs":["https:\/\/ucm.one"]}]}},"_links":{"self":[{"href":"https:\/\/ucm.one\/en\/wp-json\/wp\/v2\/posts\/98763","targetHints":{"allow":["GET"]}}],"collection":[{"href":"https:\/\/ucm.one\/en\/wp-json\/wp\/v2\/posts"}],"about":[{"href":"https:\/\/ucm.one\/en\/wp-json\/wp\/v2\/types\/post"}],"author":[{"embeddable":true,"href":"https:\/\/ucm.one\/en\/wp-json\/wp\/v2\/users\/2"}],"replies":[{"embeddable":true,"href":"https:\/\/ucm.one\/en\/wp-json\/wp\/v2\/comments?post=98763"}],"version-history":[{"count":1,"href":"https:\/\/ucm.one\/en\/wp-json\/wp\/v2\/posts\/98763\/revisions"}],"predecessor-version":[{"id":100596,"href":"https:\/\/ucm.one\/en\/wp-json\/wp\/v2\/posts\/98763\/revisions\/100596"}],"wp:featuredmedia":[{"embeddable":true,"href":"https:\/\/ucm.one\/en\/wp-json\/wp\/v2\/media\/98717"}],"wp:attachment":[{"href":"https:\/\/ucm.one\/en\/wp-json\/wp\/v2\/media?parent=98763"}],"wp:term":[{"taxonomy":"category","embeddable":true,"href":"https:\/\/ucm.one\/en\/wp-json\/wp\/v2\/categories?post=98763"},{"taxonomy":"post_tag","embeddable":true,"href":"https:\/\/ucm.one\/en\/wp-json\/wp\/v2\/tags?post=98763"}],"curies":[{"name":"wp","href":"https:\/\/api.w.org\/{rel}","templated":true}]}}