{"id":91305,"date":"2023-02-24T10:31:54","date_gmt":"2023-02-24T10:31:54","guid":{"rendered":"https:\/\/ucm.one\/%f0%9f%8e%ac-confess-dr-corda-by-josef-von-baky-available-for-the-first-time-in-hd-as-a-mediabook\/"},"modified":"2023-02-26T00:47:18","modified_gmt":"2023-02-26T00:47:18","slug":"confess-dr-corda-by-josef-von-baky-available-for-the-first-time-in-hd-as-a-mediabook","status":"publish","type":"post","link":"https:\/\/ucm.one\/en\/confess-dr-corda-by-josef-von-baky-available-for-the-first-time-in-hd-as-a-mediabook\/","title":{"rendered":"\ud83c\udfac &#8220;Confess, Dr. Corda&#8221; by Josef von B\u00e1ky available for the first time in HD as a Mediabook"},"content":{"rendered":"<div class=\"wpb-content-wrapper\"><p>[vc_row][vc_column][vc_column_text]The film &#8220;<strong>Confess, Dr. Corda!<\/strong>&#8221; (German original title: &#8220;<strong>Gestehen Sie, Dr. Corda!<\/strong>&#8220;) by director <strong>Jos\u00e9f von B\u00e1ky<\/strong> is released for the first time in HD on Blu-Ray as part of a new Mediabook release on the <strong>Zeitlose Filmkunst<\/strong> film label by <span style=\"font-family: 'arial black', sans-serif;\"><strong>UCM.ONE<\/strong><\/span> in cooperation with <strong>CCC Filmkunst<\/strong>. <strong>Hardy Kr\u00fcger<\/strong> stars in the leading role as Dr. Corda. <strong>Hardy Kr\u00fcger<\/strong> made his breakthrough as an international actor in 1957 with &#8220;<strong>Einer kam durch<\/strong>&#8221; (&#8220;<strong>One got through<\/strong>&#8220;), followed by highly acclaimed films such as &#8220;<strong>Gestehen Sie, Dr. Corda!<\/strong>&#8221; <strong>Jos\u00e9f von B\u00e1ky<\/strong> directed films such as &#8220;<strong>M\u00fcnchhausen<\/strong>&#8221; (with <strong>Hans Albers<\/strong>) and &#8220;<strong>Das doppelte Lottchen<\/strong>&#8220;.[\/vc_column_text][\/vc_column][\/vc_row][vc_row][vc_column width=&#8221;3\/4&#8221;][vc_row_inner][vc_column_inner][vc_column_text]<span style=\"font-size: 14pt;\">Summary<\/span><\/p>\n<p>A young married assistant doctor is accused of murdering his mistress on the basis of circumstantial evidence; only the betrayed wife stands by the accused, who escapes the miscarriage of justice through the accidental arrest of the actual murderer. Based on an authentic case from the 1950s that almost became a miscarriage of justice.<\/p>\n<p>[\/vc_column_text][\/vc_column_inner][\/vc_row_inner][vc_column_text]<\/p>\n<p style=\"font-weight: 400;\"><span style=\"font-size: 14pt;\">About director Josef von B\u00e1ky<\/span><\/p>\n<p style=\"font-weight: 400;\"><strong>Josef von B\u00e1ky<\/strong> was born on 23 March 1902 in Zombor (Hungary). <strong>Josef von B\u00e1ky<\/strong> went to Berlin in 1927. There he first worked as an extra. He made his film debut in 1936 with the film &#8220;<strong>Intermezzo<\/strong>&#8221; and achieved great commercial success in 1941 with the love story &#8220;<strong>Annelie<\/strong>&#8220;. As a reward, <strong>UFA<\/strong> entrusted him with the direction of their major project for their 25th anniversary. &#8220;<strong>M\u00fcnchhausen<\/strong>&#8221; was a large-scale, expensive adventure film shot in the then new <strong>Agfacolor<\/strong> technique with a large star cast. \u00a0After the war, he quickly recalled himself as the director of two important, so-called rubble films. The films &#8220;<strong>Der Ruf&#8221;<\/strong> and &#8220;<strong>&#8230;und \u00fcber uns der Himmel<\/strong>&#8221; were milestones of German post-war cinema. Many of the films that followed were socially critical and uncomfortable. The subject of ethics also plays a major role in his films time and again. For his <strong>Erich K\u00e4stner<\/strong> adaptation &#8220;<strong>Das doppelte Lottchen<\/strong>&#8221; he received the Film<strong><em> Ribbon in Gold<\/em><\/strong> in 1951. His last film work was the adaptation of the <strong>Edgar Wallace<\/strong> novel &#8220;<strong>The Strange Countess<\/strong>&#8221; in 1961. <strong>Josef von B\u00e1ky<\/strong> died on 28 July 1966 in Munich.<\/p>\n<p>[\/vc_column_text][\/vc_column][vc_column width=&#8221;1\/4&#8243;][vc_single_image image=&#8221;91120&#8243; img_size=&#8221;full&#8221; onclick=&#8221;link_image&#8221;][\/vc_column][\/vc_row][vc_row][vc_column][vc_column_text]The German film premiere took place in Hamburg on 22 May 1958. At the premiere of the film, the Austrian doctor <strong>Dr. G\u00fcnther Hoflehner<\/strong>, the true hero of the story, was present at the invitation of <strong>Artur Brauner<\/strong>.[\/vc_column_text][\/vc_column][\/vc_row][vc_row][vc_column width=&#8221;1\/2&#8243;][vc_single_image image=&#8221;91109&#8243; img_size=&#8221;full&#8221; onclick=&#8221;link_image&#8221;][\/vc_column][vc_column width=&#8221;1\/2&#8243;][vc_single_image image=&#8221;91093&#8243; img_size=&#8221;full&#8221; onclick=&#8221;link_image&#8221;][\/vc_column][\/vc_row][vc_row][vc_column][vc_column_text]<span style=\"font-size: 14pt;\">Production notes<\/span><\/p>\n<p style=\"font-weight: 400;\">The story by R. A. Stemmle is based on a true criminal case from Steyr, Austria, which caused a great stir in 1955. The anaesthetist Dr. Hoflehner was accused of the murder of a 25-year-old nurse who, the police discovered, was his mistress. Hoflehner was remanded in custody and was only released after 187 days. His innocence was clearly proven. It was not until 1957 that the real murderer, Alfred Engleder, was caught. He was wanted for several murders of young women. For the film version, Artur Brauner relied on a successful team. He also relied on well-known and distinguished film stars of the 1950s for the actors. At least 10 roles are filled by top stars of German cinema of the time.<\/p>\n<p>[\/vc_column_text][\/vc_column][\/vc_row][vc_row][vc_column][vc_single_image image=&#8221;91111&#8243; img_size=&#8221;full&#8221; onclick=&#8221;link_image&#8221;][vc_column_text]The director <strong>Josef von B\u00e1ky<\/strong> was assisted by <strong>Ottokar Runze<\/strong>, a great young directorial talent. The film was shot in Goslar in the Harz Mountains. The interior shots and courtroom scenes were shot in Berlin in the studios of <strong>CCC Film<\/strong>.[\/vc_column_text][\/vc_column][\/vc_row][vc_row css=&#8221;.vc_custom_1646580453070{margin-right: -10px !important;margin-left: -10px !important;border-right-width: -3px !important;border-left-width: -3px !important;padding-top: 5px !important;padding-right: 5px !important;padding-bottom: 5px !important;padding-left: 5px !important;background-color: #eaeaea !important;}&#8221;][vc_column][vc_empty_space height=&#8221;15px&#8221;][vc_column_text css=&#8221;.vc_custom_1677329444636{margin-bottom: -20px !important;border-bottom-width: -20px !important;padding-bottom: -20px !important;}&#8221;]<\/p>\n<div class=\"wpb_text_column wpb_content_element \">\n<p><span style=\"font-size: 14pt;\">Film data<\/span><\/p>\n<table style=\"border-collapse: collapse; width: 100%; height: 142px;\">\n<tbody>\n<tr style=\"height: 22px;\">\n<td style=\"width: 34.211807%; height: 22px;\"><strong>Original title:<\/strong><\/td>\n<td style=\"width: 65.788193%; height: 22px;\"><b>Gestehen Sie, Dr. Corda!<\/b><\/td>\n<\/tr>\n<tr style=\"height: 22px;\">\n<td style=\"width: 34.211807%; height: 22px;\"><strong>Director:<\/strong><\/td>\n<td style=\"width: 65.788193%; height: 22px;\">Josef von B\u00e1ky<\/td>\n<\/tr>\n<tr style=\"height: 22px;\">\n<td style=\"width: 34.211807%; height: 22px;\"><strong>Producer:<\/strong><\/td>\n<td style=\"width: 65.788193%; height: 22px;\">Artur Brauner<\/td>\n<\/tr>\n<tr style=\"height: 22px;\">\n<td style=\"width: 34.211807%; height: 22px; vertical-align: top;\"><strong>Actors:<\/strong><\/td>\n<td style=\"width: 65.788193%; height: 22px;\">Hardy Kr\u00fcger, Elisabeth M\u00fcller, Hans Nielsen, Siegfried Lowitz, Fritz Tillmann,\u00a0Rudolf Fernau, Lucie Mannheim, Eva Pflug, Lore Hartling, Siegrid Hackenberg, Ursula H\u00f6flich, Monika Peitsch, Elfie Dugal, Marianne Prenzel, Paul Edwin Roth, Ernst Sattler, Jochen Blume, Werner Buttler, Emmy Burg, Alfred Balthoff, Albert Bessler, Reinhard Kolldehoff, Georg G\u00fctlich, Barbara Wieczik, Harry W\u00fcstenhagen, Maria Krasna, Gerd Bender, Hans Binner, Roma Bahn, Ilse Kiewiet<\/td>\n<\/tr>\n<tr style=\"height: 10px;\">\n<td style=\"width: 34.211807%; vertical-align: top; height: 10px;\"><strong>Production company:<\/strong><\/td>\n<td style=\"width: 65.788193%; height: 10px;\">\n<p class=\"header\">Central Cinema Company Film (CCC)<\/p>\n<\/td>\n<\/tr>\n<tr style=\"height: 22px;\">\n<td style=\"width: 34.211807%; height: 22px;\"><strong>Country:<\/strong><\/td>\n<td style=\"width: 65.788193%; height: 22px;\">Deutschland<\/td>\n<\/tr>\n<tr style=\"height: 22px;\">\n<td style=\"width: 34.211807%; height: 22px;\"><strong>Year of production:<\/strong><\/td>\n<td style=\"width: 65.788193%; height: 22px;\">1958<\/td>\n<\/tr>\n<\/tbody>\n<\/table>\n<p>&nbsp;<\/p>\n<\/div>\n<p>[\/vc_column_text][vc_empty_space height=&#8221;-40px&#8221;][\/vc_column][\/vc_row][vc_row][vc_column][vc_empty_space height=&#8221;20px&#8221;][vc_column_text]<span style=\"font-size: 14pt;\">Reactions to the film<\/span><\/p>\n<p>The film was released in 11 countries and received very positive reviews everywhere. The German critics were consistently positive. Among other things, one could read <em>&#8220;The film is good, clean, exciting and reliably made in the human aspect. Stemmle&#8217;s script allows it, the director Josef von B\u00e1ky did it and was supported by the excellent camera of G\u00f6ran Strindberg, the gentle but sparsely underscoring music and a staff of excellent actors, none of whom remained below their value, some even a good deal above it. Overall, this film clearly belongs on the positive side of the very lean German film record of the past decade.&#8221; <\/em>In other reviews, the actress <strong>Lucie Mannheim<\/strong> is celebrated as an outstanding performer. <strong>Paimann&#8217;s film lists<\/strong> state<em> &#8220;A cinematically successful transfer of the well-known judicial affair, gripping not only for crime fiction lovers&#8221;.<\/em>[\/vc_column_text][\/vc_column][\/vc_row][vc_row][vc_column width=&#8221;1\/3&#8243;][vc_single_image image=&#8221;91101&#8243; img_size=&#8221;full&#8221; onclick=&#8221;link_image&#8221;][\/vc_column][vc_column width=&#8221;1\/3&#8243;][vc_single_image image=&#8221;91105&#8243; img_size=&#8221;full&#8221; onclick=&#8221;link_image&#8221;][\/vc_column][vc_column width=&#8221;1\/3&#8243;][vc_single_image image=&#8221;91097&#8243; img_size=&#8221;full&#8221; onclick=&#8221;link_image&#8221;][\/vc_column][\/vc_row][vc_row][vc_column][vc_column_text]<\/p>\n<div class=\"wpb_text_column wpb_content_element \">\n<p><span style=\"font-size: 18pt;\">Comments on the film<\/span><\/p>\n<p><em>&#8220;The processes shown here could still take place today in a similar form&#8221;<\/em> (<strong>www.ofdb.de<\/strong>)<\/p>\n<p><em>&#8220;The cast available is top-class and staffed Confess, Dr.Corda! precisely and almost spectacularly.&#8221;<\/em> (<strong>www.dirty-pictures.de<\/strong>)<\/p>\n<\/div>\n<p>[\/vc_column_text][\/vc_column][\/vc_row][vc_row][vc_column width=&#8221;1\/2&#8243;][vc_video link=&#8221;https:\/\/youtu.be\/Dz_ExHPM33c&#8221; title=&#8221;Gestehen Sie, Dr. Corda! | Trailer (deutsch) \u1d34\u1d30&#8221;][\/vc_column][vc_column width=&#8221;1\/2&#8243;][vc_video link=&#8221;https:\/\/youtu.be\/33_rBemKA_I&#8221; title=&#8221;Gestehen Sie, Dr. Corda | Unboxing Video \u1d34\u1d30&#8221;][\/vc_column][\/vc_row][vc_row][vc_column][vc_empty_space height=&#8221;15px&#8221;][vc_separator][vc_row_inner][vc_column_inner width=&#8221;1\/4&#8243;][vc_btn title=&#8221;Amazon&#8221; style=&#8221;classic&#8221; color=&#8221;orange&#8221; size=&#8221;sm&#8221; align=&#8221;center&#8221; i_icon_fontawesome=&#8221;fab fa-amazon&#8221; button_block=&#8221;true&#8221; add_icon=&#8221;true&#8221; link=&#8221;url:https%3A%2F%2Fwww.amazon.de%2FGestehen-Sie-Dr-Corda-Mediabook%2Fdp%2FB0BJY9N4PL|title:Amazon|target:_blank|&#8221;][\/vc_column_inner][vc_column_inner width=&#8221;1\/4&#8243;][vc_btn title=&#8221;JPC&#8221; style=&#8221;classic&#8221; color=&#8221;success&#8221; size=&#8221;sm&#8221; align=&#8221;center&#8221; i_icon_fontawesome=&#8221;far fa-dot-circle&#8221; button_block=&#8221;true&#8221; add_icon=&#8221;true&#8221; link=&#8221;url:https%3A%2F%2Fwww.jpc.de%2Fjpcng%2Fmovie%2Fdetail%2F-%2Fart%2Fgestehen-sie-dr-corda%2Fhnum%2F11049490|title:JPC|target:_blank|&#8221;][\/vc_column_inner][vc_column_inner width=&#8221;1\/4&#8243;][vc_btn title=&#8221;Shop&#8221; style=&#8221;classic&#8221; color=&#8221;juicy-pink&#8221; size=&#8221;sm&#8221; align=&#8221;center&#8221; i_icon_fontawesome=&#8221;fas fa-shopping-cart&#8221; button_block=&#8221;true&#8221; add_icon=&#8221;true&#8221; link=&#8221;url:https%3A%2F%2Fucm.one%2Fde%2Fprodukt%2Fgestehen-sie-dr-corda%2F|title:Shop|&#8221;][\/vc_column_inner][vc_column_inner width=&#8221;1\/4&#8243;][vc_btn title=&#8221;Wer Streamt Es?&#8221; style=&#8221;classic&#8221; color=&#8221;sky&#8221; size=&#8221;sm&#8221; align=&#8221;center&#8221; i_icon_fontawesome=&#8221;fas fa-question-circle&#8221; button_block=&#8221;true&#8221; add_icon=&#8221;true&#8221; link=&#8221;url:https%3A%2F%2Fwww.werstreamt.es%2Ffilm%2Fdetails%2F26731%2Fgestehen-sie-dr-corda%2F|title:Wer%20Streamt%20Es%3F|&#8221;][\/vc_column_inner][\/vc_row_inner][\/vc_column][\/vc_row][vc_row][vc_column][vc_empty_space height=&#8221;25px&#8221;][vc_column_text]<\/p>\n<div class=\"wpb_text_column wpb_content_element \">\n<div class=\"wpb_wrapper\">\n<p><span style=\"font-size: 18pt;\">Technical data<\/span><\/p>\n<p><strong>Mediabook<\/strong>\u00a0| Aspect ratio: 1:1,66<span lang=\"EN-US\">\u00a0<\/span>| Lenght: 97 Min | Sound format: Mono | Bonus: Trailer | Mediabook with removable FSK sticker | Rating: FSK 16<\/p>\n<\/div>\n<\/div>\n<p>[\/vc_column_text][vc_separator css=&#8221;.vc_custom_1560377795279{margin-top: 15px !important;}&#8221;][\/vc_column][\/vc_row][vc_row][vc_column width=&#8221;1\/2&#8243;][vc_single_image image=&#8221;91099&#8243; img_size=&#8221;full&#8221; onclick=&#8221;link_image&#8221;][\/vc_column][vc_column width=&#8221;1\/2&#8243;][vc_single_image image=&#8221;91091&#8243; img_size=&#8221;full&#8221; onclick=&#8221;link_image&#8221;][\/vc_column][\/vc_row][vc_row][vc_column][vc_column_text]More information about the film label: <a title=\"B-Spree Classics\" href=\"https:\/\/ucm.one\/en\/film-labels\/zeitlose-filmkunst\/\">Zeitlose Filmkunst<\/a>[\/vc_column_text][\/vc_column][\/vc_row]<\/p>\n<\/div>","protected":false},"excerpt":{"rendered":"<p>[vc_row][vc_column][vc_column_text]The film &#8220;Confess, Dr. Corda!&#8221; (German original title: &#8220;Gestehen Sie, Dr. Corda!&#8220;) by director Jos\u00e9f von B\u00e1ky is released for the first time in HD on Blu-Ray as part of a new Mediabook release on the Zeitlose Filmkunst film label by UCM.ONE in cooperation with CCC Filmkunst. Hardy Kr\u00fcger stars in the leading role as&hellip;<\/p>\n","protected":false},"author":2,"featured_media":91079,"comment_status":"closed","ping_status":"closed","sticky":false,"template":"","format":"standard","meta":{"_acf_changed":false,"footnotes":""},"categories":[7005,942,941,15600],"tags":[15602,15603,15616,15619,8442,15620,15613,14802,15615,15614,3937,15618,15621,15617,15601],"class_list":["post-91305","post","type-post","status-publish","format-standard","has-post-thumbnail","hentry","category-classic-movie-en","category-film-en","category-news-en","category-zeitlose-filmkunst-en","tag-artur-brauner-en","tag-ccc-film-en","tag-elisabeth-mueller-en","tag-eva-pflug-en","tag-fritz-tillmann-2","tag-gerichtsdrama-en","tag-gestehen-sie-dr-corda-en","tag-hans-nielsen-en","tag-hardy-krueger-en","tag-josef-von-baky-en","tag-lore-hartling-en","tag-lucie-mannheim-en","tag-rudolf-fernau-en","tag-siegfried-lowitz-en","tag-zeitlose-filmkunst-en","category-7005","category-942","category-941","category-15600","description-off"],"acf":[],"yoast_head":"<!-- This site is optimized with the Yoast SEO plugin v27.5 - https:\/\/yoast.com\/product\/yoast-seo-wordpress\/ -->\n<title>&quot;Confess, Dr. Corda&quot; by Josef von B\u00e1ky available in HD<\/title>\n<meta name=\"description\" content=\"The film &quot;Confess, Dr. Corda!&quot; (German: &quot;Gestehen Sie, Dr. Corda!&quot;) by director Jos\u00e9f von B\u00e1ky is released on the Zeitlose Filmkunst label.\" \/>\n<meta name=\"robots\" content=\"index, follow, max-snippet:-1, max-image-preview:large, max-video-preview:-1\" \/>\n<link rel=\"canonical\" href=\"https:\/\/ucm.one\/en\/confess-dr-corda-by-josef-von-baky-available-for-the-first-time-in-hd-as-a-mediabook\/\" \/>\n<meta property=\"og:locale\" content=\"en_US\" \/>\n<meta property=\"og:type\" content=\"article\" \/>\n<meta property=\"og:title\" content=\"&quot;Confess, Dr. Corda&quot; by Josef von B\u00e1ky available in HD\" \/>\n<meta property=\"og:description\" content=\"The film &quot;Confess, Dr. Corda!&quot; (German: &quot;Gestehen Sie, Dr. Corda!&quot;) by director Jos\u00e9f von B\u00e1ky is released on the Zeitlose Filmkunst label.\" \/>\n<meta property=\"og:url\" content=\"https:\/\/ucm.one\/en\/confess-dr-corda-by-josef-von-baky-available-for-the-first-time-in-hd-as-a-mediabook\/\" \/>\n<meta property=\"og:site_name\" content=\"UCM.ONE\" \/>\n<meta property=\"article:published_time\" content=\"2023-02-24T10:31:54+00:00\" \/>\n<meta property=\"article:modified_time\" content=\"2023-02-26T00:47:18+00:00\" \/>\n<meta property=\"og:image\" content=\"https:\/\/ucm.one\/wp-content\/uploads\/2023\/02\/P-Gestehen-Sie-Dr-Corda.jpg\" \/>\n<meta name=\"author\" content=\"Joachim Keil\" \/>\n<meta name=\"twitter:card\" content=\"summary_large_image\" \/>\n<meta name=\"twitter:title\" content=\"&quot;Confess, Dr. Corda&quot; by Josef von B\u00e1ky available in HD\" \/>\n<meta name=\"twitter:description\" content=\"The film &quot;Confess, Dr. Corda!&quot; (German: &quot;Gestehen Sie, Dr. Corda!&quot;) by director Jos\u00e9f von B\u00e1ky is released on the Zeitlose Filmkunst label.\" \/>\n<meta name=\"twitter:image\" content=\"https:\/\/ucm.one\/wp-content\/uploads\/2023\/02\/P-Gestehen-Sie-Dr-Corda.jpg\" \/>\n<meta name=\"twitter:label1\" content=\"Written by\" \/>\n\t<meta name=\"twitter:data1\" content=\"Joachim Keil\" \/>\n\t<meta name=\"twitter:label2\" content=\"Est. reading time\" \/>\n\t<meta name=\"twitter:data2\" content=\"7 minutes\" \/>\n<!-- \/ Yoast SEO plugin. -->","yoast_head_json":{"title":"\"Confess, Dr. Corda\" by Josef von B\u00e1ky available in HD","description":"The film \"Confess, Dr. Corda!\" (German: \"Gestehen Sie, Dr. Corda!\") by director Jos\u00e9f von B\u00e1ky is released on the Zeitlose Filmkunst label.","robots":{"index":"index","follow":"follow","max-snippet":"max-snippet:-1","max-image-preview":"max-image-preview:large","max-video-preview":"max-video-preview:-1"},"canonical":"https:\/\/ucm.one\/en\/confess-dr-corda-by-josef-von-baky-available-for-the-first-time-in-hd-as-a-mediabook\/","og_locale":"en_US","og_type":"article","og_title":"\"Confess, Dr. Corda\" by Josef von B\u00e1ky available in HD","og_description":"The film \"Confess, Dr. Corda!\" (German: \"Gestehen Sie, Dr. Corda!\") by director Jos\u00e9f von B\u00e1ky is released on the Zeitlose Filmkunst label.","og_url":"https:\/\/ucm.one\/en\/confess-dr-corda-by-josef-von-baky-available-for-the-first-time-in-hd-as-a-mediabook\/","og_site_name":"UCM.ONE","article_published_time":"2023-02-24T10:31:54+00:00","article_modified_time":"2023-02-26T00:47:18+00:00","og_image":[{"url":"https:\/\/ucm.one\/wp-content\/uploads\/2023\/02\/P-Gestehen-Sie-Dr-Corda.jpg","type":"","width":"","height":""}],"author":"Joachim Keil","twitter_card":"summary_large_image","twitter_title":"\"Confess, Dr. Corda\" by Josef von B\u00e1ky available in HD","twitter_description":"The film \"Confess, Dr. Corda!\" (German: \"Gestehen Sie, Dr. Corda!\") by director Jos\u00e9f von B\u00e1ky is released on the Zeitlose Filmkunst label.","twitter_image":"https:\/\/ucm.one\/wp-content\/uploads\/2023\/02\/P-Gestehen-Sie-Dr-Corda.jpg","twitter_misc":{"Written by":"Joachim Keil","Est. reading time":"7 minutes"},"schema":{"@context":"https:\/\/schema.org","@graph":[{"@type":"Article","@id":"https:\/\/ucm.one\/en\/confess-dr-corda-by-josef-von-baky-available-for-the-first-time-in-hd-as-a-mediabook\/#article","isPartOf":{"@id":"https:\/\/ucm.one\/en\/confess-dr-corda-by-josef-von-baky-available-for-the-first-time-in-hd-as-a-mediabook\/"},"author":{"name":"Joachim Keil","@id":"https:\/\/ucm.one\/en\/#\/schema\/person\/4b959e467e8acc058836467a0ef8fa50"},"headline":"\ud83c\udfac &#8220;Confess, Dr. Corda&#8221; by Josef von B\u00e1ky available for the first time in HD as a Mediabook","datePublished":"2023-02-24T10:31:54+00:00","dateModified":"2023-02-26T00:47:18+00:00","mainEntityOfPage":{"@id":"https:\/\/ucm.one\/en\/confess-dr-corda-by-josef-von-baky-available-for-the-first-time-in-hd-as-a-mediabook\/"},"wordCount":1512,"publisher":{"@id":"https:\/\/ucm.one\/en\/#organization"},"image":{"@id":"https:\/\/ucm.one\/en\/confess-dr-corda-by-josef-von-baky-available-for-the-first-time-in-hd-as-a-mediabook\/#primaryimage"},"thumbnailUrl":"https:\/\/ucm.one\/wp-content\/uploads\/2023\/02\/B-Gestehen-Sie-Dr-Corda.jpg","keywords":["Artur Brauner","CCC Film","Elisabeth M\u00fcller","Eva Pflug","Fritz Tillmann","Gerichtsdrama","Gestehen Sie Dr. Corda","Hans Nielsen","Hardy Kr\u00fcger","Josef von B\u00e1ky","Lore Hartling","Lucie Mannheim","Rudolf Fernau","Siegfried Lowitz","Zeitlose Filmkunst"],"articleSection":["Classic Movie","Film","News","Zeitlose Filmkunst"],"inLanguage":"en-US"},{"@type":"WebPage","@id":"https:\/\/ucm.one\/en\/confess-dr-corda-by-josef-von-baky-available-for-the-first-time-in-hd-as-a-mediabook\/","url":"https:\/\/ucm.one\/en\/confess-dr-corda-by-josef-von-baky-available-for-the-first-time-in-hd-as-a-mediabook\/","name":"\"Confess, Dr. Corda\" by Josef von B\u00e1ky available in HD","isPartOf":{"@id":"https:\/\/ucm.one\/en\/#website"},"primaryImageOfPage":{"@id":"https:\/\/ucm.one\/en\/confess-dr-corda-by-josef-von-baky-available-for-the-first-time-in-hd-as-a-mediabook\/#primaryimage"},"image":{"@id":"https:\/\/ucm.one\/en\/confess-dr-corda-by-josef-von-baky-available-for-the-first-time-in-hd-as-a-mediabook\/#primaryimage"},"thumbnailUrl":"https:\/\/ucm.one\/wp-content\/uploads\/2023\/02\/B-Gestehen-Sie-Dr-Corda.jpg","datePublished":"2023-02-24T10:31:54+00:00","dateModified":"2023-02-26T00:47:18+00:00","description":"The film \"Confess, Dr. Corda!\" (German: \"Gestehen Sie, Dr. Corda!\") by director Jos\u00e9f von B\u00e1ky is released on the Zeitlose Filmkunst label.","breadcrumb":{"@id":"https:\/\/ucm.one\/en\/confess-dr-corda-by-josef-von-baky-available-for-the-first-time-in-hd-as-a-mediabook\/#breadcrumb"},"inLanguage":"en-US","potentialAction":[{"@type":"ReadAction","target":["https:\/\/ucm.one\/en\/confess-dr-corda-by-josef-von-baky-available-for-the-first-time-in-hd-as-a-mediabook\/"]}]},{"@type":"ImageObject","inLanguage":"en-US","@id":"https:\/\/ucm.one\/en\/confess-dr-corda-by-josef-von-baky-available-for-the-first-time-in-hd-as-a-mediabook\/#primaryimage","url":"https:\/\/ucm.one\/wp-content\/uploads\/2023\/02\/B-Gestehen-Sie-Dr-Corda.jpg","contentUrl":"https:\/\/ucm.one\/wp-content\/uploads\/2023\/02\/B-Gestehen-Sie-Dr-Corda.jpg","width":1920,"height":600},{"@type":"BreadcrumbList","@id":"https:\/\/ucm.one\/en\/confess-dr-corda-by-josef-von-baky-available-for-the-first-time-in-hd-as-a-mediabook\/#breadcrumb","itemListElement":[{"@type":"ListItem","position":1,"name":"Home","item":"https:\/\/ucm.one\/en\/"},{"@type":"ListItem","position":2,"name":"\ud83c\udfac &#8220;Confess, Dr. Corda&#8221; by Josef von B\u00e1ky available for the first time in HD as a Mediabook"}]},{"@type":"WebSite","@id":"https:\/\/ucm.one\/en\/#website","url":"https:\/\/ucm.one\/en\/","name":"UCM.ONE","description":"","publisher":{"@id":"https:\/\/ucm.one\/en\/#organization"},"potentialAction":[{"@type":"SearchAction","target":{"@type":"EntryPoint","urlTemplate":"https:\/\/ucm.one\/en\/?s={search_term_string}"},"query-input":{"@type":"PropertyValueSpecification","valueRequired":true,"valueName":"search_term_string"}}],"inLanguage":"en-US"},{"@type":"Organization","@id":"https:\/\/ucm.one\/en\/#organization","name":"UCM.ONE","url":"https:\/\/ucm.one\/en\/","logo":{"@type":"ImageObject","inLanguage":"en-US","@id":"https:\/\/ucm.one\/en\/#\/schema\/logo\/image\/","url":"https:\/\/ucm.one\/wp-content\/uploads\/2019\/10\/UCM.ONE-Logo-RGB.svg","contentUrl":"https:\/\/ucm.one\/wp-content\/uploads\/2019\/10\/UCM.ONE-Logo-RGB.svg","width":1,"height":1,"caption":"UCM.ONE"},"image":{"@id":"https:\/\/ucm.one\/en\/#\/schema\/logo\/image\/"}},{"@type":"Person","@id":"https:\/\/ucm.one\/en\/#\/schema\/person\/4b959e467e8acc058836467a0ef8fa50","name":"Joachim Keil","image":{"@type":"ImageObject","inLanguage":"en-US","@id":"https:\/\/secure.gravatar.com\/avatar\/10e1dfd05f2a7a7bc83cd44bae31e01c8ac15f974229211a2b1a49fa0a22fec0?s=96&d=mm&r=g","url":"https:\/\/secure.gravatar.com\/avatar\/10e1dfd05f2a7a7bc83cd44bae31e01c8ac15f974229211a2b1a49fa0a22fec0?s=96&d=mm&r=g","contentUrl":"https:\/\/secure.gravatar.com\/avatar\/10e1dfd05f2a7a7bc83cd44bae31e01c8ac15f974229211a2b1a49fa0a22fec0?s=96&d=mm&r=g","caption":"Joachim Keil"},"sameAs":["https:\/\/ucm.one"]}]}},"_links":{"self":[{"href":"https:\/\/ucm.one\/en\/wp-json\/wp\/v2\/posts\/91305","targetHints":{"allow":["GET"]}}],"collection":[{"href":"https:\/\/ucm.one\/en\/wp-json\/wp\/v2\/posts"}],"about":[{"href":"https:\/\/ucm.one\/en\/wp-json\/wp\/v2\/types\/post"}],"author":[{"embeddable":true,"href":"https:\/\/ucm.one\/en\/wp-json\/wp\/v2\/users\/2"}],"replies":[{"embeddable":true,"href":"https:\/\/ucm.one\/en\/wp-json\/wp\/v2\/comments?post=91305"}],"version-history":[{"count":0,"href":"https:\/\/ucm.one\/en\/wp-json\/wp\/v2\/posts\/91305\/revisions"}],"wp:featuredmedia":[{"embeddable":true,"href":"https:\/\/ucm.one\/en\/wp-json\/wp\/v2\/media\/91079"}],"wp:attachment":[{"href":"https:\/\/ucm.one\/en\/wp-json\/wp\/v2\/media?parent=91305"}],"wp:term":[{"taxonomy":"category","embeddable":true,"href":"https:\/\/ucm.one\/en\/wp-json\/wp\/v2\/categories?post=91305"},{"taxonomy":"post_tag","embeddable":true,"href":"https:\/\/ucm.one\/en\/wp-json\/wp\/v2\/tags?post=91305"}],"curies":[{"name":"wp","href":"https:\/\/api.w.org\/{rel}","templated":true}]}}