{"id":82339,"date":"2022-11-25T22:19:15","date_gmt":"2022-11-25T22:19:15","guid":{"rendered":"https:\/\/ucm.one\/%f0%9f%8e%ac-available-from-today-limited-mediabook-hanussen-by-istvan-szabo-with-karl-maria-brandauer\/"},"modified":"2023-03-09T15:34:46","modified_gmt":"2023-03-09T15:34:46","slug":"available-from-today-limited-mediabook-hanussen-by-istvan-szabo-with-karl-maria-brandauer","status":"publish","type":"post","link":"https:\/\/ucm.one\/en\/available-from-today-limited-mediabook-hanussen-by-istvan-szabo-with-karl-maria-brandauer\/","title":{"rendered":"\ud83c\udfac Available from today: Limited Mediabook &#8220;Hanussen&#8221; by Istv\u00e1n Sz\u00e1bo with Karl Maria Brandauer"},"content":{"rendered":"<div class=\"wpb-content-wrapper\"><p>[vc_row][vc_column][vc_column_text]With the film &#8220;<strong>Hanussen<\/strong>&#8220;, <span style=\"font-family: 'arial black', sans-serif;\"><strong>UCM.ONE<\/strong><\/span> in cooperation with <strong>CCC Film<\/strong> is bringing the Oscar\u00ae-nominated film from 1988 for the first time in the newly scanned and restored Full HD version to the trade or to the well-known download portals. The story is based on the true life of <strong>Hermann Chajm Steinschneider<\/strong>, who made a career as a clairvoyant after the First World War and was declared a traitor by the National Socialists shortly after the NSDAP took power by predicting the Reichstag fire and was murdered by the SA in the night of 24-25 March 1933.[\/vc_column_text][\/vc_column][\/vc_row][vc_row][vc_column width=&#8221;1\/3&#8243;][vc_single_image image=&#8221;78358&#8243; img_size=&#8221;full&#8221; onclick=&#8221;link_image&#8221;][\/vc_column][vc_column width=&#8221;1\/3&#8243;][vc_single_image image=&#8221;78050&#8243; img_size=&#8221;full&#8221; onclick=&#8221;link_image&#8221;][\/vc_column][vc_column width=&#8221;1\/3&#8243;][vc_single_image image=&#8221;78355&#8243; img_size=&#8221;full&#8221; onclick=&#8221;link_image&#8221;][\/vc_column][\/vc_row][vc_row][vc_column][vc_column_text]<span style=\"font-size: 14pt;\">Summary<\/span><\/p>\n<p style=\"font-weight: 400;\">Towards the end of the First World War, the front-line soldier Klaus Schneider (<strong>Klaus Maria Brandauer<\/strong>) recovers from a head injury in the hospital of his mentor Dr. Bettelheim. In the process, he recognises his ability to influence other people&#8217;s wills and to divine future things. Under the name Erik Jan Hanussen, he performs first in Vienna and later in Berlin. From then on he moves among the &#8220;upper ten thousand&#8221;, but is still completely guileless when he predicts Adolf Hitler as the next Reich Chancellor. The avowedly apolitical Hanussen gains more and more fame, but becomes aware of the danger and responsibility of his talent too slowly. Thus his prediction of the Reichstag fire becomes his undoing, for from now on the National Socialists see him as a traitor&#8230;.<\/p>\n<p>[\/vc_column_text][vc_single_image image=&#8221;78803&#8243; img_size=&#8221;full&#8221;][vc_column_text]<br \/>\n<strong>Istv\u00e1n Szab\u00f3<\/strong>&#8216;s Oscar\u00ae nominated masterpiece meticulously and tragically traces the rise and fall of a gifted man in times of great political upheaval.<br \/>\n[\/vc_column_text][\/vc_column][\/vc_row][vc_row][vc_column][vc_video link=&#8221;https:\/\/youtu.be\/7nqA9I2yr00&#8243; title=&#8221;Hanussen| Trailer (German) \u1d34\u1d30&#8221;][\/vc_column][\/vc_row][vc_row][vc_column][vc_empty_space height=&#8221;15px&#8221;][vc_separator][vc_column_inner width=&#8221;1\/4&#8243;][\/vc_column_inner][\/vc_column][\/vc_row][vc_row][vc_column][vc_empty_space height=&#8221;15px&#8221;][vc_column_text css=&#8221;.vc_custom_1669555302737{margin-bottom: -5px !important;}&#8221;]<span style=\"font-size: 18pt;\">Available format and features<\/span>[\/vc_column_text][vc_empty_space][vc_row_inner][vc_column_inner width=&#8221;1\/6&#8243;][vc_single_image image=&#8221;78361&#8243; img_size=&#8221;full&#8221;][\/vc_column_inner][vc_column_inner width=&#8221;5\/6&#8243;][vc_column_text]<strong>Limited Mediabook (Blu-Ray + DVD):<\/strong><\/p>\n<p>Theatrical version rescanned in 4K for the first time and restored in Full HD.<\/p>\n<p>Blu-Ray aspect ration: WS 1:85:1 \/ 1080p 24; DVD aspect ratio: WS 1:85:1 (anamorphic) | Total running time Blu-Ray: 113 min; Total running time DVD: 109 min<\/p>\n<p>Sound format Blu-Ray: German DTS-HD Master Audio 2.0 (mono); Sound format DVD: German DD 2.0 (mono)<\/p>\n<p>Bonus material: Hungarian original trailer, German trailer, artwork gallery, Mediabook with 16-page book section with lots of pictures and information.<\/p>\n<p>Rating: FSK 16 | FSK sticker removable[\/vc_column_text][\/vc_column_inner][\/vc_row_inner][\/vc_column][\/vc_row][vc_row][vc_column][vc_empty_space height=&#8221;15px&#8221;][vc_separator css=&#8221;.vc_custom_1653175357110{margin-top: -5px !important;}&#8221;][vc_row_inner][vc_column_inner width=&#8221;1\/4&#8243;][vc_btn title=&#8221;Amazon&#8221; style=&#8221;flat&#8221; color=&#8221;orange&#8221; size=&#8221;sm&#8221; align=&#8221;center&#8221; i_icon_fontawesome=&#8221;fab fa-amazon&#8221; button_block=&#8221;true&#8221; add_icon=&#8221;true&#8221; link=&#8221;url:https%3A%2F%2Fwww.amazon.de%2FHanussen-erstmals-HD-2-DVDs%2Fdp%2FB0B92HRK6X|title:Amazon|target:_blank|&#8221;][\/vc_column_inner][vc_column_inner width=&#8221;1\/4&#8243;][vc_btn title=&#8221;Mediamarkt&#8221; style=&#8221;flat&#8221; color=&#8221;danger&#8221; size=&#8221;sm&#8221; align=&#8221;center&#8221; i_icon_fontawesome=&#8221;far fa-dot-circle&#8221; button_block=&#8221;true&#8221; add_icon=&#8221;true&#8221; link=&#8221;url:https%3A%2F%2Fwww.mediamarkt.de%2Fde%2Fproduct%2F_hanussen-blu-ray-dvd-2814284.html|title:Mediamarkt|target:_blank|&#8221;][\/vc_column_inner][vc_column_inner width=&#8221;1\/4&#8243;][vc_btn title=&#8221;Shop&#8221; style=&#8221;flat&#8221; color=&#8221;juicy-pink&#8221; size=&#8221;sm&#8221; align=&#8221;center&#8221; i_icon_fontawesome=&#8221;fas fa-shopping-cart&#8221; button_block=&#8221;true&#8221; add_icon=&#8221;true&#8221; link=&#8221;url:https%3A%2F%2Fucm.one%2Fprodukt%2Fhanussen%2F|title:Shop|&#8221;][\/vc_column_inner][vc_column_inner width=&#8221;1\/4&#8243;][vc_btn title=&#8221;Wer Streamt Es?&#8221; style=&#8221;flat&#8221; color=&#8221;blue&#8221; size=&#8221;sm&#8221; align=&#8221;center&#8221; i_icon_fontawesome=&#8221;fas fa-question-circle&#8221; button_block=&#8221;true&#8221; add_icon=&#8221;true&#8221; link=&#8221;url:https%3A%2F%2Fwww.werstreamt.es%2Ffilm%2Fdetails%2F7749%2Fhanussen%2F|title:Wer%20Streamt%20Es%3F|target:_blank|&#8221;][\/vc_column_inner][\/vc_row_inner][vc_empty_space height=&#8221;10px&#8221;][vc_separator][vc_empty_space height=&#8221;15px&#8221;][\/vc_column][\/vc_row][vc_row][vc_column][vc_single_image image=&#8221;82367&#8243; img_size=&#8221;full&#8221; onclick=&#8221;link_image&#8221;][\/vc_column][\/vc_row][vc_row][vc_column][vc_column_text]<\/p>\n<div class=\"wpb_text_column wpb_content_element \">\n<p><span style=\"font-size: 18pt;\">Keyfacts<\/span><\/p>\n<ul>\n<li>After Mephisto (1981) and Colonel Redl (Redl ezredes, 1984), Istv\u00e1n Szab\u00f3&#8217;s so-called &#8220;Central European trilogy&#8221; concludes with Hanussen in 1988.<\/li>\n<li>Hanussen&#8221; was nominated for Best Foreign Language Film at the 1989 Academy Awards.<\/li>\n<li>At the Cannes International Film Festival, the film received a nomination for a Palme d&#8217;Or \u00ae.<\/li>\n<li>In 1989, the film was nominated for a Golden Globe \u00ae in the category of Best Foreign Language Film.<\/li>\n<li>A year earlier, Klaus Maria Brandauer received a nomination for &#8220;Best Actor&#8221; at the European Film Awards.<\/li>\n<li>Szabo also makes the character of Hanussen a powerful symbol of the historical change Germany went through in the period between the two world wars. Hanussen is an absolutely fascinating film.<\/li>\n<\/ul>\n<\/div>\n<p>[\/vc_column_text][\/vc_column][\/vc_row][vc_row][vc_column width=&#8221;1\/3&#8243;][vc_single_image image=&#8221;78041&#8243; img_size=&#8221;full&#8221; onclick=&#8221;link_image&#8221;][\/vc_column][vc_column width=&#8221;1\/3&#8243;][vc_single_image image=&#8221;78349&#8243; img_size=&#8221;full&#8221; onclick=&#8221;link_image&#8221;][\/vc_column][vc_column width=&#8221;1\/3&#8243;][vc_single_image image=&#8221;78352&#8243; img_size=&#8221;full&#8221; onclick=&#8221;link_image&#8221;][\/vc_column][\/vc_row][vc_row][vc_column width=&#8221;1\/2&#8243;][vc_column_text]More information about the movie: <a title=\"Hanussen (1988) von Istv\u00e1n Sz\u00e1bo | U8 Films Berlin\" href=\"https:\/\/ucm.one\/de\/hanussen\/\">Hanussen<\/a><em> (German)<\/em>[\/vc_column_text][\/vc_column][vc_column width=&#8221;1\/2&#8243;][vc_column_text]Weitere Informationen \u00fcber das Filmlabel: <a title=\"U8 Films Berlin\" href=\"https:\/\/ucm.one\/en\/film-labels\/u1-films-berlin\/#u8-films-berlin\">U8 Films Berlin<\/a>[\/vc_column_text][\/vc_column][\/vc_row]<\/p>\n<\/div>","protected":false},"excerpt":{"rendered":"<p>[vc_row][vc_column][vc_column_text]With the film &#8220;Hanussen&#8220;, UCM.ONE in cooperation with CCC Film is bringing the Oscar\u00ae-nominated film from 1988 for the first time in the newly scanned and restored Full HD version to the trade or to the well-known download portals. The story is based on the true life of Hermann Chajm Steinschneider, who made a career&hellip;<\/p>\n","protected":false},"author":2,"featured_media":82337,"comment_status":"closed","ping_status":"closed","sticky":false,"template":"","format":"standard","meta":{"_acf_changed":false,"footnotes":""},"categories":[8,7004,13,8294,8304],"tags":[14771,14766,14772,14770,14763,14767,14764,14769,14765,8312,8324,14768],"class_list":["post-82339","post","type-post","status-publish","format-standard","has-post-thumbnail","hentry","category-film","category-filmklassiker","category-news","category-u1-films-berlin","category-u8-films-berlin","tag-colette-pilz-warren","tag-erland-josephson","tag-ewa-blaszczyk","tag-grazyna-szapolowska","tag-hanussen","tag-ildiko-bansagi","tag-istvan-szabo","tag-karoly-eperjes","tag-klaus-maria-brandauer","tag-u8-films-berlin","tag-u8-films-berlin-de","tag-walter-schmidinger","category-8","category-7004","category-13","category-8294","category-8304","description-off"],"acf":[],"yoast_head":"<!-- This site is optimized with the Yoast SEO plugin v27.5 - https:\/\/yoast.com\/product\/yoast-seo-wordpress\/ -->\n<title>&quot;Hanussen&quot; by Istv\u00e1n Sz\u00e1bo with Karl Maria Brandauer<\/title>\n<meta name=\"description\" content=\"With the film &quot;Hanussen&quot;, UCM.ONE and CCC Film is bringing the Oscar\u00ae-nominated film from 1988 for the first time in the newly Full HD version\" \/>\n<meta name=\"robots\" content=\"index, follow, max-snippet:-1, max-image-preview:large, max-video-preview:-1\" \/>\n<link rel=\"canonical\" href=\"https:\/\/ucm.one\/en\/available-from-today-limited-mediabook-hanussen-by-istvan-szabo-with-karl-maria-brandauer\/\" \/>\n<meta property=\"og:locale\" content=\"en_US\" \/>\n<meta property=\"og:type\" content=\"article\" \/>\n<meta property=\"og:title\" content=\"&quot;Hanussen&quot; by Istv\u00e1n Sz\u00e1bo with Karl Maria Brandauer\" \/>\n<meta property=\"og:description\" content=\"With the film &quot;Hanussen&quot;, UCM.ONE and CCC Film is bringing the Oscar\u00ae-nominated film from 1988 for the first time in the newly Full HD version\" \/>\n<meta property=\"og:url\" content=\"https:\/\/ucm.one\/en\/available-from-today-limited-mediabook-hanussen-by-istvan-szabo-with-karl-maria-brandauer\/\" \/>\n<meta property=\"og:site_name\" content=\"UCM.ONE\" \/>\n<meta property=\"article:published_time\" content=\"2022-11-25T22:19:15+00:00\" \/>\n<meta property=\"article:modified_time\" content=\"2023-03-09T15:34:46+00:00\" \/>\n<meta property=\"og:image\" content=\"https:\/\/ucm.one\/wp-content\/uploads\/2022\/11\/YT-Hanussan.jpg\" \/>\n<meta name=\"author\" content=\"Joachim Keil\" \/>\n<meta name=\"twitter:card\" content=\"summary_large_image\" \/>\n<meta name=\"twitter:title\" content=\"&quot;Hanussen&quot; by Istv\u00e1n Sz\u00e1bo with Karl Maria Brandauer\" \/>\n<meta name=\"twitter:description\" content=\"With the film &quot;Hanussen&quot;, UCM.ONE and CCC Film is bringing the Oscar\u00ae-nominated film from 1988 for the first time in the newly Full HD version\" \/>\n<meta name=\"twitter:image\" content=\"https:\/\/ucm.one\/wp-content\/uploads\/2022\/11\/YT-Hanussan.jpg\" \/>\n<meta name=\"twitter:label1\" content=\"Written by\" \/>\n\t<meta name=\"twitter:data1\" content=\"Joachim Keil\" \/>\n\t<meta name=\"twitter:label2\" content=\"Est. reading time\" \/>\n\t<meta name=\"twitter:data2\" content=\"5 minutes\" \/>\n<!-- \/ Yoast SEO plugin. -->","yoast_head_json":{"title":"\"Hanussen\" by Istv\u00e1n Sz\u00e1bo with Karl Maria Brandauer","description":"With the film \"Hanussen\", UCM.ONE and CCC Film is bringing the Oscar\u00ae-nominated film from 1988 for the first time in the newly Full HD version","robots":{"index":"index","follow":"follow","max-snippet":"max-snippet:-1","max-image-preview":"max-image-preview:large","max-video-preview":"max-video-preview:-1"},"canonical":"https:\/\/ucm.one\/en\/available-from-today-limited-mediabook-hanussen-by-istvan-szabo-with-karl-maria-brandauer\/","og_locale":"en_US","og_type":"article","og_title":"\"Hanussen\" by Istv\u00e1n Sz\u00e1bo with Karl Maria Brandauer","og_description":"With the film \"Hanussen\", UCM.ONE and CCC Film is bringing the Oscar\u00ae-nominated film from 1988 for the first time in the newly Full HD version","og_url":"https:\/\/ucm.one\/en\/available-from-today-limited-mediabook-hanussen-by-istvan-szabo-with-karl-maria-brandauer\/","og_site_name":"UCM.ONE","article_published_time":"2022-11-25T22:19:15+00:00","article_modified_time":"2023-03-09T15:34:46+00:00","og_image":[{"url":"https:\/\/ucm.one\/wp-content\/uploads\/2022\/11\/YT-Hanussan.jpg","type":"","width":"","height":""}],"author":"Joachim Keil","twitter_card":"summary_large_image","twitter_title":"\"Hanussen\" by Istv\u00e1n Sz\u00e1bo with Karl Maria Brandauer","twitter_description":"With the film \"Hanussen\", UCM.ONE and CCC Film is bringing the Oscar\u00ae-nominated film from 1988 for the first time in the newly Full HD version","twitter_image":"https:\/\/ucm.one\/wp-content\/uploads\/2022\/11\/YT-Hanussan.jpg","twitter_misc":{"Written by":"Joachim Keil","Est. reading time":"5 minutes"},"schema":{"@context":"https:\/\/schema.org","@graph":[{"@type":"Article","@id":"https:\/\/ucm.one\/en\/available-from-today-limited-mediabook-hanussen-by-istvan-szabo-with-karl-maria-brandauer\/#article","isPartOf":{"@id":"https:\/\/ucm.one\/en\/available-from-today-limited-mediabook-hanussen-by-istvan-szabo-with-karl-maria-brandauer\/"},"author":{"name":"Joachim Keil","@id":"https:\/\/ucm.one\/en\/#\/schema\/person\/4b959e467e8acc058836467a0ef8fa50"},"headline":"\ud83c\udfac Available from today: Limited Mediabook &#8220;Hanussen&#8221; by Istv\u00e1n Sz\u00e1bo with Karl Maria Brandauer","datePublished":"2022-11-25T22:19:15+00:00","dateModified":"2023-03-09T15:34:46+00:00","mainEntityOfPage":{"@id":"https:\/\/ucm.one\/en\/available-from-today-limited-mediabook-hanussen-by-istvan-szabo-with-karl-maria-brandauer\/"},"wordCount":1009,"publisher":{"@id":"https:\/\/ucm.one\/en\/#organization"},"image":{"@id":"https:\/\/ucm.one\/en\/available-from-today-limited-mediabook-hanussen-by-istvan-szabo-with-karl-maria-brandauer\/#primaryimage"},"thumbnailUrl":"https:\/\/ucm.one\/wp-content\/uploads\/2022\/11\/B-Hanussen-1.jpg","keywords":["Colette Pilz-Warren","Erland Josephson","Ewa B\u0142aszczyk","Gra\u017cyna Szapo\u0142owska","Hanussen","Ildik\u00f3 B\u00e1ns\u00e1gi","Istv\u00e1n Szab\u00f3","K\u00e1roly Eperjes","Klaus Maria Brandauer","U8 Films Berlin","U8 Films Berlin","Walter Schmidinger"],"articleSection":["Film","Filmklassiker","News","U1 Films Berlin","U8 Films Berlin"],"inLanguage":"en-US"},{"@type":"WebPage","@id":"https:\/\/ucm.one\/en\/available-from-today-limited-mediabook-hanussen-by-istvan-szabo-with-karl-maria-brandauer\/","url":"https:\/\/ucm.one\/en\/available-from-today-limited-mediabook-hanussen-by-istvan-szabo-with-karl-maria-brandauer\/","name":"\"Hanussen\" by Istv\u00e1n Sz\u00e1bo with Karl Maria Brandauer","isPartOf":{"@id":"https:\/\/ucm.one\/en\/#website"},"primaryImageOfPage":{"@id":"https:\/\/ucm.one\/en\/available-from-today-limited-mediabook-hanussen-by-istvan-szabo-with-karl-maria-brandauer\/#primaryimage"},"image":{"@id":"https:\/\/ucm.one\/en\/available-from-today-limited-mediabook-hanussen-by-istvan-szabo-with-karl-maria-brandauer\/#primaryimage"},"thumbnailUrl":"https:\/\/ucm.one\/wp-content\/uploads\/2022\/11\/B-Hanussen-1.jpg","datePublished":"2022-11-25T22:19:15+00:00","dateModified":"2023-03-09T15:34:46+00:00","description":"With the film \"Hanussen\", UCM.ONE and CCC Film is bringing the Oscar\u00ae-nominated film from 1988 for the first time in the newly Full HD version","breadcrumb":{"@id":"https:\/\/ucm.one\/en\/available-from-today-limited-mediabook-hanussen-by-istvan-szabo-with-karl-maria-brandauer\/#breadcrumb"},"inLanguage":"en-US","potentialAction":[{"@type":"ReadAction","target":["https:\/\/ucm.one\/en\/available-from-today-limited-mediabook-hanussen-by-istvan-szabo-with-karl-maria-brandauer\/"]}]},{"@type":"ImageObject","inLanguage":"en-US","@id":"https:\/\/ucm.one\/en\/available-from-today-limited-mediabook-hanussen-by-istvan-szabo-with-karl-maria-brandauer\/#primaryimage","url":"https:\/\/ucm.one\/wp-content\/uploads\/2022\/11\/B-Hanussen-1.jpg","contentUrl":"https:\/\/ucm.one\/wp-content\/uploads\/2022\/11\/B-Hanussen-1.jpg","width":1920,"height":600},{"@type":"BreadcrumbList","@id":"https:\/\/ucm.one\/en\/available-from-today-limited-mediabook-hanussen-by-istvan-szabo-with-karl-maria-brandauer\/#breadcrumb","itemListElement":[{"@type":"ListItem","position":1,"name":"Home","item":"https:\/\/ucm.one\/en\/"},{"@type":"ListItem","position":2,"name":"\ud83c\udfac Available from today: Limited Mediabook &#8220;Hanussen&#8221; by Istv\u00e1n Sz\u00e1bo with Karl Maria Brandauer"}]},{"@type":"WebSite","@id":"https:\/\/ucm.one\/en\/#website","url":"https:\/\/ucm.one\/en\/","name":"UCM.ONE","description":"","publisher":{"@id":"https:\/\/ucm.one\/en\/#organization"},"potentialAction":[{"@type":"SearchAction","target":{"@type":"EntryPoint","urlTemplate":"https:\/\/ucm.one\/en\/?s={search_term_string}"},"query-input":{"@type":"PropertyValueSpecification","valueRequired":true,"valueName":"search_term_string"}}],"inLanguage":"en-US"},{"@type":"Organization","@id":"https:\/\/ucm.one\/en\/#organization","name":"UCM.ONE","url":"https:\/\/ucm.one\/en\/","logo":{"@type":"ImageObject","inLanguage":"en-US","@id":"https:\/\/ucm.one\/en\/#\/schema\/logo\/image\/","url":"https:\/\/ucm.one\/wp-content\/uploads\/2019\/10\/UCM.ONE-Logo-RGB.svg","contentUrl":"https:\/\/ucm.one\/wp-content\/uploads\/2019\/10\/UCM.ONE-Logo-RGB.svg","width":1,"height":1,"caption":"UCM.ONE"},"image":{"@id":"https:\/\/ucm.one\/en\/#\/schema\/logo\/image\/"}},{"@type":"Person","@id":"https:\/\/ucm.one\/en\/#\/schema\/person\/4b959e467e8acc058836467a0ef8fa50","name":"Joachim Keil","image":{"@type":"ImageObject","inLanguage":"en-US","@id":"https:\/\/secure.gravatar.com\/avatar\/10e1dfd05f2a7a7bc83cd44bae31e01c8ac15f974229211a2b1a49fa0a22fec0?s=96&d=mm&r=g","url":"https:\/\/secure.gravatar.com\/avatar\/10e1dfd05f2a7a7bc83cd44bae31e01c8ac15f974229211a2b1a49fa0a22fec0?s=96&d=mm&r=g","contentUrl":"https:\/\/secure.gravatar.com\/avatar\/10e1dfd05f2a7a7bc83cd44bae31e01c8ac15f974229211a2b1a49fa0a22fec0?s=96&d=mm&r=g","caption":"Joachim Keil"},"sameAs":["https:\/\/ucm.one"]}]}},"_links":{"self":[{"href":"https:\/\/ucm.one\/en\/wp-json\/wp\/v2\/posts\/82339","targetHints":{"allow":["GET"]}}],"collection":[{"href":"https:\/\/ucm.one\/en\/wp-json\/wp\/v2\/posts"}],"about":[{"href":"https:\/\/ucm.one\/en\/wp-json\/wp\/v2\/types\/post"}],"author":[{"embeddable":true,"href":"https:\/\/ucm.one\/en\/wp-json\/wp\/v2\/users\/2"}],"replies":[{"embeddable":true,"href":"https:\/\/ucm.one\/en\/wp-json\/wp\/v2\/comments?post=82339"}],"version-history":[{"count":0,"href":"https:\/\/ucm.one\/en\/wp-json\/wp\/v2\/posts\/82339\/revisions"}],"wp:featuredmedia":[{"embeddable":true,"href":"https:\/\/ucm.one\/en\/wp-json\/wp\/v2\/media\/82337"}],"wp:attachment":[{"href":"https:\/\/ucm.one\/en\/wp-json\/wp\/v2\/media?parent=82339"}],"wp:term":[{"taxonomy":"category","embeddable":true,"href":"https:\/\/ucm.one\/en\/wp-json\/wp\/v2\/categories?post=82339"},{"taxonomy":"post_tag","embeddable":true,"href":"https:\/\/ucm.one\/en\/wp-json\/wp\/v2\/tags?post=82339"}],"curies":[{"name":"wp","href":"https:\/\/api.w.org\/{rel}","templated":true}]}}