{"id":7279,"date":"2017-09-21T13:18:26","date_gmt":"2017-09-21T13:18:26","guid":{"rendered":"http:\/\/www.daredo-media.com\/2017\/09\/21\/ugly-blind-blind-hasslich-now-in-cinemas-all-over-germany\/"},"modified":"2019-01-27T23:18:30","modified_gmt":"2019-01-27T23:18:30","slug":"ugly-blind-blind-hasslich-now-in-cinemas-all-over-germany","status":"publish","type":"post","link":"https:\/\/ucm.one\/en\/ugly-blind-blind-hasslich-now-in-cinemas-all-over-germany\/","title":{"rendered":"&#8220;Ugly &#038; Blind&#8221; (&#8220;Blind &#038; H\u00e4sslich&#8221;) now in cinemas all over Germany"},"content":{"rendered":"<div class=\"wpb-content-wrapper\"><p>[vc_row][vc_column][vc_column_text]Darling Berlin&#8217;s latest movie &#8220;Ugly &amp; Blind&#8221; by director and screenwriter Tom Lass is starting in cinemas all over Germany on September, 21st! The highly acclaimed movie has won several prizes, e.g. at the Filmfest Munich where &#8220;Ugly &amp; Blind&#8221; has won the the prestigious FIPRESCI prize, which is awarded by the International Federation of Film Critics, or at the Filmfest Oldenburg, where it has been awarded with the German Independence Award for &#8216;Outstanding Performance by an Ensemble&#8217;. Press critics are enthusiastic, too: &#8220;\u2026a wonderful love story\u2026&#8221; (Der Tagesspiegel); &#8220;\u2026a brisk and dreamy Coming-of-age drama\u2026&#8221; (S\u00fcddeutsche Zeitung).<\/p>\n<p>With Axel Ranisch, Karin Hanczewski, Jakob Lass, Lana Cooper, Martina Sch\u00f6ne-Radunski and Amelie Kiefer in supporting roles, we meet many actors from other Darling Berlin movies in &#8220;Blind &amp; Ugly&#8221;. Here is a short synopsis of the movie: Ferdi thinks he&#8217;s ugly \u2013 but likes the fact Jona is interested in him. Maybe because she&#8217;s blind. What Ferdi doesn&#8217;t suspect: She&#8217;s just pretending to be blind to be able to live cheaply in subsidized housing. How long can she maintain her charade? Can love, which is supposed to make you blind, even work out that way?<\/p>\n<p>[\/vc_column_text][\/vc_column][\/vc_row][vc_row][vc_column][vc_video link=&#8221;https:\/\/www.youtube.com\/embed\/-1snwvN62WU&#8221;][\/vc_column][\/vc_row][vc_row][vc_column][vc_column_text]More information on &#8220;Ugly &amp; Blind&#8221;: <a title=\"Blind &amp; H\u00e4sslich\" href=\"http:\/\/www.darlingberlin.de\/blind---haesslich.html\" target=\"_blank\" rel=\"noopener\">www.darlingberlin.de<\/a><\/p>\n<p>Find the cinema list here (updated continuously): <a title=\"Blind &amp; H\u00e4sslich Termine\" href=\"http:\/\/www.darlingberlin.de\/termine.html\" target=\"_blank\" rel=\"noopener\">Blind &amp; H\u00e4sslich Termine<\/a>[\/vc_column_text][\/vc_column][\/vc_row]<\/p>\n<\/div>","protected":false},"excerpt":{"rendered":"<p>[vc_row][vc_column][vc_column_text]Darling Berlin&#8217;s latest movie &#8220;Ugly &amp; Blind&#8221; by director and screenwriter Tom Lass is starting in cinemas all over Germany on September, 21st! The highly acclaimed movie has won several prizes, e.g. at the Filmfest Munich where &#8220;Ugly &amp; Blind&#8221; has won the the prestigious FIPRESCI prize, which is awarded by the International Federation of&hellip;<\/p>\n","protected":false},"author":2,"featured_media":12966,"comment_status":"closed","ping_status":"closed","sticky":false,"template":"","format":"video","meta":{"_acf_changed":false,"footnotes":""},"categories":[1011,22,942,4630,941],"tags":[3448,3460,3487,3525,3566,3594,3405,3627,3629,3671,3691,3816,3854,3867,3908,3987,4041,4042,4110,4172,4307,4327,4376],"class_list":["post-7279","post","type-post","status-publish","format-video","has-post-thumbnail","hentry","category-cinema","category-darling-berlin","category-film-en","category-movie-distribution","category-news-en","tag-amelie-kiefer-en","tag-anna-brueggemann-en","tag-axel-ranisch-en","tag-blind-haesslich-en","tag-clara-schramm-en","tag-daniel-zillmann-en","tag-darling-berlin-en","tag-dietrich-brueggemann-en","tag-dimitri-stapfer-en","tag-eva-loebau-en","tag-film-en","tag-jakob-lass-en","tag-julius-feldmeier-en","tag-karin-hanczewski-en","tag-lana-cooper-en","tag-martina-schoene-radunski-en","tag-naomi-achternbusch-en","tag-naomi-krauss-en","tag-peter-marty-en","tag-robert-gwisdek-en","tag-tom-lass-en","tag-ugly-blind-en","tag-zdf-en","post_format-post-format-video","category-1011","category-22","category-942","category-4630","category-941","description-off"],"acf":[],"yoast_head":"<!-- This site is optimized with the Yoast SEO plugin v27.5 - https:\/\/yoast.com\/product\/yoast-seo-wordpress\/ -->\n<title>&quot;Ugly &amp; Blind&quot; (&quot;Blind &amp; H\u00e4sslich&quot;) now in cinemas all over Germany - UCM.ONE<\/title>\n<meta name=\"robots\" content=\"index, follow, max-snippet:-1, max-image-preview:large, max-video-preview:-1\" \/>\n<link rel=\"canonical\" href=\"https:\/\/ucm.one\/en\/ugly-blind-blind-hasslich-now-in-cinemas-all-over-germany\/\" \/>\n<meta property=\"og:locale\" content=\"en_US\" \/>\n<meta property=\"og:type\" content=\"article\" \/>\n<meta property=\"og:title\" content=\"&quot;Ugly &amp; Blind&quot; (&quot;Blind &amp; H\u00e4sslich&quot;) now in cinemas all over Germany - UCM.ONE\" \/>\n<meta property=\"og:description\" content=\"[vc_row][vc_column][vc_column_text]Darling Berlin&#8217;s latest movie &#8220;Ugly &amp; Blind&#8221; by director and screenwriter Tom Lass is starting in cinemas all over Germany on September, 21st! The highly acclaimed movie has won several prizes, e.g. at the Filmfest Munich where &#8220;Ugly &amp; Blind&#8221; has won the the prestigious FIPRESCI prize, which is awarded by the International Federation of&hellip;\" \/>\n<meta property=\"og:url\" content=\"https:\/\/ucm.one\/en\/ugly-blind-blind-hasslich-now-in-cinemas-all-over-germany\/\" \/>\n<meta property=\"og:site_name\" content=\"UCM.ONE\" \/>\n<meta property=\"article:published_time\" content=\"2017-09-21T13:18:26+00:00\" \/>\n<meta property=\"article:modified_time\" content=\"2019-01-27T23:18:30+00:00\" \/>\n<meta property=\"og:image\" content=\"https:\/\/ucm.one\/wp-content\/uploads\/2017\/09\/B-BlindH\u00e4sslich-S5.jpg\" \/>\n\t<meta property=\"og:image:width\" content=\"1920\" \/>\n\t<meta property=\"og:image:height\" content=\"600\" \/>\n\t<meta property=\"og:image:type\" content=\"image\/jpeg\" \/>\n<meta name=\"author\" content=\"Joachim Keil\" \/>\n<meta name=\"twitter:card\" content=\"summary_large_image\" \/>\n<meta name=\"twitter:label1\" content=\"Written by\" \/>\n\t<meta name=\"twitter:data1\" content=\"Joachim Keil\" \/>\n\t<meta name=\"twitter:label2\" content=\"Est. reading time\" \/>\n\t<meta name=\"twitter:data2\" content=\"1 minute\" \/>\n<!-- \/ Yoast SEO plugin. -->","yoast_head_json":{"title":"\"Ugly & Blind\" (\"Blind & H\u00e4sslich\") now in cinemas all over Germany - UCM.ONE","robots":{"index":"index","follow":"follow","max-snippet":"max-snippet:-1","max-image-preview":"max-image-preview:large","max-video-preview":"max-video-preview:-1"},"canonical":"https:\/\/ucm.one\/en\/ugly-blind-blind-hasslich-now-in-cinemas-all-over-germany\/","og_locale":"en_US","og_type":"article","og_title":"\"Ugly & Blind\" (\"Blind & H\u00e4sslich\") now in cinemas all over Germany - UCM.ONE","og_description":"[vc_row][vc_column][vc_column_text]Darling Berlin&#8217;s latest movie &#8220;Ugly &amp; Blind&#8221; by director and screenwriter Tom Lass is starting in cinemas all over Germany on September, 21st! The highly acclaimed movie has won several prizes, e.g. at the Filmfest Munich where &#8220;Ugly &amp; Blind&#8221; has won the the prestigious FIPRESCI prize, which is awarded by the International Federation of&hellip;","og_url":"https:\/\/ucm.one\/en\/ugly-blind-blind-hasslich-now-in-cinemas-all-over-germany\/","og_site_name":"UCM.ONE","article_published_time":"2017-09-21T13:18:26+00:00","article_modified_time":"2019-01-27T23:18:30+00:00","og_image":[{"width":1920,"height":600,"url":"https:\/\/ucm.one\/wp-content\/uploads\/2017\/09\/B-BlindH\u00e4sslich-S5.jpg","type":"image\/jpeg"}],"author":"Joachim Keil","twitter_card":"summary_large_image","twitter_misc":{"Written by":"Joachim Keil","Est. reading time":"1 minute"},"schema":{"@context":"https:\/\/schema.org","@graph":[{"@type":"Article","@id":"https:\/\/ucm.one\/en\/ugly-blind-blind-hasslich-now-in-cinemas-all-over-germany\/#article","isPartOf":{"@id":"https:\/\/ucm.one\/en\/ugly-blind-blind-hasslich-now-in-cinemas-all-over-germany\/"},"author":{"name":"Joachim Keil","@id":"https:\/\/ucm.one\/en\/#\/schema\/person\/4b959e467e8acc058836467a0ef8fa50"},"headline":"&#8220;Ugly &#038; Blind&#8221; (&#8220;Blind &#038; H\u00e4sslich&#8221;) now in cinemas all over Germany","datePublished":"2017-09-21T13:18:26+00:00","dateModified":"2019-01-27T23:18:30+00:00","mainEntityOfPage":{"@id":"https:\/\/ucm.one\/en\/ugly-blind-blind-hasslich-now-in-cinemas-all-over-germany\/"},"wordCount":279,"publisher":{"@id":"https:\/\/ucm.one\/en\/#organization"},"image":{"@id":"https:\/\/ucm.one\/en\/ugly-blind-blind-hasslich-now-in-cinemas-all-over-germany\/#primaryimage"},"thumbnailUrl":"https:\/\/ucm.one\/wp-content\/uploads\/2017\/09\/B-BlindH\u00e4sslich-S5.jpg","keywords":["Amelie Kiefer","Anna Br\u00fcggemann","Axel Ranisch","Blind &amp; H\u00e4sslich","Clara Schramm","Daniel Zillmann","Darling Berlin","Dietrich Br\u00fcggemann","Dimitri Stapfer","Eva L\u00f6bau","Film","Jakob Lass","Julius Feldmeier","Karin Hanczewski","Lana Cooper","Martina Sch\u00f6ne-Radunski","Naomi Achternbusch","Naomi Krauss","Peter Marty","Robert Gwisdek","Tom Lass","Ugly &amp; Blind","ZDF"],"articleSection":["Cinema","Darling Berlin","Film","Movie Distribution","News"],"inLanguage":"en-US"},{"@type":"WebPage","@id":"https:\/\/ucm.one\/en\/ugly-blind-blind-hasslich-now-in-cinemas-all-over-germany\/","url":"https:\/\/ucm.one\/en\/ugly-blind-blind-hasslich-now-in-cinemas-all-over-germany\/","name":"\"Ugly & Blind\" (\"Blind & H\u00e4sslich\") now in cinemas all over Germany - UCM.ONE","isPartOf":{"@id":"https:\/\/ucm.one\/en\/#website"},"primaryImageOfPage":{"@id":"https:\/\/ucm.one\/en\/ugly-blind-blind-hasslich-now-in-cinemas-all-over-germany\/#primaryimage"},"image":{"@id":"https:\/\/ucm.one\/en\/ugly-blind-blind-hasslich-now-in-cinemas-all-over-germany\/#primaryimage"},"thumbnailUrl":"https:\/\/ucm.one\/wp-content\/uploads\/2017\/09\/B-BlindH\u00e4sslich-S5.jpg","datePublished":"2017-09-21T13:18:26+00:00","dateModified":"2019-01-27T23:18:30+00:00","breadcrumb":{"@id":"https:\/\/ucm.one\/en\/ugly-blind-blind-hasslich-now-in-cinemas-all-over-germany\/#breadcrumb"},"inLanguage":"en-US","potentialAction":[{"@type":"ReadAction","target":["https:\/\/ucm.one\/en\/ugly-blind-blind-hasslich-now-in-cinemas-all-over-germany\/"]}]},{"@type":"ImageObject","inLanguage":"en-US","@id":"https:\/\/ucm.one\/en\/ugly-blind-blind-hasslich-now-in-cinemas-all-over-germany\/#primaryimage","url":"https:\/\/ucm.one\/wp-content\/uploads\/2017\/09\/B-BlindH\u00e4sslich-S5.jpg","contentUrl":"https:\/\/ucm.one\/wp-content\/uploads\/2017\/09\/B-BlindH\u00e4sslich-S5.jpg","width":1920,"height":600},{"@type":"BreadcrumbList","@id":"https:\/\/ucm.one\/en\/ugly-blind-blind-hasslich-now-in-cinemas-all-over-germany\/#breadcrumb","itemListElement":[{"@type":"ListItem","position":1,"name":"Home","item":"https:\/\/ucm.one\/en\/"},{"@type":"ListItem","position":2,"name":"&#8220;Ugly &#038; Blind&#8221; (&#8220;Blind &#038; H\u00e4sslich&#8221;) now in cinemas all over Germany"}]},{"@type":"WebSite","@id":"https:\/\/ucm.one\/en\/#website","url":"https:\/\/ucm.one\/en\/","name":"UCM.ONE","description":"","publisher":{"@id":"https:\/\/ucm.one\/en\/#organization"},"potentialAction":[{"@type":"SearchAction","target":{"@type":"EntryPoint","urlTemplate":"https:\/\/ucm.one\/en\/?s={search_term_string}"},"query-input":{"@type":"PropertyValueSpecification","valueRequired":true,"valueName":"search_term_string"}}],"inLanguage":"en-US"},{"@type":"Organization","@id":"https:\/\/ucm.one\/en\/#organization","name":"UCM.ONE","url":"https:\/\/ucm.one\/en\/","logo":{"@type":"ImageObject","inLanguage":"en-US","@id":"https:\/\/ucm.one\/en\/#\/schema\/logo\/image\/","url":"https:\/\/ucm.one\/wp-content\/uploads\/2019\/10\/UCM.ONE-Logo-RGB.svg","contentUrl":"https:\/\/ucm.one\/wp-content\/uploads\/2019\/10\/UCM.ONE-Logo-RGB.svg","width":1,"height":1,"caption":"UCM.ONE"},"image":{"@id":"https:\/\/ucm.one\/en\/#\/schema\/logo\/image\/"}},{"@type":"Person","@id":"https:\/\/ucm.one\/en\/#\/schema\/person\/4b959e467e8acc058836467a0ef8fa50","name":"Joachim Keil","image":{"@type":"ImageObject","inLanguage":"en-US","@id":"https:\/\/secure.gravatar.com\/avatar\/10e1dfd05f2a7a7bc83cd44bae31e01c8ac15f974229211a2b1a49fa0a22fec0?s=96&d=mm&r=g","url":"https:\/\/secure.gravatar.com\/avatar\/10e1dfd05f2a7a7bc83cd44bae31e01c8ac15f974229211a2b1a49fa0a22fec0?s=96&d=mm&r=g","contentUrl":"https:\/\/secure.gravatar.com\/avatar\/10e1dfd05f2a7a7bc83cd44bae31e01c8ac15f974229211a2b1a49fa0a22fec0?s=96&d=mm&r=g","caption":"Joachim Keil"},"sameAs":["https:\/\/ucm.one"]}]}},"_links":{"self":[{"href":"https:\/\/ucm.one\/en\/wp-json\/wp\/v2\/posts\/7279","targetHints":{"allow":["GET"]}}],"collection":[{"href":"https:\/\/ucm.one\/en\/wp-json\/wp\/v2\/posts"}],"about":[{"href":"https:\/\/ucm.one\/en\/wp-json\/wp\/v2\/types\/post"}],"author":[{"embeddable":true,"href":"https:\/\/ucm.one\/en\/wp-json\/wp\/v2\/users\/2"}],"replies":[{"embeddable":true,"href":"https:\/\/ucm.one\/en\/wp-json\/wp\/v2\/comments?post=7279"}],"version-history":[{"count":0,"href":"https:\/\/ucm.one\/en\/wp-json\/wp\/v2\/posts\/7279\/revisions"}],"wp:featuredmedia":[{"embeddable":true,"href":"https:\/\/ucm.one\/en\/wp-json\/wp\/v2\/media\/12966"}],"wp:attachment":[{"href":"https:\/\/ucm.one\/en\/wp-json\/wp\/v2\/media?parent=7279"}],"wp:term":[{"taxonomy":"category","embeddable":true,"href":"https:\/\/ucm.one\/en\/wp-json\/wp\/v2\/categories?post=7279"},{"taxonomy":"post_tag","embeddable":true,"href":"https:\/\/ucm.one\/en\/wp-json\/wp\/v2\/tags?post=7279"}],"curies":[{"name":"wp","href":"https:\/\/api.w.org\/{rel}","templated":true}]}}