{"id":71572,"date":"2022-08-12T15:06:49","date_gmt":"2022-08-12T15:06:49","guid":{"rendered":"https:\/\/ucm.one\/%f0%9f%8e%ac-limited-mediabook-schwarzwaldfahrt-aus-liebeskummer-available-from-july-29-2022\/"},"modified":"2022-08-13T08:23:45","modified_gmt":"2022-08-13T08:23:45","slug":"limited-mediabook-schwarzwaldfahrt-aus-liebeskummer-available-from-august-28-2022","status":"publish","type":"post","link":"https:\/\/ucm.one\/en\/limited-mediabook-schwarzwaldfahrt-aus-liebeskummer-available-from-august-28-2022\/","title":{"rendered":"\ud83c\udfac Limited mediabook &#8220;Schwarzwaldfahrt aus Liebeskummer&#8221; available from August 28, 2022"},"content":{"rendered":"<div class=\"wpb-content-wrapper\"><p>[vc_row][vc_column][vc_column_text]<\/p>\n<div class=\"\">\n<p>The film &#8220;<strong>Schwarzwaldfahrt aus Liebeskummer<\/strong>&#8221; by <strong>Werner Jacobs<\/strong> is now available for the first time on the label <strong><span style=\"font-family: 'arial black', sans-serif;\">U8<\/span> Films Berlin<\/strong> by <strong>UCM.ONE<\/strong> in cooperation with <strong>moviemax<\/strong> in the newly 2K scanned and restored theatrical version in full HD as a Mediabook. A special highlight of this limited release is that for the first time the soundtrack is included on CD. This will not appear individually, but refines this exclusive edition. The film was completely tailored to the hit star and leading actor <strong>Roy Black<\/strong>. It was obligatory that he sang his hits there in addition to the music of James Last, who was responsible for the soundtrack.<\/p>\n<\/div>\n<p>[\/vc_column_text][\/vc_column][\/vc_row][vc_row][vc_column width=&#8221;3\/4&#8243;][vc_column_text]<br \/>\n<strong>Roy Black<\/strong> grew up in Augsburg as the son of a merchant and began studying business after graduating from high school, but did not complete his studies. Instead, he tried his luck with music and had his first performances with his rock&#8217;n&#8217;roll bands &#8220;<strong>The Honky Tonks<\/strong>&#8221; and later &#8220;<strong>Roy Black and his Cannons<\/strong>&#8220;. The stage name <strong>Roy Black<\/strong> is a mixture of his nickname <em>&#8220;<strong>Blacky<\/strong>&#8220;<\/em>, which he got because of his black hair, and an homage to his idol <strong>Roy Orbison<\/strong>.<br \/>\n[\/vc_column_text][vc_column_text]<span style=\"font-size: 14pt;\">Synopsis:<\/span><\/p>\n<p>The young architect Hannes Cremer wants to forget his professional stress on the Black Forest farm of his grandfather. He has just quit his job and also given his fianc\u00e9e Janine, the daughter of his boss, the slip. However, the intended rest comes to nothing, because not only his employer and his fianc\u00e9e are after him, but he also meets the &#8216;four-leaf clover&#8217;, a quartet of ladies on their way to a wedding. Especially Renate (<strong>Barbara Nielsen<\/strong>), who has also just been bitterly disappointed, has captured Hanne&#8217;s heart in no time. And these are not the only surprises that await Hannes in the Black Forest.[\/vc_column_text][vc_column_text]Filming for &#8220;<strong>Schwarzwaldfahrt aus Liebeskummer<\/strong>&#8221; took place in October and November 1973 in the Upper Black Forest, in Todtmoos, Grafenhausen and Wendlingen.[\/vc_column_text][\/vc_column][vc_column width=&#8221;1\/4&#8243;][vc_single_image image=&#8221;71521&#8243; img_size=&#8221;full&#8221; onclick=&#8221;link_image&#8221;][\/vc_column][\/vc_row][vc_row][vc_column][vc_column_text]<\/p>\n<div class=\"wpb_text_column wpb_content_element \">\n<p>The wedding ceremony was filmed in the magnificent baroque monastery church of St. Peter on the Black Forest. German theatrical release was on March 08, 1974 in <strong>Constantin\u00a0<\/strong>film distribution.<\/p>\n<\/div>\n<p>[\/vc_column_text][\/vc_column][\/vc_row][vc_row][vc_column width=&#8221;1\/2&#8243;][vc_single_image image=&#8221;57104&#8243; img_size=&#8221;full&#8221; onclick=&#8221;link_image&#8221;][\/vc_column][vc_column width=&#8221;1\/2&#8243;][vc_single_image image=&#8221;57001&#8243; img_size=&#8221;full&#8221; onclick=&#8221;link_image&#8221;][\/vc_column][\/vc_row][vc_row][vc_column][vc_column_text]<\/p>\n<div class=\"wpb_text_column wpb_content_element \">\n<p><span style=\"font-size: 18pt;\">Actors:<\/span><\/p>\n<p style=\"text-align: left;\" align=\"JUSTIFY\">Roy Black, Barbara Nielsen, Heidi Hansen, Elke Aberle, Anita Mally, Peter Millowitsch, Bettina Haensler, Hans-J\u00fcrgen B\u00e4umler, Gracia-Maria Kaus, Rut Rex, Rolf Olsen, Eva Garden, Alexander Grill, Ludwig Schmid-Wildy, Ilse Peternell, Ralf Wolter, Elia Zimmermann, Max Strecker, Elfie Pertramer, Franz Muxeneder, Hans Terofal, Claus Biederstaedt.<\/p>\n<\/div>\n<p>[\/vc_column_text][\/vc_column][\/vc_row][vc_row][vc_column][vc_single_image image=&#8221;71367&#8243; img_size=&#8221;full&#8221; onclick=&#8221;link_image&#8221;][\/vc_column][\/vc_row][vc_row][vc_column][vc_empty_space height=&#8221;15px&#8221;][vc_separator][vc_row_inner][vc_column_inner width=&#8221;1\/4&#8243;][vc_btn title=&#8221;Amazon&#8221; style=&#8221;classic&#8221; color=&#8221;orange&#8221; size=&#8221;sm&#8221; align=&#8221;center&#8221; i_icon_fontawesome=&#8221;fab fa-amazon&#8221; button_block=&#8221;true&#8221; add_icon=&#8221;true&#8221; link=&#8221;url:https%3A%2F%2Fwww.amazon.de%2Fgp%2Fproduct%2FB09GCSHWZW|title:Amazon|target:_blank|&#8221;][\/vc_column_inner][vc_column_inner width=&#8221;1\/4&#8243;][vc_btn title=&#8221;Mediamarkt&#8221; style=&#8221;classic&#8221; color=&#8221;danger&#8221; size=&#8221;sm&#8221; align=&#8221;center&#8221; i_icon_fontawesome=&#8221;far fa-dot-circle&#8221; button_block=&#8221;true&#8221; add_icon=&#8221;true&#8221; link=&#8221;url:https%3A%2F%2Fwww.mediamarkt.de%2Fde%2Fproduct%2F_schwarzwaldfahrt-aus-liebeskummer-blu-ray-2784330.html|title:Mediamarkt|target:_blank|&#8221;][\/vc_column_inner][vc_column_inner width=&#8221;1\/4&#8243;][vc_btn title=&#8221;Apple TV&#8221; style=&#8221;classic&#8221; color=&#8221;sky&#8221; size=&#8221;sm&#8221; align=&#8221;center&#8221; i_icon_fontawesome=&#8221;fab fa-apple&#8221; button_block=&#8221;true&#8221; add_icon=&#8221;true&#8221; link=&#8221;url:https%3A%2F%2Ftv.apple.com%2Fen%2Fmovie%2Fschwarzwaldfahrt-aus-liebeskummer%2Fumc.cmc.12lyt5sgxutcbmzxp4q63si8q|title:Apple%20TV|target:_blank&#8221;][\/vc_column_inner][vc_column_inner width=&#8221;1\/4&#8243;][vc_btn title=&#8221;Prime Video&#8221; style=&#8221;classic&#8221; color=&#8221;sky&#8221; size=&#8221;sm&#8221; align=&#8221;center&#8221; i_icon_fontawesome=&#8221;fab fa-amazon&#8221; button_block=&#8221;true&#8221; add_icon=&#8221;true&#8221; link=&#8221;url:https%3A%2F%2Fwww.amazon.de%2FSchwarzwaldfahrt-aus-Liebeskummer-Roy-Black%2Fdp%2FB09JKM3NNW|title:Prime%20Video|target:_blank|&#8221;][\/vc_column_inner][\/vc_row_inner][\/vc_column][\/vc_row][vc_row][vc_column][vc_empty_space height=&#8221;25px&#8221;][vc_column_text]<\/p>\n<div class=\"wpb_text_column wpb_content_element \">\n<div class=\"wpb_wrapper\">\n<p><span style=\"font-size: 18pt;\">Technical data<\/span><\/p>\n<p><strong>Limited Mediabook (Blu-Ray + DVD + CD):<\/strong>For the first time worldwide in HD or HD-Remastered (DVD) and from the original German theatrical print scanned and restored | Image format Blu-Ray: WS 1.66:1 \/ 1080p 24; Image format DVD: WS 1.66:1 (anamorphic) | Total running time Blu-Ray 86 min (German theatrical version); Total running time DVD: 82 min | Sound format Blu-Ray: German DTS-HD Master Audio 2. 0 (mono); Sound format DVD: German DD 2.0 (mono); Sound format CD: Stereo | Bonus material: German trailer, artwork gallery, 16-page book section with many pictures and information, soundtrack to the film (first and only available in this edition | Rating: FSK 6<\/p>\n<\/div>\n<\/div>\n<p>[\/vc_column_text][vc_separator css=&#8221;.vc_custom_1560377795279{margin-top: 15px !important;}&#8221;][vc_empty_space height=&#8221;15px&#8221;][\/vc_column][\/vc_row][vc_row][vc_column][vc_video link=&#8221;https:\/\/youtu.be\/HXteorXjWsw&#8221; title=&#8221;Schwarzwaldfahrt aus Liebeskummer | Trailer (deutsch) \u1d34\u1d30&#8221;][\/vc_column][\/vc_row][vc_row][vc_column width=&#8221;1\/2&#8243;][vc_video link=&#8221;https:\/\/youtu.be\/8-Df1NZztwo&#8221; title=&#8221;Schwarzwaldfahrt aus Liebeskummer | Roy Black &amp; James Last&#8221;][\/vc_column][vc_column width=&#8221;1\/2&#8243;][vc_video link=&#8221;https:\/\/youtu.be\/p5U58pqOkBg&#8221; title=&#8221;Schwarzwaldfahrt aus Liebeskummer | Unboxing (deutsch) \u1d34\u1d30&#8221;][\/vc_column][\/vc_row][vc_row][vc_column][vc_column_text]More information about the movie: <a title=\"Schwarzwaldfahrt aus Liebeskummer\" href=\"https:\/\/ucm.one\/en\/schwarzwaldfahrt-aus-liebeskummer\/\">Schwarzwaldfahrt aus Liebeskummer<\/a>[\/vc_column_text][\/vc_column][\/vc_row]<\/p>\n<\/div>","protected":false},"excerpt":{"rendered":"<p>[vc_row][vc_column][vc_column_text] The film &#8220;Schwarzwaldfahrt aus Liebeskummer&#8221; by Werner Jacobs is now available for the first time on the label U8 Films Berlin by UCM.ONE in cooperation with moviemax in the newly 2K scanned and restored theatrical version in full HD as a Mediabook. A special highlight of this limited release is that for the first&hellip;<\/p>\n","protected":false},"author":2,"featured_media":71556,"comment_status":"closed","ping_status":"closed","sticky":false,"template":"","format":"standard","meta":{"_acf_changed":false,"footnotes":""},"categories":[7005,942,941,8308],"tags":[10449,10446,10451,10431,10448,12909,12906,10453,10452,12905,10447,10456,10450,10455,12908,10445,12907,10454,10444,12902,12896],"class_list":["post-71572","post","type-post","status-publish","format-standard","has-post-thumbnail","hentry","category-classic-movie-en","category-film-en","category-news-en","category-u8-films-berlin-en","tag-anita-mally-2","tag-barbara-nielsen-2","tag-bettina-haensler-2","tag-bettina-haensler","tag-elke-aberle-2","tag-eva-garden-en","tag-gracia-maria-kaus-en","tag-gracia-maria-kaus-2","tag-hans-juergen-baeumler-2","tag-hans-juergen-baeumler-en","tag-heidi-hansen-2","tag-james-last-2","tag-peter-millowitsch-2","tag-rolf-olsen-2","tag-rolf-olsen-en","tag-roy-black-2","tag-rut-rex-en","tag-rut-rex-2","tag-schwarzwaldfahrt-aus-liebeskummer-2","tag-u8-films-en","tag-werner-jacobs-en","category-7005","category-942","category-941","category-8308","description-off"],"acf":[],"yoast_head":"<!-- This site is optimized with the Yoast SEO plugin v27.5 - https:\/\/yoast.com\/product\/yoast-seo-wordpress\/ -->\n<title>Limited mediabook &quot;Schwarzwaldfahrt aus Liebeskummer&quot;<\/title>\n<meta name=\"description\" content=\"c\" \/>\n<meta name=\"robots\" content=\"index, follow, max-snippet:-1, max-image-preview:large, max-video-preview:-1\" \/>\n<link rel=\"canonical\" href=\"https:\/\/ucm.one\/en\/limited-mediabook-schwarzwaldfahrt-aus-liebeskummer-available-from-august-28-2022\/\" \/>\n<meta property=\"og:locale\" content=\"en_US\" \/>\n<meta property=\"og:type\" content=\"article\" \/>\n<meta property=\"og:title\" content=\"Limited mediabook &quot;Schwarzwaldfahrt aus Liebeskummer&quot;\" \/>\n<meta property=\"og:description\" content=\"Limited mediabook &quot;Schwarzwaldfahrt aus Liebeskummer&quot;\" \/>\n<meta property=\"og:url\" content=\"https:\/\/ucm.one\/en\/limited-mediabook-schwarzwaldfahrt-aus-liebeskummer-available-from-august-28-2022\/\" \/>\n<meta property=\"og:site_name\" content=\"UCM.ONE\" \/>\n<meta property=\"article:published_time\" content=\"2022-08-12T15:06:49+00:00\" \/>\n<meta property=\"article:modified_time\" content=\"2022-08-13T08:23:45+00:00\" \/>\n<meta property=\"og:image\" content=\"https:\/\/ucm.one\/wp-content\/uploads\/2022\/07\/C-Schwarwaldfahrt-YT.jpg\" \/>\n<meta name=\"author\" content=\"Joachim Keil\" \/>\n<meta name=\"twitter:card\" content=\"summary_large_image\" \/>\n<meta name=\"twitter:title\" content=\"Limited mediabook &quot;Schwarzwaldfahrt aus Liebeskummer&quot;\" \/>\n<meta name=\"twitter:description\" content=\"Limited mediabook &quot;Schwarzwaldfahrt aus Liebeskummer&quot;\" \/>\n<meta name=\"twitter:image\" content=\"https:\/\/ucm.one\/wp-content\/uploads\/2022\/07\/C-Schwarwaldfahrt-YT.jpg\" \/>\n<meta name=\"twitter:label1\" content=\"Written by\" \/>\n\t<meta name=\"twitter:data1\" content=\"Joachim Keil\" \/>\n\t<meta name=\"twitter:label2\" content=\"Est. reading time\" \/>\n\t<meta name=\"twitter:data2\" content=\"5 minutes\" \/>\n<!-- \/ Yoast SEO plugin. -->","yoast_head_json":{"title":"Limited mediabook \"Schwarzwaldfahrt aus Liebeskummer\"","description":"c","robots":{"index":"index","follow":"follow","max-snippet":"max-snippet:-1","max-image-preview":"max-image-preview:large","max-video-preview":"max-video-preview:-1"},"canonical":"https:\/\/ucm.one\/en\/limited-mediabook-schwarzwaldfahrt-aus-liebeskummer-available-from-august-28-2022\/","og_locale":"en_US","og_type":"article","og_title":"Limited mediabook \"Schwarzwaldfahrt aus Liebeskummer\"","og_description":"Limited mediabook \"Schwarzwaldfahrt aus Liebeskummer\"","og_url":"https:\/\/ucm.one\/en\/limited-mediabook-schwarzwaldfahrt-aus-liebeskummer-available-from-august-28-2022\/","og_site_name":"UCM.ONE","article_published_time":"2022-08-12T15:06:49+00:00","article_modified_time":"2022-08-13T08:23:45+00:00","og_image":[{"url":"https:\/\/ucm.one\/wp-content\/uploads\/2022\/07\/C-Schwarwaldfahrt-YT.jpg","type":"","width":"","height":""}],"author":"Joachim Keil","twitter_card":"summary_large_image","twitter_title":"Limited mediabook \"Schwarzwaldfahrt aus Liebeskummer\"","twitter_description":"Limited mediabook \"Schwarzwaldfahrt aus Liebeskummer\"","twitter_image":"https:\/\/ucm.one\/wp-content\/uploads\/2022\/07\/C-Schwarwaldfahrt-YT.jpg","twitter_misc":{"Written by":"Joachim Keil","Est. reading time":"5 minutes"},"schema":{"@context":"https:\/\/schema.org","@graph":[{"@type":"Article","@id":"https:\/\/ucm.one\/en\/limited-mediabook-schwarzwaldfahrt-aus-liebeskummer-available-from-august-28-2022\/#article","isPartOf":{"@id":"https:\/\/ucm.one\/en\/limited-mediabook-schwarzwaldfahrt-aus-liebeskummer-available-from-august-28-2022\/"},"author":{"name":"Joachim Keil","@id":"https:\/\/ucm.one\/en\/#\/schema\/person\/4b959e467e8acc058836467a0ef8fa50"},"headline":"\ud83c\udfac Limited mediabook &#8220;Schwarzwaldfahrt aus Liebeskummer&#8221; available from August 28, 2022","datePublished":"2022-08-12T15:06:49+00:00","dateModified":"2022-08-13T08:23:45+00:00","mainEntityOfPage":{"@id":"https:\/\/ucm.one\/en\/limited-mediabook-schwarzwaldfahrt-aus-liebeskummer-available-from-august-28-2022\/"},"wordCount":974,"publisher":{"@id":"https:\/\/ucm.one\/en\/#organization"},"image":{"@id":"https:\/\/ucm.one\/en\/limited-mediabook-schwarzwaldfahrt-aus-liebeskummer-available-from-august-28-2022\/#primaryimage"},"thumbnailUrl":"https:\/\/ucm.one\/wp-content\/uploads\/2022\/07\/B-B-Schwarzwaldfahrt-aus-Liebeskummer-MB.jpg","keywords":["Anita Mally","Barbara Nielsen","Bettina Haensler","Bettina Haensler","Elke Aberle","Eva Garden","Gracia-Maria Kaus","Gracia-Maria Kaus","Hans-J\u00fcrgen B\u00e4umler","Hans-J\u00fcrgen B\u00e4umler","Heidi Hansen","James Last","Peter Millowitsch","Rolf Olsen","Rolf Olsen","Roy Black","Rut Rex","Rut Rex","Schwarzwaldfahrt aus Liebeskummer","U8 Films","Werner Jacobs"],"articleSection":["Classic Movie","Film","News","U8 Films Berlin"],"inLanguage":"en-US"},{"@type":"WebPage","@id":"https:\/\/ucm.one\/en\/limited-mediabook-schwarzwaldfahrt-aus-liebeskummer-available-from-august-28-2022\/","url":"https:\/\/ucm.one\/en\/limited-mediabook-schwarzwaldfahrt-aus-liebeskummer-available-from-august-28-2022\/","name":"Limited mediabook \"Schwarzwaldfahrt aus Liebeskummer\"","isPartOf":{"@id":"https:\/\/ucm.one\/en\/#website"},"primaryImageOfPage":{"@id":"https:\/\/ucm.one\/en\/limited-mediabook-schwarzwaldfahrt-aus-liebeskummer-available-from-august-28-2022\/#primaryimage"},"image":{"@id":"https:\/\/ucm.one\/en\/limited-mediabook-schwarzwaldfahrt-aus-liebeskummer-available-from-august-28-2022\/#primaryimage"},"thumbnailUrl":"https:\/\/ucm.one\/wp-content\/uploads\/2022\/07\/B-B-Schwarzwaldfahrt-aus-Liebeskummer-MB.jpg","datePublished":"2022-08-12T15:06:49+00:00","dateModified":"2022-08-13T08:23:45+00:00","description":"c","breadcrumb":{"@id":"https:\/\/ucm.one\/en\/limited-mediabook-schwarzwaldfahrt-aus-liebeskummer-available-from-august-28-2022\/#breadcrumb"},"inLanguage":"en-US","potentialAction":[{"@type":"ReadAction","target":["https:\/\/ucm.one\/en\/limited-mediabook-schwarzwaldfahrt-aus-liebeskummer-available-from-august-28-2022\/"]}]},{"@type":"ImageObject","inLanguage":"en-US","@id":"https:\/\/ucm.one\/en\/limited-mediabook-schwarzwaldfahrt-aus-liebeskummer-available-from-august-28-2022\/#primaryimage","url":"https:\/\/ucm.one\/wp-content\/uploads\/2022\/07\/B-B-Schwarzwaldfahrt-aus-Liebeskummer-MB.jpg","contentUrl":"https:\/\/ucm.one\/wp-content\/uploads\/2022\/07\/B-B-Schwarzwaldfahrt-aus-Liebeskummer-MB.jpg","width":1920,"height":600},{"@type":"BreadcrumbList","@id":"https:\/\/ucm.one\/en\/limited-mediabook-schwarzwaldfahrt-aus-liebeskummer-available-from-august-28-2022\/#breadcrumb","itemListElement":[{"@type":"ListItem","position":1,"name":"Home","item":"https:\/\/ucm.one\/en\/"},{"@type":"ListItem","position":2,"name":"\ud83c\udfac Limited mediabook &#8220;Schwarzwaldfahrt aus Liebeskummer&#8221; available from August 28, 2022"}]},{"@type":"WebSite","@id":"https:\/\/ucm.one\/en\/#website","url":"https:\/\/ucm.one\/en\/","name":"UCM.ONE","description":"","publisher":{"@id":"https:\/\/ucm.one\/en\/#organization"},"potentialAction":[{"@type":"SearchAction","target":{"@type":"EntryPoint","urlTemplate":"https:\/\/ucm.one\/en\/?s={search_term_string}"},"query-input":{"@type":"PropertyValueSpecification","valueRequired":true,"valueName":"search_term_string"}}],"inLanguage":"en-US"},{"@type":"Organization","@id":"https:\/\/ucm.one\/en\/#organization","name":"UCM.ONE","url":"https:\/\/ucm.one\/en\/","logo":{"@type":"ImageObject","inLanguage":"en-US","@id":"https:\/\/ucm.one\/en\/#\/schema\/logo\/image\/","url":"https:\/\/ucm.one\/wp-content\/uploads\/2019\/10\/UCM.ONE-Logo-RGB.svg","contentUrl":"https:\/\/ucm.one\/wp-content\/uploads\/2019\/10\/UCM.ONE-Logo-RGB.svg","width":1,"height":1,"caption":"UCM.ONE"},"image":{"@id":"https:\/\/ucm.one\/en\/#\/schema\/logo\/image\/"}},{"@type":"Person","@id":"https:\/\/ucm.one\/en\/#\/schema\/person\/4b959e467e8acc058836467a0ef8fa50","name":"Joachim Keil","image":{"@type":"ImageObject","inLanguage":"en-US","@id":"https:\/\/secure.gravatar.com\/avatar\/10e1dfd05f2a7a7bc83cd44bae31e01c8ac15f974229211a2b1a49fa0a22fec0?s=96&d=mm&r=g","url":"https:\/\/secure.gravatar.com\/avatar\/10e1dfd05f2a7a7bc83cd44bae31e01c8ac15f974229211a2b1a49fa0a22fec0?s=96&d=mm&r=g","contentUrl":"https:\/\/secure.gravatar.com\/avatar\/10e1dfd05f2a7a7bc83cd44bae31e01c8ac15f974229211a2b1a49fa0a22fec0?s=96&d=mm&r=g","caption":"Joachim Keil"},"sameAs":["https:\/\/ucm.one"]}]}},"_links":{"self":[{"href":"https:\/\/ucm.one\/en\/wp-json\/wp\/v2\/posts\/71572","targetHints":{"allow":["GET"]}}],"collection":[{"href":"https:\/\/ucm.one\/en\/wp-json\/wp\/v2\/posts"}],"about":[{"href":"https:\/\/ucm.one\/en\/wp-json\/wp\/v2\/types\/post"}],"author":[{"embeddable":true,"href":"https:\/\/ucm.one\/en\/wp-json\/wp\/v2\/users\/2"}],"replies":[{"embeddable":true,"href":"https:\/\/ucm.one\/en\/wp-json\/wp\/v2\/comments?post=71572"}],"version-history":[{"count":0,"href":"https:\/\/ucm.one\/en\/wp-json\/wp\/v2\/posts\/71572\/revisions"}],"wp:featuredmedia":[{"embeddable":true,"href":"https:\/\/ucm.one\/en\/wp-json\/wp\/v2\/media\/71556"}],"wp:attachment":[{"href":"https:\/\/ucm.one\/en\/wp-json\/wp\/v2\/media?parent=71572"}],"wp:term":[{"taxonomy":"category","embeddable":true,"href":"https:\/\/ucm.one\/en\/wp-json\/wp\/v2\/categories?post=71572"},{"taxonomy":"post_tag","embeddable":true,"href":"https:\/\/ucm.one\/en\/wp-json\/wp\/v2\/tags?post=71572"}],"curies":[{"name":"wp","href":"https:\/\/api.w.org\/{rel}","templated":true}]}}