{"id":66017,"date":"2022-03-23T15:28:45","date_gmt":"2022-03-23T15:28:45","guid":{"rendered":"https:\/\/ucm.one\/%f0%9f%8e%ac-premiere-and-special-screening-of-truemmermaedchen-germany-year-zero-in-berlin\/"},"modified":"2023-03-09T16:11:00","modified_gmt":"2023-03-09T16:11:00","slug":"premiere-and-special-screening-of-truemmermaedchen-germany-year-zero-in-berlin","status":"publish","type":"post","link":"https:\/\/ucm.one\/en\/premiere-and-special-screening-of-truemmermaedchen-germany-year-zero-in-berlin\/","title":{"rendered":"\ud83c\udfac Premiere and Special Screening of &#8220;Tr\u00fcmmerm\u00e4dchen &#8211; Germany Year Zero&#8221; in Berlin"},"content":{"rendered":"<div class=\"wpb-content-wrapper\"><p>[vc_row][vc_column][vc_column_text]<\/p>\n<p style=\"font-weight: 400;\">Before it is released in cinemas in Germany tomorrow by <span style=\"font-family: 'arial black', sans-serif;\"><strong>UCM.ONE<\/strong><\/span>\u00a0on the film label <strong>Artkeim\u00b2<\/strong>, the extraordinary feature film &#8220;<strong>Tr\u00fcmmerm\u00e4dchen &#8211; Germany Year Zero<\/strong>&#8221; by director <strong>Oliver Kracht<\/strong> will celebrate its theatrical release tonight at 8:00 pm at Kino in der <strong>KulturBrauerei<\/strong> in Berlin.<\/p>\n<p>[\/vc_column_text][\/vc_column][\/vc_row][vc_row][vc_column width=&#8221;2\/3&#8243;][vc_column_text]Many of the actors, including the leading actress <strong>Laura Balzer<\/strong>, and the film team will be present. The film screening will be followed by a film talk and Q&amp;A.[\/vc_column_text][vc_column_text]<\/p>\n<p style=\"font-weight: 400;\">Tickets for the event can also be purchased through regular sales: <a href=\"https:\/\/ucm.one\/de\/tm-dgdcs-kauftickets\/\">www.ucm.one\/tm-dgdcs-kauftickets<\/a><\/p>\n<p>[\/vc_column_text][vc_column_text]<\/p>\n<p style=\"font-weight: 400;\">For all those who can&#8217; t make it today: On Saturday, 26 March 2022, director <strong>Oliver Kracht<\/strong> and leading actress <strong>Laura Balzer<\/strong> will be guests at a special screening at <strong>Ladenkino<\/strong> in Berlin.<\/p>\n<p>[\/vc_column_text][vc_column_text]<\/p>\n<p style=\"font-weight: 400;\">The film, the screenplay of which won <strong>Oliver Kracht<\/strong> the <strong>Thomas Strittmatter Award<\/strong> during the <strong>Berlinale<\/strong> in 2019, celebrated its world premiere at the <strong>55th Hofer Filmtage<\/strong> in 2021, where it received a Special Mention from the jury of the <strong>F\u00f6rderpreis Neues Deutsches Kino<\/strong> in addition to the <strong>Bild-Kunst-F\u00f6rderpreis<\/strong> for <em>&#8220;Best Costume Design&#8221;<\/em> and <em>&#8220;Best Production Design.&#8221;<\/em><\/p>\n<p>[\/vc_column_text][vc_column_text]<\/p>\n<p style=\"font-weight: 400;\">The resonant, provocative story of emancipation set against the backdrop of a new beginning in the ruins of World War II stars an impressive<strong> Laura Balzer<\/strong> (nominated for the <strong>G\u00f6tz George Young Talent Award<\/strong> at the <strong>First Steps Awards<\/strong>), who, with the support of a terrific, predominantly female ensemble (including <strong>Valery Tscheplanowa<\/strong>, <strong>Lena Urzendowsky<\/strong>), takes us on the emotional journey of a character scarred by trauma and oppression.<\/p>\n<p>[\/vc_column_text][vc_column_text]&#8221;<strong>Tr\u00fcmmerm\u00e4dchen &#8211; Germany Year Zero<\/strong>&#8221; tells the story of young women&#8217;s self-empowerment against the backdrop of the ruins of World War II in intense, extraordinary images and is a blazing plea for cohesion and sisterhood.[\/vc_column_text][\/vc_column][vc_column width=&#8221;1\/3&#8243;][vc_single_image image=&#8221;62994&#8243; img_size=&#8221;full&#8221; onclick=&#8221;link_image&#8221;][\/vc_column][\/vc_row][vc_row][vc_column][vc_column_text]<\/p>\n<p style=\"font-weight: 400;\"><span style=\"font-size: 14pt;\">A few reviews of the film:<\/span><\/p>\n<p style=\"font-weight: 400;\"><em>&#8220;&#8216;Tr\u00fcmmerm\u00e4dchen &#8211; Germany Year Zero&#8217; shows hard-core feminism in post-war Germany &#8211; not infrequently grotesque, violent and requiring some getting used to, but above all: brilliant\u00a0<\/em>(<strong>Indiekino<\/strong>)<\/p>\n<p style=\"font-weight: 400;\"><em>&#8220;A multi-layered reflection on the sexual oppression of women and a gripping plea for gender equality.&#8221;<\/em> (<strong>Film-rezensionen.de<\/strong>)<\/p>\n<p style=\"font-weight: 400;\"><em>&#8220;Not only, but especially in German cinema they have become rare: Films that smash. That break with narrative conventions and viewing habits and leave the audience with the shards. In the best case, something new emerges from the fragments. Oliver Kracht&#8217;s feature-length debut is one of these.&#8221; <\/em>(<strong>Kino-zeit.de<\/strong>)<\/p>\n<p>[\/vc_column_text][\/vc_column][\/vc_row][vc_row][vc_column width=&#8221;1\/2&#8243;][vc_single_image image=&#8221;66011&#8243; img_size=&#8221;full&#8221; onclick=&#8221;link_image&#8221;][\/vc_column][vc_column width=&#8221;1\/2&#8243;][vc_single_image image=&#8221;66014&#8243; img_size=&#8221;full&#8221; onclick=&#8221;link_image&#8221;][\/vc_column][\/vc_row][vc_row][vc_column][vc_separator][\/vc_column][\/vc_row][vc_row][vc_column][vc_video link=&#8221;https:\/\/youtu.be\/sAo18&#8211;cIqE&#8221; title=&#8221;Tr\u00fcmmerm\u00e4dchen &#8211; Germany Year Zero | Trailer (German)\u1d34\u1d30&#8221;][\/vc_column][\/vc_row][vc_row][vc_column][vc_column_text]More information about the movie: <a title=\"Tr\u00fcmmerm\u00e4dchen \u2013 Germany Year Zero\" href=\"https:\/\/ucm.one\/en\/truemmermaedchen-germany-year-zero\/\">Tr\u00fcmmerm\u00e4dchen \u2013 Germany Year Zero<\/a>[\/vc_column_text][\/vc_column][\/vc_row]<\/p>\n<\/div>","protected":false},"excerpt":{"rendered":"<p>[vc_row][vc_column][vc_column_text] Before it is released in cinemas in Germany tomorrow by UCM.ONE\u00a0on the film label Artkeim\u00b2, the extraordinary feature film &#8220;Tr\u00fcmmerm\u00e4dchen &#8211; Germany Year Zero&#8221; by director Oliver Kracht will celebrate its theatrical release tonight at 8:00 pm at Kino in der KulturBrauerei in Berlin. [\/vc_column_text][\/vc_column][\/vc_row][vc_row][vc_column width=&#8221;2\/3&#8243;][vc_column_text]Many of the actors, including the leading actress Laura&hellip;<\/p>\n","protected":false},"author":2,"featured_media":66030,"comment_status":"closed","ping_status":"closed","sticky":false,"template":"","format":"standard","meta":{"_acf_changed":false,"footnotes":""},"categories":[570,828,8,10,13,752,7528,7530],"tags":[11770,11781,2311,10715,11763,5675,11764,7569,5721,14876,12102,6502,11769,9667,11768,5664,9665,9666,11766,9664,6396,5674,2816,9653,11767],"class_list":["post-66017","post","type-post","status-publish","format-standard","has-post-thumbnail","hentry","category-artkeim-en","category-artkeim","category-film","category-kino","category-news","category-verleih","category-weltvertrieb","category-world-sales","tag-anna-gesa-raija","tag-anna-gesa-raija-en","tag-artkeim","tag-bild-kunst-foerderpreis-2","tag-die-geschichte-der-charlotte-schumann","tag-filmakademie-baden-wuerttemberg","tag-germany-year-zero","tag-international-hof-film-festival","tag-internationale-hofer-filmtage","tag-kulturbrauerei-en","tag-kulturbrauerei","tag-ladenkino","tag-lara-feith","tag-laura-balzer-2","tag-lena-urzendowsky","tag-lennart-lenzing","tag-marco-gronwoldt","tag-oliver-kracht-2","tag-philipp-karner","tag-simon-j-buchner-2","tag-suedwestrundfunk","tag-swr","tag-till-wonka","tag-truemmermaedchen","tag-valery-tscheplanowa","category-570","category-828","category-8","category-10","category-13","category-752","category-7528","category-7530","description-off"],"acf":[],"yoast_head":"<!-- This site is optimized with the Yoast SEO plugin v27.5 - https:\/\/yoast.com\/product\/yoast-seo-wordpress\/ -->\n<title>Premiere of &quot;Tr\u00fcmmerm\u00e4dchen - Germany Year Zero&quot;<\/title>\n<meta name=\"description\" content=\"The feature film &quot;Tr\u00fcmmerm\u00e4dchen - Germany Year Zero&quot; by director Oliver Kracht will celebrate its theatrical release tonight.\" \/>\n<meta name=\"robots\" content=\"index, follow, max-snippet:-1, max-image-preview:large, max-video-preview:-1\" \/>\n<link rel=\"canonical\" href=\"https:\/\/ucm.one\/en\/premiere-and-special-screening-of-truemmermaedchen-germany-year-zero-in-berlin\/\" \/>\n<meta property=\"og:locale\" content=\"en_US\" \/>\n<meta property=\"og:type\" content=\"article\" \/>\n<meta property=\"og:title\" content=\"Premiere of &quot;Tr\u00fcmmerm\u00e4dchen - Germany Year Zero&quot;\" \/>\n<meta property=\"og:description\" content=\"The feature film &quot;Tr\u00fcmmerm\u00e4dchen - Germany Year Zero&quot; by director Oliver Kracht will celebrate its theatrical release tonight.\" \/>\n<meta property=\"og:url\" content=\"https:\/\/ucm.one\/en\/premiere-and-special-screening-of-truemmermaedchen-germany-year-zero-in-berlin\/\" \/>\n<meta property=\"og:site_name\" content=\"UCM.ONE\" \/>\n<meta property=\"article:published_time\" content=\"2022-03-23T15:28:45+00:00\" \/>\n<meta property=\"article:modified_time\" content=\"2023-03-09T16:11:00+00:00\" \/>\n<meta property=\"og:image\" content=\"https:\/\/ucm.one\/wp-content\/uploads\/2022\/02\/Truemmermaedchen-Die-Geschichte-der-Charlotte-Schumann_Bild14.jpg\" \/>\n<meta name=\"author\" content=\"Joachim Keil\" \/>\n<meta name=\"twitter:card\" content=\"summary_large_image\" \/>\n<meta name=\"twitter:title\" content=\"Premiere of &quot;Tr\u00fcmmerm\u00e4dchen - Germany Year Zero&quot;\" \/>\n<meta name=\"twitter:description\" content=\"The feature film &quot;Tr\u00fcmmerm\u00e4dchen - Germany Year Zero&quot; by director Oliver Kracht will celebrate its theatrical release tonight.\" \/>\n<meta name=\"twitter:image\" content=\"https:\/\/ucm.one\/wp-content\/uploads\/2022\/02\/Truemmermaedchen-Die-Geschichte-der-Charlotte-Schumann_Bild14.jpg\" \/>\n<meta name=\"twitter:label1\" content=\"Written by\" \/>\n\t<meta name=\"twitter:data1\" content=\"Joachim Keil\" \/>\n\t<meta name=\"twitter:label2\" content=\"Est. reading time\" \/>\n\t<meta name=\"twitter:data2\" content=\"3 minutes\" \/>\n<!-- \/ Yoast SEO plugin. -->","yoast_head_json":{"title":"Premiere of \"Tr\u00fcmmerm\u00e4dchen - Germany Year Zero\"","description":"The feature film \"Tr\u00fcmmerm\u00e4dchen - Germany Year Zero\" by director Oliver Kracht will celebrate its theatrical release tonight.","robots":{"index":"index","follow":"follow","max-snippet":"max-snippet:-1","max-image-preview":"max-image-preview:large","max-video-preview":"max-video-preview:-1"},"canonical":"https:\/\/ucm.one\/en\/premiere-and-special-screening-of-truemmermaedchen-germany-year-zero-in-berlin\/","og_locale":"en_US","og_type":"article","og_title":"Premiere of \"Tr\u00fcmmerm\u00e4dchen - Germany Year Zero\"","og_description":"The feature film \"Tr\u00fcmmerm\u00e4dchen - Germany Year Zero\" by director Oliver Kracht will celebrate its theatrical release tonight.","og_url":"https:\/\/ucm.one\/en\/premiere-and-special-screening-of-truemmermaedchen-germany-year-zero-in-berlin\/","og_site_name":"UCM.ONE","article_published_time":"2022-03-23T15:28:45+00:00","article_modified_time":"2023-03-09T16:11:00+00:00","og_image":[{"url":"https:\/\/ucm.one\/wp-content\/uploads\/2022\/02\/Truemmermaedchen-Die-Geschichte-der-Charlotte-Schumann_Bild14.jpg","type":"","width":"","height":""}],"author":"Joachim Keil","twitter_card":"summary_large_image","twitter_title":"Premiere of \"Tr\u00fcmmerm\u00e4dchen - Germany Year Zero\"","twitter_description":"The feature film \"Tr\u00fcmmerm\u00e4dchen - Germany Year Zero\" by director Oliver Kracht will celebrate its theatrical release tonight.","twitter_image":"https:\/\/ucm.one\/wp-content\/uploads\/2022\/02\/Truemmermaedchen-Die-Geschichte-der-Charlotte-Schumann_Bild14.jpg","twitter_misc":{"Written by":"Joachim Keil","Est. reading time":"3 minutes"},"schema":{"@context":"https:\/\/schema.org","@graph":[{"@type":"Article","@id":"https:\/\/ucm.one\/en\/premiere-and-special-screening-of-truemmermaedchen-germany-year-zero-in-berlin\/#article","isPartOf":{"@id":"https:\/\/ucm.one\/en\/premiere-and-special-screening-of-truemmermaedchen-germany-year-zero-in-berlin\/"},"author":{"name":"Joachim Keil","@id":"https:\/\/ucm.one\/en\/#\/schema\/person\/4b959e467e8acc058836467a0ef8fa50"},"headline":"\ud83c\udfac Premiere and Special Screening of &#8220;Tr\u00fcmmerm\u00e4dchen &#8211; Germany Year Zero&#8221; in Berlin","datePublished":"2022-03-23T15:28:45+00:00","dateModified":"2023-03-09T16:11:00+00:00","mainEntityOfPage":{"@id":"https:\/\/ucm.one\/en\/premiere-and-special-screening-of-truemmermaedchen-germany-year-zero-in-berlin\/"},"wordCount":588,"publisher":{"@id":"https:\/\/ucm.one\/en\/#organization"},"image":{"@id":"https:\/\/ucm.one\/en\/premiere-and-special-screening-of-truemmermaedchen-germany-year-zero-in-berlin\/#primaryimage"},"thumbnailUrl":"https:\/\/ucm.one\/wp-content\/uploads\/2022\/03\/TRM_BannerPremiere_EN2.jpg","keywords":["Anna Gesa-Raija","Anna Gesa-Raija","Artkeim\u00b2","Bild-Kunst-F\u00f6rderpreis","Die Geschichte der Charlotte Schumann","Filmakademie Baden-W\u00fcrttemberg","Germany Year Zero","International Hof Film Festival","Internationale Hofer Filmtage","KulturBrauerei","KulturBrauerei","Ladenkino","Lara Feith","Laura Balzer","Lena Urzendowsky","Lennart Lenzing","Marco Gr\u00f6nwoldt","Oliver Kracht","Philipp Karner","Simon J. Buchner","S\u00fcdwestrundfunk","SWR","Till Wonka","Tr\u00fcmmerm\u00e4dchen","Valery Tscheplanowa"],"articleSection":["Artkeim\u00b2","Artkeim\u00b2","Film","Kino","News","Verleih","Weltvertrieb","World Sales"],"inLanguage":"en-US"},{"@type":"WebPage","@id":"https:\/\/ucm.one\/en\/premiere-and-special-screening-of-truemmermaedchen-germany-year-zero-in-berlin\/","url":"https:\/\/ucm.one\/en\/premiere-and-special-screening-of-truemmermaedchen-germany-year-zero-in-berlin\/","name":"Premiere of \"Tr\u00fcmmerm\u00e4dchen - Germany Year Zero\"","isPartOf":{"@id":"https:\/\/ucm.one\/en\/#website"},"primaryImageOfPage":{"@id":"https:\/\/ucm.one\/en\/premiere-and-special-screening-of-truemmermaedchen-germany-year-zero-in-berlin\/#primaryimage"},"image":{"@id":"https:\/\/ucm.one\/en\/premiere-and-special-screening-of-truemmermaedchen-germany-year-zero-in-berlin\/#primaryimage"},"thumbnailUrl":"https:\/\/ucm.one\/wp-content\/uploads\/2022\/03\/TRM_BannerPremiere_EN2.jpg","datePublished":"2022-03-23T15:28:45+00:00","dateModified":"2023-03-09T16:11:00+00:00","description":"The feature film \"Tr\u00fcmmerm\u00e4dchen - Germany Year Zero\" by director Oliver Kracht will celebrate its theatrical release tonight.","breadcrumb":{"@id":"https:\/\/ucm.one\/en\/premiere-and-special-screening-of-truemmermaedchen-germany-year-zero-in-berlin\/#breadcrumb"},"inLanguage":"en-US","potentialAction":[{"@type":"ReadAction","target":["https:\/\/ucm.one\/en\/premiere-and-special-screening-of-truemmermaedchen-germany-year-zero-in-berlin\/"]}]},{"@type":"ImageObject","inLanguage":"en-US","@id":"https:\/\/ucm.one\/en\/premiere-and-special-screening-of-truemmermaedchen-germany-year-zero-in-berlin\/#primaryimage","url":"https:\/\/ucm.one\/wp-content\/uploads\/2022\/03\/TRM_BannerPremiere_EN2.jpg","contentUrl":"https:\/\/ucm.one\/wp-content\/uploads\/2022\/03\/TRM_BannerPremiere_EN2.jpg","width":1920,"height":600},{"@type":"BreadcrumbList","@id":"https:\/\/ucm.one\/en\/premiere-and-special-screening-of-truemmermaedchen-germany-year-zero-in-berlin\/#breadcrumb","itemListElement":[{"@type":"ListItem","position":1,"name":"Home","item":"https:\/\/ucm.one\/en\/"},{"@type":"ListItem","position":2,"name":"\ud83c\udfac Premiere and Special Screening of &#8220;Tr\u00fcmmerm\u00e4dchen &#8211; Germany Year Zero&#8221; in Berlin"}]},{"@type":"WebSite","@id":"https:\/\/ucm.one\/en\/#website","url":"https:\/\/ucm.one\/en\/","name":"UCM.ONE","description":"","publisher":{"@id":"https:\/\/ucm.one\/en\/#organization"},"potentialAction":[{"@type":"SearchAction","target":{"@type":"EntryPoint","urlTemplate":"https:\/\/ucm.one\/en\/?s={search_term_string}"},"query-input":{"@type":"PropertyValueSpecification","valueRequired":true,"valueName":"search_term_string"}}],"inLanguage":"en-US"},{"@type":"Organization","@id":"https:\/\/ucm.one\/en\/#organization","name":"UCM.ONE","url":"https:\/\/ucm.one\/en\/","logo":{"@type":"ImageObject","inLanguage":"en-US","@id":"https:\/\/ucm.one\/en\/#\/schema\/logo\/image\/","url":"https:\/\/ucm.one\/wp-content\/uploads\/2019\/10\/UCM.ONE-Logo-RGB.svg","contentUrl":"https:\/\/ucm.one\/wp-content\/uploads\/2019\/10\/UCM.ONE-Logo-RGB.svg","width":1,"height":1,"caption":"UCM.ONE"},"image":{"@id":"https:\/\/ucm.one\/en\/#\/schema\/logo\/image\/"}},{"@type":"Person","@id":"https:\/\/ucm.one\/en\/#\/schema\/person\/4b959e467e8acc058836467a0ef8fa50","name":"Joachim Keil","image":{"@type":"ImageObject","inLanguage":"en-US","@id":"https:\/\/secure.gravatar.com\/avatar\/10e1dfd05f2a7a7bc83cd44bae31e01c8ac15f974229211a2b1a49fa0a22fec0?s=96&d=mm&r=g","url":"https:\/\/secure.gravatar.com\/avatar\/10e1dfd05f2a7a7bc83cd44bae31e01c8ac15f974229211a2b1a49fa0a22fec0?s=96&d=mm&r=g","contentUrl":"https:\/\/secure.gravatar.com\/avatar\/10e1dfd05f2a7a7bc83cd44bae31e01c8ac15f974229211a2b1a49fa0a22fec0?s=96&d=mm&r=g","caption":"Joachim Keil"},"sameAs":["https:\/\/ucm.one"]}]}},"_links":{"self":[{"href":"https:\/\/ucm.one\/en\/wp-json\/wp\/v2\/posts\/66017","targetHints":{"allow":["GET"]}}],"collection":[{"href":"https:\/\/ucm.one\/en\/wp-json\/wp\/v2\/posts"}],"about":[{"href":"https:\/\/ucm.one\/en\/wp-json\/wp\/v2\/types\/post"}],"author":[{"embeddable":true,"href":"https:\/\/ucm.one\/en\/wp-json\/wp\/v2\/users\/2"}],"replies":[{"embeddable":true,"href":"https:\/\/ucm.one\/en\/wp-json\/wp\/v2\/comments?post=66017"}],"version-history":[{"count":0,"href":"https:\/\/ucm.one\/en\/wp-json\/wp\/v2\/posts\/66017\/revisions"}],"wp:featuredmedia":[{"embeddable":true,"href":"https:\/\/ucm.one\/en\/wp-json\/wp\/v2\/media\/66030"}],"wp:attachment":[{"href":"https:\/\/ucm.one\/en\/wp-json\/wp\/v2\/media?parent=66017"}],"wp:term":[{"taxonomy":"category","embeddable":true,"href":"https:\/\/ucm.one\/en\/wp-json\/wp\/v2\/categories?post=66017"},{"taxonomy":"post_tag","embeddable":true,"href":"https:\/\/ucm.one\/en\/wp-json\/wp\/v2\/tags?post=66017"}],"curies":[{"name":"wp","href":"https:\/\/api.w.org\/{rel}","templated":true}]}}