{"id":5971,"date":"2016-04-29T00:50:35","date_gmt":"2016-04-29T00:50:35","guid":{"rendered":"http:\/\/www.daredo-media.com\/2016\/04\/29\/schmitke-darling-berlin-in-stores-from-april-29th-on-dvd-and-vod\/"},"modified":"2018-08-21T12:37:01","modified_gmt":"2018-08-21T12:37:01","slug":"schmitke-darling-berlin-in-stores-from-april-29th-on-dvd-and-vod","status":"publish","type":"post","link":"https:\/\/ucm.one\/en\/schmitke-darling-berlin-in-stores-from-april-29th-on-dvd-and-vod\/","title":{"rendered":"&#8220;Schmitke&#8221; (Darling Berlin) in stores from April, 29th on DVD and VoD"},"content":{"rendered":"<div class=\"wpb-content-wrapper\"><p>[vc_row][vc_column][vc_column_text]The latest Darling Berlin movie &#8220;<strong>Schmitke<\/strong>&#8221; is to be released on DVD on April, 29th and is now available in well-assorted stores and VOD platforms.<\/p>\n<p>The tragicomic thriller tells the story of Julius Schmitke, played by the marvellous Peter Kurth. In Schmitke \u2018s life, there is something lurking behind the bushes. Some mysterious growling from the forest, from deep within&#8230; When he is sent to the Czech-German border to repair a similarly unfortunate old windmill, things start to get strange. Very, very strange.<\/p>\n<p><em>The director of the movie, \u0160t\u011bp\u00e1n Altrichter said: \u201cThe film is based on a short story by the writer and screenwriter Tom\u00e1\u0161 Kon\u010dinsk\u00fd entitled \u201cJulius Schmitke slipped through death\u2019s fingers like an awkward seal\u201d, which immediately captured my interest. It is a story set somewhere between comedy and mystery, somewhere in the fog of the Ore Mountains, full of the atmosphere of this mysterious stretch of land, its history and its people. But first of all it\u2019s the story of the inner world of an aging, clumsy man who is unable to participate in the world arround him. He shows us a feeling that we all know in today\u2019s ultra-fast virtual world. It\u2019s a journey into the mind of an unfortunate man, which makes us feel what we don\u2019t allow ourselves to feel that much anymore.\u201d<br \/>\n<\/em>[\/vc_column_text][\/vc_column][\/vc_row][vc_row][vc_column][vc_video link=&#8221;https:\/\/www.youtube.com\/watch?v=cyTmEeXzPao&#8221;][\/vc_column][\/vc_row]<\/p>\n<\/div>","protected":false},"excerpt":{"rendered":"<p>[vc_row][vc_column][vc_column_text]The latest Darling Berlin movie &#8220;Schmitke&#8221; is to be released on DVD on April, 29th and is now available in well-assorted stores and VOD platforms. The tragicomic thriller tells the story of Julius Schmitke, played by the marvellous Peter Kurth. In Schmitke \u2018s life, there is something lurking behind the bushes. Some mysterious growling from&hellip;<\/p>\n","protected":false},"author":2,"featured_media":13603,"comment_status":"closed","ping_status":"closed","sticky":false,"template":"","format":"standard","meta":{"_acf_changed":false,"footnotes":""},"categories":[1011,22,942,941],"tags":[3480,3404,4523,3405,3691,3908,4033,4524,4108,4206,4403],"class_list":["post-5971","post","type-post","status-publish","format-standard","has-post-thumbnail","hentry","category-cinema","category-darling-berlin","category-film-en","category-news-en","tag-arthouse-en","tag-berlin-en","tag-czech-republic","tag-darling-berlin-en","tag-film-en","tag-lana-cooper-en","tag-mystery-en","tag-ore-mountains","tag-peter-kurth-en","tag-schmitke-en","tag-stepan-altrichter-en","category-1011","category-22","category-942","category-941","description-off"],"acf":[],"yoast_head":"<!-- This site is optimized with the Yoast SEO plugin v27.5 - https:\/\/yoast.com\/product\/yoast-seo-wordpress\/ -->\n<title>&quot;Schmitke&quot; (Darling Berlin) in stores from April, 29th on DVD and VoD - UCM.ONE<\/title>\n<meta name=\"robots\" content=\"index, follow, max-snippet:-1, max-image-preview:large, max-video-preview:-1\" \/>\n<link rel=\"canonical\" href=\"https:\/\/ucm.one\/en\/schmitke-darling-berlin-in-stores-from-april-29th-on-dvd-and-vod\/\" \/>\n<meta property=\"og:locale\" content=\"en_US\" \/>\n<meta property=\"og:type\" content=\"article\" \/>\n<meta property=\"og:title\" content=\"&quot;Schmitke&quot; (Darling Berlin) in stores from April, 29th on DVD and VoD - UCM.ONE\" \/>\n<meta property=\"og:description\" content=\"[vc_row][vc_column][vc_column_text]The latest Darling Berlin movie &#8220;Schmitke&#8221; is to be released on DVD on April, 29th and is now available in well-assorted stores and VOD platforms. The tragicomic thriller tells the story of Julius Schmitke, played by the marvellous Peter Kurth. In Schmitke \u2018s life, there is something lurking behind the bushes. Some mysterious growling from&hellip;\" \/>\n<meta property=\"og:url\" content=\"https:\/\/ucm.one\/en\/schmitke-darling-berlin-in-stores-from-april-29th-on-dvd-and-vod\/\" \/>\n<meta property=\"og:site_name\" content=\"UCM.ONE\" \/>\n<meta property=\"article:published_time\" content=\"2016-04-29T00:50:35+00:00\" \/>\n<meta property=\"article:modified_time\" content=\"2018-08-21T12:37:01+00:00\" \/>\n<meta property=\"og:image\" content=\"https:\/\/ucm.one\/wp-content\/uploads\/2016\/04\/B-Schmitke-N2.jpg\" \/>\n\t<meta property=\"og:image:width\" content=\"1920\" \/>\n\t<meta property=\"og:image:height\" content=\"600\" \/>\n\t<meta property=\"og:image:type\" content=\"image\/jpeg\" \/>\n<meta name=\"author\" content=\"Joachim Keil\" \/>\n<meta name=\"twitter:card\" content=\"summary_large_image\" \/>\n<meta name=\"twitter:label1\" content=\"Written by\" \/>\n\t<meta name=\"twitter:data1\" content=\"Joachim Keil\" \/>\n\t<meta name=\"twitter:label2\" content=\"Est. reading time\" \/>\n\t<meta name=\"twitter:data2\" content=\"1 minute\" \/>\n<!-- \/ Yoast SEO plugin. -->","yoast_head_json":{"title":"\"Schmitke\" (Darling Berlin) in stores from April, 29th on DVD and VoD - UCM.ONE","robots":{"index":"index","follow":"follow","max-snippet":"max-snippet:-1","max-image-preview":"max-image-preview:large","max-video-preview":"max-video-preview:-1"},"canonical":"https:\/\/ucm.one\/en\/schmitke-darling-berlin-in-stores-from-april-29th-on-dvd-and-vod\/","og_locale":"en_US","og_type":"article","og_title":"\"Schmitke\" (Darling Berlin) in stores from April, 29th on DVD and VoD - UCM.ONE","og_description":"[vc_row][vc_column][vc_column_text]The latest Darling Berlin movie &#8220;Schmitke&#8221; is to be released on DVD on April, 29th and is now available in well-assorted stores and VOD platforms. The tragicomic thriller tells the story of Julius Schmitke, played by the marvellous Peter Kurth. In Schmitke \u2018s life, there is something lurking behind the bushes. Some mysterious growling from&hellip;","og_url":"https:\/\/ucm.one\/en\/schmitke-darling-berlin-in-stores-from-april-29th-on-dvd-and-vod\/","og_site_name":"UCM.ONE","article_published_time":"2016-04-29T00:50:35+00:00","article_modified_time":"2018-08-21T12:37:01+00:00","og_image":[{"width":1920,"height":600,"url":"https:\/\/ucm.one\/wp-content\/uploads\/2016\/04\/B-Schmitke-N2.jpg","type":"image\/jpeg"}],"author":"Joachim Keil","twitter_card":"summary_large_image","twitter_misc":{"Written by":"Joachim Keil","Est. reading time":"1 minute"},"schema":{"@context":"https:\/\/schema.org","@graph":[{"@type":"Article","@id":"https:\/\/ucm.one\/en\/schmitke-darling-berlin-in-stores-from-april-29th-on-dvd-and-vod\/#article","isPartOf":{"@id":"https:\/\/ucm.one\/en\/schmitke-darling-berlin-in-stores-from-april-29th-on-dvd-and-vod\/"},"author":{"name":"Joachim Keil","@id":"https:\/\/ucm.one\/en\/#\/schema\/person\/4b959e467e8acc058836467a0ef8fa50"},"headline":"&#8220;Schmitke&#8221; (Darling Berlin) in stores from April, 29th on DVD and VoD","datePublished":"2016-04-29T00:50:35+00:00","dateModified":"2018-08-21T12:37:01+00:00","mainEntityOfPage":{"@id":"https:\/\/ucm.one\/en\/schmitke-darling-berlin-in-stores-from-april-29th-on-dvd-and-vod\/"},"wordCount":271,"publisher":{"@id":"https:\/\/ucm.one\/en\/#organization"},"image":{"@id":"https:\/\/ucm.one\/en\/schmitke-darling-berlin-in-stores-from-april-29th-on-dvd-and-vod\/#primaryimage"},"thumbnailUrl":"https:\/\/ucm.one\/wp-content\/uploads\/2016\/04\/B-Schmitke-N2.jpg","keywords":["Arthouse","Berlin","Czech Republic","Darling Berlin","Film","Lana Cooper","Mystery","Ore Mountains","Peter Kurth","Schmitke","\u0160t\u011bp\u00e1n Altrichter"],"articleSection":["Cinema","Darling Berlin","Film","News"],"inLanguage":"en-US"},{"@type":"WebPage","@id":"https:\/\/ucm.one\/en\/schmitke-darling-berlin-in-stores-from-april-29th-on-dvd-and-vod\/","url":"https:\/\/ucm.one\/en\/schmitke-darling-berlin-in-stores-from-april-29th-on-dvd-and-vod\/","name":"\"Schmitke\" (Darling Berlin) in stores from April, 29th on DVD and VoD - UCM.ONE","isPartOf":{"@id":"https:\/\/ucm.one\/en\/#website"},"primaryImageOfPage":{"@id":"https:\/\/ucm.one\/en\/schmitke-darling-berlin-in-stores-from-april-29th-on-dvd-and-vod\/#primaryimage"},"image":{"@id":"https:\/\/ucm.one\/en\/schmitke-darling-berlin-in-stores-from-april-29th-on-dvd-and-vod\/#primaryimage"},"thumbnailUrl":"https:\/\/ucm.one\/wp-content\/uploads\/2016\/04\/B-Schmitke-N2.jpg","datePublished":"2016-04-29T00:50:35+00:00","dateModified":"2018-08-21T12:37:01+00:00","breadcrumb":{"@id":"https:\/\/ucm.one\/en\/schmitke-darling-berlin-in-stores-from-april-29th-on-dvd-and-vod\/#breadcrumb"},"inLanguage":"en-US","potentialAction":[{"@type":"ReadAction","target":["https:\/\/ucm.one\/en\/schmitke-darling-berlin-in-stores-from-april-29th-on-dvd-and-vod\/"]}]},{"@type":"ImageObject","inLanguage":"en-US","@id":"https:\/\/ucm.one\/en\/schmitke-darling-berlin-in-stores-from-april-29th-on-dvd-and-vod\/#primaryimage","url":"https:\/\/ucm.one\/wp-content\/uploads\/2016\/04\/B-Schmitke-N2.jpg","contentUrl":"https:\/\/ucm.one\/wp-content\/uploads\/2016\/04\/B-Schmitke-N2.jpg","width":1920,"height":600},{"@type":"BreadcrumbList","@id":"https:\/\/ucm.one\/en\/schmitke-darling-berlin-in-stores-from-april-29th-on-dvd-and-vod\/#breadcrumb","itemListElement":[{"@type":"ListItem","position":1,"name":"Home","item":"https:\/\/ucm.one\/en\/"},{"@type":"ListItem","position":2,"name":"&#8220;Schmitke&#8221; (Darling Berlin) in stores from April, 29th on DVD and VoD"}]},{"@type":"WebSite","@id":"https:\/\/ucm.one\/en\/#website","url":"https:\/\/ucm.one\/en\/","name":"UCM.ONE","description":"","publisher":{"@id":"https:\/\/ucm.one\/en\/#organization"},"potentialAction":[{"@type":"SearchAction","target":{"@type":"EntryPoint","urlTemplate":"https:\/\/ucm.one\/en\/?s={search_term_string}"},"query-input":{"@type":"PropertyValueSpecification","valueRequired":true,"valueName":"search_term_string"}}],"inLanguage":"en-US"},{"@type":"Organization","@id":"https:\/\/ucm.one\/en\/#organization","name":"UCM.ONE","url":"https:\/\/ucm.one\/en\/","logo":{"@type":"ImageObject","inLanguage":"en-US","@id":"https:\/\/ucm.one\/en\/#\/schema\/logo\/image\/","url":"https:\/\/ucm.one\/wp-content\/uploads\/2019\/10\/UCM.ONE-Logo-RGB.svg","contentUrl":"https:\/\/ucm.one\/wp-content\/uploads\/2019\/10\/UCM.ONE-Logo-RGB.svg","width":1,"height":1,"caption":"UCM.ONE"},"image":{"@id":"https:\/\/ucm.one\/en\/#\/schema\/logo\/image\/"}},{"@type":"Person","@id":"https:\/\/ucm.one\/en\/#\/schema\/person\/4b959e467e8acc058836467a0ef8fa50","name":"Joachim Keil","image":{"@type":"ImageObject","inLanguage":"en-US","@id":"https:\/\/secure.gravatar.com\/avatar\/10e1dfd05f2a7a7bc83cd44bae31e01c8ac15f974229211a2b1a49fa0a22fec0?s=96&d=mm&r=g","url":"https:\/\/secure.gravatar.com\/avatar\/10e1dfd05f2a7a7bc83cd44bae31e01c8ac15f974229211a2b1a49fa0a22fec0?s=96&d=mm&r=g","contentUrl":"https:\/\/secure.gravatar.com\/avatar\/10e1dfd05f2a7a7bc83cd44bae31e01c8ac15f974229211a2b1a49fa0a22fec0?s=96&d=mm&r=g","caption":"Joachim Keil"},"sameAs":["https:\/\/ucm.one"]}]}},"_links":{"self":[{"href":"https:\/\/ucm.one\/en\/wp-json\/wp\/v2\/posts\/5971","targetHints":{"allow":["GET"]}}],"collection":[{"href":"https:\/\/ucm.one\/en\/wp-json\/wp\/v2\/posts"}],"about":[{"href":"https:\/\/ucm.one\/en\/wp-json\/wp\/v2\/types\/post"}],"author":[{"embeddable":true,"href":"https:\/\/ucm.one\/en\/wp-json\/wp\/v2\/users\/2"}],"replies":[{"embeddable":true,"href":"https:\/\/ucm.one\/en\/wp-json\/wp\/v2\/comments?post=5971"}],"version-history":[{"count":0,"href":"https:\/\/ucm.one\/en\/wp-json\/wp\/v2\/posts\/5971\/revisions"}],"wp:featuredmedia":[{"embeddable":true,"href":"https:\/\/ucm.one\/en\/wp-json\/wp\/v2\/media\/13603"}],"wp:attachment":[{"href":"https:\/\/ucm.one\/en\/wp-json\/wp\/v2\/media?parent=5971"}],"wp:term":[{"taxonomy":"category","embeddable":true,"href":"https:\/\/ucm.one\/en\/wp-json\/wp\/v2\/categories?post=5971"},{"taxonomy":"post_tag","embeddable":true,"href":"https:\/\/ucm.one\/en\/wp-json\/wp\/v2\/tags?post=5971"}],"curies":[{"name":"wp","href":"https:\/\/api.w.org\/{rel}","templated":true}]}}