{"id":59521,"date":"2021-08-13T19:23:00","date_gmt":"2021-08-13T19:23:00","guid":{"rendered":"https:\/\/ucm.one\/?p=59521"},"modified":"2021-12-04T21:36:39","modified_gmt":"2021-12-04T21:36:39","slug":"the-cage-by-jose-salaverria","status":"publish","type":"post","link":"https:\/\/ucm.one\/en\/the-cage-by-jose-salaverria\/","title":{"rendered":"&#8220;The Cage &#8211; The Last Survivors&#8221; by Jos\u00e9 Salaverr\u00eda available today physically and digitally"},"content":{"rendered":"<div class=\"wpb-content-wrapper\"><p>[vc_row][vc_column width=&#8221;3\/4&#8243;][vc_column_text]<\/p>\n<div class=\"\">\n<div class=\"lmt__inner_textarea_container\" title=\"Ein Wort anklicken, um weitere \u00dcbersetzungen zu sehen\">\n<div class=\"lmt__textarea_base_style\">&#8220;<strong>The Cage<\/strong>&#8221; by <strong>Jos\u00e9 Salaverr\u00eda<\/strong> was the surprise film of the Sci-Fi Film Festival in Berlin 2018. Now <span style=\"font-family: 'arial black', sans-serif;\"><strong>UCM.ONE<\/strong><\/span> is finally releasing this first science fiction film from Venezuela with its visually breathtaking nature shots in Germany, Austria and Switzerland on Blu-Ray and DVD on the <strong><span style=\"font-family: 'arial black', sans-serif;\">U1<\/span> Films Berlin<\/strong> label. At the same time, the film can also be found digitally on download and streaming portals.<\/div>\n<\/div>\n<\/div>\n<p>[\/vc_column_text][vc_column_text]<span style=\"font-size: 14pt;\">Synopsis<\/span><\/p>\n<p>After humanity has been nearly wiped out by aliens, there seem to be only two people left: Eva (<strong>Karina Vel\u00e1squez<\/strong>) and Fausto (<strong>Juvel Vielma<\/strong>). Since the invasion, both have been living on the outskirts of the ruins of a former big city, in the midst of the now returning wilderness. Only Fausto ventures into the city now and then to look for essentials. This is not a safe undertaking, as the invaders&#8217; spaceships and drones are everywhere in the sky and constantly scan the surroundings for survivors.[\/vc_column_text][vc_column_text]One day, the usual routine is unexpectedly interrupted by the arrival of a third survivor, the mysterious Dafne (<strong>Ananda Troconis<\/strong>). But Dafne not only brings back a new positive attitude towards life, she herself seems to be part of a larger plan to save humanity.[\/vc_column_text][\/vc_column][vc_column width=&#8221;1\/4&#8243;][vc_single_image image=&#8221;59527&#8243; img_size=&#8221;full&#8221; onclick=&#8221;link_image&#8221;][\/vc_column][\/vc_row][vc_row][vc_column width=&#8221;1\/2&#8243;][vc_single_image image=&#8221;59533&#8243; img_size=&#8221;full&#8221; onclick=&#8221;link_image&#8221;][\/vc_column][vc_column width=&#8221;1\/2&#8243;][vc_single_image image=&#8221;59544&#8243; img_size=&#8221;full&#8221; onclick=&#8221;link_image&#8221;][\/vc_column][\/vc_row][vc_row][vc_column][vc_empty_space height=&#8221;25px&#8221;][vc_column_text]<\/p>\n<div class=\"wpb_text_column wpb_content_element \">\n<p><span style=\"font-size: 18pt;\">Comments about the film<\/span><\/p>\n<p><em>&#8220;An extraordinary end-time drama with impressive images.&#8221;<\/em> (<strong>tendencia.com<\/strong>)<\/p>\n<p><em>&#8220;Impressive sci-fi drama from Venezuela.&#8221;<\/em> (<strong>cinando.com<\/strong>)<\/p>\n<\/div>\n<p>[\/vc_column_text][vc_empty_space height=&#8221;10px&#8221;][\/vc_column][\/vc_row][vc_row][vc_column width=&#8221;1\/2&#8243;][vc_single_image image=&#8221;59539&#8243; img_size=&#8221;full&#8221; onclick=&#8221;link_image&#8221;][\/vc_column][vc_column width=&#8221;1\/2&#8243;][vc_single_image image=&#8221;59530&#8243; img_size=&#8221;full&#8221; onclick=&#8221;link_image&#8221;][\/vc_column][\/vc_row][vc_row][vc_column][vc_empty_space height=&#8221;15px&#8221;][vc_separator][vc_row_inner][vc_column_inner width=&#8221;1\/4&#8243;][vc_btn title=&#8221;Amazon&#8221; color=&#8221;orange&#8221; size=&#8221;sm&#8221; align=&#8221;center&#8221; i_icon_fontawesome=&#8221;fab fa-amazon&#8221; button_block=&#8221;true&#8221; add_icon=&#8221;true&#8221; link=&#8221;url:https%3A%2F%2Fwww.amazon.de%2FCage-Die-letzten-%25C3%259Cberlebenden-Blu-ray%2Fdp%2FB094LBQJM8|title:Amazon|target:_blank&#8221;][\/vc_column_inner][vc_column_inner width=&#8221;1\/4&#8243;][vc_btn title=&#8221;Mediamarkt&#8221; color=&#8221;orange&#8221; size=&#8221;sm&#8221; align=&#8221;center&#8221; i_icon_fontawesome=&#8221;far fa-dot-circle&#8221; button_block=&#8221;true&#8221; add_icon=&#8221;true&#8221; link=&#8221;url:https%3A%2F%2Fwww.mediamarkt.de%2Fde%2Fproduct%2F_the-cage-die-letzten-%25C3%25BCberlebenden-horror-blu-ray-2736623.html|title:Mediamarkt|target:_blank&#8221;][\/vc_column_inner][vc_column_inner width=&#8221;1\/4&#8243;][vc_btn title=&#8221;Apple TV&#8221; color=&#8221;sky&#8221; size=&#8221;sm&#8221; align=&#8221;center&#8221; i_icon_fontawesome=&#8221;fab fa-apple&#8221; button_block=&#8221;true&#8221; add_icon=&#8221;true&#8221; link=&#8221;url:https%3A%2F%2Ftv.apple.com%2Fde%2Fmovie%2Fthe-cage%2Fumc.cmc.1a0a70ddddqz8dtrjoz6hdcct|title:Apple%20TV|target:_blank&#8221;][\/vc_column_inner][vc_column_inner width=&#8221;1\/4&#8243;][vc_btn title=&#8221;Prime Video&#8221; color=&#8221;sky&#8221; size=&#8221;sm&#8221; align=&#8221;center&#8221; i_icon_fontawesome=&#8221;fab fa-amazon&#8221; button_block=&#8221;true&#8221; add_icon=&#8221;true&#8221; link=&#8221;url:https%3A%2F%2Fwww.amazon.de%2FCage-Karina-Velasquez%2Fdp%2FB099YQ67QG|title:Amazon|target:_blank&#8221;][\/vc_column_inner][\/vc_row_inner][\/vc_column][\/vc_row][vc_row][vc_column][vc_empty_space height=&#8221;25px&#8221;][vc_column_text]<\/p>\n<div class=\"wpb_text_column wpb_content_element \">\n<div class=\"wpb_wrapper\">\n<p><span style=\"font-size: 18pt;\">Technical data<\/span><\/p>\n<p>Aspect ratio DVD: WS 2.00:1 (anamorphic); Aspect ratio Blu-Ray: WS 2.00:1 \/ 1080p 23,976 | Running time DVD: approx. 83 min (DVD); Running time Blu-Ray: approx. 87 min | Sound format Blu-Ray: German DTS-HD Master Audio 5.1; Spanish DTS-HD Master Audio 5.1; Sound format DVD: German DD 5.1; Spanish DD 5.1 | Extras: Original Trailer, German Trailer, Trailershow | FSK 16<\/p>\n<\/div>\n<\/div>\n<p>[\/vc_column_text][vc_separator css=&#8221;.vc_custom_1560377795279{margin-top: 15px !important;}&#8221;][vc_empty_space height=&#8221;15px&#8221;][\/vc_column][\/vc_row][vc_row][vc_column][vc_video link=&#8221;https:\/\/youtu.be\/31NbZ_mVVaI&#8221; title=&#8221;The Cage | Trailer (German) \u1d34\u1d30&#8221;][\/vc_column][\/vc_row][vc_row][vc_column][vc_column_text]<\/p>\n<p>More information about the film label: <a title=\"U1 Films Berlin\" href=\"\/en\/film-labels\/u1-films-berlin\/\">U1 Films Berlin<\/a>[\/vc_column_text][\/vc_column][\/vc_row]<\/p>\n<\/div>","protected":false},"excerpt":{"rendered":"<p>[vc_row][vc_column width=&#8221;3\/4&#8243;][vc_column_text] &#8220;The Cage&#8221; by Jos\u00e9 Salaverr\u00eda was the surprise film of the Sci-Fi Film Festival in Berlin 2018. Now UCM.ONE is finally releasing this first science fiction film from Venezuela with its visually breathtaking nature shots in Germany, Austria and Switzerland on Blu-Ray and DVD on the U1 Films Berlin label. At the same&hellip;<\/p>\n","protected":false},"author":2,"featured_media":59524,"comment_status":"closed","ping_status":"closed","sticky":false,"template":"","format":"standard","meta":{"_acf_changed":false,"footnotes":""},"categories":[942,941,8306],"tags":[11528,10845,10847,6929,10842,10848,10846,10844,6448,10841,8314,8360,10843],"class_list":["post-59521","post","type-post","status-publish","format-standard","has-post-thumbnail","hentry","category-film-en","category-news-en","category-u1-films-berlin-en","tag-aliens-en","tag-aliens-2","tag-ananda-troconis-2","tag-invasion","tag-jose-salaverria-2","tag-juvel-vielma-2","tag-karina-velasquez-2","tag-la-jaula-2","tag-science-fiction-2","tag-the-cage-2","tag-u1-films-berlin","tag-u1-films-berlin-de-2","tag-venezuela-2","category-942","category-941","category-8306","description-off"],"acf":[],"yoast_head":"<!-- This site is optimized with the Yoast SEO plugin v27.5 - https:\/\/yoast.com\/product\/yoast-seo-wordpress\/ -->\n<title>&quot;The Cage&quot; by Jos\u00e9 Salaverr\u00eda<\/title>\n<meta name=\"description\" content=\"UCM.ONE is finally releasing this first science fiction film from Venezuela with its visually breathtaking nature shots on U1 Films Berlin.\" \/>\n<meta name=\"robots\" content=\"index, follow, max-snippet:-1, max-image-preview:large, max-video-preview:-1\" \/>\n<link rel=\"canonical\" href=\"https:\/\/ucm.one\/en\/the-cage-by-jose-salaverria\/\" \/>\n<meta property=\"og:locale\" content=\"en_US\" \/>\n<meta property=\"og:type\" content=\"article\" \/>\n<meta property=\"og:title\" content=\"&quot;The Cage&quot; by Jos\u00e9 Salaverr\u00eda\" \/>\n<meta property=\"og:description\" content=\"UCM.ONE is finally releasing this first science fiction film from Venezuela with its visually breathtaking nature shots on U1 Films Berlin.\" \/>\n<meta property=\"og:url\" content=\"https:\/\/ucm.one\/en\/the-cage-by-jose-salaverria\/\" \/>\n<meta property=\"og:site_name\" content=\"UCM.ONE\" \/>\n<meta property=\"article:published_time\" content=\"2021-08-13T19:23:00+00:00\" \/>\n<meta property=\"article:modified_time\" content=\"2021-12-04T21:36:39+00:00\" \/>\n<meta property=\"og:image\" content=\"https:\/\/ucm.one\/wp-content\/uploads\/2021\/12\/TheCage_BannerArtwork.jpg\" \/>\n\t<meta property=\"og:image:width\" content=\"1920\" \/>\n\t<meta property=\"og:image:height\" content=\"600\" \/>\n\t<meta property=\"og:image:type\" content=\"image\/jpeg\" \/>\n<meta name=\"author\" content=\"Joachim Keil\" \/>\n<meta name=\"twitter:card\" content=\"summary_large_image\" \/>\n<meta name=\"twitter:label1\" content=\"Written by\" \/>\n\t<meta name=\"twitter:data1\" content=\"Joachim Keil\" \/>\n\t<meta name=\"twitter:label2\" content=\"Est. reading time\" \/>\n\t<meta name=\"twitter:data2\" content=\"3 minutes\" \/>\n<!-- \/ Yoast SEO plugin. -->","yoast_head_json":{"title":"\"The Cage\" by Jos\u00e9 Salaverr\u00eda","description":"UCM.ONE is finally releasing this first science fiction film from Venezuela with its visually breathtaking nature shots on U1 Films Berlin.","robots":{"index":"index","follow":"follow","max-snippet":"max-snippet:-1","max-image-preview":"max-image-preview:large","max-video-preview":"max-video-preview:-1"},"canonical":"https:\/\/ucm.one\/en\/the-cage-by-jose-salaverria\/","og_locale":"en_US","og_type":"article","og_title":"\"The Cage\" by Jos\u00e9 Salaverr\u00eda","og_description":"UCM.ONE is finally releasing this first science fiction film from Venezuela with its visually breathtaking nature shots on U1 Films Berlin.","og_url":"https:\/\/ucm.one\/en\/the-cage-by-jose-salaverria\/","og_site_name":"UCM.ONE","article_published_time":"2021-08-13T19:23:00+00:00","article_modified_time":"2021-12-04T21:36:39+00:00","og_image":[{"width":1920,"height":600,"url":"https:\/\/ucm.one\/wp-content\/uploads\/2021\/12\/TheCage_BannerArtwork.jpg","type":"image\/jpeg"}],"author":"Joachim Keil","twitter_card":"summary_large_image","twitter_misc":{"Written by":"Joachim Keil","Est. reading time":"3 minutes"},"schema":{"@context":"https:\/\/schema.org","@graph":[{"@type":"Article","@id":"https:\/\/ucm.one\/en\/the-cage-by-jose-salaverria\/#article","isPartOf":{"@id":"https:\/\/ucm.one\/en\/the-cage-by-jose-salaverria\/"},"author":{"name":"Joachim Keil","@id":"https:\/\/ucm.one\/en\/#\/schema\/person\/4b959e467e8acc058836467a0ef8fa50"},"headline":"&#8220;The Cage &#8211; The Last Survivors&#8221; by Jos\u00e9 Salaverr\u00eda available today physically and digitally","datePublished":"2021-08-13T19:23:00+00:00","dateModified":"2021-12-04T21:36:39+00:00","mainEntityOfPage":{"@id":"https:\/\/ucm.one\/en\/the-cage-by-jose-salaverria\/"},"wordCount":706,"publisher":{"@id":"https:\/\/ucm.one\/en\/#organization"},"image":{"@id":"https:\/\/ucm.one\/en\/the-cage-by-jose-salaverria\/#primaryimage"},"thumbnailUrl":"https:\/\/ucm.one\/wp-content\/uploads\/2021\/12\/TheCage_BannerArtwork.jpg","keywords":["Aliens","Aliens","Ananda Troconis","Invasion","Jos\u00e9 Salaverr\u00eda","Juvel Vielma","Karina Vel\u00e1squez","La Jaula","Science Fiction","The Cage","U1 Films Berlin","U1 Films Berlin","Venezuela"],"articleSection":["Film","News","U1 Films Berlin"],"inLanguage":"en-US"},{"@type":"WebPage","@id":"https:\/\/ucm.one\/en\/the-cage-by-jose-salaverria\/","url":"https:\/\/ucm.one\/en\/the-cage-by-jose-salaverria\/","name":"\"The Cage\" by Jos\u00e9 Salaverr\u00eda","isPartOf":{"@id":"https:\/\/ucm.one\/en\/#website"},"primaryImageOfPage":{"@id":"https:\/\/ucm.one\/en\/the-cage-by-jose-salaverria\/#primaryimage"},"image":{"@id":"https:\/\/ucm.one\/en\/the-cage-by-jose-salaverria\/#primaryimage"},"thumbnailUrl":"https:\/\/ucm.one\/wp-content\/uploads\/2021\/12\/TheCage_BannerArtwork.jpg","datePublished":"2021-08-13T19:23:00+00:00","dateModified":"2021-12-04T21:36:39+00:00","description":"UCM.ONE is finally releasing this first science fiction film from Venezuela with its visually breathtaking nature shots on U1 Films Berlin.","breadcrumb":{"@id":"https:\/\/ucm.one\/en\/the-cage-by-jose-salaverria\/#breadcrumb"},"inLanguage":"en-US","potentialAction":[{"@type":"ReadAction","target":["https:\/\/ucm.one\/en\/the-cage-by-jose-salaverria\/"]}]},{"@type":"ImageObject","inLanguage":"en-US","@id":"https:\/\/ucm.one\/en\/the-cage-by-jose-salaverria\/#primaryimage","url":"https:\/\/ucm.one\/wp-content\/uploads\/2021\/12\/TheCage_BannerArtwork.jpg","contentUrl":"https:\/\/ucm.one\/wp-content\/uploads\/2021\/12\/TheCage_BannerArtwork.jpg","width":1920,"height":600},{"@type":"BreadcrumbList","@id":"https:\/\/ucm.one\/en\/the-cage-by-jose-salaverria\/#breadcrumb","itemListElement":[{"@type":"ListItem","position":1,"name":"Home","item":"https:\/\/ucm.one\/en\/"},{"@type":"ListItem","position":2,"name":"&#8220;The Cage &#8211; The Last Survivors&#8221; by Jos\u00e9 Salaverr\u00eda available today physically and digitally"}]},{"@type":"WebSite","@id":"https:\/\/ucm.one\/en\/#website","url":"https:\/\/ucm.one\/en\/","name":"UCM.ONE","description":"","publisher":{"@id":"https:\/\/ucm.one\/en\/#organization"},"potentialAction":[{"@type":"SearchAction","target":{"@type":"EntryPoint","urlTemplate":"https:\/\/ucm.one\/en\/?s={search_term_string}"},"query-input":{"@type":"PropertyValueSpecification","valueRequired":true,"valueName":"search_term_string"}}],"inLanguage":"en-US"},{"@type":"Organization","@id":"https:\/\/ucm.one\/en\/#organization","name":"UCM.ONE","url":"https:\/\/ucm.one\/en\/","logo":{"@type":"ImageObject","inLanguage":"en-US","@id":"https:\/\/ucm.one\/en\/#\/schema\/logo\/image\/","url":"https:\/\/ucm.one\/wp-content\/uploads\/2019\/10\/UCM.ONE-Logo-RGB.svg","contentUrl":"https:\/\/ucm.one\/wp-content\/uploads\/2019\/10\/UCM.ONE-Logo-RGB.svg","width":1,"height":1,"caption":"UCM.ONE"},"image":{"@id":"https:\/\/ucm.one\/en\/#\/schema\/logo\/image\/"}},{"@type":"Person","@id":"https:\/\/ucm.one\/en\/#\/schema\/person\/4b959e467e8acc058836467a0ef8fa50","name":"Joachim Keil","image":{"@type":"ImageObject","inLanguage":"en-US","@id":"https:\/\/secure.gravatar.com\/avatar\/10e1dfd05f2a7a7bc83cd44bae31e01c8ac15f974229211a2b1a49fa0a22fec0?s=96&d=mm&r=g","url":"https:\/\/secure.gravatar.com\/avatar\/10e1dfd05f2a7a7bc83cd44bae31e01c8ac15f974229211a2b1a49fa0a22fec0?s=96&d=mm&r=g","contentUrl":"https:\/\/secure.gravatar.com\/avatar\/10e1dfd05f2a7a7bc83cd44bae31e01c8ac15f974229211a2b1a49fa0a22fec0?s=96&d=mm&r=g","caption":"Joachim Keil"},"sameAs":["https:\/\/ucm.one"]}]}},"_links":{"self":[{"href":"https:\/\/ucm.one\/en\/wp-json\/wp\/v2\/posts\/59521","targetHints":{"allow":["GET"]}}],"collection":[{"href":"https:\/\/ucm.one\/en\/wp-json\/wp\/v2\/posts"}],"about":[{"href":"https:\/\/ucm.one\/en\/wp-json\/wp\/v2\/types\/post"}],"author":[{"embeddable":true,"href":"https:\/\/ucm.one\/en\/wp-json\/wp\/v2\/users\/2"}],"replies":[{"embeddable":true,"href":"https:\/\/ucm.one\/en\/wp-json\/wp\/v2\/comments?post=59521"}],"version-history":[{"count":0,"href":"https:\/\/ucm.one\/en\/wp-json\/wp\/v2\/posts\/59521\/revisions"}],"wp:featuredmedia":[{"embeddable":true,"href":"https:\/\/ucm.one\/en\/wp-json\/wp\/v2\/media\/59524"}],"wp:attachment":[{"href":"https:\/\/ucm.one\/en\/wp-json\/wp\/v2\/media?parent=59521"}],"wp:term":[{"taxonomy":"category","embeddable":true,"href":"https:\/\/ucm.one\/en\/wp-json\/wp\/v2\/categories?post=59521"},{"taxonomy":"post_tag","embeddable":true,"href":"https:\/\/ucm.one\/en\/wp-json\/wp\/v2\/tags?post=59521"}],"curies":[{"name":"wp","href":"https:\/\/api.w.org\/{rel}","templated":true}]}}