{"id":43253,"date":"2020-07-22T22:15:38","date_gmt":"2020-07-22T22:15:38","guid":{"rendered":"https:\/\/ucm.one\/melodic-death-metal-kuenstler-plaquestorm-unterzeichnet-weltweiten-vertrag-bei-noble-demon\/"},"modified":"2020-07-29T10:53:30","modified_gmt":"2020-07-29T10:53:30","slug":"melodic-death-metal-artist-plaguestorm-signs-global-contract-with-noble-demon","status":"publish","type":"post","link":"https:\/\/ucm.one\/en\/melodic-death-metal-artist-plaguestorm-signs-global-contract-with-noble-demon\/","title":{"rendered":"Melodic death metal artist Plaguestorm signs global contract with Noble Demon"},"content":{"rendered":"<div class=\"wpb-content-wrapper\"><p>[vc_row][vc_column][vc_column_text]Hailing from Bah\u00eda Blanca, Argentina, Melodic Death Metal solo artist <strong>Plaguestorm<\/strong>\u00a0just announced its worldwide signing with the German label\u00a0<strong>Noble Demon<\/strong>. Founded by <strong>Sebasti\u00e1n Pastor<\/strong> in early 2014, being a true master of his craft, <strong>Plaguestorm<\/strong>\u00a0delivers a wide range of furious and raging Melodic Death Metal. Sweeping melodies, heavy, dark and melancholic arrangements, mixing the old and new Scandinavian sound of Death Metal, as if it were based on a Swedish manufacturing standard.[\/vc_column_text][vc_column_text]Says <strong>Sebasti\u00e1n Pastor<\/strong> about the signing:\u00a0<em>&#8220;I am very proud and excited to join the Noble Demon family! Being part of the roster on a record label has been my dream since I was a teenager, this is a great opportunity to bring my music to many ears around the world. I am very grateful to Patrick and Noble Demon for trusting me and my music, hopefully we can do great things together. This is definitely a big step in my musical life.&#8221;<\/em>[\/vc_column_text][vc_column_text]<b>Furthermore, to celebrate the signing in glorious style,Plaquestorm<\/b>\u00a0and\u00a0<strong>Noble Demon<\/strong> announced the re-release of the 2015 &#8211; debut EP \u201e<strong>Everything&#8217;s Gone Wrong\u201c<\/strong> and Pastor&#8217;s recent full length record \u201e<strong>Mother of Plagues<\/strong>\u201c. Two releases that have taken the heavy scene by storm, receiving praise by magazines and specialized zines but also featuring well known guest musicians such as <strong>Bj\u00f6rn Strid<\/strong> (<b>Soilwork<\/b>), <strong>Mikael Sehlin<\/strong> (<b>Engel<\/b>), <strong>Fabio Bartoletti<\/strong> (<b>Fleshgod Apocalypse<\/b>) and many more.[\/vc_column_text][\/vc_column][\/vc_row][vc_row][vc_column width=&#8221;1\/2&#8243;][vc_video link=&#8221;https:\/\/youtu.be\/ri1aU_y1uec&#8221; title=&#8221;The Bringers Of Death (Official Lyric Video)&#8221;][\/vc_column][vc_column width=&#8221;1\/2&#8243;][vc_video link=&#8221;https:\/\/youtu.be\/EBZBvm6ACzQ&#8221; title=&#8221;Your Evil Intentions (Official Music Video)&#8221;][\/vc_column][\/vc_row][vc_row][vc_column][vc_column_text]While <strong>Plaguestorm<\/strong>\u00a0has already started working on a new album, expected to be released in late 2020, a killer appetizer of what to follow in the not so distant future can already be heard and seen in the latest lyric video for the track &#8220;<strong>The Bringers Of Death<\/strong>&#8220;.[\/vc_column_text][vc_column_text]More information about the project and the releases: <a title=\"Plaqustorm\" href=\"\/en\/plaguestorm\/\">Plaguestorm<\/a>[\/vc_column_text][\/vc_column][\/vc_row][vc_row][vc_column][\/vc_column][\/vc_row]<\/p>\n<\/div>","protected":false},"excerpt":{"rendered":"<p>[vc_row][vc_column][vc_column_text]Hailing from Bah\u00eda Blanca, Argentina, Melodic Death Metal solo artist Plaguestorm\u00a0just announced its worldwide signing with the German label\u00a0Noble Demon. Founded by Sebasti\u00e1n Pastor in early 2014, being a true master of his craft, Plaguestorm\u00a0delivers a wide range of furious and raging Melodic Death Metal. Sweeping melodies, heavy, dark and melancholic arrangements, mixing the old&hellip;<\/p>\n","protected":false},"author":2,"featured_media":43218,"comment_status":"closed","ping_status":"closed","sticky":false,"template":"","format":"standard","meta":{"_acf_changed":false,"footnotes":""},"categories":[943,941,7078],"tags":[8389,8390,8391,8392,8393,8394,8395,7079,7100,8396,8138,8398,8399,8400],"class_list":["post-43253","post","type-post","status-publish","format-standard","has-post-thumbnail","hentry","category-music","category-news-en","category-noble-demon-en","tag-bjoern-strid-2","tag-diego-martinez-2","tag-fabio-bartoletti-2","tag-fleshgod-apocalypse-2","tag-ken-romlin-2","tag-melodic-death-metal-2","tag-mikael-sehlin-2","tag-noble-demon","tag-noble-demon-en","tag-pablo-roman-2","tag-plaguestorm-en","tag-rodrigo-plasencia-2","tag-sebastian-nunez-szymanski-2","tag-sebastian-pastor-2","category-943","category-941","category-7078","description-off"],"acf":[],"yoast_head":"<!-- This site is optimized with the Yoast SEO plugin v27.5 - https:\/\/yoast.com\/product\/yoast-seo-wordpress\/ -->\n<title>Melodic death metal artist Plaguestorm signs global contract with Noble Demon - UCM.ONE<\/title>\n<meta name=\"description\" content=\"Melodic death metal artist Plaguestorm, who comes from Bah\u00eda Blanca, Argentina, has signed a worldwide contract with the Noble Demon label.\" \/>\n<meta name=\"robots\" content=\"index, follow, max-snippet:-1, max-image-preview:large, max-video-preview:-1\" \/>\n<link rel=\"canonical\" href=\"https:\/\/ucm.one\/en\/melodic-death-metal-artist-plaguestorm-signs-global-contract-with-noble-demon\/\" \/>\n<meta property=\"og:locale\" content=\"en_US\" \/>\n<meta property=\"og:type\" content=\"article\" \/>\n<meta property=\"og:title\" content=\"Melodic death metal artist Plaguestorm signs global contract with Noble Demon - UCM.ONE\" \/>\n<meta property=\"og:description\" content=\"Melodic death metal artist Plaguestorm, who comes from Bah\u00eda Blanca, Argentina, has signed a worldwide contract with the Noble Demon label.\" \/>\n<meta property=\"og:url\" content=\"https:\/\/ucm.one\/en\/melodic-death-metal-artist-plaguestorm-signs-global-contract-with-noble-demon\/\" \/>\n<meta property=\"og:site_name\" content=\"UCM.ONE\" \/>\n<meta property=\"article:published_time\" content=\"2020-07-22T22:15:38+00:00\" \/>\n<meta property=\"article:modified_time\" content=\"2020-07-29T10:53:30+00:00\" \/>\n<meta property=\"og:image\" content=\"https:\/\/ucm.one\/wp-content\/uploads\/2020\/07\/B-Plaguestorm.jpg\" \/>\n\t<meta property=\"og:image:width\" content=\"1920\" \/>\n\t<meta property=\"og:image:height\" content=\"600\" \/>\n\t<meta property=\"og:image:type\" content=\"image\/jpeg\" \/>\n<meta name=\"author\" content=\"Joachim Keil\" \/>\n<meta name=\"twitter:card\" content=\"summary_large_image\" \/>\n<meta name=\"twitter:label1\" content=\"Written by\" \/>\n\t<meta name=\"twitter:data1\" content=\"Joachim Keil\" \/>\n\t<meta name=\"twitter:label2\" content=\"Est. reading time\" \/>\n\t<meta name=\"twitter:data2\" content=\"2 minutes\" \/>\n<!-- \/ Yoast SEO plugin. -->","yoast_head_json":{"title":"Melodic death metal artist Plaguestorm signs global contract with Noble Demon - UCM.ONE","description":"Melodic death metal artist Plaguestorm, who comes from Bah\u00eda Blanca, Argentina, has signed a worldwide contract with the Noble Demon label.","robots":{"index":"index","follow":"follow","max-snippet":"max-snippet:-1","max-image-preview":"max-image-preview:large","max-video-preview":"max-video-preview:-1"},"canonical":"https:\/\/ucm.one\/en\/melodic-death-metal-artist-plaguestorm-signs-global-contract-with-noble-demon\/","og_locale":"en_US","og_type":"article","og_title":"Melodic death metal artist Plaguestorm signs global contract with Noble Demon - UCM.ONE","og_description":"Melodic death metal artist Plaguestorm, who comes from Bah\u00eda Blanca, Argentina, has signed a worldwide contract with the Noble Demon label.","og_url":"https:\/\/ucm.one\/en\/melodic-death-metal-artist-plaguestorm-signs-global-contract-with-noble-demon\/","og_site_name":"UCM.ONE","article_published_time":"2020-07-22T22:15:38+00:00","article_modified_time":"2020-07-29T10:53:30+00:00","og_image":[{"width":1920,"height":600,"url":"https:\/\/ucm.one\/wp-content\/uploads\/2020\/07\/B-Plaguestorm.jpg","type":"image\/jpeg"}],"author":"Joachim Keil","twitter_card":"summary_large_image","twitter_misc":{"Written by":"Joachim Keil","Est. reading time":"2 minutes"},"schema":{"@context":"https:\/\/schema.org","@graph":[{"@type":"Article","@id":"https:\/\/ucm.one\/en\/melodic-death-metal-artist-plaguestorm-signs-global-contract-with-noble-demon\/#article","isPartOf":{"@id":"https:\/\/ucm.one\/en\/melodic-death-metal-artist-plaguestorm-signs-global-contract-with-noble-demon\/"},"author":{"name":"Joachim Keil","@id":"https:\/\/ucm.one\/en\/#\/schema\/person\/4b959e467e8acc058836467a0ef8fa50"},"headline":"Melodic death metal artist Plaguestorm signs global contract with Noble Demon","datePublished":"2020-07-22T22:15:38+00:00","dateModified":"2020-07-29T10:53:30+00:00","mainEntityOfPage":{"@id":"https:\/\/ucm.one\/en\/melodic-death-metal-artist-plaguestorm-signs-global-contract-with-noble-demon\/"},"wordCount":402,"publisher":{"@id":"https:\/\/ucm.one\/en\/#organization"},"image":{"@id":"https:\/\/ucm.one\/en\/melodic-death-metal-artist-plaguestorm-signs-global-contract-with-noble-demon\/#primaryimage"},"thumbnailUrl":"https:\/\/ucm.one\/wp-content\/uploads\/2020\/07\/B-Plaguestorm.jpg","keywords":["Bj\u00f6rn Strid","Diego Martinez","Fabio Bartoletti","Fleshgod Apocalypse","Ken Romlin","Melodic Death Metal","Mikael Sehlin","Noble Demon","Noble Demon","Pablo Rom\u00e1n","Plaguestorm","Rodrigo Plasencia","Sebasti\u00e1n Nu\u00f1ez Szymanski","Sebasti\u00e1n Pastor"],"articleSection":["Music","News","Noble Demon"],"inLanguage":"en-US"},{"@type":"WebPage","@id":"https:\/\/ucm.one\/en\/melodic-death-metal-artist-plaguestorm-signs-global-contract-with-noble-demon\/","url":"https:\/\/ucm.one\/en\/melodic-death-metal-artist-plaguestorm-signs-global-contract-with-noble-demon\/","name":"Melodic death metal artist Plaguestorm signs global contract with Noble Demon - UCM.ONE","isPartOf":{"@id":"https:\/\/ucm.one\/en\/#website"},"primaryImageOfPage":{"@id":"https:\/\/ucm.one\/en\/melodic-death-metal-artist-plaguestorm-signs-global-contract-with-noble-demon\/#primaryimage"},"image":{"@id":"https:\/\/ucm.one\/en\/melodic-death-metal-artist-plaguestorm-signs-global-contract-with-noble-demon\/#primaryimage"},"thumbnailUrl":"https:\/\/ucm.one\/wp-content\/uploads\/2020\/07\/B-Plaguestorm.jpg","datePublished":"2020-07-22T22:15:38+00:00","dateModified":"2020-07-29T10:53:30+00:00","description":"Melodic death metal artist Plaguestorm, who comes from Bah\u00eda Blanca, Argentina, has signed a worldwide contract with the Noble Demon label.","breadcrumb":{"@id":"https:\/\/ucm.one\/en\/melodic-death-metal-artist-plaguestorm-signs-global-contract-with-noble-demon\/#breadcrumb"},"inLanguage":"en-US","potentialAction":[{"@type":"ReadAction","target":["https:\/\/ucm.one\/en\/melodic-death-metal-artist-plaguestorm-signs-global-contract-with-noble-demon\/"]}]},{"@type":"ImageObject","inLanguage":"en-US","@id":"https:\/\/ucm.one\/en\/melodic-death-metal-artist-plaguestorm-signs-global-contract-with-noble-demon\/#primaryimage","url":"https:\/\/ucm.one\/wp-content\/uploads\/2020\/07\/B-Plaguestorm.jpg","contentUrl":"https:\/\/ucm.one\/wp-content\/uploads\/2020\/07\/B-Plaguestorm.jpg","width":1920,"height":600},{"@type":"BreadcrumbList","@id":"https:\/\/ucm.one\/en\/melodic-death-metal-artist-plaguestorm-signs-global-contract-with-noble-demon\/#breadcrumb","itemListElement":[{"@type":"ListItem","position":1,"name":"Home","item":"https:\/\/ucm.one\/en\/"},{"@type":"ListItem","position":2,"name":"Melodic death metal artist Plaguestorm signs global contract with Noble Demon"}]},{"@type":"WebSite","@id":"https:\/\/ucm.one\/en\/#website","url":"https:\/\/ucm.one\/en\/","name":"UCM.ONE","description":"","publisher":{"@id":"https:\/\/ucm.one\/en\/#organization"},"potentialAction":[{"@type":"SearchAction","target":{"@type":"EntryPoint","urlTemplate":"https:\/\/ucm.one\/en\/?s={search_term_string}"},"query-input":{"@type":"PropertyValueSpecification","valueRequired":true,"valueName":"search_term_string"}}],"inLanguage":"en-US"},{"@type":"Organization","@id":"https:\/\/ucm.one\/en\/#organization","name":"UCM.ONE","url":"https:\/\/ucm.one\/en\/","logo":{"@type":"ImageObject","inLanguage":"en-US","@id":"https:\/\/ucm.one\/en\/#\/schema\/logo\/image\/","url":"https:\/\/ucm.one\/wp-content\/uploads\/2019\/10\/UCM.ONE-Logo-RGB.svg","contentUrl":"https:\/\/ucm.one\/wp-content\/uploads\/2019\/10\/UCM.ONE-Logo-RGB.svg","width":1,"height":1,"caption":"UCM.ONE"},"image":{"@id":"https:\/\/ucm.one\/en\/#\/schema\/logo\/image\/"}},{"@type":"Person","@id":"https:\/\/ucm.one\/en\/#\/schema\/person\/4b959e467e8acc058836467a0ef8fa50","name":"Joachim Keil","image":{"@type":"ImageObject","inLanguage":"en-US","@id":"https:\/\/secure.gravatar.com\/avatar\/10e1dfd05f2a7a7bc83cd44bae31e01c8ac15f974229211a2b1a49fa0a22fec0?s=96&d=mm&r=g","url":"https:\/\/secure.gravatar.com\/avatar\/10e1dfd05f2a7a7bc83cd44bae31e01c8ac15f974229211a2b1a49fa0a22fec0?s=96&d=mm&r=g","contentUrl":"https:\/\/secure.gravatar.com\/avatar\/10e1dfd05f2a7a7bc83cd44bae31e01c8ac15f974229211a2b1a49fa0a22fec0?s=96&d=mm&r=g","caption":"Joachim Keil"},"sameAs":["https:\/\/ucm.one"]}]}},"_links":{"self":[{"href":"https:\/\/ucm.one\/en\/wp-json\/wp\/v2\/posts\/43253","targetHints":{"allow":["GET"]}}],"collection":[{"href":"https:\/\/ucm.one\/en\/wp-json\/wp\/v2\/posts"}],"about":[{"href":"https:\/\/ucm.one\/en\/wp-json\/wp\/v2\/types\/post"}],"author":[{"embeddable":true,"href":"https:\/\/ucm.one\/en\/wp-json\/wp\/v2\/users\/2"}],"replies":[{"embeddable":true,"href":"https:\/\/ucm.one\/en\/wp-json\/wp\/v2\/comments?post=43253"}],"version-history":[{"count":0,"href":"https:\/\/ucm.one\/en\/wp-json\/wp\/v2\/posts\/43253\/revisions"}],"wp:featuredmedia":[{"embeddable":true,"href":"https:\/\/ucm.one\/en\/wp-json\/wp\/v2\/media\/43218"}],"wp:attachment":[{"href":"https:\/\/ucm.one\/en\/wp-json\/wp\/v2\/media?parent=43253"}],"wp:term":[{"taxonomy":"category","embeddable":true,"href":"https:\/\/ucm.one\/en\/wp-json\/wp\/v2\/categories?post=43253"},{"taxonomy":"post_tag","embeddable":true,"href":"https:\/\/ucm.one\/en\/wp-json\/wp\/v2\/tags?post=43253"}],"curies":[{"name":"wp","href":"https:\/\/api.w.org\/{rel}","templated":true}]}}