{"id":416366,"date":"2026-04-20T12:00:53","date_gmt":"2026-04-20T12:00:53","guid":{"rendered":"https:\/\/ucm.one\/%f0%9f%8e%ac-plan-f-celebrates-its-berlin-premiere-at-the-22nd-achtung-berlin-film-festival\/"},"modified":"2026-04-26T17:00:37","modified_gmt":"2026-04-26T17:00:37","slug":"%f0%9f%8e%ac-plan-f-celebrates-its-berlin-premiere-at-the-22nd-achtung-berlin-film-festival","status":"publish","type":"post","link":"https:\/\/ucm.one\/en\/%f0%9f%8e%ac-plan-f-celebrates-its-berlin-premiere-at-the-22nd-achtung-berlin-film-festival\/","title":{"rendered":"\ud83c\udfac \u201cPlan F\u201d Celebrates Its Berlin Premiere at the 22nd Achtung Berlin Film Festival"},"content":{"rendered":"<div class=\"wpb-content-wrapper\"><p>[vc_row][vc_column][vc_column_text css=&#8221;&#8221;]<\/p>\n<div style=\"text-align: justify;\">On Sunday evening, April 19, 2026, the feature film \u201c<strong>Plan F<\/strong>\u201d by director <strong>Ina Balon<\/strong> celebrated its Berlin premiere at the <strong>Babylon Berlin-Mitte<\/strong> cinema. The film was screened at 6:15 p.m. in the <strong>Feature Film Competition <\/strong>of the<strong> 22nd achtung berlin film festival<\/strong> \u2013 another important step toward its theatrical release in late 2026 via the <span style=\"font-family: 'arial black', sans-serif;\">UCM.ONE<\/span> film label <strong>Darling Berlin<\/strong>.<\/div>\n<p>[\/vc_column_text][\/vc_column][\/vc_row][vc_row][vc_column width=&#8221;4\/5&#8243;][vc_column_text css=&#8221;&#8221;]<\/p>\n<div style=\"text-align: justify;\">\u201c<strong>Plan F<\/strong>\u201d is <strong>Ina Balon<\/strong>\u2019s feature film debut and has already been honored with two awards at the<strong> 59th International Hof Film Festival 2025<\/strong>: the <strong>Friedrich Baur Gold Prize<\/strong> for Best Director of a First Feature Film and the <strong>Hof Critics\u2019 Prize<\/strong>. The Berlin premiere as part of the <strong>achtung berlin filmfestival<\/strong>, whose partners<span style=\"font-family: 'arial black', sans-serif;\"> UCM.ONE<\/span> and <strong>Darling Berlin<\/strong> are participating for the eleventh time this year, marks the film\u2019s first public screening in the capital and the Berlin production\u2019s encounter with its home audience.<\/div>\n<p>&nbsp;<\/p>\n<div style=\"text-align: justify;\"><\/div>\n<p>[\/vc_column_text][vc_column_text css=&#8221;&#8221;]<\/p>\n<div style=\"text-align: justify;\">\n<div style=\"text-align: justify;\">In the nearly sold-out movie theater 1 at Babylon, \u201c<strong>Plan F<\/strong>\u201d received an overwhelmingly positive response. Carried by the energetic performances of the two leading actresses, the film swung through loud, funny, moving, and tragic moments\u2014and visibly swept the audience along with it. There were repeated bursts of laughter, followed by moments of silence; in the end, one feeling lingered above all others, one that many guests shared afterward: moving. A mood that carried well into the subsequent Q&amp;A session.<\/div>\n<p>&nbsp;<\/p>\n<\/div>\n<p>&nbsp;<\/p>\n<div style=\"text-align: justify;\"><\/div>\n<p>[\/vc_column_text][\/vc_column][vc_column width=&#8221;1\/5&#8243;][vc_single_image image=&#8221;415025&#8243; img_size=&#8221;full&#8221; css=&#8221;&#8221;][\/vc_column][\/vc_row][vc_row][vc_column width=&#8221;1\/2&#8243;][vc_single_image image=&#8221;416351&#8243; img_size=&#8221;full&#8221; add_caption=&#8221;yes&#8221; css=&#8221;&#8221;][\/vc_column][vc_column width=&#8221;1\/2&#8243;][vc_single_image image=&#8221;416353&#8243; img_size=&#8221;full&#8221; add_caption=&#8221;yes&#8221; css=&#8221;&#8221;][\/vc_column][\/vc_row][vc_row][vc_column][vc_separator css=&#8221;&#8221;][\/vc_column][\/vc_row][vc_row][vc_column width=&#8221;3\/4&#8243;][vc_column_text css=&#8221;&#8221;]<\/p>\n<div style=\"text-align: justify;\">\n<p>Following the screening, <strong>director<\/strong> and producer <strong>Ina Balon<\/strong>, lead actress <strong>Ursula Renneke<\/strong> (Maya), producer <strong>Jannik B\u00fcddig<\/strong> (ZAK Film Productions), screenwriter <strong>Claudius Beutler<\/strong>, and cinematographer <strong>Jochen Askari<\/strong> took questions from a very interested audience in the Babylon\u2019s Oval. Lead actress <strong> B\u00e4rbel Schwarz<\/strong> (Franka) was unable to attend due to a theater engagement. The discussion lasted over 30 minutes and provided insights into the film\u2019s creation\u2014from the development of the story and the work with the two lead actresses, through the casting, to the visual language that balances the vastness of Brandenburg with the intimacy of Berlin.<\/p>\n<p>Ina Balon describes her film, which at its core revolves around two sisters who can no longer pretend to each other, as \u201ca declaration of love for failure\u2014not a film about reconciliation, but about the struggle not to lose sight of one another.\u201d An attitude that palpably carried the evening at Babylon even beyond the screen.<\/p>\n<div>\n<div>Tickets and additional showtimes at <a href=\"https:\/\/achtungberlin.de\/2026\/plan-f\" target=\"_blank\" rel=\"noopener\"><strong>achtungberlin.de<\/strong><\/a>.<\/div>\n<p>&nbsp;<\/p>\n<\/div>\n<\/div>\n<p>[\/vc_column_text][vc_column_text css=&#8221;&#8221;]<\/p>\n<div><\/div>\n<p>&nbsp;<\/p>\n<div>The film distributor <span style=\"font-family: 'arial black', sans-serif;\">UCM.ONE<\/span> will release \u201c<strong>Plan F<\/strong>\u201d in theaters and for digital distribution in late 2026 under its film label <strong>Darling Berlin<\/strong>.<\/div>\n<p>[\/vc_column_text][\/vc_column][vc_column width=&#8221;1\/4&#8243;][vc_single_image image=&#8221;416349&#8243; img_size=&#8221;full&#8221; add_caption=&#8221;yes&#8221; css=&#8221;&#8221;][\/vc_column][\/vc_row][vc_row][vc_column width=&#8221;1\/2&#8243;][vc_single_image image=&#8221;416363&#8243; img_size=&#8221;full&#8221; add_caption=&#8221;yes&#8221; css=&#8221;&#8221;][\/vc_column][vc_column width=&#8221;1\/2&#8243;][vc_single_image image=&#8221;416359&#8243; img_size=&#8221;full&#8221; add_caption=&#8221;yes&#8221; css=&#8221;&#8221;][\/vc_column][\/vc_row][vc_row][vc_column][vc_separator css=&#8221;&#8221;][\/vc_column][\/vc_row][vc_row css=&#8221;.vc_custom_1768590775216{margin-bottom: -20px !important;background-color: #EAEAEA !important;}&#8221;][vc_column][vc_empty_space height=&#8221;22px&#8221;][vc_column_text css=&#8221;.vc_custom_1770899441469{padding-bottom: -25px !important;}&#8221;]<\/p>\n<div class=\"wpb_text_column wpb_content_element \">\n<p>Movie details<\/p>\n<table style=\"border-collapse: collapse; width: 100%; height: 351px;\">\n<tbody>\n<tr style=\"height: 22px;\">\n<td style=\"width: 21.3291%; height: 22px; vertical-align: top;\"><strong>Title:<\/strong><\/td>\n<td style=\"width: 78.6709%; height: 22px; vertical-align: top;\">Plan F<\/td>\n<\/tr>\n<tr style=\"height: 22px;\">\n<td style=\"width: 21.3291%; height: 22px; vertical-align: top;\"><strong>Directed by:<\/strong><\/td>\n<td style=\"width: 78.6709%; height: 22px; vertical-align: top;\">Ina Balon<\/td>\n<\/tr>\n<tr style=\"height: 22px;\">\n<td style=\"width: 21.3291%; height: 22px; vertical-align: top;\"><strong>Screenplay:<\/strong><\/td>\n<td style=\"width: 78.6709%; height: 22px; vertical-align: top;\">Claudius Beutler<\/td>\n<\/tr>\n<tr style=\"height: 22px;\">\n<td style=\"width: 21.3291%; height: 22px; vertical-align: top;\"><strong>Producers:<\/strong><\/td>\n<td style=\"width: 78.6709%; height: 22px; vertical-align: top;\">Ina Balon, Jannik B\u00fcddig<\/td>\n<\/tr>\n<tr style=\"height: 22px;\">\n<td style=\"width: 21.3291%; height: 21px; vertical-align: top;\"><strong>Cinematography:<\/strong><\/td>\n<td style=\"width: 78.6709%; height: 21px; vertical-align: top;\">Jochen Askari<\/td>\n<\/tr>\n<tr style=\"height: 22px;\">\n<td style=\"width: 21.3291%; height: 22px; vertical-align: top;\"><strong>Editing:<\/strong><\/td>\n<td style=\"width: 78.6709%; height: 22px; vertical-align: top;\">Manuel Stettner<\/td>\n<\/tr>\n<tr style=\"height: 22px;\">\n<td style=\"width: 21.3291%; height: 22px; vertical-align: top;\"><strong>Cast:<\/strong><\/td>\n<td style=\"width: 78.6709%; height: 22px; vertical-align: top;\">B\u00e4rbel Schwarz, Ursula Renneke, J\u00f6rg Malchow, Florian Stettner, Michael Fritz Schumacher, Emma R\u00f6nnebeck u.v.a.<\/td>\n<\/tr>\n<tr style=\"height: 22px;\">\n<td style=\"width: 21.3291%; height: 22px; vertical-align: top;\"><\/td>\n<td style=\"width: 78.6709%; height: 22px; vertical-align: top;\"><\/td>\n<\/tr>\n<tr style=\"height: 22px;\">\n<td style=\"width: 21.3291%; height: 22px; vertical-align: top;\"><strong>Country of origin:<\/strong><\/td>\n<td style=\"width: 78.6709%; height: 22px; vertical-align: top;\">Germany<\/td>\n<\/tr>\n<tr style=\"height: 22px;\">\n<td style=\"width: 21.3291%; height: 22px; vertical-align: top;\"><strong>Year of production:<\/strong><\/td>\n<td style=\"width: 78.6709%; height: 22px; vertical-align: top;\">2025<\/td>\n<\/tr>\n<tr style=\"height: 22px;\">\n<td style=\"width: 21.3291%; vertical-align: top; height: 22px;\"><strong>\u00a0<\/strong><\/td>\n<td style=\"width: 78.6709%; vertical-align: top; height: 22px;\"><\/td>\n<\/tr>\n<tr style=\"height: 22px;\">\n<td style=\"width: 21.3291%; height: 22px; vertical-align: top;\"><strong>Duration:<\/strong><\/td>\n<td style=\"width: 78.6709%; height: 22px; vertical-align: top;\">86 Minuten<\/td>\n<\/tr>\n<tr style=\"height: 22px;\">\n<td style=\"width: 21.3291%; height: 22px; vertical-align: top;\"><strong>Language versions:<\/strong><\/td>\n<td style=\"width: 78.6709%; height: 22px; vertical-align: top;\">Originalfassung<\/td>\n<\/tr>\n<tr style=\"height: 22px;\">\n<td style=\"width: 21.3291%; height: 22px; vertical-align: top;\"><strong>Original languages:<\/strong><\/td>\n<td style=\"width: 78.6709%; height: 22px; vertical-align: top;\">Deutsch<\/td>\n<\/tr>\n<tr style=\"height: 22px;\">\n<td style=\"width: 21.3291%; height: 22px; vertical-align: top;\"><strong>Subtitles:\u00a0<\/strong><\/td>\n<td style=\"width: 78.6709%; height: 22px; vertical-align: top;\">Englisch<\/td>\n<\/tr>\n<tr style=\"height: 22px;\">\n<td style=\"width: 21.3291%; vertical-align: top; height: 22px;\"><strong>Rating:<\/strong><\/td>\n<td style=\"width: 78.6709%; vertical-align: top; height: 22px;\">Rated 12 (pending)<\/td>\n<\/tr>\n<\/tbody>\n<\/table>\n<p>&nbsp;<\/p>\n<\/div>\n<p>[\/vc_column_text][\/vc_column][\/vc_row][vc_row][vc_column][vc_separator css=&#8221;&#8221;][\/vc_column][\/vc_row][vc_row][vc_column][vc_video link=&#8221;https:\/\/youtu.be\/OXp0yUXRQB8&#8243; css=&#8221;&#8221; title=&#8221;Plan F | Trailer (German) \u1d34\u1d30&#8221;][\/vc_column][\/vc_row][vc_row][vc_column width=&#8221;1\/2&#8243;][vc_column_text]More information about the festival and the program: <a title=\"\" href=\"https:\/\/achtungberlin.de\/\" target=\"_blank\" rel=\"noopener\">achtung berlin<\/a>[\/vc_column_text][\/vc_column][vc_column width=&#8221;1\/2&#8243;][vc_column_text]More information about the film label: <a title=\"Darling Berlin\" href=\"https:\/\/ucm.one\/en\/film-labels\/darling-berlin\/\" rel=\"noopener\">Darling Berlin<\/a>[\/vc_column_text][\/vc_column][\/vc_row]<\/p>\n<\/div>","protected":false},"excerpt":{"rendered":"<p>[vc_row][vc_column][vc_column_text css=&#8221;&#8221;] On Sunday evening, April 19, 2026, the feature film \u201cPlan F\u201d by director Ina Balon celebrated its Berlin premiere at the Babylon Berlin-Mitte cinema. The film was screened at 6:15 p.m. in the Feature Film Competition of the 22nd achtung berlin film festival \u2013 another important step toward its theatrical release in late&hellip;<\/p>\n","protected":false},"author":513,"featured_media":416374,"comment_status":"closed","ping_status":"closed","sticky":false,"template":"","format":"standard","meta":{"_acf_changed":false,"footnotes":""},"categories":[5599,22,942,4630,941],"tags":[19547,19354,4385,12253,19472,3404,3405,10211,12252,19546,19549],"class_list":["post-416366","post","type-post","status-publish","format-standard","has-post-thumbnail","hentry","category-company-en","category-darling-berlin","category-film-en","category-movie-distribution","category-news-en","tag-plan-f","tag-19354","tag-achtung-berlin-en","tag-achtung-berlin-fimfestival-en","tag-barbel-schwarz","tag-berlin-en","tag-darling-berlin-en","tag-filmfestival-2","tag-filmfestival-en","tag-ina-balon","tag-ursula-rennecke","category-5599","category-22","category-942","category-4630","category-941","description-off"],"acf":[],"yoast_head":"<!-- This site is optimized with the Yoast SEO plugin v27.5 - https:\/\/yoast.com\/product\/yoast-seo-wordpress\/ -->\n<title>&quot;Plan F&quot; celebrated its Berlin premiere at the 22nd achtung berlin film festival in 2026<\/title>\n<meta name=\"description\" content=\"An overwhelmingly positive Berlin premiere for Ina Balon\u2019s \u201cPlan F\u201d at Babylon | Set for release in late 2026 via Darling Berlin.\" \/>\n<meta name=\"robots\" content=\"index, follow, max-snippet:-1, max-image-preview:large, max-video-preview:-1\" \/>\n<link rel=\"canonical\" href=\"https:\/\/ucm.one\/en\/%f0%9f%8e%ac-plan-f-celebrates-its-berlin-premiere-at-the-22nd-achtung-berlin-film-festival\/\" \/>\n<meta property=\"og:locale\" content=\"en_US\" \/>\n<meta property=\"og:type\" content=\"article\" \/>\n<meta property=\"og:title\" content=\"&quot;Plan F&quot; celebrated its Berlin premiere at the 22nd achtung berlin film festival in 2026\" \/>\n<meta property=\"og:description\" content=\"An overwhelmingly positive Berlin premiere for Ina Balon\u2019s \u201cPlan F\u201d at Babylon | Set for release in late 2026 via Darling Berlin.\" \/>\n<meta property=\"og:url\" content=\"https:\/\/ucm.one\/en\/%f0%9f%8e%ac-plan-f-celebrates-its-berlin-premiere-at-the-22nd-achtung-berlin-film-festival\/\" \/>\n<meta property=\"og:site_name\" content=\"UCM.ONE\" \/>\n<meta property=\"article:published_time\" content=\"2026-04-20T12:00:53+00:00\" \/>\n<meta property=\"article:modified_time\" content=\"2026-04-26T17:00:37+00:00\" \/>\n<meta property=\"og:image\" content=\"https:\/\/ucm.one\/wp-content\/uploads\/2026\/04\/SQ2026-300x300.jpg\" \/>\n<meta name=\"author\" content=\"robert.zimmermann\" \/>\n<meta name=\"twitter:card\" content=\"summary_large_image\" \/>\n<meta name=\"twitter:title\" content=\"&quot;Plan F&quot; celebrated its Berlin premiere at the 22nd achtung berlin film festival in 2026\" \/>\n<meta name=\"twitter:description\" content=\"An overwhelmingly positive Berlin premiere for Ina Balon\u2019s \u201cPlan F\u201d at Babylon | Set for release in late 2026 via Darling Berlin.\" \/>\n<meta name=\"twitter:image\" content=\"https:\/\/ucm.one\/wp-content\/uploads\/2026\/04\/SQ2026.jpg\" \/>\n<meta name=\"twitter:label1\" content=\"Written by\" \/>\n\t<meta name=\"twitter:data1\" content=\"robert.zimmermann\" \/>\n\t<meta name=\"twitter:label2\" content=\"Est. reading time\" \/>\n\t<meta name=\"twitter:data2\" content=\"4 minutes\" \/>\n<!-- \/ Yoast SEO plugin. -->","yoast_head_json":{"title":"\"Plan F\" celebrated its Berlin premiere at the 22nd achtung berlin film festival in 2026","description":"An overwhelmingly positive Berlin premiere for Ina Balon\u2019s \u201cPlan F\u201d at Babylon | Set for release in late 2026 via Darling Berlin.","robots":{"index":"index","follow":"follow","max-snippet":"max-snippet:-1","max-image-preview":"max-image-preview:large","max-video-preview":"max-video-preview:-1"},"canonical":"https:\/\/ucm.one\/en\/%f0%9f%8e%ac-plan-f-celebrates-its-berlin-premiere-at-the-22nd-achtung-berlin-film-festival\/","og_locale":"en_US","og_type":"article","og_title":"\"Plan F\" celebrated its Berlin premiere at the 22nd achtung berlin film festival in 2026","og_description":"An overwhelmingly positive Berlin premiere for Ina Balon\u2019s \u201cPlan F\u201d at Babylon | Set for release in late 2026 via Darling Berlin.","og_url":"https:\/\/ucm.one\/en\/%f0%9f%8e%ac-plan-f-celebrates-its-berlin-premiere-at-the-22nd-achtung-berlin-film-festival\/","og_site_name":"UCM.ONE","article_published_time":"2026-04-20T12:00:53+00:00","article_modified_time":"2026-04-26T17:00:37+00:00","og_image":[{"url":"https:\/\/ucm.one\/wp-content\/uploads\/2026\/04\/SQ2026-300x300.jpg","type":"","width":"","height":""}],"author":"robert.zimmermann","twitter_card":"summary_large_image","twitter_title":"\"Plan F\" celebrated its Berlin premiere at the 22nd achtung berlin film festival in 2026","twitter_description":"An overwhelmingly positive Berlin premiere for Ina Balon\u2019s \u201cPlan F\u201d at Babylon | Set for release in late 2026 via Darling Berlin.","twitter_image":"https:\/\/ucm.one\/wp-content\/uploads\/2026\/04\/SQ2026.jpg","twitter_misc":{"Written by":"robert.zimmermann","Est. reading time":"4 minutes"},"schema":{"@context":"https:\/\/schema.org","@graph":[{"@type":"Article","@id":"https:\/\/ucm.one\/en\/%f0%9f%8e%ac-plan-f-celebrates-its-berlin-premiere-at-the-22nd-achtung-berlin-film-festival\/#article","isPartOf":{"@id":"https:\/\/ucm.one\/en\/%f0%9f%8e%ac-plan-f-celebrates-its-berlin-premiere-at-the-22nd-achtung-berlin-film-festival\/"},"author":{"name":"robert.zimmermann","@id":"https:\/\/ucm.one\/en\/#\/schema\/person\/c3b3f40103ac9b2939adf4c2e044f503"},"headline":"\ud83c\udfac \u201cPlan F\u201d Celebrates Its Berlin Premiere at the 22nd Achtung Berlin Film Festival","datePublished":"2026-04-20T12:00:53+00:00","dateModified":"2026-04-26T17:00:37+00:00","mainEntityOfPage":{"@id":"https:\/\/ucm.one\/en\/%f0%9f%8e%ac-plan-f-celebrates-its-berlin-premiere-at-the-22nd-achtung-berlin-film-festival\/"},"wordCount":793,"publisher":{"@id":"https:\/\/ucm.one\/en\/#organization"},"image":{"@id":"https:\/\/ucm.one\/en\/%f0%9f%8e%ac-plan-f-celebrates-its-berlin-premiere-at-the-22nd-achtung-berlin-film-festival\/#primaryimage"},"thumbnailUrl":"https:\/\/ucm.one\/wp-content\/uploads\/2026\/04\/bPlanF_ABBF26_Premiere_en.jpg","keywords":["\"Plan F\"","2026","achtung berlin","achtung berlin fimfestival","B\u00e4rbel Schwarz","Berlin","Darling Berlin","Filmfestival","Filmfestival","Ina Balon","Ursula Rennecke"],"articleSection":["Company","Darling Berlin","Film","Movie Distribution","News"],"inLanguage":"en-US"},{"@type":"WebPage","@id":"https:\/\/ucm.one\/en\/%f0%9f%8e%ac-plan-f-celebrates-its-berlin-premiere-at-the-22nd-achtung-berlin-film-festival\/","url":"https:\/\/ucm.one\/en\/%f0%9f%8e%ac-plan-f-celebrates-its-berlin-premiere-at-the-22nd-achtung-berlin-film-festival\/","name":"\"Plan F\" celebrated its Berlin premiere at the 22nd achtung berlin film festival in 2026","isPartOf":{"@id":"https:\/\/ucm.one\/en\/#website"},"primaryImageOfPage":{"@id":"https:\/\/ucm.one\/en\/%f0%9f%8e%ac-plan-f-celebrates-its-berlin-premiere-at-the-22nd-achtung-berlin-film-festival\/#primaryimage"},"image":{"@id":"https:\/\/ucm.one\/en\/%f0%9f%8e%ac-plan-f-celebrates-its-berlin-premiere-at-the-22nd-achtung-berlin-film-festival\/#primaryimage"},"thumbnailUrl":"https:\/\/ucm.one\/wp-content\/uploads\/2026\/04\/bPlanF_ABBF26_Premiere_en.jpg","datePublished":"2026-04-20T12:00:53+00:00","dateModified":"2026-04-26T17:00:37+00:00","description":"An overwhelmingly positive Berlin premiere for Ina Balon\u2019s \u201cPlan F\u201d at Babylon | Set for release in late 2026 via Darling Berlin.","breadcrumb":{"@id":"https:\/\/ucm.one\/en\/%f0%9f%8e%ac-plan-f-celebrates-its-berlin-premiere-at-the-22nd-achtung-berlin-film-festival\/#breadcrumb"},"inLanguage":"en-US","potentialAction":[{"@type":"ReadAction","target":["https:\/\/ucm.one\/en\/%f0%9f%8e%ac-plan-f-celebrates-its-berlin-premiere-at-the-22nd-achtung-berlin-film-festival\/"]}]},{"@type":"ImageObject","inLanguage":"en-US","@id":"https:\/\/ucm.one\/en\/%f0%9f%8e%ac-plan-f-celebrates-its-berlin-premiere-at-the-22nd-achtung-berlin-film-festival\/#primaryimage","url":"https:\/\/ucm.one\/wp-content\/uploads\/2026\/04\/bPlanF_ABBF26_Premiere_en.jpg","contentUrl":"https:\/\/ucm.one\/wp-content\/uploads\/2026\/04\/bPlanF_ABBF26_Premiere_en.jpg","width":1920,"height":600},{"@type":"BreadcrumbList","@id":"https:\/\/ucm.one\/en\/%f0%9f%8e%ac-plan-f-celebrates-its-berlin-premiere-at-the-22nd-achtung-berlin-film-festival\/#breadcrumb","itemListElement":[{"@type":"ListItem","position":1,"name":"Home","item":"https:\/\/ucm.one\/en\/"},{"@type":"ListItem","position":2,"name":"\ud83c\udfac \u201cPlan F\u201d Celebrates Its Berlin Premiere at the 22nd Achtung Berlin Film Festival"}]},{"@type":"WebSite","@id":"https:\/\/ucm.one\/en\/#website","url":"https:\/\/ucm.one\/en\/","name":"UCM.ONE","description":"","publisher":{"@id":"https:\/\/ucm.one\/en\/#organization"},"potentialAction":[{"@type":"SearchAction","target":{"@type":"EntryPoint","urlTemplate":"https:\/\/ucm.one\/en\/?s={search_term_string}"},"query-input":{"@type":"PropertyValueSpecification","valueRequired":true,"valueName":"search_term_string"}}],"inLanguage":"en-US"},{"@type":"Organization","@id":"https:\/\/ucm.one\/en\/#organization","name":"UCM.ONE","url":"https:\/\/ucm.one\/en\/","logo":{"@type":"ImageObject","inLanguage":"en-US","@id":"https:\/\/ucm.one\/en\/#\/schema\/logo\/image\/","url":"https:\/\/ucm.one\/wp-content\/uploads\/2019\/10\/UCM.ONE-Logo-RGB.svg","contentUrl":"https:\/\/ucm.one\/wp-content\/uploads\/2019\/10\/UCM.ONE-Logo-RGB.svg","width":1,"height":1,"caption":"UCM.ONE"},"image":{"@id":"https:\/\/ucm.one\/en\/#\/schema\/logo\/image\/"}},{"@type":"Person","@id":"https:\/\/ucm.one\/en\/#\/schema\/person\/c3b3f40103ac9b2939adf4c2e044f503","name":"robert.zimmermann","image":{"@type":"ImageObject","inLanguage":"en-US","@id":"https:\/\/secure.gravatar.com\/avatar\/e46878d77ec9637bfe2c211eadff61cf2f817a55dd152b546e649bd7e53c0e04?s=96&d=mm&r=g","url":"https:\/\/secure.gravatar.com\/avatar\/e46878d77ec9637bfe2c211eadff61cf2f817a55dd152b546e649bd7e53c0e04?s=96&d=mm&r=g","contentUrl":"https:\/\/secure.gravatar.com\/avatar\/e46878d77ec9637bfe2c211eadff61cf2f817a55dd152b546e649bd7e53c0e04?s=96&d=mm&r=g","caption":"robert.zimmermann"}}]}},"_links":{"self":[{"href":"https:\/\/ucm.one\/en\/wp-json\/wp\/v2\/posts\/416366","targetHints":{"allow":["GET"]}}],"collection":[{"href":"https:\/\/ucm.one\/en\/wp-json\/wp\/v2\/posts"}],"about":[{"href":"https:\/\/ucm.one\/en\/wp-json\/wp\/v2\/types\/post"}],"author":[{"embeddable":true,"href":"https:\/\/ucm.one\/en\/wp-json\/wp\/v2\/users\/513"}],"replies":[{"embeddable":true,"href":"https:\/\/ucm.one\/en\/wp-json\/wp\/v2\/comments?post=416366"}],"version-history":[{"count":12,"href":"https:\/\/ucm.one\/en\/wp-json\/wp\/v2\/posts\/416366\/revisions"}],"predecessor-version":[{"id":416677,"href":"https:\/\/ucm.one\/en\/wp-json\/wp\/v2\/posts\/416366\/revisions\/416677"}],"wp:featuredmedia":[{"embeddable":true,"href":"https:\/\/ucm.one\/en\/wp-json\/wp\/v2\/media\/416374"}],"wp:attachment":[{"href":"https:\/\/ucm.one\/en\/wp-json\/wp\/v2\/media?parent=416366"}],"wp:term":[{"taxonomy":"category","embeddable":true,"href":"https:\/\/ucm.one\/en\/wp-json\/wp\/v2\/categories?post=416366"},{"taxonomy":"post_tag","embeddable":true,"href":"https:\/\/ucm.one\/en\/wp-json\/wp\/v2\/tags?post=416366"}],"curies":[{"name":"wp","href":"https:\/\/api.w.org\/{rel}","templated":true}]}}