{"id":41431,"date":"2020-05-23T15:21:21","date_gmt":"2020-05-23T15:21:21","guid":{"rendered":"https:\/\/ucm.one\/?p=41431"},"modified":"2020-05-23T16:43:48","modified_gmt":"2020-05-23T16:43:48","slug":"the-invisible-string-by-jan-bass-achtung-berlin-festival-retrospective-online-film-11","status":"publish","type":"post","link":"https:\/\/ucm.one\/en\/the-invisible-string-by-jan-bass-achtung-berlin-festival-retrospective-online-film-11\/","title":{"rendered":"The Invisible String (by jan B\u00e4ss) | achtung berlin \u2022 festival retrospective online \u2022 Film 11"},"content":{"rendered":"<div class=\"wpb-content-wrapper\"><p>[vc_row][vc_column][vc_column_text]In the 11th film of the<strong> 15 years achtung berlin \u2022 festival retrospective online<\/strong>, the documentary\u00a0<strong>&#8220;The Invisible String&#8221;<\/strong> by <strong>Jan B\u00e4ss <\/strong>revolves around a round disc. The film tells the fascinating love story between people and flying plastic: the Frisbee\u00ae. A journey from its beginnings around 1900, through triumphant success in the 70s and 80s, to the painful crash in the 90s, and finally a completely new generation of players who have recognized and rediscovered its beauty, its simplicity.[\/vc_column_text][\/vc_column][\/vc_row][vc_row][vc_column width=&#8221;1\/2&#8243;][vc_video link=&#8221;https:\/\/youtu.be\/gfOZ623gJm0&#8243; title=&#8221;The Invisible String | Full movie (English) `{`with German subtitles`}` \u1d34\u1d30&#8221;][\/vc_column][vc_column width=&#8221;1\/2&#8243;][vc_video link=&#8221;https:\/\/youtu.be\/1-4jEDCIIh8&#8243; title=&#8221;15 years achtung berlin \u2022 festival retrospective online&#8221;][\/vc_column][\/vc_row][vc_row][vc_column][vc_column_text]More information about the retrospective and the programme: \u00a0<a title=\"15 years achtung berlin \u2013 festival retrospective online\" href=\"https:\/\/ucm.one\/en\/15-years-achtung-berlin-festival-retrospective-online\/\">15 years achtung berlin \u2022 festival retrospective online<\/a><\/p>\n<p>More information about the documentary:\u00a0<a title=\"The Invisible String\" href=\"https:\/\/ucm.one\/en\/15-years-achtung-berlin-festival-retrospective-online\/#achtung-berlin-the-invisible-string\">The Invisible String<\/a>[\/vc_column_text][\/vc_column][\/vc_row]<\/p>\n<\/div>","protected":false},"excerpt":{"rendered":"<p>[vc_row][vc_column][vc_column_text]In the 11th film of the 15 years achtung berlin \u2022 festival retrospective online, the documentary\u00a0&#8220;The Invisible String&#8221; by Jan B\u00e4ss revolves around a round disc. The film tells the fascinating love story between people and flying plastic: the Frisbee\u00ae. A journey from its beginnings around 1900, through triumphant success in the 70s and 80s,&hellip;<\/p>\n","protected":false},"author":2,"featured_media":41433,"comment_status":"closed","ping_status":"closed","sticky":false,"template":"","format":"standard","meta":{"_acf_changed":false,"footnotes":""},"categories":[7780,22,942,941],"tags":[7990,7782,4385,7989,3405,7986,7985,7987,7926,7784,7988,7984],"class_list":["post-41431","post","type-post","status-publish","format-standard","has-post-thumbnail","hentry","category-achtung-berlin-online-retrospective","category-darling-berlin","category-film-en","category-news-en","tag-crazy-john-brooks-2","tag-15-jahre-achtung-berlin-die-online-retrospektive-2","tag-achtung-berlin-en","tag-chipper-bro-bell-2","tag-darling-berlin-en","tag-frisbee-2","tag-jan-bass","tag-jonas-knudsen-2","tag-joroni-produktions-und-verleih-2","tag-online-retrospektive-2","tag-rene-holting","tag-the-invisible-string","category-7780","category-22","category-942","category-941","description-off"],"acf":[],"yoast_head":"<!-- This site is optimized with the Yoast SEO plugin v27.5 - https:\/\/yoast.com\/product\/yoast-seo-wordpress\/ -->\n<title>The Invisible String (by jan B\u00e4ss) | achtung berlin \u2022 festival retrospective online \u2022 Film 11 - UCM.ONE<\/title>\n<meta name=\"description\" content=\"In the 11th film of the 15 Jahre achtung berlin - online retrospective, the documentary\u00a0&quot;The Invisible String&quot; by Jan B\u00e4ss is about the round Frisbee disc.\" \/>\n<meta name=\"robots\" content=\"index, follow, max-snippet:-1, max-image-preview:large, max-video-preview:-1\" \/>\n<link rel=\"canonical\" href=\"https:\/\/ucm.one\/en\/the-invisible-string-by-jan-bass-achtung-berlin-festival-retrospective-online-film-11\/\" \/>\n<meta property=\"og:locale\" content=\"en_US\" \/>\n<meta property=\"og:type\" content=\"article\" \/>\n<meta property=\"og:title\" content=\"The Invisible String (by jan B\u00e4ss) | achtung berlin \u2022 festival retrospective online \u2022 Film 11 - UCM.ONE\" \/>\n<meta property=\"og:description\" content=\"In the 11th film of the 15 Jahre achtung berlin - online retrospective, the documentary\u00a0&quot;The Invisible String&quot; by Jan B\u00e4ss is about the round Frisbee disc.\" \/>\n<meta property=\"og:url\" content=\"https:\/\/ucm.one\/en\/the-invisible-string-by-jan-bass-achtung-berlin-festival-retrospective-online-film-11\/\" \/>\n<meta property=\"og:site_name\" content=\"UCM.ONE\" \/>\n<meta property=\"article:published_time\" content=\"2020-05-23T15:21:21+00:00\" \/>\n<meta property=\"article:modified_time\" content=\"2020-05-23T16:43:48+00:00\" \/>\n<meta property=\"og:image\" content=\"https:\/\/ucm.one\/wp-content\/uploads\/2020\/05\/TheInvisibleString_Banner.jpg\" \/>\n\t<meta property=\"og:image:width\" content=\"1920\" \/>\n\t<meta property=\"og:image:height\" content=\"600\" \/>\n\t<meta property=\"og:image:type\" content=\"image\/jpeg\" \/>\n<meta name=\"author\" content=\"Joachim Keil\" \/>\n<meta name=\"twitter:card\" content=\"summary_large_image\" \/>\n<meta name=\"twitter:label1\" content=\"Written by\" \/>\n\t<meta name=\"twitter:data1\" content=\"Joachim Keil\" \/>\n\t<meta name=\"twitter:label2\" content=\"Est. reading time\" \/>\n\t<meta name=\"twitter:data2\" content=\"1 minute\" \/>\n<!-- \/ Yoast SEO plugin. -->","yoast_head_json":{"title":"The Invisible String (by jan B\u00e4ss) | achtung berlin \u2022 festival retrospective online \u2022 Film 11 - UCM.ONE","description":"In the 11th film of the 15 Jahre achtung berlin - online retrospective, the documentary\u00a0\"The Invisible String\" by Jan B\u00e4ss is about the round Frisbee disc.","robots":{"index":"index","follow":"follow","max-snippet":"max-snippet:-1","max-image-preview":"max-image-preview:large","max-video-preview":"max-video-preview:-1"},"canonical":"https:\/\/ucm.one\/en\/the-invisible-string-by-jan-bass-achtung-berlin-festival-retrospective-online-film-11\/","og_locale":"en_US","og_type":"article","og_title":"The Invisible String (by jan B\u00e4ss) | achtung berlin \u2022 festival retrospective online \u2022 Film 11 - UCM.ONE","og_description":"In the 11th film of the 15 Jahre achtung berlin - online retrospective, the documentary\u00a0\"The Invisible String\" by Jan B\u00e4ss is about the round Frisbee disc.","og_url":"https:\/\/ucm.one\/en\/the-invisible-string-by-jan-bass-achtung-berlin-festival-retrospective-online-film-11\/","og_site_name":"UCM.ONE","article_published_time":"2020-05-23T15:21:21+00:00","article_modified_time":"2020-05-23T16:43:48+00:00","og_image":[{"width":1920,"height":600,"url":"https:\/\/ucm.one\/wp-content\/uploads\/2020\/05\/TheInvisibleString_Banner.jpg","type":"image\/jpeg"}],"author":"Joachim Keil","twitter_card":"summary_large_image","twitter_misc":{"Written by":"Joachim Keil","Est. reading time":"1 minute"},"schema":{"@context":"https:\/\/schema.org","@graph":[{"@type":"Article","@id":"https:\/\/ucm.one\/en\/the-invisible-string-by-jan-bass-achtung-berlin-festival-retrospective-online-film-11\/#article","isPartOf":{"@id":"https:\/\/ucm.one\/en\/the-invisible-string-by-jan-bass-achtung-berlin-festival-retrospective-online-film-11\/"},"author":{"name":"Joachim Keil","@id":"https:\/\/ucm.one\/en\/#\/schema\/person\/4b959e467e8acc058836467a0ef8fa50"},"headline":"The Invisible String (by jan B\u00e4ss) | achtung berlin \u2022 festival retrospective online \u2022 Film 11","datePublished":"2020-05-23T15:21:21+00:00","dateModified":"2020-05-23T16:43:48+00:00","mainEntityOfPage":{"@id":"https:\/\/ucm.one\/en\/the-invisible-string-by-jan-bass-achtung-berlin-festival-retrospective-online-film-11\/"},"wordCount":188,"publisher":{"@id":"https:\/\/ucm.one\/en\/#organization"},"image":{"@id":"https:\/\/ucm.one\/en\/the-invisible-string-by-jan-bass-achtung-berlin-festival-retrospective-online-film-11\/#primaryimage"},"thumbnailUrl":"https:\/\/ucm.one\/wp-content\/uploads\/2020\/05\/TheInvisibleString_Banner.jpg","keywords":["\u201aCrazy\u2019 John Brooks","15 Jahre achtung berlin \u2022 Die Online-Retrospektive","achtung berlin","Chipper \u2018Bro\u2019 Bell","Darling Berlin","Frisbee","Jan B\u00e4ss","Jonas Knudsen","Joroni Produktions- und Verleih","Online-Retrospektive","Ren\u00e9 H\u00f6lting","The invisible String"],"articleSection":["achtung berlin - online retrospective","Darling Berlin","Film","News"],"inLanguage":"en-US"},{"@type":"WebPage","@id":"https:\/\/ucm.one\/en\/the-invisible-string-by-jan-bass-achtung-berlin-festival-retrospective-online-film-11\/","url":"https:\/\/ucm.one\/en\/the-invisible-string-by-jan-bass-achtung-berlin-festival-retrospective-online-film-11\/","name":"The Invisible String (by jan B\u00e4ss) | achtung berlin \u2022 festival retrospective online \u2022 Film 11 - UCM.ONE","isPartOf":{"@id":"https:\/\/ucm.one\/en\/#website"},"primaryImageOfPage":{"@id":"https:\/\/ucm.one\/en\/the-invisible-string-by-jan-bass-achtung-berlin-festival-retrospective-online-film-11\/#primaryimage"},"image":{"@id":"https:\/\/ucm.one\/en\/the-invisible-string-by-jan-bass-achtung-berlin-festival-retrospective-online-film-11\/#primaryimage"},"thumbnailUrl":"https:\/\/ucm.one\/wp-content\/uploads\/2020\/05\/TheInvisibleString_Banner.jpg","datePublished":"2020-05-23T15:21:21+00:00","dateModified":"2020-05-23T16:43:48+00:00","description":"In the 11th film of the 15 Jahre achtung berlin - online retrospective, the documentary\u00a0\"The Invisible String\" by Jan B\u00e4ss is about the round Frisbee disc.","breadcrumb":{"@id":"https:\/\/ucm.one\/en\/the-invisible-string-by-jan-bass-achtung-berlin-festival-retrospective-online-film-11\/#breadcrumb"},"inLanguage":"en-US","potentialAction":[{"@type":"ReadAction","target":["https:\/\/ucm.one\/en\/the-invisible-string-by-jan-bass-achtung-berlin-festival-retrospective-online-film-11\/"]}]},{"@type":"ImageObject","inLanguage":"en-US","@id":"https:\/\/ucm.one\/en\/the-invisible-string-by-jan-bass-achtung-berlin-festival-retrospective-online-film-11\/#primaryimage","url":"https:\/\/ucm.one\/wp-content\/uploads\/2020\/05\/TheInvisibleString_Banner.jpg","contentUrl":"https:\/\/ucm.one\/wp-content\/uploads\/2020\/05\/TheInvisibleString_Banner.jpg","width":1920,"height":600},{"@type":"BreadcrumbList","@id":"https:\/\/ucm.one\/en\/the-invisible-string-by-jan-bass-achtung-berlin-festival-retrospective-online-film-11\/#breadcrumb","itemListElement":[{"@type":"ListItem","position":1,"name":"Home","item":"https:\/\/ucm.one\/en\/"},{"@type":"ListItem","position":2,"name":"The Invisible String (by jan B\u00e4ss) | achtung berlin \u2022 festival retrospective online \u2022 Film 11"}]},{"@type":"WebSite","@id":"https:\/\/ucm.one\/en\/#website","url":"https:\/\/ucm.one\/en\/","name":"UCM.ONE","description":"","publisher":{"@id":"https:\/\/ucm.one\/en\/#organization"},"potentialAction":[{"@type":"SearchAction","target":{"@type":"EntryPoint","urlTemplate":"https:\/\/ucm.one\/en\/?s={search_term_string}"},"query-input":{"@type":"PropertyValueSpecification","valueRequired":true,"valueName":"search_term_string"}}],"inLanguage":"en-US"},{"@type":"Organization","@id":"https:\/\/ucm.one\/en\/#organization","name":"UCM.ONE","url":"https:\/\/ucm.one\/en\/","logo":{"@type":"ImageObject","inLanguage":"en-US","@id":"https:\/\/ucm.one\/en\/#\/schema\/logo\/image\/","url":"https:\/\/ucm.one\/wp-content\/uploads\/2019\/10\/UCM.ONE-Logo-RGB.svg","contentUrl":"https:\/\/ucm.one\/wp-content\/uploads\/2019\/10\/UCM.ONE-Logo-RGB.svg","width":1,"height":1,"caption":"UCM.ONE"},"image":{"@id":"https:\/\/ucm.one\/en\/#\/schema\/logo\/image\/"}},{"@type":"Person","@id":"https:\/\/ucm.one\/en\/#\/schema\/person\/4b959e467e8acc058836467a0ef8fa50","name":"Joachim Keil","image":{"@type":"ImageObject","inLanguage":"en-US","@id":"https:\/\/secure.gravatar.com\/avatar\/10e1dfd05f2a7a7bc83cd44bae31e01c8ac15f974229211a2b1a49fa0a22fec0?s=96&d=mm&r=g","url":"https:\/\/secure.gravatar.com\/avatar\/10e1dfd05f2a7a7bc83cd44bae31e01c8ac15f974229211a2b1a49fa0a22fec0?s=96&d=mm&r=g","contentUrl":"https:\/\/secure.gravatar.com\/avatar\/10e1dfd05f2a7a7bc83cd44bae31e01c8ac15f974229211a2b1a49fa0a22fec0?s=96&d=mm&r=g","caption":"Joachim Keil"},"sameAs":["https:\/\/ucm.one"]}]}},"_links":{"self":[{"href":"https:\/\/ucm.one\/en\/wp-json\/wp\/v2\/posts\/41431","targetHints":{"allow":["GET"]}}],"collection":[{"href":"https:\/\/ucm.one\/en\/wp-json\/wp\/v2\/posts"}],"about":[{"href":"https:\/\/ucm.one\/en\/wp-json\/wp\/v2\/types\/post"}],"author":[{"embeddable":true,"href":"https:\/\/ucm.one\/en\/wp-json\/wp\/v2\/users\/2"}],"replies":[{"embeddable":true,"href":"https:\/\/ucm.one\/en\/wp-json\/wp\/v2\/comments?post=41431"}],"version-history":[{"count":0,"href":"https:\/\/ucm.one\/en\/wp-json\/wp\/v2\/posts\/41431\/revisions"}],"wp:featuredmedia":[{"embeddable":true,"href":"https:\/\/ucm.one\/en\/wp-json\/wp\/v2\/media\/41433"}],"wp:attachment":[{"href":"https:\/\/ucm.one\/en\/wp-json\/wp\/v2\/media?parent=41431"}],"wp:term":[{"taxonomy":"category","embeddable":true,"href":"https:\/\/ucm.one\/en\/wp-json\/wp\/v2\/categories?post=41431"},{"taxonomy":"post_tag","embeddable":true,"href":"https:\/\/ucm.one\/en\/wp-json\/wp\/v2\/tags?post=41431"}],"curies":[{"name":"wp","href":"https:\/\/api.w.org\/{rel}","templated":true}]}}