{"id":41053,"date":"2020-05-15T15:58:28","date_gmt":"2020-05-15T15:58:28","guid":{"rendered":"https:\/\/ucm.one\/?p=41053"},"modified":"2020-05-17T15:19:59","modified_gmt":"2020-05-17T15:19:59","slug":"blank-by-sarah-blaskiewitz-achtung-berlin-festival-retrospective-online%e2%80%a2film-3-2-2","status":"publish","type":"post","link":"https:\/\/ucm.one\/en\/blank-by-sarah-blaskiewitz-achtung-berlin-festival-retrospective-online%e2%80%a2film-3-2-2\/","title":{"rendered":"Blank (by Sarah Bla\u00dfkiewitz) | achtung berlin \u2022 festival retrospective online \u2022 Film 3"},"content":{"rendered":"<div class=\"wpb-content-wrapper\"><p>[vc_row][vc_column][vc_column_text]As the 3rd film in the context of the <strong>15 Jahre achtung berlin &#8211; Online Retrospective<\/strong> we are showing the film &#8220;<strong>Blank<\/strong>&#8221; by <strong>Sarah Bla\u00dfkiewitz<\/strong>.\u00a0The 53-minute film is about the two women Mila and Charly, who want to use &#8220;escaping&#8221; as a means to avoid facing their crises of meaning. In the hope of finding a way out of the inner dead end at another place, they decide to take a road trip towards the sea, underestimating that they have taken themselves along on the journey&#8230;[\/vc_column_text][\/vc_column][\/vc_row][vc_row][vc_column width=&#8221;1\/2&#8243;][vc_video link=&#8221;https:\/\/youtu.be\/ahhadqYBhAo&#8221; title=&#8221;Blank| Trailer (German) \u1d34\u1d30&#8221;][\/vc_column][vc_column width=&#8221;1\/2&#8243;][vc_video link=&#8221;https:\/\/youtu.be\/1-4jEDCIIh8&#8243; title=&#8221;15 years achtung berlin \u2022 festival retrospective online \u1d34\u1d30&#8221;][\/vc_column][\/vc_row][vc_row][vc_column][vc_video link=&#8221;https:\/\/youtu.be\/0vJdOF0aLoU&#8221; title=&#8221;Blank | Full Movie (German) `{`with English subtitles`}` \u1d34\u1d30&#8221;][\/vc_column][\/vc_row][vc_row][vc_column][vc_column_text]More information about the programme: \u00a0<a title=\"15 years achtung berlin \u2013 festival retrospective online\" href=\"https:\/\/ucm.one\/en\/15-years-achtung-berlin-festival-retrospective-online\/\">15 years achtung berlin \u2013 festival retrospective online<\/a><\/p>\n<p>More information about the movie:\u00a0<a title=\"Blank\" href=\"https:\/\/ucm.one\/en\/15-years-achtung-berlin-festival-retrospective-online\/#achtung-berlin-blank\">Blank<\/a>[\/vc_column_text][\/vc_column][\/vc_row]<\/p>\n<\/div>","protected":false},"excerpt":{"rendered":"<p>[vc_row][vc_column][vc_column_text]As the 3rd film in the context of the 15 Jahre achtung berlin &#8211; Online Retrospective we are showing the film &#8220;Blank&#8221; by Sarah Bla\u00dfkiewitz.\u00a0The 53-minute film is about the two women Mila and Charly, who want to use &#8220;escaping&#8221; as a means to avoid facing their crises of meaning. In the hope of finding&hellip;<\/p>\n","protected":false},"author":2,"featured_media":41055,"comment_status":"closed","ping_status":"closed","sticky":false,"template":"","format":"standard","meta":{"_acf_changed":false,"footnotes":""},"categories":[7780,22,942,941],"tags":[7782,2498,7822,3468,7826,7821,7824,7828,7827,7786,7784,7823,7820,7825],"class_list":["post-41053","post","type-post","status-publish","format-standard","has-post-thumbnail","hentry","category-achtung-berlin-online-retrospective","category-darling-berlin","category-film-en","category-news-en","tag-15-jahre-achtung-berlin-die-online-retrospektive-2","tag-achtung-berlin","tag-alessija-lause-2","tag-anne-haug-en","tag-antje-volkmann-2","tag-blank-2","tag-emma-graf","tag-kai-von-glasow-2","tag-leander-bauer-2","tag-online","tag-online-retrospektive-2","tag-sarah-blaskiewitz","tag-sarah-blaskiewitz-volkmann","tag-thomas-deittert-2","category-7780","category-22","category-942","category-941","description-off"],"acf":[],"yoast_head":"<!-- This site is optimized with the Yoast SEO plugin v27.5 - https:\/\/yoast.com\/product\/yoast-seo-wordpress\/ -->\n<title>Blank (by Sarah Bla\u00dfkiewitz) | achtung berlin \u2022 festival retrospective online \u2022 Film 3 - UCM.ONE<\/title>\n<meta name=\"description\" content=\"As the 3rd film in the context of the 15 Jahre achtung berlin - Online Retrospective we are showing the film Blank by Sarah Bla\u00dfkiewitz.\u00a0\" \/>\n<meta name=\"robots\" content=\"index, follow, max-snippet:-1, max-image-preview:large, max-video-preview:-1\" \/>\n<link rel=\"canonical\" href=\"https:\/\/ucm.one\/en\/blank-by-sarah-blaskiewitz-achtung-berlin-festival-retrospective-online%e2%80%a2film-3-2-2\/\" \/>\n<meta property=\"og:locale\" content=\"en_US\" \/>\n<meta property=\"og:type\" content=\"article\" \/>\n<meta property=\"og:title\" content=\"Blank (by Sarah Bla\u00dfkiewitz) | achtung berlin \u2022 festival retrospective online \u2022 Film 3 - UCM.ONE\" \/>\n<meta property=\"og:description\" content=\"As the 3rd film in the context of the 15 Jahre achtung berlin - Online Retrospective we are showing the film Blank by Sarah Bla\u00dfkiewitz.\u00a0\" \/>\n<meta property=\"og:url\" content=\"https:\/\/ucm.one\/en\/blank-by-sarah-blaskiewitz-achtung-berlin-festival-retrospective-online%e2%80%a2film-3-2-2\/\" \/>\n<meta property=\"og:site_name\" content=\"UCM.ONE\" \/>\n<meta property=\"article:published_time\" content=\"2020-05-15T15:58:28+00:00\" \/>\n<meta property=\"article:modified_time\" content=\"2020-05-17T15:19:59+00:00\" \/>\n<meta property=\"og:image\" content=\"https:\/\/ucm.one\/wp-content\/uploads\/2020\/05\/Blank_Banner.jpg\" \/>\n\t<meta property=\"og:image:width\" content=\"1920\" \/>\n\t<meta property=\"og:image:height\" content=\"600\" \/>\n\t<meta property=\"og:image:type\" content=\"image\/jpeg\" \/>\n<meta name=\"author\" content=\"Joachim Keil\" \/>\n<meta name=\"twitter:card\" content=\"summary_large_image\" \/>\n<meta name=\"twitter:label1\" content=\"Written by\" \/>\n\t<meta name=\"twitter:data1\" content=\"Joachim Keil\" \/>\n\t<meta name=\"twitter:label2\" content=\"Est. reading time\" \/>\n\t<meta name=\"twitter:data2\" content=\"1 minute\" \/>\n<!-- \/ Yoast SEO plugin. -->","yoast_head_json":{"title":"Blank (by Sarah Bla\u00dfkiewitz) | achtung berlin \u2022 festival retrospective online \u2022 Film 3 - UCM.ONE","description":"As the 3rd film in the context of the 15 Jahre achtung berlin - Online Retrospective we are showing the film Blank by Sarah Bla\u00dfkiewitz.\u00a0","robots":{"index":"index","follow":"follow","max-snippet":"max-snippet:-1","max-image-preview":"max-image-preview:large","max-video-preview":"max-video-preview:-1"},"canonical":"https:\/\/ucm.one\/en\/blank-by-sarah-blaskiewitz-achtung-berlin-festival-retrospective-online%e2%80%a2film-3-2-2\/","og_locale":"en_US","og_type":"article","og_title":"Blank (by Sarah Bla\u00dfkiewitz) | achtung berlin \u2022 festival retrospective online \u2022 Film 3 - UCM.ONE","og_description":"As the 3rd film in the context of the 15 Jahre achtung berlin - Online Retrospective we are showing the film Blank by Sarah Bla\u00dfkiewitz.\u00a0","og_url":"https:\/\/ucm.one\/en\/blank-by-sarah-blaskiewitz-achtung-berlin-festival-retrospective-online%e2%80%a2film-3-2-2\/","og_site_name":"UCM.ONE","article_published_time":"2020-05-15T15:58:28+00:00","article_modified_time":"2020-05-17T15:19:59+00:00","og_image":[{"width":1920,"height":600,"url":"https:\/\/ucm.one\/wp-content\/uploads\/2020\/05\/Blank_Banner.jpg","type":"image\/jpeg"}],"author":"Joachim Keil","twitter_card":"summary_large_image","twitter_misc":{"Written by":"Joachim Keil","Est. reading time":"1 minute"},"schema":{"@context":"https:\/\/schema.org","@graph":[{"@type":"Article","@id":"https:\/\/ucm.one\/en\/blank-by-sarah-blaskiewitz-achtung-berlin-festival-retrospective-online%e2%80%a2film-3-2-2\/#article","isPartOf":{"@id":"https:\/\/ucm.one\/en\/blank-by-sarah-blaskiewitz-achtung-berlin-festival-retrospective-online%e2%80%a2film-3-2-2\/"},"author":{"name":"Joachim Keil","@id":"https:\/\/ucm.one\/en\/#\/schema\/person\/4b959e467e8acc058836467a0ef8fa50"},"headline":"Blank (by Sarah Bla\u00dfkiewitz) | achtung berlin \u2022 festival retrospective online \u2022 Film 3","datePublished":"2020-05-15T15:58:28+00:00","dateModified":"2020-05-17T15:19:59+00:00","mainEntityOfPage":{"@id":"https:\/\/ucm.one\/en\/blank-by-sarah-blaskiewitz-achtung-berlin-festival-retrospective-online%e2%80%a2film-3-2-2\/"},"wordCount":207,"publisher":{"@id":"https:\/\/ucm.one\/en\/#organization"},"image":{"@id":"https:\/\/ucm.one\/en\/blank-by-sarah-blaskiewitz-achtung-berlin-festival-retrospective-online%e2%80%a2film-3-2-2\/#primaryimage"},"thumbnailUrl":"https:\/\/ucm.one\/wp-content\/uploads\/2020\/05\/Blank_Banner.jpg","keywords":["15 Jahre achtung berlin \u2022 Die Online-Retrospektive","achtung berlin","Alessija Lause","Anne Haug","Antje Volkmann","Blank","Emma Gr\u00e4f","Kai von Glasow","Leander Bauer","Online","Online-Retrospektive","Sarah Bla\u00dfkiewitz","Sarah Bla\u00dfkiewitz Volkmann","Thomas Deittert"],"articleSection":["achtung berlin - online retrospective","Darling Berlin","Film","News"],"inLanguage":"en-US"},{"@type":"WebPage","@id":"https:\/\/ucm.one\/en\/blank-by-sarah-blaskiewitz-achtung-berlin-festival-retrospective-online%e2%80%a2film-3-2-2\/","url":"https:\/\/ucm.one\/en\/blank-by-sarah-blaskiewitz-achtung-berlin-festival-retrospective-online%e2%80%a2film-3-2-2\/","name":"Blank (by Sarah Bla\u00dfkiewitz) | achtung berlin \u2022 festival retrospective online \u2022 Film 3 - UCM.ONE","isPartOf":{"@id":"https:\/\/ucm.one\/en\/#website"},"primaryImageOfPage":{"@id":"https:\/\/ucm.one\/en\/blank-by-sarah-blaskiewitz-achtung-berlin-festival-retrospective-online%e2%80%a2film-3-2-2\/#primaryimage"},"image":{"@id":"https:\/\/ucm.one\/en\/blank-by-sarah-blaskiewitz-achtung-berlin-festival-retrospective-online%e2%80%a2film-3-2-2\/#primaryimage"},"thumbnailUrl":"https:\/\/ucm.one\/wp-content\/uploads\/2020\/05\/Blank_Banner.jpg","datePublished":"2020-05-15T15:58:28+00:00","dateModified":"2020-05-17T15:19:59+00:00","description":"As the 3rd film in the context of the 15 Jahre achtung berlin - Online Retrospective we are showing the film Blank by Sarah Bla\u00dfkiewitz.\u00a0","breadcrumb":{"@id":"https:\/\/ucm.one\/en\/blank-by-sarah-blaskiewitz-achtung-berlin-festival-retrospective-online%e2%80%a2film-3-2-2\/#breadcrumb"},"inLanguage":"en-US","potentialAction":[{"@type":"ReadAction","target":["https:\/\/ucm.one\/en\/blank-by-sarah-blaskiewitz-achtung-berlin-festival-retrospective-online%e2%80%a2film-3-2-2\/"]}]},{"@type":"ImageObject","inLanguage":"en-US","@id":"https:\/\/ucm.one\/en\/blank-by-sarah-blaskiewitz-achtung-berlin-festival-retrospective-online%e2%80%a2film-3-2-2\/#primaryimage","url":"https:\/\/ucm.one\/wp-content\/uploads\/2020\/05\/Blank_Banner.jpg","contentUrl":"https:\/\/ucm.one\/wp-content\/uploads\/2020\/05\/Blank_Banner.jpg","width":1920,"height":600},{"@type":"BreadcrumbList","@id":"https:\/\/ucm.one\/en\/blank-by-sarah-blaskiewitz-achtung-berlin-festival-retrospective-online%e2%80%a2film-3-2-2\/#breadcrumb","itemListElement":[{"@type":"ListItem","position":1,"name":"Home","item":"https:\/\/ucm.one\/en\/"},{"@type":"ListItem","position":2,"name":"Blank (by Sarah Bla\u00dfkiewitz) | achtung berlin \u2022 festival retrospective online \u2022 Film 3"}]},{"@type":"WebSite","@id":"https:\/\/ucm.one\/en\/#website","url":"https:\/\/ucm.one\/en\/","name":"UCM.ONE","description":"","publisher":{"@id":"https:\/\/ucm.one\/en\/#organization"},"potentialAction":[{"@type":"SearchAction","target":{"@type":"EntryPoint","urlTemplate":"https:\/\/ucm.one\/en\/?s={search_term_string}"},"query-input":{"@type":"PropertyValueSpecification","valueRequired":true,"valueName":"search_term_string"}}],"inLanguage":"en-US"},{"@type":"Organization","@id":"https:\/\/ucm.one\/en\/#organization","name":"UCM.ONE","url":"https:\/\/ucm.one\/en\/","logo":{"@type":"ImageObject","inLanguage":"en-US","@id":"https:\/\/ucm.one\/en\/#\/schema\/logo\/image\/","url":"https:\/\/ucm.one\/wp-content\/uploads\/2019\/10\/UCM.ONE-Logo-RGB.svg","contentUrl":"https:\/\/ucm.one\/wp-content\/uploads\/2019\/10\/UCM.ONE-Logo-RGB.svg","width":1,"height":1,"caption":"UCM.ONE"},"image":{"@id":"https:\/\/ucm.one\/en\/#\/schema\/logo\/image\/"}},{"@type":"Person","@id":"https:\/\/ucm.one\/en\/#\/schema\/person\/4b959e467e8acc058836467a0ef8fa50","name":"Joachim Keil","image":{"@type":"ImageObject","inLanguage":"en-US","@id":"https:\/\/secure.gravatar.com\/avatar\/10e1dfd05f2a7a7bc83cd44bae31e01c8ac15f974229211a2b1a49fa0a22fec0?s=96&d=mm&r=g","url":"https:\/\/secure.gravatar.com\/avatar\/10e1dfd05f2a7a7bc83cd44bae31e01c8ac15f974229211a2b1a49fa0a22fec0?s=96&d=mm&r=g","contentUrl":"https:\/\/secure.gravatar.com\/avatar\/10e1dfd05f2a7a7bc83cd44bae31e01c8ac15f974229211a2b1a49fa0a22fec0?s=96&d=mm&r=g","caption":"Joachim Keil"},"sameAs":["https:\/\/ucm.one"]}]}},"_links":{"self":[{"href":"https:\/\/ucm.one\/en\/wp-json\/wp\/v2\/posts\/41053","targetHints":{"allow":["GET"]}}],"collection":[{"href":"https:\/\/ucm.one\/en\/wp-json\/wp\/v2\/posts"}],"about":[{"href":"https:\/\/ucm.one\/en\/wp-json\/wp\/v2\/types\/post"}],"author":[{"embeddable":true,"href":"https:\/\/ucm.one\/en\/wp-json\/wp\/v2\/users\/2"}],"replies":[{"embeddable":true,"href":"https:\/\/ucm.one\/en\/wp-json\/wp\/v2\/comments?post=41053"}],"version-history":[{"count":0,"href":"https:\/\/ucm.one\/en\/wp-json\/wp\/v2\/posts\/41053\/revisions"}],"wp:featuredmedia":[{"embeddable":true,"href":"https:\/\/ucm.one\/en\/wp-json\/wp\/v2\/media\/41055"}],"wp:attachment":[{"href":"https:\/\/ucm.one\/en\/wp-json\/wp\/v2\/media?parent=41053"}],"wp:term":[{"taxonomy":"category","embeddable":true,"href":"https:\/\/ucm.one\/en\/wp-json\/wp\/v2\/categories?post=41053"},{"taxonomy":"post_tag","embeddable":true,"href":"https:\/\/ucm.one\/en\/wp-json\/wp\/v2\/tags?post=41053"}],"curies":[{"name":"wp","href":"https:\/\/api.w.org\/{rel}","templated":true}]}}