{"id":41013,"date":"2020-05-14T16:13:25","date_gmt":"2020-05-14T16:13:25","guid":{"rendered":"https:\/\/ucm.one\/?p=41013"},"modified":"2020-05-17T15:18:43","modified_gmt":"2020-05-17T15:18:43","slug":"ianus-by-victoria-schulz-achtung-berlin-festival-retrospective-online-film-2","status":"publish","type":"post","link":"https:\/\/ucm.one\/en\/ianus-by-victoria-schulz-achtung-berlin-festival-retrospective-online-film-2\/","title":{"rendered":"Ianus (by Victoria Schulz) | achtung berlin \u2022 festival retrospective online \u2022 Film 2"},"content":{"rendered":"<div class=\"wpb-content-wrapper\"><p>[vc_row][vc_column][vc_column_text]The short film &#8220;<strong>Ianus<\/strong>&#8221; by <strong>Victoria Schulz<\/strong> is the second film in the context of the <strong>15 years achtung berlin \u2022\u00a0\u00a0festival retrospective online<\/strong>. Just like the Roman God Ianus, in the film young mother Lynn has to cope with two contrasting poles within herself that are torn between her old freedom and new responsibilities.[\/vc_column_text][\/vc_column][\/vc_row][vc_row][vc_column width=&#8221;1\/2&#8243;][vc_video link=&#8221;https:\/\/youtu.be\/LmwLH2s8EBU&#8221; title=&#8221;Ianus| Ganzer Film (deutsch) \u1d34\u1d30&#8221;][\/vc_column][vc_column width=&#8221;1\/2&#8243;][vc_video link=&#8221;https:\/\/youtu.be\/1-4jEDCIIh8&#8243; title=&#8221;15 Jahre achtung berlin \u2022 Die Online-Retrospektive&#8221;][\/vc_column][\/vc_row][vc_row][vc_column][vc_column_text]More information about the programme: \u00a0<a title=\"15 years achtung berlin \u2013 festival retrospective online\" href=\"\/en\/15-years-achtung-berlin-festival-retrospective-online\/\">15 years achtung berlin \u2013 festival retrospective online<\/a><\/p>\n<p>More information about the film:\u00a0<a title=\"15 years achtung berlin \u2013 festival retrospective online\" href=\"https:\/\/ucm.one\/en\/15-years-achtung-berlin-festival-retrospective-online\/#achtung-berlin-ianus\">Ianus<\/a>[\/vc_column_text][\/vc_column][\/vc_row]<\/p>\n<\/div>","protected":false},"excerpt":{"rendered":"<p>[vc_row][vc_column][vc_column_text]The short film &#8220;Ianus&#8221; by Victoria Schulz is the second film in the context of the 15 years achtung berlin \u2022\u00a0\u00a0festival retrospective online. Just like the Roman God Ianus, in the film young mother Lynn has to cope with two contrasting poles within herself that are torn between her old freedom and new responsibilities.[\/vc_column_text][\/vc_column][\/vc_row][vc_row][vc_column width=&#8221;1\/2&#8243;][vc_video&hellip;<\/p>\n","protected":false},"author":2,"featured_media":41015,"comment_status":"closed","ping_status":"closed","sticky":false,"template":"","format":"standard","meta":{"_acf_changed":false,"footnotes":""},"categories":[7780,22,942,941],"tags":[7782,3687,2530,7807,7804,7806,7805,7794,7786,7784,7808,4345],"class_list":["post-41013","post","type-post","status-publish","format-standard","has-post-thumbnail","hentry","category-achtung-berlin-online-retrospective","category-darling-berlin","category-film-en","category-news-en","tag-15-jahre-achtung-berlin-die-online-retrospektive-2","tag-festival-en","tag-filmuniversitaet-babelsberg-konrad-wolf","tag-henning-beckhoff-2","tag-ianus-2","tag-jennifer-rudloff-2","tag-luisa-celine-gaffron-2","tag-nadja-stubiger","tag-online","tag-online-retrospektive-2","tag-valentin-selmke-2","tag-victoria-schulz-en","category-7780","category-22","category-942","category-941","description-off"],"acf":[],"yoast_head":"<!-- This site is optimized with the Yoast SEO plugin v27.5 - https:\/\/yoast.com\/product\/yoast-seo-wordpress\/ -->\n<title>Ianus (by Victoria Schulz) | achtung berlin \u2022 festival retrospective online \u2022 Film 2 - UCM.ONE<\/title>\n<meta name=\"description\" content=\"The short film Ianus by Victoria Schulz is the second film in the context of the 15 years achtung berlin \u2022\u00a0\u00a0festival retrospective online.\" \/>\n<meta name=\"robots\" content=\"index, follow, max-snippet:-1, max-image-preview:large, max-video-preview:-1\" \/>\n<link rel=\"canonical\" href=\"https:\/\/ucm.one\/en\/ianus-by-victoria-schulz-achtung-berlin-festival-retrospective-online-film-2\/\" \/>\n<meta property=\"og:locale\" content=\"en_US\" \/>\n<meta property=\"og:type\" content=\"article\" \/>\n<meta property=\"og:title\" content=\"Ianus (by Victoria Schulz) | achtung berlin \u2022 festival retrospective online \u2022 Film 2 - UCM.ONE\" \/>\n<meta property=\"og:description\" content=\"The short film Ianus by Victoria Schulz is the second film in the context of the 15 years achtung berlin \u2022\u00a0\u00a0festival retrospective online.\" \/>\n<meta property=\"og:url\" content=\"https:\/\/ucm.one\/en\/ianus-by-victoria-schulz-achtung-berlin-festival-retrospective-online-film-2\/\" \/>\n<meta property=\"og:site_name\" content=\"UCM.ONE\" \/>\n<meta property=\"article:published_time\" content=\"2020-05-14T16:13:25+00:00\" \/>\n<meta property=\"article:modified_time\" content=\"2020-05-17T15:18:43+00:00\" \/>\n<meta property=\"og:image\" content=\"https:\/\/ucm.one\/wp-content\/uploads\/2020\/05\/Ianus_Banner.jpg\" \/>\n\t<meta property=\"og:image:width\" content=\"1920\" \/>\n\t<meta property=\"og:image:height\" content=\"600\" \/>\n\t<meta property=\"og:image:type\" content=\"image\/jpeg\" \/>\n<meta name=\"author\" content=\"Joachim Keil\" \/>\n<meta name=\"twitter:card\" content=\"summary_large_image\" \/>\n<meta name=\"twitter:label1\" content=\"Written by\" \/>\n\t<meta name=\"twitter:data1\" content=\"Joachim Keil\" \/>\n\t<meta name=\"twitter:label2\" content=\"Est. reading time\" \/>\n\t<meta name=\"twitter:data2\" content=\"1 minute\" \/>\n<!-- \/ Yoast SEO plugin. -->","yoast_head_json":{"title":"Ianus (by Victoria Schulz) | achtung berlin \u2022 festival retrospective online \u2022 Film 2 - UCM.ONE","description":"The short film Ianus by Victoria Schulz is the second film in the context of the 15 years achtung berlin \u2022\u00a0\u00a0festival retrospective online.","robots":{"index":"index","follow":"follow","max-snippet":"max-snippet:-1","max-image-preview":"max-image-preview:large","max-video-preview":"max-video-preview:-1"},"canonical":"https:\/\/ucm.one\/en\/ianus-by-victoria-schulz-achtung-berlin-festival-retrospective-online-film-2\/","og_locale":"en_US","og_type":"article","og_title":"Ianus (by Victoria Schulz) | achtung berlin \u2022 festival retrospective online \u2022 Film 2 - UCM.ONE","og_description":"The short film Ianus by Victoria Schulz is the second film in the context of the 15 years achtung berlin \u2022\u00a0\u00a0festival retrospective online.","og_url":"https:\/\/ucm.one\/en\/ianus-by-victoria-schulz-achtung-berlin-festival-retrospective-online-film-2\/","og_site_name":"UCM.ONE","article_published_time":"2020-05-14T16:13:25+00:00","article_modified_time":"2020-05-17T15:18:43+00:00","og_image":[{"width":1920,"height":600,"url":"https:\/\/ucm.one\/wp-content\/uploads\/2020\/05\/Ianus_Banner.jpg","type":"image\/jpeg"}],"author":"Joachim Keil","twitter_card":"summary_large_image","twitter_misc":{"Written by":"Joachim Keil","Est. reading time":"1 minute"},"schema":{"@context":"https:\/\/schema.org","@graph":[{"@type":"Article","@id":"https:\/\/ucm.one\/en\/ianus-by-victoria-schulz-achtung-berlin-festival-retrospective-online-film-2\/#article","isPartOf":{"@id":"https:\/\/ucm.one\/en\/ianus-by-victoria-schulz-achtung-berlin-festival-retrospective-online-film-2\/"},"author":{"name":"Joachim Keil","@id":"https:\/\/ucm.one\/en\/#\/schema\/person\/4b959e467e8acc058836467a0ef8fa50"},"headline":"Ianus (by Victoria Schulz) | achtung berlin \u2022 festival retrospective online \u2022 Film 2","datePublished":"2020-05-14T16:13:25+00:00","dateModified":"2020-05-17T15:18:43+00:00","mainEntityOfPage":{"@id":"https:\/\/ucm.one\/en\/ianus-by-victoria-schulz-achtung-berlin-festival-retrospective-online-film-2\/"},"wordCount":150,"publisher":{"@id":"https:\/\/ucm.one\/en\/#organization"},"image":{"@id":"https:\/\/ucm.one\/en\/ianus-by-victoria-schulz-achtung-berlin-festival-retrospective-online-film-2\/#primaryimage"},"thumbnailUrl":"https:\/\/ucm.one\/wp-content\/uploads\/2020\/05\/Ianus_Banner.jpg","keywords":["15 Jahre achtung berlin \u2022 Die Online-Retrospektive","Festival","Filmuniversit\u00e4t Babelsberg Konrad Wolf","Henning Beckhoff","Ianus","Jennifer Rudloff","Luisa-C\u00e9line Gaffron","Nadja St\u00fcbiger","Online","Online-Retrospektive","Valentin Selmke","Victoria Schulz"],"articleSection":["achtung berlin - online retrospective","Darling Berlin","Film","News"],"inLanguage":"en-US"},{"@type":"WebPage","@id":"https:\/\/ucm.one\/en\/ianus-by-victoria-schulz-achtung-berlin-festival-retrospective-online-film-2\/","url":"https:\/\/ucm.one\/en\/ianus-by-victoria-schulz-achtung-berlin-festival-retrospective-online-film-2\/","name":"Ianus (by Victoria Schulz) | achtung berlin \u2022 festival retrospective online \u2022 Film 2 - UCM.ONE","isPartOf":{"@id":"https:\/\/ucm.one\/en\/#website"},"primaryImageOfPage":{"@id":"https:\/\/ucm.one\/en\/ianus-by-victoria-schulz-achtung-berlin-festival-retrospective-online-film-2\/#primaryimage"},"image":{"@id":"https:\/\/ucm.one\/en\/ianus-by-victoria-schulz-achtung-berlin-festival-retrospective-online-film-2\/#primaryimage"},"thumbnailUrl":"https:\/\/ucm.one\/wp-content\/uploads\/2020\/05\/Ianus_Banner.jpg","datePublished":"2020-05-14T16:13:25+00:00","dateModified":"2020-05-17T15:18:43+00:00","description":"The short film Ianus by Victoria Schulz is the second film in the context of the 15 years achtung berlin \u2022\u00a0\u00a0festival retrospective online.","breadcrumb":{"@id":"https:\/\/ucm.one\/en\/ianus-by-victoria-schulz-achtung-berlin-festival-retrospective-online-film-2\/#breadcrumb"},"inLanguage":"en-US","potentialAction":[{"@type":"ReadAction","target":["https:\/\/ucm.one\/en\/ianus-by-victoria-schulz-achtung-berlin-festival-retrospective-online-film-2\/"]}]},{"@type":"ImageObject","inLanguage":"en-US","@id":"https:\/\/ucm.one\/en\/ianus-by-victoria-schulz-achtung-berlin-festival-retrospective-online-film-2\/#primaryimage","url":"https:\/\/ucm.one\/wp-content\/uploads\/2020\/05\/Ianus_Banner.jpg","contentUrl":"https:\/\/ucm.one\/wp-content\/uploads\/2020\/05\/Ianus_Banner.jpg","width":1920,"height":600},{"@type":"BreadcrumbList","@id":"https:\/\/ucm.one\/en\/ianus-by-victoria-schulz-achtung-berlin-festival-retrospective-online-film-2\/#breadcrumb","itemListElement":[{"@type":"ListItem","position":1,"name":"Home","item":"https:\/\/ucm.one\/en\/"},{"@type":"ListItem","position":2,"name":"Ianus (by Victoria Schulz) | achtung berlin \u2022 festival retrospective online \u2022 Film 2"}]},{"@type":"WebSite","@id":"https:\/\/ucm.one\/en\/#website","url":"https:\/\/ucm.one\/en\/","name":"UCM.ONE","description":"","publisher":{"@id":"https:\/\/ucm.one\/en\/#organization"},"potentialAction":[{"@type":"SearchAction","target":{"@type":"EntryPoint","urlTemplate":"https:\/\/ucm.one\/en\/?s={search_term_string}"},"query-input":{"@type":"PropertyValueSpecification","valueRequired":true,"valueName":"search_term_string"}}],"inLanguage":"en-US"},{"@type":"Organization","@id":"https:\/\/ucm.one\/en\/#organization","name":"UCM.ONE","url":"https:\/\/ucm.one\/en\/","logo":{"@type":"ImageObject","inLanguage":"en-US","@id":"https:\/\/ucm.one\/en\/#\/schema\/logo\/image\/","url":"https:\/\/ucm.one\/wp-content\/uploads\/2019\/10\/UCM.ONE-Logo-RGB.svg","contentUrl":"https:\/\/ucm.one\/wp-content\/uploads\/2019\/10\/UCM.ONE-Logo-RGB.svg","width":1,"height":1,"caption":"UCM.ONE"},"image":{"@id":"https:\/\/ucm.one\/en\/#\/schema\/logo\/image\/"}},{"@type":"Person","@id":"https:\/\/ucm.one\/en\/#\/schema\/person\/4b959e467e8acc058836467a0ef8fa50","name":"Joachim Keil","image":{"@type":"ImageObject","inLanguage":"en-US","@id":"https:\/\/secure.gravatar.com\/avatar\/10e1dfd05f2a7a7bc83cd44bae31e01c8ac15f974229211a2b1a49fa0a22fec0?s=96&d=mm&r=g","url":"https:\/\/secure.gravatar.com\/avatar\/10e1dfd05f2a7a7bc83cd44bae31e01c8ac15f974229211a2b1a49fa0a22fec0?s=96&d=mm&r=g","contentUrl":"https:\/\/secure.gravatar.com\/avatar\/10e1dfd05f2a7a7bc83cd44bae31e01c8ac15f974229211a2b1a49fa0a22fec0?s=96&d=mm&r=g","caption":"Joachim Keil"},"sameAs":["https:\/\/ucm.one"]}]}},"_links":{"self":[{"href":"https:\/\/ucm.one\/en\/wp-json\/wp\/v2\/posts\/41013","targetHints":{"allow":["GET"]}}],"collection":[{"href":"https:\/\/ucm.one\/en\/wp-json\/wp\/v2\/posts"}],"about":[{"href":"https:\/\/ucm.one\/en\/wp-json\/wp\/v2\/types\/post"}],"author":[{"embeddable":true,"href":"https:\/\/ucm.one\/en\/wp-json\/wp\/v2\/users\/2"}],"replies":[{"embeddable":true,"href":"https:\/\/ucm.one\/en\/wp-json\/wp\/v2\/comments?post=41013"}],"version-history":[{"count":0,"href":"https:\/\/ucm.one\/en\/wp-json\/wp\/v2\/posts\/41013\/revisions"}],"wp:featuredmedia":[{"embeddable":true,"href":"https:\/\/ucm.one\/en\/wp-json\/wp\/v2\/media\/41015"}],"wp:attachment":[{"href":"https:\/\/ucm.one\/en\/wp-json\/wp\/v2\/media?parent=41013"}],"wp:term":[{"taxonomy":"category","embeddable":true,"href":"https:\/\/ucm.one\/en\/wp-json\/wp\/v2\/categories?post=41013"},{"taxonomy":"post_tag","embeddable":true,"href":"https:\/\/ucm.one\/en\/wp-json\/wp\/v2\/tags?post=41013"}],"curies":[{"name":"wp","href":"https:\/\/api.w.org\/{rel}","templated":true}]}}