{"id":373529,"date":"2025-07-22T15:55:18","date_gmt":"2025-07-22T15:55:18","guid":{"rendered":"https:\/\/ucm.one\/%f0%9f%8e%ac-ucm-one-acquires-the-coming-of-age-comedy-nulpen-by-sorina-gajewski\/"},"modified":"2026-04-08T12:38:51","modified_gmt":"2026-04-08T12:38:51","slug":"ucm-one-acquires-the-coming-of-age-comedy-nulpen-by-sorina-gajewski","status":"publish","type":"post","link":"https:\/\/ucm.one\/en\/ucm-one-acquires-the-coming-of-age-comedy-nulpen-by-sorina-gajewski\/","title":{"rendered":"\ud83c\udfac UCM.ONE acquires the coming-of-age comedy \u201cNulpen\u201d by Sorina Gajewski"},"content":{"rendered":"<div class=\"wpb-content-wrapper\"><p>[vc_row][vc_column][vc_column_text css=&#8221;&#8221;]<\/p>\n<div class=\"\">\n<p>The feature film \u201c<b>Nulpen<\/b>\u201d (international title: \u201c<b>Slackers<\/b>\u201d) produced by the <b>German Film and Television Academy Berlin<\/b> (<b>DFFB<\/b>) [production: <b>Sabrina Holzapfel<\/b>] and directed by <b>Sorina Gajewski<\/b> (screenplay and direction) has been acquired by <b>UCM.ONE<\/b> for theatrical distribution and world sales. The highly acclaimed coming-of-age comedy about two young women who embark on an aimless journey through the Berlin summer after graduating from high school tells with lightness and poetic power about friendship, disorientation, and growing up in a world between the desire for freedom and the climate crisis. With \u201c<b>Nulpen<\/b>,\u201d <b>UCM.ONE<\/b> continues its long-standing collaboration with the German Film and Television Academy Berlin (DFFB) in the evaluation of outstanding works by young filmmakers. <b>UCM.ONE<\/b> is expected to release the film in German cinemas on its independent label <b>Darling Berlin<\/b> at the end of 2025.<\/p>\n<\/div>\n<p>[\/vc_column_text][\/vc_column][\/vc_row][vc_row][vc_column width=&#8221;3\/4&#8243;][vc_row_inner][vc_column_inner][vc_column_text css=&#8221;&#8221;]<span style=\"font-size: 14pt;\">Synopsis<\/span><\/p>\n<p>A stone hits a window, a bird flies away\u2014and with it, two young women begin to run away: from responsibility, from reality, and perhaps also, to some extent, from themselves.<\/p>\n<p>Ramona and Nico, recent high school graduates, drift aimlessly through the Berlin summer. While others make plans for the future, they let themselves be carried away by the heat, the gravity of the big city, and their own lethargy. Two \u201closers,\u201d as they call themselves \u2013 with a penchant for rebellion, escape, and refusal. When they free a neighbor&#8217;s rare bird and Ramona&#8217;s little brother gets lost at a climate protest, their aimless inertia turns into a fleeting movement.<\/p>\n<p>A road movie begins \u2013 but on foot, in the middle of Berlin. Without a map, without a destination, but with a growing sense that they are traveling in a world that demands a stance. On their quest, they encounter not only themselves, but also moments of quiet poetry and social friction. In a time between recklessness and climate anxiety, between political slogans and private speechlessness, <i>Nulpen<\/i> feels its way into a fragile present.[\/vc_column_text][vc_column_text css=&#8221;&#8221;]Director <b>Sorina Gajewski<\/b> tells with subtle humor and a light touch about a friendship that is faltering\u2014and about the hesitation of a generation that knows exactly what is at stake but does not yet know how to face it.[\/vc_column_text][\/vc_column_inner][\/vc_row_inner][\/vc_column][vc_column width=&#8221;1\/4&#8243;][vc_single_image image=&#8221;373501&#8243; img_size=&#8221;full&#8221; onclick=&#8221;link_image&#8221; css=&#8221;&#8221;][\/vc_column][\/vc_row][vc_row][vc_column][vc_column_text css=&#8221;&#8221;]<b>\u201cNulpen\u201d<\/b> was developed and produced as part of <strong>Sorina Gajewski<\/strong>&#8216;s film directing studies at the <strong>German Film and Television Academy Berlin<\/strong> (<strong>DFFB<\/strong>). It is her first feature film. The project was produced by Sabrina Holzapfel, also a graduate of the <strong>DFFB<\/strong>. The film was made as a<strong> DFFB<\/strong> production. During filming, principles of green producing were applied. These included measures to reduce resource consumption, minimize transport, use technology consciously, and provide vegetarian catering. The film was shot at various original locations in Berlin. The film production was part of a <strong>DFFB<\/strong> initiative to integrate environmentally sustainable production methods into the training program (\u201cGreen Producing\u201d).[\/vc_column_text][\/vc_column][\/vc_row][vc_row css=&#8221;.vc_custom_1676846821410{margin-bottom: -20px !important;}&#8221;][vc_column][vc_column_text css=&#8221;.vc_custom_1753185653728{margin-bottom: -10px !important;}&#8221;]<span style=\"font-size: 14pt;\">Festival participation and awards<\/span>[\/vc_column_text][vc_empty_space height=&#8221;22px&#8221;][\/vc_column][\/vc_row][vc_row][vc_column width=&#8221;1\/2&#8243;][vc_column_text css=&#8221;&#8221;]<\/p>\n<ul>\n<li data-start=\"247\" data-end=\"343\">\n<p data-start=\"249\" data-end=\"343\"><strong data-start=\"249\" data-end=\"274\">Max Oph\u00fcls Preis 2025<\/strong>, Saarbr\u00fccken, Deutschland:<br data-start=\"301\" data-end=\"304\" \/><em data-start=\"306\" data-end=\"343\">Nominierung im Wettbewerb Spielfilm<\/em><\/p>\n<\/li>\n<li data-start=\"345\" data-end=\"460\">\n<p data-start=\"347\" data-end=\"460\"><strong data-start=\"347\" data-end=\"394\">achtung berlin \u2013 new berlin film award 2025<\/strong>, Berlin, Deutschland:<br data-start=\"416\" data-end=\"419\" \/><em data-start=\"421\" data-end=\"460\">Besondere Erw\u00e4hnung \u2013 Bestes Drehbuch<\/em><\/p>\n<\/li>\n<li data-start=\"462\" data-end=\"574\">\n<p data-start=\"464\" data-end=\"574\"><strong data-start=\"464\" data-end=\"492\">Neisse Filmfestival 2025<\/strong>, Gro\u00dfhennersdorf, Deutschland:<br data-start=\"523\" data-end=\"526\" \/><em data-start=\"528\" data-end=\"574\">Lobende Erw\u00e4hnung in der Kategorie Spielfilm<\/em><\/p>\n<\/li>\n<li data-start=\"576\" data-end=\"680\">\n<p data-start=\"578\" data-end=\"680\"><strong data-start=\"578\" data-end=\"601\">Goldener Spatz 2025<\/strong>, Gera &amp; Erfurt, Deutschland:<br data-start=\"630\" data-end=\"633\" \/><em data-start=\"635\" data-end=\"680\">Preis f\u00fcr Bestes Drehbuch (in Zusammenarbeit mit MDR)<\/em><\/p>\n<\/li>\n<\/ul>\n<p>[\/vc_column_text][\/vc_column][vc_column width=&#8221;1\/2&#8243;][vc_column_text css=&#8221;&#8221;]<\/p>\n<ul>\n<li data-start=\"682\" data-end=\"786\">\n<p data-start=\"684\" data-end=\"786\"><strong data-start=\"684\" data-end=\"721\">Crossing Europe Filmfestival 2025<\/strong>, Linz, \u00d6sterreich:<br data-start=\"740\" data-end=\"743\" \/><em data-start=\"745\" data-end=\"786\">Offizielle Auswahl \u2013 Wettbewerb Fiction<\/em><\/p>\n<\/li>\n<li data-start=\"788\" data-end=\"890\">\n<p data-start=\"790\" data-end=\"890\"><strong data-start=\"790\" data-end=\"817\">Zl\u00edn Film Festival 2025<\/strong>, Zl\u00edn, Tschechien:<br data-start=\"836\" data-end=\"839\" \/><em data-start=\"841\" data-end=\"890\">Offizielle Auswahl \u2013 Internationaler Jugendfilm<\/em><\/p>\n<\/li>\n<li data-start=\"892\" data-end=\"997\">\n<p data-start=\"894\" data-end=\"997\"><strong data-start=\"894\" data-end=\"924\">Giffoni Film Festival 2025<\/strong>, Giffoni Valle Piana, Italien:<br data-start=\"955\" data-end=\"958\" \/><em data-start=\"960\" data-end=\"997\">Offizielle Auswahl \u2013 Generation +16<\/em><\/p>\n<\/li>\n<li data-start=\"999\" data-end=\"1101\">\n<p data-start=\"1001\" data-end=\"1101\"><strong data-start=\"1001\" data-end=\"1030\">Buster Film Festival 2025<\/strong>, Kopenhagen, D\u00e4nemark:<br data-start=\"1053\" data-end=\"1056\" \/><em data-start=\"1058\" data-end=\"1101\">Offizielle Auswahl \u2013 Jugendfilmwettbewerb<\/em><\/p>\n<\/li>\n<\/ul>\n<p>[\/vc_column_text][\/vc_column][\/vc_row][vc_row][vc_column width=&#8221;1\/2&#8243;][vc_single_image image=&#8221;373516&#8243; img_size=&#8221;full&#8221; onclick=&#8221;link_image&#8221; css=&#8221;&#8221;][\/vc_column][vc_column width=&#8221;1\/2&#8243;][vc_single_image image=&#8221;373518&#8243; img_size=&#8221;full&#8221; onclick=&#8221;link_image&#8221; css=&#8221;&#8221;][\/vc_column][\/vc_row][vc_row css=&#8221;.vc_custom_1676846821410{margin-bottom: -20px !important;}&#8221;][vc_column][vc_column_text css=&#8221;.vc_custom_1753179298237{margin-bottom: -10px !important;}&#8221;]<span style=\"font-size: 14pt;\">About Sorina Gajewski<\/span>[\/vc_column_text][vc_empty_space height=&#8221;22px&#8221;][\/vc_column][\/vc_row][vc_row bg_type=&#8221;bg_color&#8221; ult_hide_row=&#8221;ult_hide_row_value&#8221; ult_hide_row_large_screen=&#8221;large_screen&#8221; ult_hide_row_desktop=&#8221;desktop&#8221; ult_hide_row_tablet=&#8221;tablet&#8221;][vc_column][vc_empty_space][\/vc_column][\/vc_row][vc_row][vc_column width=&#8221;1\/4&#8243;][vc_single_image image=&#8221;373510&#8243; img_size=&#8221;full&#8221; add_caption=&#8221;yes&#8221; css=&#8221;&#8221;][\/vc_column][vc_column width=&#8221;3\/4&#8243;][vc_column_text css=&#8221;&#8221;]<b>Sorina Gajewski<\/b> was born in Hamburg in 1994. After studying screenwriting at the <b>CIEVYC (Centro de Investigaci\u00f3n y Experimentaci\u00f3n en Video y Cine) film school in Buenos Aires<\/b>, she began studying directing at the <b>German Film and Television Academy Berlin (DFFB)<\/b> in 2018.[\/vc_column_text][vc_column_text css=&#8221;&#8221;]Her work deals with themes such as youth, family, social justice, and feminist perspectives. Her artistic focus is on stories with social relevance, often told from a female or youthful perspective.[\/vc_column_text][\/vc_column][\/vc_row][vc_row][vc_column][vc_column_text css=&#8221;&#8221;]She previously made several short and medium-length films, including &#8220;<strong>St\u00fcrzende Bl\u00fcten<\/strong>&#8221; (2023), <strong>&#8220;Das ist das letzte Mal&#8230;&#8221;<\/strong> (2022), and the documentary &#8220;<strong>First Taste<\/strong>&#8221; (2024).[\/vc_column_text][vc_column_text css=&#8221;&#8221;]<span style=\"font-size: 14pt;\">Filmography<\/span><\/p>\n<p>2025 <b>Nulpen<\/b> \u2013 feature film, 81 minutes<\/p>\n<p>2024 <b>First Taste<\/b> \u2013 documentary film, approx. 30 minutes<\/p>\n<p>2023 <b>St\u00fcrzende Bl\u00fcten<\/b> \u2013 short film, approx. 9 minutes<\/p>\n<p>2022 <b>Das ist das letzte Mal\u2026<\/b> \u2013 short feature film, 20 minutes[\/vc_column_text][\/vc_column][\/vc_row][vc_row css=&#8221;.vc_custom_1646580453070{margin-right: -10px !important;margin-left: -10px !important;border-right-width: -3px !important;border-left-width: -3px !important;padding-top: 5px !important;padding-right: 5px !important;padding-bottom: 5px !important;padding-left: 5px !important;background-color: #eaeaea !important;}&#8221;][vc_column][vc_empty_space height=&#8221;15px&#8221;][vc_column_text css=&#8221;.vc_custom_1775651923961{margin-bottom: -20px !important;border-bottom-width: -20px !important;padding-bottom: -20px !important;}&#8221;]<\/p>\n<div class=\"wpb_text_column wpb_content_element \">\n<p><span style=\"font-size: 14pt;\">Data from the movie zum<\/span><\/p>\n<table style=\"border-collapse: collapse; width: 100%; height: 308px;\">\n<tbody>\n<tr style=\"height: 22px;\">\n<td style=\"width: 14.487%; height: 22px;\"><strong>Title:<\/strong><\/td>\n<td style=\"width: 85.513%; height: 22px;\">\n<div><span lang=\"EN-US\">Nulpen (engl. Titel &#8220;Slackers&#8221;)<\/span><\/div>\n<\/td>\n<\/tr>\n<tr style=\"height: 22px;\">\n<td style=\"width: 14.487%; height: 22px;\"><strong>Director:<\/strong><\/td>\n<td style=\"width: 85.513%; height: 22px;\">Sorina Gajewski<\/td>\n<\/tr>\n<tr style=\"height: 22px;\">\n<td style=\"width: 14.487%; height: 22px;\"><strong>Screenplay:<\/strong><\/td>\n<td style=\"width: 85.513%; height: 22px;\">Sorina Gajewski<\/td>\n<\/tr>\n<tr style=\"height: 22px;\">\n<td style=\"width: 14.487%; height: 22px;\"><strong>Producer:<\/strong><\/td>\n<td style=\"width: 85.513%; height: 22px;\">Sabrina Holzapfel<\/td>\n<\/tr>\n<tr style=\"height: 22px;\">\n<td style=\"width: 14.487%; height: 22px; vertical-align: top;\"><strong>Cast:<\/strong><\/td>\n<td style=\"width: 85.513%; height: 22px;\">Bella Lochmann (Ramona), Pola Geiger (Nico), Rio Kirchner (Noah), Carl Bagnar (Matze), Katrine Eichberger (Sybille), Eva Medusa G\u00fchne (Mojo), Cleo Holder (Lilia), Lara-Sophie Milagro (Pfarrerin Eazy Jannek), Marc Philipps (G\u00fcnter), Marisa Wojtkowiak (Li), B\u00e4rbel Tech (Magierin), Laura Zemke (Regieassistentin)<\/td>\n<\/tr>\n<tr style=\"height: 22px;\">\n<td style=\"width: 14.487%; height: 22px;\"><\/td>\n<td style=\"width: 85.513%; height: 22px;\"><\/td>\n<\/tr>\n<tr style=\"height: 22px;\">\n<td style=\"width: 14.487%; height: 22px;\"><strong>Country:<\/strong><\/td>\n<td style=\"width: 85.513%; height: 22px;\">Germany<\/td>\n<\/tr>\n<tr style=\"height: 22px;\">\n<td style=\"width: 14.487%; height: 22px;\"><strong>Year of production:<\/strong><\/td>\n<td style=\"width: 85.513%; height: 22px;\">2025<\/td>\n<\/tr>\n<tr style=\"height: 22px;\">\n<td style=\"width: 14.487%; height: 22px;\"><strong>Running time:<\/strong><\/td>\n<td style=\"width: 85.513%; height: 22px;\">81 minutes<\/td>\n<\/tr>\n<tr style=\"height: 22px;\">\n<td style=\"width: 14.487%; height: 22px;\"><strong>Languages:<\/strong><\/td>\n<td style=\"width: 85.513%; height: 22px;\">German , English (subs)<\/td>\n<\/tr>\n<tr style=\"height: 22px;\">\n<td style=\"width: 14.487%; height: 22px;\"><strong>Technical specs:<\/strong><\/td>\n<td style=\"width: 85.513%; height: 22px;\">Aspect ratio 1:1,85, Framerate: 24fps, audio: \u00a05.1 Surround, DCP 2K \/ mp4<\/td>\n<\/tr>\n<tr style=\"height: 22px;\">\n<td style=\"width: 14.487%; height: 22px;\"><\/td>\n<td style=\"width: 85.513%; height: 22px;\"><\/td>\n<\/tr>\n<tr style=\"height: 22px;\">\n<td style=\"width: 14.487%; height: 22px;\"><strong>Rating:<\/strong><\/td>\n<td style=\"width: 85.513%; height: 22px;\">(DE-FSK12) Rated for ages 12 and up (pending)<\/td>\n<\/tr>\n<tr style=\"height: 22px;\">\n<td style=\"width: 14.487%; height: 22px;\"><strong>World premiere:<\/strong><\/td>\n<td style=\"width: 85.513%; height: 22px;\">21.01.2025 &#8211; Filmfestival <strong data-start=\"249\" data-end=\"274\">Max Oph\u00fcls Preis 2025<\/strong>, Saarbr\u00fccken, Germany<\/td>\n<\/tr>\n<tr style=\"height: 22px;\">\n<td style=\"width: 14.487%; height: 22px;\"><strong>Theatrical release:<br \/>\n<\/strong><\/td>\n<td style=\"width: 85.513%; height: 22px;\">June 18, 2026<\/td>\n<\/tr>\n<\/tbody>\n<\/table>\n<p>&nbsp;<\/p>\n<\/div>\n<p>[\/vc_column_text][vc_empty_space height=&#8221;-40px&#8221;][\/vc_column][\/vc_row][vc_row][vc_column][vc_empty_space][\/vc_column][\/vc_row][vc_row][vc_column][vc_column_text css=&#8221;&#8221;]<span style=\"font-size: 14pt;\">Director&#8217;s commentary by Sorina Gajewski<\/span><\/p>\n<p><em>&#8220;Our protagonists, two young women from different social classes, navigate the overwhelming expectations of saving the world while striving for freedom and self-determination. In a collage of Berlin residents, they undergo a subtle development\u2014from indifference to a spark of hope and responsibility. Our film counters the gravity of the future with a large dose of friendship and offers an emotional response to climate crisis anxiety. It is a plea for belief in a better future without losing the humor and lightness of life.&#8221;<\/em>[\/vc_column_text][vc_column_text css=&#8221;&#8221;]<strong>\u201cNULPEN is a film about the longing for lightness in a world full of uncertainty.\u201d<\/strong>[\/vc_column_text][\/vc_column][\/vc_row][vc_row][vc_column][vc_column_text]More information about the label: <a title=\"Darling Berlin\" href=\"https:\/\/ucm.one\/en\/film-labels\/darling-berlin\/\">Darling Berlin<\/a>[\/vc_column_text][\/vc_column][\/vc_row]<\/p>\n<\/div>","protected":false},"excerpt":{"rendered":"<p>[vc_row][vc_column][vc_column_text css=&#8221;&#8221;] The feature film \u201cNulpen\u201d (international title: \u201cSlackers\u201d) produced by the German Film and Television Academy Berlin (DFFB) [production: Sabrina Holzapfel] and directed by Sorina Gajewski (screenplay and direction) has been acquired by UCM.ONE for theatrical distribution and world sales. The highly acclaimed coming-of-age comedy about two young women who embark on an aimless&hellip;<\/p>\n","protected":false},"author":513,"featured_media":373514,"comment_status":"closed","ping_status":"closed","sticky":false,"template":"","format":"standard","meta":{"_acf_changed":false,"footnotes":""},"categories":[1011,22,942,941,7530],"tags":[3405,18937,18935,18938,18939,18936],"class_list":["post-373529","post","type-post","status-publish","format-standard","has-post-thumbnail","hentry","category-cinema","category-darling-berlin","category-film-en","category-news-en","category-world-sales","tag-darling-berlin-en","tag-german-film-and-television-academy-berlin-dffb","tag-nulpen-2","tag-sabrina-holzapfel-2","tag-slackers-2","tag-sorina-gajewski-2","category-1011","category-22","category-942","category-941","category-7530","description-off"],"acf":[],"yoast_head":"<!-- This site is optimized with the Yoast SEO plugin v27.5 - https:\/\/yoast.com\/product\/yoast-seo-wordpress\/ -->\n<title>UCM.ONE acquires \u201cNulpen\u201d from Sorina Gajewski<\/title>\n<meta name=\"description\" content=\"UCM.ONE acquires Sorina Gajewski&#039;s feature film produced by DFFB for theatrical release and worldwide distribution.\" \/>\n<meta name=\"robots\" content=\"index, follow, max-snippet:-1, max-image-preview:large, max-video-preview:-1\" \/>\n<link rel=\"canonical\" href=\"https:\/\/ucm.one\/en\/ucm-one-acquires-the-coming-of-age-comedy-nulpen-by-sorina-gajewski\/\" \/>\n<meta property=\"og:locale\" content=\"en_US\" \/>\n<meta property=\"og:type\" content=\"article\" \/>\n<meta property=\"og:title\" content=\"UCM.ONE acquires \u201cNulpen\u201d from Sorina Gajewski\" \/>\n<meta property=\"og:description\" content=\"UCM.ONE acquires Sorina Gajewski&#039;s feature film produced by DFFB for theatrical release and worldwide distribution.\" \/>\n<meta property=\"og:url\" content=\"https:\/\/ucm.one\/en\/ucm-one-acquires-the-coming-of-age-comedy-nulpen-by-sorina-gajewski\/\" \/>\n<meta property=\"og:site_name\" content=\"UCM.ONE\" \/>\n<meta property=\"article:published_time\" content=\"2025-07-22T15:55:18+00:00\" \/>\n<meta property=\"article:modified_time\" content=\"2026-04-08T12:38:51+00:00\" \/>\n<meta property=\"og:image\" content=\"https:\/\/ucm.one\/wp-content\/uploads\/2025\/07\/sqNulpen_Banner-300x300.jpg\" \/>\n<meta name=\"author\" content=\"robert.zimmermann\" \/>\n<meta name=\"twitter:card\" content=\"summary_large_image\" \/>\n<meta name=\"twitter:title\" content=\"UCM.ONE acquires \u201cNulpen\u201d from Sorina Gajewski\" \/>\n<meta name=\"twitter:description\" content=\"UCM.ONE acquires Sorina Gajewski&#039;s feature film produced by DFFB for theatrical release and worldwide distribution.\" \/>\n<meta name=\"twitter:image\" content=\"https:\/\/ucm.one\/wp-content\/uploads\/2025\/07\/sqNulpen_Banner-1024x1024.jpg\" \/>\n<meta name=\"twitter:label1\" content=\"Written by\" \/>\n\t<meta name=\"twitter:data1\" content=\"robert.zimmermann\" \/>\n\t<meta name=\"twitter:label2\" content=\"Est. reading time\" \/>\n\t<meta name=\"twitter:data2\" content=\"6 minutes\" \/>\n<!-- \/ Yoast SEO plugin. -->","yoast_head_json":{"title":"UCM.ONE acquires \u201cNulpen\u201d from Sorina Gajewski","description":"UCM.ONE acquires Sorina Gajewski's feature film produced by DFFB for theatrical release and worldwide distribution.","robots":{"index":"index","follow":"follow","max-snippet":"max-snippet:-1","max-image-preview":"max-image-preview:large","max-video-preview":"max-video-preview:-1"},"canonical":"https:\/\/ucm.one\/en\/ucm-one-acquires-the-coming-of-age-comedy-nulpen-by-sorina-gajewski\/","og_locale":"en_US","og_type":"article","og_title":"UCM.ONE acquires \u201cNulpen\u201d from Sorina Gajewski","og_description":"UCM.ONE acquires Sorina Gajewski's feature film produced by DFFB for theatrical release and worldwide distribution.","og_url":"https:\/\/ucm.one\/en\/ucm-one-acquires-the-coming-of-age-comedy-nulpen-by-sorina-gajewski\/","og_site_name":"UCM.ONE","article_published_time":"2025-07-22T15:55:18+00:00","article_modified_time":"2026-04-08T12:38:51+00:00","og_image":[{"url":"https:\/\/ucm.one\/wp-content\/uploads\/2025\/07\/sqNulpen_Banner-300x300.jpg","type":"","width":"","height":""}],"author":"robert.zimmermann","twitter_card":"summary_large_image","twitter_title":"UCM.ONE acquires \u201cNulpen\u201d from Sorina Gajewski","twitter_description":"UCM.ONE acquires Sorina Gajewski's feature film produced by DFFB for theatrical release and worldwide distribution.","twitter_image":"https:\/\/ucm.one\/wp-content\/uploads\/2025\/07\/sqNulpen_Banner-1024x1024.jpg","twitter_misc":{"Written by":"robert.zimmermann","Est. reading time":"6 minutes"},"schema":{"@context":"https:\/\/schema.org","@graph":[{"@type":"Article","@id":"https:\/\/ucm.one\/en\/ucm-one-acquires-the-coming-of-age-comedy-nulpen-by-sorina-gajewski\/#article","isPartOf":{"@id":"https:\/\/ucm.one\/en\/ucm-one-acquires-the-coming-of-age-comedy-nulpen-by-sorina-gajewski\/"},"author":{"name":"robert.zimmermann","@id":"https:\/\/ucm.one\/en\/#\/schema\/person\/c3b3f40103ac9b2939adf4c2e044f503"},"headline":"\ud83c\udfac UCM.ONE acquires the coming-of-age comedy \u201cNulpen\u201d by Sorina Gajewski","datePublished":"2025-07-22T15:55:18+00:00","dateModified":"2026-04-08T12:38:51+00:00","mainEntityOfPage":{"@id":"https:\/\/ucm.one\/en\/ucm-one-acquires-the-coming-of-age-comedy-nulpen-by-sorina-gajewski\/"},"wordCount":1349,"publisher":{"@id":"https:\/\/ucm.one\/en\/#organization"},"image":{"@id":"https:\/\/ucm.one\/en\/ucm-one-acquires-the-coming-of-age-comedy-nulpen-by-sorina-gajewski\/#primaryimage"},"thumbnailUrl":"https:\/\/ucm.one\/wp-content\/uploads\/2025\/07\/bNulpen_Banner_Artwork.jpg","keywords":["Darling Berlin","German Film and Television Academy Berlin (DFFB)","Nulpen","Sabrina Holzapfel","Slackers","Sorina Gajewski"],"articleSection":["Cinema","Darling Berlin","Film","News","World Sales"],"inLanguage":"en-US"},{"@type":"WebPage","@id":"https:\/\/ucm.one\/en\/ucm-one-acquires-the-coming-of-age-comedy-nulpen-by-sorina-gajewski\/","url":"https:\/\/ucm.one\/en\/ucm-one-acquires-the-coming-of-age-comedy-nulpen-by-sorina-gajewski\/","name":"UCM.ONE acquires \u201cNulpen\u201d from Sorina Gajewski","isPartOf":{"@id":"https:\/\/ucm.one\/en\/#website"},"primaryImageOfPage":{"@id":"https:\/\/ucm.one\/en\/ucm-one-acquires-the-coming-of-age-comedy-nulpen-by-sorina-gajewski\/#primaryimage"},"image":{"@id":"https:\/\/ucm.one\/en\/ucm-one-acquires-the-coming-of-age-comedy-nulpen-by-sorina-gajewski\/#primaryimage"},"thumbnailUrl":"https:\/\/ucm.one\/wp-content\/uploads\/2025\/07\/bNulpen_Banner_Artwork.jpg","datePublished":"2025-07-22T15:55:18+00:00","dateModified":"2026-04-08T12:38:51+00:00","description":"UCM.ONE acquires Sorina Gajewski's feature film produced by DFFB for theatrical release and worldwide distribution.","breadcrumb":{"@id":"https:\/\/ucm.one\/en\/ucm-one-acquires-the-coming-of-age-comedy-nulpen-by-sorina-gajewski\/#breadcrumb"},"inLanguage":"en-US","potentialAction":[{"@type":"ReadAction","target":["https:\/\/ucm.one\/en\/ucm-one-acquires-the-coming-of-age-comedy-nulpen-by-sorina-gajewski\/"]}]},{"@type":"ImageObject","inLanguage":"en-US","@id":"https:\/\/ucm.one\/en\/ucm-one-acquires-the-coming-of-age-comedy-nulpen-by-sorina-gajewski\/#primaryimage","url":"https:\/\/ucm.one\/wp-content\/uploads\/2025\/07\/bNulpen_Banner_Artwork.jpg","contentUrl":"https:\/\/ucm.one\/wp-content\/uploads\/2025\/07\/bNulpen_Banner_Artwork.jpg","width":1920,"height":600},{"@type":"BreadcrumbList","@id":"https:\/\/ucm.one\/en\/ucm-one-acquires-the-coming-of-age-comedy-nulpen-by-sorina-gajewski\/#breadcrumb","itemListElement":[{"@type":"ListItem","position":1,"name":"Home","item":"https:\/\/ucm.one\/en\/"},{"@type":"ListItem","position":2,"name":"\ud83c\udfac UCM.ONE acquires the coming-of-age comedy \u201cNulpen\u201d by Sorina Gajewski"}]},{"@type":"WebSite","@id":"https:\/\/ucm.one\/en\/#website","url":"https:\/\/ucm.one\/en\/","name":"UCM.ONE","description":"","publisher":{"@id":"https:\/\/ucm.one\/en\/#organization"},"potentialAction":[{"@type":"SearchAction","target":{"@type":"EntryPoint","urlTemplate":"https:\/\/ucm.one\/en\/?s={search_term_string}"},"query-input":{"@type":"PropertyValueSpecification","valueRequired":true,"valueName":"search_term_string"}}],"inLanguage":"en-US"},{"@type":"Organization","@id":"https:\/\/ucm.one\/en\/#organization","name":"UCM.ONE","url":"https:\/\/ucm.one\/en\/","logo":{"@type":"ImageObject","inLanguage":"en-US","@id":"https:\/\/ucm.one\/en\/#\/schema\/logo\/image\/","url":"https:\/\/ucm.one\/wp-content\/uploads\/2019\/10\/UCM.ONE-Logo-RGB.svg","contentUrl":"https:\/\/ucm.one\/wp-content\/uploads\/2019\/10\/UCM.ONE-Logo-RGB.svg","width":1,"height":1,"caption":"UCM.ONE"},"image":{"@id":"https:\/\/ucm.one\/en\/#\/schema\/logo\/image\/"}},{"@type":"Person","@id":"https:\/\/ucm.one\/en\/#\/schema\/person\/c3b3f40103ac9b2939adf4c2e044f503","name":"robert.zimmermann","image":{"@type":"ImageObject","inLanguage":"en-US","@id":"https:\/\/secure.gravatar.com\/avatar\/e46878d77ec9637bfe2c211eadff61cf2f817a55dd152b546e649bd7e53c0e04?s=96&d=mm&r=g","url":"https:\/\/secure.gravatar.com\/avatar\/e46878d77ec9637bfe2c211eadff61cf2f817a55dd152b546e649bd7e53c0e04?s=96&d=mm&r=g","contentUrl":"https:\/\/secure.gravatar.com\/avatar\/e46878d77ec9637bfe2c211eadff61cf2f817a55dd152b546e649bd7e53c0e04?s=96&d=mm&r=g","caption":"robert.zimmermann"}}]}},"_links":{"self":[{"href":"https:\/\/ucm.one\/en\/wp-json\/wp\/v2\/posts\/373529","targetHints":{"allow":["GET"]}}],"collection":[{"href":"https:\/\/ucm.one\/en\/wp-json\/wp\/v2\/posts"}],"about":[{"href":"https:\/\/ucm.one\/en\/wp-json\/wp\/v2\/types\/post"}],"author":[{"embeddable":true,"href":"https:\/\/ucm.one\/en\/wp-json\/wp\/v2\/users\/513"}],"replies":[{"embeddable":true,"href":"https:\/\/ucm.one\/en\/wp-json\/wp\/v2\/comments?post=373529"}],"version-history":[{"count":11,"href":"https:\/\/ucm.one\/en\/wp-json\/wp\/v2\/posts\/373529\/revisions"}],"predecessor-version":[{"id":415883,"href":"https:\/\/ucm.one\/en\/wp-json\/wp\/v2\/posts\/373529\/revisions\/415883"}],"wp:featuredmedia":[{"embeddable":true,"href":"https:\/\/ucm.one\/en\/wp-json\/wp\/v2\/media\/373514"}],"wp:attachment":[{"href":"https:\/\/ucm.one\/en\/wp-json\/wp\/v2\/media?parent=373529"}],"wp:term":[{"taxonomy":"category","embeddable":true,"href":"https:\/\/ucm.one\/en\/wp-json\/wp\/v2\/categories?post=373529"},{"taxonomy":"post_tag","embeddable":true,"href":"https:\/\/ucm.one\/en\/wp-json\/wp\/v2\/tags?post=373529"}],"curies":[{"name":"wp","href":"https:\/\/api.w.org\/{rel}","templated":true}]}}