{"id":37273,"date":"2019-12-06T04:02:12","date_gmt":"2019-12-06T04:02:12","guid":{"rendered":"https:\/\/ucm.one\/the-glorious-seven-%e2%80%a2-reloaded-von-harald-franklin-ab-heute-erhaeltlich\/"},"modified":"2023-03-10T08:42:45","modified_gmt":"2023-03-10T08:42:45","slug":"the-glorious-seven-reloaded-by-harald-franklin-now-available","status":"publish","type":"post","link":"https:\/\/ucm.one\/en\/the-glorious-seven-reloaded-by-harald-franklin-now-available\/","title":{"rendered":"&#8220;The Glorious Seven \u2022 Reloaded&#8221; by Harald Franklin now available"},"content":{"rendered":"<div class=\"wpb-content-wrapper\"><p>[vc_row][vc_column width=&#8221;3\/4&#8243;][vc_column_text]Heute ver\u00f6ffentlicht <span style=\"font-family: 'arial black', sans-serif;\"><strong>UCM.ONE<\/strong><\/span> auf dem Filmlabel \u201c<strong>M-Square Pictures<\/strong>\u201d den mit <strong>Jerry Kwarteng<\/strong> und <strong>Fernando Carrera<\/strong> stark besetzen Action-Film &#8220;<strong>The Glorious Seven \u2022 Reloaded&#8221;<\/strong>\u00a0von\u00a0<strong>Harald Franklin<\/strong>. Der Film, der auf Blu-ray, DVD und bei \u00a0VoD-Portalen erh\u00e4ltlich ist, basiert auf dem Filmklassiker &#8220;<strong>Die glorreichen Sieben<\/strong>&#8221; von <strong>Sergio Leone<\/strong>, der wiederum auf &#8220;<strong>Die sieben Samurai<\/strong>&#8221;\u00a0von <strong>Akira Kurosawa<\/strong> zur\u00fcckgriff.[\/vc_column_text][vc_row_inner][vc_column_inner width=&#8221;1\/2&#8243;][vc_single_image image=&#8221;37245&#8243; img_size=&#8221;full&#8221;][\/vc_column_inner][vc_column_inner width=&#8221;1\/2&#8243;][vc_single_image image=&#8221;37253&#8243; img_size=&#8221;full&#8221;][\/vc_column_inner][\/vc_row_inner][\/vc_column][vc_column width=&#8221;1\/4&#8243;][vc_single_image image=&#8221;37263&#8243; img_size=&#8221;full&#8221;][vc_btn title=&#8221;Shop&#8221; style=&#8221;classic&#8221; color=&#8221;juicy-pink&#8221; size=&#8221;sm&#8221; align=&#8221;center&#8221; i_icon_fontawesome=&#8221;fas fa-shopping-cart&#8221; button_block=&#8221;true&#8221; add_icon=&#8221;true&#8221; link=&#8221;url:https%3A%2F%2Fucm.one%2Fprodukt%2Fthe-glorious-seven-reloaded%2F|title:Shop|&#8221; css=&#8221;.vc_custom_1660737920971{margin-top: -20px !important;}&#8221;][\/vc_column][\/vc_row][vc_row][vc_column][vc_column_text]<\/p>\n<h3>Inhaltsangabe:<\/h3>\n<p>Der ehemalige Milit\u00e4rkommandant David Guerra (Jerry Kwarteng) wird vom zwielichtigen Million\u00e4r Anthony Levin (Fernando Carrera) angeheuert, um dessen Frau Valentina zu retten, die von Javier Martinez, dem F\u00fchrer einer Guerillagruppe, entf\u00fchrt wurde. Guerra, der Martinez aus fr\u00fcheren milit\u00e4rischen Begegnungen kennt, rekrutiert sechs M\u00e4nner seiner ehemaligen Spezialeinheit, um mit ihnen das unm\u00f6glich Erscheinende zu schaffen: Sieben gegen 700 Guerilleros, die sich in ihrem Hauptquartier gut verschanzt haben. Nur durch ihren Mut und ihren unb\u00e4ndigen Willen angetrieben, starten die Sieben die hoffnungslose und blutige Mission, bei der sie letztendlich auch die wahren Gr\u00fcnde f\u00fcr ihren Auftrag erfahren\u2026[\/vc_column_text][\/vc_column][\/vc_row][vc_row][vc_column width=&#8221;1\/2&#8243;][vc_single_image image=&#8221;37223&#8243; img_size=&#8221;full&#8221;][\/vc_column][vc_column width=&#8221;1\/2&#8243;][vc_single_image image=&#8221;37221&#8243; img_size=&#8221;full&#8221;][\/vc_column][\/vc_row][vc_row][vc_column][vc_column_text]Gro\u00dfartig gefilmte Actionszenen und ein bildgewaltiges Setting machen den Film zu einem Must-See f\u00fcr Action-Fans.[\/vc_column_text][\/vc_column][\/vc_row][vc_row][vc_column width=&#8221;1\/2&#8243;][vc_video link=&#8221;https:\/\/youtu.be\/Z2h7Q12W3vU&#8221; title=&#8221;The Glorious Seven (Reloaded) | Trailer (deutsch) \u1d34\u1d30&#8221;][\/vc_column][vc_column width=&#8221;1\/2&#8243;][vc_video link=&#8221;https:\/\/youtu.be\/-JH9QCbgPl4&#8243; title=&#8221;The Glorious Seven (Reloaded) | Trailer (English) \u1d34\u1d30&#8221;][\/vc_column][\/vc_row][vc_row][vc_column][vc_column_text]F\u00fcr weitere Informationen \u00fcber den Film: <a title=\"The Glorious Seven\u30fbReloaded (2019) von Harald Franklin | M-Square Pictures\" href=\"https:\/\/ucm.one\/de\/the-glorious-seven-reloaded\/\">The Glorious Seven\u30fbReloaded<\/a>[\/vc_column_text][\/vc_column][\/vc_row]<\/p>\n<\/div>","protected":false},"excerpt":{"rendered":"<p>[vc_row][vc_column width=&#8221;3\/4&#8243;][vc_column_text]Heute ver\u00f6ffentlicht UCM.ONE auf dem Filmlabel \u201cM-Square Pictures\u201d den mit Jerry Kwarteng und Fernando Carrera stark besetzen Action-Film &#8220;The Glorious Seven \u2022 Reloaded&#8221;\u00a0von\u00a0Harald Franklin. Der Film, der auf Blu-ray, DVD und bei \u00a0VoD-Portalen erh\u00e4ltlich ist, basiert auf dem Filmklassiker &#8220;Die glorreichen Sieben&#8221; von Sergio Leone, der wiederum auf &#8220;Die sieben Samurai&#8221;\u00a0von Akira Kurosawa zur\u00fcckgriff.[\/vc_column_text][vc_row_inner][vc_column_inner&hellip;<\/p>\n","protected":false},"author":2,"featured_media":37239,"comment_status":"closed","ping_status":"closed","sticky":false,"template":"","format":"standard","meta":{"_acf_changed":false,"footnotes":""},"categories":[942,141,941],"tags":[5776,7207,7208,7209,7210,7211,7212,6836,3959,7213,7214,7215],"class_list":["post-37273","post","type-post","status-publish","format-standard","has-post-thumbnail","hentry","category-film-en","category-m-square-pictures-en","category-news-en","tag-action-2","tag-akira-kurosawa-2","tag-die-glorreichen-sieben-2","tag-die-sieben-samurai-2","tag-ernando-carrera-2","tag-harald-franklin-2","tag-jerry-kwarteng-2","tag-kriegsfilm-2","tag-m-square-pictures-en","tag-reloaded-2","tag-sergio-leone-2","tag-the-glorious-five-2","category-942","category-141","category-941","description-off"],"acf":[],"yoast_head":"<!-- This site is optimized with the Yoast SEO plugin v27.5 - https:\/\/yoast.com\/product\/yoast-seo-wordpress\/ -->\n<title>&quot;The Glorious Seven \u2022 Reloaded&quot; by Harald Franklin now available - UCM.ONE<\/title>\n<meta name=\"description\" content=\"Today, UCM.ONE releases the action film &quot;The Glorious Seven \u2022 Reloaded&quot; on the film label M-Square Pictures in Germany, Austria and Switzerland.\u00a0\" \/>\n<meta name=\"robots\" content=\"index, follow, max-snippet:-1, max-image-preview:large, max-video-preview:-1\" \/>\n<link rel=\"canonical\" href=\"https:\/\/ucm.one\/en\/the-glorious-seven-reloaded-by-harald-franklin-now-available\/\" \/>\n<meta property=\"og:locale\" content=\"en_US\" \/>\n<meta property=\"og:type\" content=\"article\" \/>\n<meta property=\"og:title\" content=\"&quot;The Glorious Seven \u2022 Reloaded&quot; by Harald Franklin now available - UCM.ONE\" \/>\n<meta property=\"og:description\" content=\"Today, UCM.ONE releases the action film &quot;The Glorious Seven \u2022 Reloaded&quot; on the film label M-Square Pictures in Germany, Austria and Switzerland.\u00a0\" \/>\n<meta property=\"og:url\" content=\"https:\/\/ucm.one\/en\/the-glorious-seven-reloaded-by-harald-franklin-now-available\/\" \/>\n<meta property=\"og:site_name\" content=\"UCM.ONE\" \/>\n<meta property=\"article:published_time\" content=\"2019-12-06T04:02:12+00:00\" \/>\n<meta property=\"article:modified_time\" content=\"2023-03-10T08:42:45+00:00\" \/>\n<meta property=\"og:image\" content=\"https:\/\/ucm.one\/wp-content\/uploads\/2019\/12\/B-The-Glorious-Seven.jpg\" \/>\n\t<meta property=\"og:image:width\" content=\"1920\" \/>\n\t<meta property=\"og:image:height\" content=\"600\" \/>\n\t<meta property=\"og:image:type\" content=\"image\/jpeg\" \/>\n<meta name=\"author\" content=\"Joachim Keil\" \/>\n<meta name=\"twitter:card\" content=\"summary_large_image\" \/>\n<meta name=\"twitter:label1\" content=\"Written by\" \/>\n\t<meta name=\"twitter:data1\" content=\"Joachim Keil\" \/>\n\t<meta name=\"twitter:label2\" content=\"Est. reading time\" \/>\n\t<meta name=\"twitter:data2\" content=\"2 minutes\" \/>\n<!-- \/ Yoast SEO plugin. -->","yoast_head_json":{"title":"\"The Glorious Seven \u2022 Reloaded\" by Harald Franklin now available - UCM.ONE","description":"Today, UCM.ONE releases the action film \"The Glorious Seven \u2022 Reloaded\" on the film label M-Square Pictures in Germany, Austria and Switzerland.\u00a0","robots":{"index":"index","follow":"follow","max-snippet":"max-snippet:-1","max-image-preview":"max-image-preview:large","max-video-preview":"max-video-preview:-1"},"canonical":"https:\/\/ucm.one\/en\/the-glorious-seven-reloaded-by-harald-franklin-now-available\/","og_locale":"en_US","og_type":"article","og_title":"\"The Glorious Seven \u2022 Reloaded\" by Harald Franklin now available - UCM.ONE","og_description":"Today, UCM.ONE releases the action film \"The Glorious Seven \u2022 Reloaded\" on the film label M-Square Pictures in Germany, Austria and Switzerland.\u00a0","og_url":"https:\/\/ucm.one\/en\/the-glorious-seven-reloaded-by-harald-franklin-now-available\/","og_site_name":"UCM.ONE","article_published_time":"2019-12-06T04:02:12+00:00","article_modified_time":"2023-03-10T08:42:45+00:00","og_image":[{"width":1920,"height":600,"url":"https:\/\/ucm.one\/wp-content\/uploads\/2019\/12\/B-The-Glorious-Seven.jpg","type":"image\/jpeg"}],"author":"Joachim Keil","twitter_card":"summary_large_image","twitter_misc":{"Written by":"Joachim Keil","Est. reading time":"2 minutes"},"schema":{"@context":"https:\/\/schema.org","@graph":[{"@type":"Article","@id":"https:\/\/ucm.one\/en\/the-glorious-seven-reloaded-by-harald-franklin-now-available\/#article","isPartOf":{"@id":"https:\/\/ucm.one\/en\/the-glorious-seven-reloaded-by-harald-franklin-now-available\/"},"author":{"name":"Joachim Keil","@id":"https:\/\/ucm.one\/en\/#\/schema\/person\/4b959e467e8acc058836467a0ef8fa50"},"headline":"&#8220;The Glorious Seven \u2022 Reloaded&#8221; by Harald Franklin now available","datePublished":"2019-12-06T04:02:12+00:00","dateModified":"2023-03-10T08:42:45+00:00","mainEntityOfPage":{"@id":"https:\/\/ucm.one\/en\/the-glorious-seven-reloaded-by-harald-franklin-now-available\/"},"wordCount":423,"publisher":{"@id":"https:\/\/ucm.one\/en\/#organization"},"image":{"@id":"https:\/\/ucm.one\/en\/the-glorious-seven-reloaded-by-harald-franklin-now-available\/#primaryimage"},"thumbnailUrl":"https:\/\/ucm.one\/wp-content\/uploads\/2019\/12\/B-The-Glorious-Seven.jpg","keywords":["Action","Akira Kurosawa","Die glorreichen Sieben","Die sieben Samurai","ernando Carrera","Harald Franklin","Jerry Kwarteng","Kriegsfilm","M-Square Pictures","Reloaded","Sergio Leone","The Glorious Five"],"articleSection":["Film","M-Square Pictures","News"],"inLanguage":"en-US"},{"@type":"WebPage","@id":"https:\/\/ucm.one\/en\/the-glorious-seven-reloaded-by-harald-franklin-now-available\/","url":"https:\/\/ucm.one\/en\/the-glorious-seven-reloaded-by-harald-franklin-now-available\/","name":"\"The Glorious Seven \u2022 Reloaded\" by Harald Franklin now available - UCM.ONE","isPartOf":{"@id":"https:\/\/ucm.one\/en\/#website"},"primaryImageOfPage":{"@id":"https:\/\/ucm.one\/en\/the-glorious-seven-reloaded-by-harald-franklin-now-available\/#primaryimage"},"image":{"@id":"https:\/\/ucm.one\/en\/the-glorious-seven-reloaded-by-harald-franklin-now-available\/#primaryimage"},"thumbnailUrl":"https:\/\/ucm.one\/wp-content\/uploads\/2019\/12\/B-The-Glorious-Seven.jpg","datePublished":"2019-12-06T04:02:12+00:00","dateModified":"2023-03-10T08:42:45+00:00","description":"Today, UCM.ONE releases the action film \"The Glorious Seven \u2022 Reloaded\" on the film label M-Square Pictures in Germany, Austria and Switzerland.\u00a0","breadcrumb":{"@id":"https:\/\/ucm.one\/en\/the-glorious-seven-reloaded-by-harald-franklin-now-available\/#breadcrumb"},"inLanguage":"en-US","potentialAction":[{"@type":"ReadAction","target":["https:\/\/ucm.one\/en\/the-glorious-seven-reloaded-by-harald-franklin-now-available\/"]}]},{"@type":"ImageObject","inLanguage":"en-US","@id":"https:\/\/ucm.one\/en\/the-glorious-seven-reloaded-by-harald-franklin-now-available\/#primaryimage","url":"https:\/\/ucm.one\/wp-content\/uploads\/2019\/12\/B-The-Glorious-Seven.jpg","contentUrl":"https:\/\/ucm.one\/wp-content\/uploads\/2019\/12\/B-The-Glorious-Seven.jpg","width":1920,"height":600},{"@type":"BreadcrumbList","@id":"https:\/\/ucm.one\/en\/the-glorious-seven-reloaded-by-harald-franklin-now-available\/#breadcrumb","itemListElement":[{"@type":"ListItem","position":1,"name":"Home","item":"https:\/\/ucm.one\/en\/"},{"@type":"ListItem","position":2,"name":"&#8220;The Glorious Seven \u2022 Reloaded&#8221; by Harald Franklin now available"}]},{"@type":"WebSite","@id":"https:\/\/ucm.one\/en\/#website","url":"https:\/\/ucm.one\/en\/","name":"UCM.ONE","description":"","publisher":{"@id":"https:\/\/ucm.one\/en\/#organization"},"potentialAction":[{"@type":"SearchAction","target":{"@type":"EntryPoint","urlTemplate":"https:\/\/ucm.one\/en\/?s={search_term_string}"},"query-input":{"@type":"PropertyValueSpecification","valueRequired":true,"valueName":"search_term_string"}}],"inLanguage":"en-US"},{"@type":"Organization","@id":"https:\/\/ucm.one\/en\/#organization","name":"UCM.ONE","url":"https:\/\/ucm.one\/en\/","logo":{"@type":"ImageObject","inLanguage":"en-US","@id":"https:\/\/ucm.one\/en\/#\/schema\/logo\/image\/","url":"https:\/\/ucm.one\/wp-content\/uploads\/2019\/10\/UCM.ONE-Logo-RGB.svg","contentUrl":"https:\/\/ucm.one\/wp-content\/uploads\/2019\/10\/UCM.ONE-Logo-RGB.svg","width":1,"height":1,"caption":"UCM.ONE"},"image":{"@id":"https:\/\/ucm.one\/en\/#\/schema\/logo\/image\/"}},{"@type":"Person","@id":"https:\/\/ucm.one\/en\/#\/schema\/person\/4b959e467e8acc058836467a0ef8fa50","name":"Joachim Keil","image":{"@type":"ImageObject","inLanguage":"en-US","@id":"https:\/\/secure.gravatar.com\/avatar\/10e1dfd05f2a7a7bc83cd44bae31e01c8ac15f974229211a2b1a49fa0a22fec0?s=96&d=mm&r=g","url":"https:\/\/secure.gravatar.com\/avatar\/10e1dfd05f2a7a7bc83cd44bae31e01c8ac15f974229211a2b1a49fa0a22fec0?s=96&d=mm&r=g","contentUrl":"https:\/\/secure.gravatar.com\/avatar\/10e1dfd05f2a7a7bc83cd44bae31e01c8ac15f974229211a2b1a49fa0a22fec0?s=96&d=mm&r=g","caption":"Joachim Keil"},"sameAs":["https:\/\/ucm.one"]}]}},"_links":{"self":[{"href":"https:\/\/ucm.one\/en\/wp-json\/wp\/v2\/posts\/37273","targetHints":{"allow":["GET"]}}],"collection":[{"href":"https:\/\/ucm.one\/en\/wp-json\/wp\/v2\/posts"}],"about":[{"href":"https:\/\/ucm.one\/en\/wp-json\/wp\/v2\/types\/post"}],"author":[{"embeddable":true,"href":"https:\/\/ucm.one\/en\/wp-json\/wp\/v2\/users\/2"}],"replies":[{"embeddable":true,"href":"https:\/\/ucm.one\/en\/wp-json\/wp\/v2\/comments?post=37273"}],"version-history":[{"count":0,"href":"https:\/\/ucm.one\/en\/wp-json\/wp\/v2\/posts\/37273\/revisions"}],"wp:featuredmedia":[{"embeddable":true,"href":"https:\/\/ucm.one\/en\/wp-json\/wp\/v2\/media\/37239"}],"wp:attachment":[{"href":"https:\/\/ucm.one\/en\/wp-json\/wp\/v2\/media?parent=37273"}],"wp:term":[{"taxonomy":"category","embeddable":true,"href":"https:\/\/ucm.one\/en\/wp-json\/wp\/v2\/categories?post=37273"},{"taxonomy":"post_tag","embeddable":true,"href":"https:\/\/ucm.one\/en\/wp-json\/wp\/v2\/tags?post=37273"}],"curies":[{"name":"wp","href":"https:\/\/api.w.org\/{rel}","templated":true}]}}