{"id":35908,"date":"2019-11-08T00:01:48","date_gmt":"2019-11-08T00:01:48","guid":{"rendered":"https:\/\/ucm.one\/d-day-stosstrupp-normandie-von-nick-lyon-ab-heute-im-handel-und-auf-vod-portalen-erhaeltlich\/"},"modified":"2022-08-19T11:32:58","modified_gmt":"2022-08-19T11:32:58","slug":"d-day-by-nick-lyon-available-today-on-blu-ray-dvd-and-on-vod-portals","status":"publish","type":"post","link":"https:\/\/ucm.one\/en\/d-day-by-nick-lyon-available-today-on-blu-ray-dvd-and-on-vod-portals\/","title":{"rendered":"&#8220;D-Day&#8221; by Nick Lyon available today on Blu-Ray, DVD and on VoD portals"},"content":{"rendered":"<div class=\"wpb-content-wrapper\"><p>[vc_row][vc_column width=&#8221;3\/4&#8243;][vc_column_text]Zum 75. Jahrestag der alliierten Invasion in der Normandie ver\u00f6ffentlicht <strong>UCM.ONE<\/strong> auf dem Filmlabel <strong>M-Square Pictures\u00a0<\/strong>den Film \u201c<strong>D-Day \u2013 Sto\u00dftrupp Normandie<\/strong>\u201c<strong>,<\/strong> der\u00a0die Geschichte eines Selbstmordkommandos erz\u00e4hlt, das am Tag der gro\u00dfen Normandie-Offensive der Alliierten am 06. Juni 1944 strategisch wichtige deutsche MG-Nester und Kanonenstellungen am Strand der Normandie ausschalten sollte. Mit <strong>Randy Courture<\/strong>, <strong>Chuck Liddell<\/strong>, <strong>Weston Cage Coppola<\/strong> und <strong>Jesse Kone <\/strong>kann der Film dabei mit einer starken Besetzung aufwarten.[\/vc_column_text][vc_column_text]Die US-Elite-Ranger-Einheit des zweiten Bataillons unter F\u00fchrung von Lt. General Omar Bradley (<strong>Chuck Liddl<\/strong>) und Lt. Colonel James Rider (<strong>Weston Cage Coppola<\/strong>) soll als Vorhut der gro\u00dfen Invasion die gro\u00dfen Gesch\u00fctzeinheiten der deutschen Wehrmacht unsch\u00e4dlich machen, die entlang der geplanten Invasionslinie in den Bunkern an der K\u00fcste und im nahen Hinterland stationiert sind.[\/vc_column_text][vc_column_text]Erste deutsche Einheiten sind schnell \u00fcberw\u00e4ltigt, doch die Spannungen zwischen den Rangern werden gr\u00f6\u00dfer, als die Gruppe Kriegsgefangene macht und sich pl\u00f6tzlich von deutschen Kommandotruppen eingekesselt sieht. Nun geht es nur noch um das nackte \u00dcberleben.[\/vc_column_text][\/vc_column][vc_column width=&#8221;1\/4&#8243;][vc_single_image image=&#8221;35896&#8243; img_size=&#8221;full&#8221;][\/vc_column][\/vc_row][vc_row][vc_column width=&#8221;1\/4&#8243;][vc_btn title=&#8221;Amazon&#8221; style=&#8221;flat&#8221; color=&#8221;orange&#8221; size=&#8221;sm&#8221; align=&#8221;center&#8221; i_icon_fontawesome=&#8221;fab fa-amazon&#8221; button_block=&#8221;true&#8221; add_icon=&#8221;true&#8221; link=&#8221;url:https%3A%2F%2Fwww.amazon.de%2FD-DAY-Sto%C3%9Ftrupp-Normandie-uncut-Blu-ray%2Fdp%2FB07YMFX4VC%2Fref%3Dtmm_blu_swatch_0%3F_encoding%3DUTF8%26qid%3D%26sr%3D|title:Amazon|target:%20_blank|&#8221;][\/vc_column][vc_column width=&#8221;1\/4&#8243;][vc_btn title=&#8221;Saturn&#8221; style=&#8221;classic&#8221; color=&#8221;inverse&#8221; size=&#8221;sm&#8221; align=&#8221;center&#8221; i_icon_fontawesome=&#8221;far fa-dot-circle&#8221; button_block=&#8221;true&#8221; add_icon=&#8221;true&#8221; link=&#8221;url:https%3A%2F%2Fwww.saturn.de%2Fde%2Fproduct%2F_d-day-sto%C3%9Ftrupp-normandie-uncut-kriegsfilm-blu-ray-2605679.html|title:Saturn|target:%20_blank|&#8221;][\/vc_column][vc_column width=&#8221;1\/4&#8243;][vc_btn title=&#8221;Shop&#8221; style=&#8221;classic&#8221; color=&#8221;juicy-pink&#8221; size=&#8221;sm&#8221; align=&#8221;center&#8221; i_icon_fontawesome=&#8221;fas fa-shopping-cart&#8221; button_block=&#8221;true&#8221; add_icon=&#8221;true&#8221; link=&#8221;url:https%3A%2F%2Fucm.one%2Fprodukt%2Fd-day-stosstrupp-normandie%2F|title:Shop|&#8221;][\/vc_column][vc_column width=&#8221;1\/4&#8243;][vc_btn title=&#8221;Prime Video&#8221; style=&#8221;classic&#8221; color=&#8221;sky&#8221; size=&#8221;sm&#8221; align=&#8221;center&#8221; i_icon_fontawesome=&#8221;fab fa-amazon&#8221; button_block=&#8221;true&#8221; add_icon=&#8221;true&#8221; link=&#8221;url:https%3A%2F%2Fwww.amazon.de%2FD-Day-Sto%C3%9Ftrupp-Normandie-Randy-Couture%2Fdp%2FB0813TFK1Z%2Fref%3Dtmm_aiv_swatch_1%3F_encoding%3DUTF8%26qid%3D%26sr%3D|title:Prime%20Video|target:%20_blank|&#8221;][\/vc_column][\/vc_row][vc_row css=&#8221;.vc_custom_1573254191880{margin-top: 25px !important;}&#8221;][vc_column width=&#8221;1\/2&#8243;][vc_video link=&#8221;https:\/\/youtu.be\/g7aEOXvlJtE&#8221; title=&#8221;D-Day &#8211; Sto\u00dftrupp Normandie | Trailer 1 (deutsch) \u1d34\u1d30&#8221;][\/vc_column][vc_column width=&#8221;1\/2&#8243;][vc_video link=&#8221;https:\/\/youtu.be\/958qZ5IU3wc&#8221; title=&#8221;D-Day &#8211; Sto\u00dftrupp Normandie | Trailer 2 (deutsch) \u1d34\u1d30&#8221;][\/vc_column][\/vc_row][vc_row][vc_column][vc_column_text]Weitere Informationen \u00fcber den Film: <a href=\"\/de\/d-day\/\">D-Day &#8211; Sto\u00dftrupp Normandie<\/a>[\/vc_column_text][\/vc_column][\/vc_row]<\/p>\n<\/div>","protected":false},"excerpt":{"rendered":"<p>[vc_row][vc_column width=&#8221;3\/4&#8243;][vc_column_text]Zum 75. Jahrestag der alliierten Invasion in der Normandie ver\u00f6ffentlicht UCM.ONE auf dem Filmlabel M-Square Pictures\u00a0den Film \u201cD-Day \u2013 Sto\u00dftrupp Normandie\u201c, der\u00a0die Geschichte eines Selbstmordkommandos erz\u00e4hlt, das am Tag der gro\u00dfen Normandie-Offensive der Alliierten am 06. Juni 1944 strategisch wichtige deutsche MG-Nester und Kanonenstellungen am Strand der Normandie ausschalten sollte. Mit Randy Courture, Chuck&hellip;<\/p>\n","protected":false},"author":2,"featured_media":35481,"comment_status":"closed","ping_status":"closed","sticky":false,"template":"","format":"standard","meta":{"_acf_changed":false,"footnotes":""},"categories":[942,141,941],"tags":[6824,6928,6921,6828,6829,6830,6922,6831,6929,6832,6833,6834,6835,6836,6923,6924,3959,6837,6839,6877,6930,6841,6843,6931,4282,6925,6926,6845,6927,6846],"class_list":["post-35908","post","type-post","status-publish","format-standard","has-post-thumbnail","hentry","category-film-en","category-m-square-pictures-en","category-news-en","tag-2-weltkrieg-2","tag-allied","tag-alliierten-2","tag-chuck-liddell-2","tag-d-day-2","tag-david-tom-2","tag-deutsche-wehrmacht-2","tag-geoff-meed-2","tag-invasion","tag-isaac-j-cruz-2","tag-jesse-kove-2","tag-kellan-rhude-2","tag-krieg-2","tag-kriegsfilm-2","tag-lt-colonel-james-rider-2","tag-lt-general-omar-bradley-2","tag-m-square-pictures-en","tag-matthew-dennis-lewis-2","tag-nick-lyon-2","tag-normandy","tag-normandy-offensive","tag-randy-couture-2","tag-stosstrupp-normandie-2","tag-suicide-squad","tag-the-asylum-en","tag-us-army-2","tag-us-ranger-2","tag-weston-cage-coppola-2","tag-word-war-ii","tag-wwii-2","category-942","category-141","category-941","description-off"],"acf":[],"yoast_head":"<!-- This site is optimized with the Yoast SEO plugin v27.5 - https:\/\/yoast.com\/product\/yoast-seo-wordpress\/ -->\n<title>&quot;D-Day&quot; by Nick Lyon available today on Blu-Ray, DVD and on VoD portals - UCM.ONE<\/title>\n<meta name=\"description\" content=\"Today, UCM.ONE releases the movie &quot;D-Day&quot; starring Randy Courture, Chuck Liddell, Weston Cage Coppola and Jesse Kone&#039;s heavily in Germany\" \/>\n<meta name=\"robots\" content=\"index, follow, max-snippet:-1, max-image-preview:large, max-video-preview:-1\" \/>\n<link rel=\"canonical\" href=\"https:\/\/ucm.one\/en\/d-day-by-nick-lyon-available-today-on-blu-ray-dvd-and-on-vod-portals\/\" \/>\n<meta property=\"og:locale\" content=\"en_US\" \/>\n<meta property=\"og:type\" content=\"article\" \/>\n<meta property=\"og:title\" content=\"&quot;D-Day&quot; by Nick Lyon available today on Blu-Ray, DVD and on VoD portals - UCM.ONE\" \/>\n<meta property=\"og:description\" content=\"Today, UCM.ONE releases the movie &quot;D-Day&quot; starring Randy Courture, Chuck Liddell, Weston Cage Coppola and Jesse Kone&#039;s heavily in Germany\" \/>\n<meta property=\"og:url\" content=\"https:\/\/ucm.one\/en\/d-day-by-nick-lyon-available-today-on-blu-ray-dvd-and-on-vod-portals\/\" \/>\n<meta property=\"og:site_name\" content=\"UCM.ONE\" \/>\n<meta property=\"article:published_time\" content=\"2019-11-08T00:01:48+00:00\" \/>\n<meta property=\"article:modified_time\" content=\"2022-08-19T11:32:58+00:00\" \/>\n<meta property=\"og:image\" content=\"https:\/\/ucm.one\/wp-content\/uploads\/2019\/11\/B-D-Day-Cover.jpg\" \/>\n\t<meta property=\"og:image:width\" content=\"1920\" \/>\n\t<meta property=\"og:image:height\" content=\"600\" \/>\n\t<meta property=\"og:image:type\" content=\"image\/jpeg\" \/>\n<meta name=\"author\" content=\"Joachim Keil\" \/>\n<meta name=\"twitter:card\" content=\"summary_large_image\" \/>\n<meta name=\"twitter:label1\" content=\"Written by\" \/>\n\t<meta name=\"twitter:data1\" content=\"Joachim Keil\" \/>\n\t<meta name=\"twitter:label2\" content=\"Est. reading time\" \/>\n\t<meta name=\"twitter:data2\" content=\"2 minutes\" \/>\n<!-- \/ Yoast SEO plugin. -->","yoast_head_json":{"title":"\"D-Day\" by Nick Lyon available today on Blu-Ray, DVD and on VoD portals - UCM.ONE","description":"Today, UCM.ONE releases the movie \"D-Day\" starring Randy Courture, Chuck Liddell, Weston Cage Coppola and Jesse Kone's heavily in Germany","robots":{"index":"index","follow":"follow","max-snippet":"max-snippet:-1","max-image-preview":"max-image-preview:large","max-video-preview":"max-video-preview:-1"},"canonical":"https:\/\/ucm.one\/en\/d-day-by-nick-lyon-available-today-on-blu-ray-dvd-and-on-vod-portals\/","og_locale":"en_US","og_type":"article","og_title":"\"D-Day\" by Nick Lyon available today on Blu-Ray, DVD and on VoD portals - UCM.ONE","og_description":"Today, UCM.ONE releases the movie \"D-Day\" starring Randy Courture, Chuck Liddell, Weston Cage Coppola and Jesse Kone's heavily in Germany","og_url":"https:\/\/ucm.one\/en\/d-day-by-nick-lyon-available-today-on-blu-ray-dvd-and-on-vod-portals\/","og_site_name":"UCM.ONE","article_published_time":"2019-11-08T00:01:48+00:00","article_modified_time":"2022-08-19T11:32:58+00:00","og_image":[{"width":1920,"height":600,"url":"https:\/\/ucm.one\/wp-content\/uploads\/2019\/11\/B-D-Day-Cover.jpg","type":"image\/jpeg"}],"author":"Joachim Keil","twitter_card":"summary_large_image","twitter_misc":{"Written by":"Joachim Keil","Est. reading time":"2 minutes"},"schema":{"@context":"https:\/\/schema.org","@graph":[{"@type":"Article","@id":"https:\/\/ucm.one\/en\/d-day-by-nick-lyon-available-today-on-blu-ray-dvd-and-on-vod-portals\/#article","isPartOf":{"@id":"https:\/\/ucm.one\/en\/d-day-by-nick-lyon-available-today-on-blu-ray-dvd-and-on-vod-portals\/"},"author":{"name":"Joachim Keil","@id":"https:\/\/ucm.one\/en\/#\/schema\/person\/4b959e467e8acc058836467a0ef8fa50"},"headline":"&#8220;D-Day&#8221; by Nick Lyon available today on Blu-Ray, DVD and on VoD portals","datePublished":"2019-11-08T00:01:48+00:00","dateModified":"2022-08-19T11:32:58+00:00","mainEntityOfPage":{"@id":"https:\/\/ucm.one\/en\/d-day-by-nick-lyon-available-today-on-blu-ray-dvd-and-on-vod-portals\/"},"wordCount":509,"publisher":{"@id":"https:\/\/ucm.one\/en\/#organization"},"image":{"@id":"https:\/\/ucm.one\/en\/d-day-by-nick-lyon-available-today-on-blu-ray-dvd-and-on-vod-portals\/#primaryimage"},"thumbnailUrl":"https:\/\/ucm.one\/wp-content\/uploads\/2019\/11\/B-D-Day-Cover.jpg","keywords":["2. Weltkrieg","Allied","Alliierten","Chuck Liddell","D-Day","David Tom","Deutsche Wehrmacht","Geoff Meed","Invasion","Isaac J. Cruz","Jesse Kove","Kellan Rhude","Krieg","Kriegsfilm","Lt. Colonel James Rider","Lt. General Omar Bradley","M-Square Pictures","Matthew Dennis Lewis","Nick Lyon","Normandy","Normandy offensive","Randy Couture","Sto\u00dftrupp Normandie","suicide squad","The Asylum","US Army","US Ranger","Weston Cage Coppola","Word War II","WWII"],"articleSection":["Film","M-Square Pictures","News"],"inLanguage":"en-US"},{"@type":"WebPage","@id":"https:\/\/ucm.one\/en\/d-day-by-nick-lyon-available-today-on-blu-ray-dvd-and-on-vod-portals\/","url":"https:\/\/ucm.one\/en\/d-day-by-nick-lyon-available-today-on-blu-ray-dvd-and-on-vod-portals\/","name":"\"D-Day\" by Nick Lyon available today on Blu-Ray, DVD and on VoD portals - UCM.ONE","isPartOf":{"@id":"https:\/\/ucm.one\/en\/#website"},"primaryImageOfPage":{"@id":"https:\/\/ucm.one\/en\/d-day-by-nick-lyon-available-today-on-blu-ray-dvd-and-on-vod-portals\/#primaryimage"},"image":{"@id":"https:\/\/ucm.one\/en\/d-day-by-nick-lyon-available-today-on-blu-ray-dvd-and-on-vod-portals\/#primaryimage"},"thumbnailUrl":"https:\/\/ucm.one\/wp-content\/uploads\/2019\/11\/B-D-Day-Cover.jpg","datePublished":"2019-11-08T00:01:48+00:00","dateModified":"2022-08-19T11:32:58+00:00","description":"Today, UCM.ONE releases the movie \"D-Day\" starring Randy Courture, Chuck Liddell, Weston Cage Coppola and Jesse Kone's heavily in Germany","breadcrumb":{"@id":"https:\/\/ucm.one\/en\/d-day-by-nick-lyon-available-today-on-blu-ray-dvd-and-on-vod-portals\/#breadcrumb"},"inLanguage":"en-US","potentialAction":[{"@type":"ReadAction","target":["https:\/\/ucm.one\/en\/d-day-by-nick-lyon-available-today-on-blu-ray-dvd-and-on-vod-portals\/"]}]},{"@type":"ImageObject","inLanguage":"en-US","@id":"https:\/\/ucm.one\/en\/d-day-by-nick-lyon-available-today-on-blu-ray-dvd-and-on-vod-portals\/#primaryimage","url":"https:\/\/ucm.one\/wp-content\/uploads\/2019\/11\/B-D-Day-Cover.jpg","contentUrl":"https:\/\/ucm.one\/wp-content\/uploads\/2019\/11\/B-D-Day-Cover.jpg","width":1920,"height":600},{"@type":"BreadcrumbList","@id":"https:\/\/ucm.one\/en\/d-day-by-nick-lyon-available-today-on-blu-ray-dvd-and-on-vod-portals\/#breadcrumb","itemListElement":[{"@type":"ListItem","position":1,"name":"Home","item":"https:\/\/ucm.one\/en\/"},{"@type":"ListItem","position":2,"name":"&#8220;D-Day&#8221; by Nick Lyon available today on Blu-Ray, DVD and on VoD portals"}]},{"@type":"WebSite","@id":"https:\/\/ucm.one\/en\/#website","url":"https:\/\/ucm.one\/en\/","name":"UCM.ONE","description":"","publisher":{"@id":"https:\/\/ucm.one\/en\/#organization"},"potentialAction":[{"@type":"SearchAction","target":{"@type":"EntryPoint","urlTemplate":"https:\/\/ucm.one\/en\/?s={search_term_string}"},"query-input":{"@type":"PropertyValueSpecification","valueRequired":true,"valueName":"search_term_string"}}],"inLanguage":"en-US"},{"@type":"Organization","@id":"https:\/\/ucm.one\/en\/#organization","name":"UCM.ONE","url":"https:\/\/ucm.one\/en\/","logo":{"@type":"ImageObject","inLanguage":"en-US","@id":"https:\/\/ucm.one\/en\/#\/schema\/logo\/image\/","url":"https:\/\/ucm.one\/wp-content\/uploads\/2019\/10\/UCM.ONE-Logo-RGB.svg","contentUrl":"https:\/\/ucm.one\/wp-content\/uploads\/2019\/10\/UCM.ONE-Logo-RGB.svg","width":1,"height":1,"caption":"UCM.ONE"},"image":{"@id":"https:\/\/ucm.one\/en\/#\/schema\/logo\/image\/"}},{"@type":"Person","@id":"https:\/\/ucm.one\/en\/#\/schema\/person\/4b959e467e8acc058836467a0ef8fa50","name":"Joachim Keil","image":{"@type":"ImageObject","inLanguage":"en-US","@id":"https:\/\/secure.gravatar.com\/avatar\/10e1dfd05f2a7a7bc83cd44bae31e01c8ac15f974229211a2b1a49fa0a22fec0?s=96&d=mm&r=g","url":"https:\/\/secure.gravatar.com\/avatar\/10e1dfd05f2a7a7bc83cd44bae31e01c8ac15f974229211a2b1a49fa0a22fec0?s=96&d=mm&r=g","contentUrl":"https:\/\/secure.gravatar.com\/avatar\/10e1dfd05f2a7a7bc83cd44bae31e01c8ac15f974229211a2b1a49fa0a22fec0?s=96&d=mm&r=g","caption":"Joachim Keil"},"sameAs":["https:\/\/ucm.one"]}]}},"_links":{"self":[{"href":"https:\/\/ucm.one\/en\/wp-json\/wp\/v2\/posts\/35908","targetHints":{"allow":["GET"]}}],"collection":[{"href":"https:\/\/ucm.one\/en\/wp-json\/wp\/v2\/posts"}],"about":[{"href":"https:\/\/ucm.one\/en\/wp-json\/wp\/v2\/types\/post"}],"author":[{"embeddable":true,"href":"https:\/\/ucm.one\/en\/wp-json\/wp\/v2\/users\/2"}],"replies":[{"embeddable":true,"href":"https:\/\/ucm.one\/en\/wp-json\/wp\/v2\/comments?post=35908"}],"version-history":[{"count":0,"href":"https:\/\/ucm.one\/en\/wp-json\/wp\/v2\/posts\/35908\/revisions"}],"wp:featuredmedia":[{"embeddable":true,"href":"https:\/\/ucm.one\/en\/wp-json\/wp\/v2\/media\/35481"}],"wp:attachment":[{"href":"https:\/\/ucm.one\/en\/wp-json\/wp\/v2\/media?parent=35908"}],"wp:term":[{"taxonomy":"category","embeddable":true,"href":"https:\/\/ucm.one\/en\/wp-json\/wp\/v2\/categories?post=35908"},{"taxonomy":"post_tag","embeddable":true,"href":"https:\/\/ucm.one\/en\/wp-json\/wp\/v2\/tags?post=35908"}],"curies":[{"name":"wp","href":"https:\/\/api.w.org\/{rel}","templated":true}]}}