{"id":29516,"date":"2019-03-24T16:35:14","date_gmt":"2019-03-24T16:35:14","guid":{"rendered":"https:\/\/ucm.one\/?p=29516"},"modified":"2019-03-24T16:41:46","modified_gmt":"2019-03-24T16:41:46","slug":"tv-premiere-of-rocket-perelman-darling-berlin-on-april-4-2019","status":"publish","type":"post","link":"https:\/\/ucm.one\/en\/tv-premiere-of-rocket-perelman-darling-berlin-on-april-4-2019\/","title":{"rendered":"TV premiere of &#8220;Rocket Perelman&#8221; (Darling Berlin) on April 4, 2019"},"content":{"rendered":"<div class=\"wpb-content-wrapper\"><p>[vc_row][vc_column][vc_column_text]The comedy &#8220;<strong>Rocket Perelman<\/strong>&#8221; (<strong>Darling Berlin<\/strong>) starring <strong>Liv Lisa Fries<\/strong> celebrates the TV premiere on April 4, 2019 at 24 o&#8217;clock on <strong>RBB<\/strong> television. The film by <strong>Oliver Alaluukas<\/strong> asks the question: &#8220;How do we want to live together?&#8221;. In the middle of Brandenburg&#8217;s nowhere between green meadows, techno and theater. In the artists&#8217; colony Rocket Perelman (German: <strong>Rakete Perelman<\/strong>) you live your version of freedom and independence &#8211; each for themselves and all together.[\/vc_column_text][\/vc_column][\/vc_row][vc_row][vc_column][vc_video link=&#8221;https:\/\/youtu.be\/0r9GcE-BcNA&#8221;][\/vc_column][\/vc_row]<\/p>\n<\/div>","protected":false},"excerpt":{"rendered":"<p>[vc_row][vc_column][vc_column_text]The comedy &#8220;Rocket Perelman&#8221; (Darling Berlin) starring Liv Lisa Fries celebrates the TV premiere on April 4, 2019 at 24 o&#8217;clock on RBB television. The film by Oliver Alaluukas asks the question: &#8220;How do we want to live together?&#8221;. In the middle of Brandenburg&#8217;s nowhere between green meadows, techno and theater. In the artists&#8217; colony&hellip;<\/p>\n","protected":false},"author":2,"featured_media":29514,"comment_status":"closed","ping_status":"closed","sticky":false,"template":"","format":"standard","meta":{"_acf_changed":false,"footnotes":""},"categories":[22,942,4630,941],"tags":[3428,3468,4844,3493,3405,3710,3737,3795,3863,3910,3927,3930,3990,4014,4071,4072,4143,4399,4176,4843,4237,4302],"class_list":["post-29516","post","type-post","status-publish","format-standard","has-post-thumbnail","hentry","category-darling-berlin","category-film-en","category-movie-distribution","category-news-en","tag-afrika-brau-en","tag-anne-haug-en","tag-ard-en","tag-babylon-berlin-en","tag-darling-berlin-en","tag-franziska-juenger-en","tag-gordon-kaemmerer-en","tag-ilyes-moutaoukkil-en","tag-kai-mueller-en","tag-lars-rudolph-en","tag-lilly-marie-tschoertner-en","tag-liv-lisa-fries-en","tag-mathilde-fiedler-en","tag-milton-welsh-en","tag-oliver-alaluukas-en","tag-oliver-broecker-en","tag-rakete-perelman-en","tag-rbb-en","tag-rocket-perelman-en","tag-sky-en","tag-stefan-lampadius-en","tag-tobias-lehmann-en","category-22","category-942","category-4630","category-941","description-off"],"acf":[],"yoast_head":"<!-- This site is optimized with the Yoast SEO plugin v27.5 - https:\/\/yoast.com\/product\/yoast-seo-wordpress\/ -->\n<title>TV premiere of &quot;Rocket Perelman&quot; (Darling Berlin) on April 4, 2019 - UCM.ONE<\/title>\n<meta name=\"description\" content=\"The comedy &quot;Rocket Perelman&quot; (Darling Berlin) starring Liv Lisa Fries celebrates the TV premiere on April 4, 2019 at 24 o&#039;clock on RBB television.\" \/>\n<meta name=\"robots\" content=\"index, follow, max-snippet:-1, max-image-preview:large, max-video-preview:-1\" \/>\n<link rel=\"canonical\" href=\"https:\/\/ucm.one\/en\/tv-premiere-of-rocket-perelman-darling-berlin-on-april-4-2019\/\" \/>\n<meta property=\"og:locale\" content=\"en_US\" \/>\n<meta property=\"og:type\" content=\"article\" \/>\n<meta property=\"og:title\" content=\"TV premiere of &quot;Rocket Perelman&quot; (Darling Berlin) on April 4, 2019 - UCM.ONE\" \/>\n<meta property=\"og:description\" content=\"The comedy &quot;Rocket Perelman&quot; (Darling Berlin) starring Liv Lisa Fries celebrates the TV premiere on April 4, 2019 at 24 o&#039;clock on RBB television.\" \/>\n<meta property=\"og:url\" content=\"https:\/\/ucm.one\/en\/tv-premiere-of-rocket-perelman-darling-berlin-on-april-4-2019\/\" \/>\n<meta property=\"og:site_name\" content=\"UCM.ONE\" \/>\n<meta property=\"article:published_time\" content=\"2019-03-24T16:35:14+00:00\" \/>\n<meta property=\"article:modified_time\" content=\"2019-03-24T16:41:46+00:00\" \/>\n<meta property=\"og:image\" content=\"https:\/\/ucm.one\/wp-content\/uploads\/2019\/03\/B-Rakete-Perelman-1903.jpg\" \/>\n\t<meta property=\"og:image:width\" content=\"1920\" \/>\n\t<meta property=\"og:image:height\" content=\"600\" \/>\n\t<meta property=\"og:image:type\" content=\"image\/jpeg\" \/>\n<meta name=\"author\" content=\"Joachim Keil\" \/>\n<meta name=\"twitter:card\" content=\"summary_large_image\" \/>\n<meta name=\"twitter:label1\" content=\"Written by\" \/>\n\t<meta name=\"twitter:data1\" content=\"Joachim Keil\" \/>\n\t<meta name=\"twitter:label2\" content=\"Est. reading time\" \/>\n\t<meta name=\"twitter:data2\" content=\"1 minute\" \/>\n<!-- \/ Yoast SEO plugin. -->","yoast_head_json":{"title":"TV premiere of \"Rocket Perelman\" (Darling Berlin) on April 4, 2019 - UCM.ONE","description":"The comedy \"Rocket Perelman\" (Darling Berlin) starring Liv Lisa Fries celebrates the TV premiere on April 4, 2019 at 24 o'clock on RBB television.","robots":{"index":"index","follow":"follow","max-snippet":"max-snippet:-1","max-image-preview":"max-image-preview:large","max-video-preview":"max-video-preview:-1"},"canonical":"https:\/\/ucm.one\/en\/tv-premiere-of-rocket-perelman-darling-berlin-on-april-4-2019\/","og_locale":"en_US","og_type":"article","og_title":"TV premiere of \"Rocket Perelman\" (Darling Berlin) on April 4, 2019 - UCM.ONE","og_description":"The comedy \"Rocket Perelman\" (Darling Berlin) starring Liv Lisa Fries celebrates the TV premiere on April 4, 2019 at 24 o'clock on RBB television.","og_url":"https:\/\/ucm.one\/en\/tv-premiere-of-rocket-perelman-darling-berlin-on-april-4-2019\/","og_site_name":"UCM.ONE","article_published_time":"2019-03-24T16:35:14+00:00","article_modified_time":"2019-03-24T16:41:46+00:00","og_image":[{"width":1920,"height":600,"url":"https:\/\/ucm.one\/wp-content\/uploads\/2019\/03\/B-Rakete-Perelman-1903.jpg","type":"image\/jpeg"}],"author":"Joachim Keil","twitter_card":"summary_large_image","twitter_misc":{"Written by":"Joachim Keil","Est. reading time":"1 minute"},"schema":{"@context":"https:\/\/schema.org","@graph":[{"@type":"Article","@id":"https:\/\/ucm.one\/en\/tv-premiere-of-rocket-perelman-darling-berlin-on-april-4-2019\/#article","isPartOf":{"@id":"https:\/\/ucm.one\/en\/tv-premiere-of-rocket-perelman-darling-berlin-on-april-4-2019\/"},"author":{"name":"Joachim Keil","@id":"https:\/\/ucm.one\/en\/#\/schema\/person\/4b959e467e8acc058836467a0ef8fa50"},"headline":"TV premiere of &#8220;Rocket Perelman&#8221; (Darling Berlin) on April 4, 2019","datePublished":"2019-03-24T16:35:14+00:00","dateModified":"2019-03-24T16:41:46+00:00","mainEntityOfPage":{"@id":"https:\/\/ucm.one\/en\/tv-premiere-of-rocket-perelman-darling-berlin-on-april-4-2019\/"},"wordCount":113,"publisher":{"@id":"https:\/\/ucm.one\/en\/#organization"},"image":{"@id":"https:\/\/ucm.one\/en\/tv-premiere-of-rocket-perelman-darling-berlin-on-april-4-2019\/#primaryimage"},"thumbnailUrl":"https:\/\/ucm.one\/wp-content\/uploads\/2019\/03\/B-Rakete-Perelman-1903.jpg","keywords":["Afrika Brau","Anne Haug","ARD","Babylon Berlin","Darling Berlin","Franziska J\u00fcnger","Gordon K\u00e4mmerer","Ilyes Moutaoukkil","Kai M\u00fcller","Lars Rudolph","Lilly Marie Tsch\u00f6rtner","Liv Lisa Fries","Mathilde Fiedler","Milton Welsh","Oliver Alaluukas","Oliver Br\u00f6cker","Rakete Perelman","rbb","Rocket Perelman","Sky","Stefan Lampadius","Tobias Lehmann"],"articleSection":["Darling Berlin","Film","Movie Distribution","News"],"inLanguage":"en-US"},{"@type":"WebPage","@id":"https:\/\/ucm.one\/en\/tv-premiere-of-rocket-perelman-darling-berlin-on-april-4-2019\/","url":"https:\/\/ucm.one\/en\/tv-premiere-of-rocket-perelman-darling-berlin-on-april-4-2019\/","name":"TV premiere of \"Rocket Perelman\" (Darling Berlin) on April 4, 2019 - UCM.ONE","isPartOf":{"@id":"https:\/\/ucm.one\/en\/#website"},"primaryImageOfPage":{"@id":"https:\/\/ucm.one\/en\/tv-premiere-of-rocket-perelman-darling-berlin-on-april-4-2019\/#primaryimage"},"image":{"@id":"https:\/\/ucm.one\/en\/tv-premiere-of-rocket-perelman-darling-berlin-on-april-4-2019\/#primaryimage"},"thumbnailUrl":"https:\/\/ucm.one\/wp-content\/uploads\/2019\/03\/B-Rakete-Perelman-1903.jpg","datePublished":"2019-03-24T16:35:14+00:00","dateModified":"2019-03-24T16:41:46+00:00","description":"The comedy \"Rocket Perelman\" (Darling Berlin) starring Liv Lisa Fries celebrates the TV premiere on April 4, 2019 at 24 o'clock on RBB television.","breadcrumb":{"@id":"https:\/\/ucm.one\/en\/tv-premiere-of-rocket-perelman-darling-berlin-on-april-4-2019\/#breadcrumb"},"inLanguage":"en-US","potentialAction":[{"@type":"ReadAction","target":["https:\/\/ucm.one\/en\/tv-premiere-of-rocket-perelman-darling-berlin-on-april-4-2019\/"]}]},{"@type":"ImageObject","inLanguage":"en-US","@id":"https:\/\/ucm.one\/en\/tv-premiere-of-rocket-perelman-darling-berlin-on-april-4-2019\/#primaryimage","url":"https:\/\/ucm.one\/wp-content\/uploads\/2019\/03\/B-Rakete-Perelman-1903.jpg","contentUrl":"https:\/\/ucm.one\/wp-content\/uploads\/2019\/03\/B-Rakete-Perelman-1903.jpg","width":1920,"height":600},{"@type":"BreadcrumbList","@id":"https:\/\/ucm.one\/en\/tv-premiere-of-rocket-perelman-darling-berlin-on-april-4-2019\/#breadcrumb","itemListElement":[{"@type":"ListItem","position":1,"name":"Home","item":"https:\/\/ucm.one\/en\/"},{"@type":"ListItem","position":2,"name":"TV premiere of &#8220;Rocket Perelman&#8221; (Darling Berlin) on April 4, 2019"}]},{"@type":"WebSite","@id":"https:\/\/ucm.one\/en\/#website","url":"https:\/\/ucm.one\/en\/","name":"UCM.ONE","description":"","publisher":{"@id":"https:\/\/ucm.one\/en\/#organization"},"potentialAction":[{"@type":"SearchAction","target":{"@type":"EntryPoint","urlTemplate":"https:\/\/ucm.one\/en\/?s={search_term_string}"},"query-input":{"@type":"PropertyValueSpecification","valueRequired":true,"valueName":"search_term_string"}}],"inLanguage":"en-US"},{"@type":"Organization","@id":"https:\/\/ucm.one\/en\/#organization","name":"UCM.ONE","url":"https:\/\/ucm.one\/en\/","logo":{"@type":"ImageObject","inLanguage":"en-US","@id":"https:\/\/ucm.one\/en\/#\/schema\/logo\/image\/","url":"https:\/\/ucm.one\/wp-content\/uploads\/2019\/10\/UCM.ONE-Logo-RGB.svg","contentUrl":"https:\/\/ucm.one\/wp-content\/uploads\/2019\/10\/UCM.ONE-Logo-RGB.svg","width":1,"height":1,"caption":"UCM.ONE"},"image":{"@id":"https:\/\/ucm.one\/en\/#\/schema\/logo\/image\/"}},{"@type":"Person","@id":"https:\/\/ucm.one\/en\/#\/schema\/person\/4b959e467e8acc058836467a0ef8fa50","name":"Joachim Keil","image":{"@type":"ImageObject","inLanguage":"en-US","@id":"https:\/\/secure.gravatar.com\/avatar\/10e1dfd05f2a7a7bc83cd44bae31e01c8ac15f974229211a2b1a49fa0a22fec0?s=96&d=mm&r=g","url":"https:\/\/secure.gravatar.com\/avatar\/10e1dfd05f2a7a7bc83cd44bae31e01c8ac15f974229211a2b1a49fa0a22fec0?s=96&d=mm&r=g","contentUrl":"https:\/\/secure.gravatar.com\/avatar\/10e1dfd05f2a7a7bc83cd44bae31e01c8ac15f974229211a2b1a49fa0a22fec0?s=96&d=mm&r=g","caption":"Joachim Keil"},"sameAs":["https:\/\/ucm.one"]}]}},"_links":{"self":[{"href":"https:\/\/ucm.one\/en\/wp-json\/wp\/v2\/posts\/29516","targetHints":{"allow":["GET"]}}],"collection":[{"href":"https:\/\/ucm.one\/en\/wp-json\/wp\/v2\/posts"}],"about":[{"href":"https:\/\/ucm.one\/en\/wp-json\/wp\/v2\/types\/post"}],"author":[{"embeddable":true,"href":"https:\/\/ucm.one\/en\/wp-json\/wp\/v2\/users\/2"}],"replies":[{"embeddable":true,"href":"https:\/\/ucm.one\/en\/wp-json\/wp\/v2\/comments?post=29516"}],"version-history":[{"count":0,"href":"https:\/\/ucm.one\/en\/wp-json\/wp\/v2\/posts\/29516\/revisions"}],"wp:featuredmedia":[{"embeddable":true,"href":"https:\/\/ucm.one\/en\/wp-json\/wp\/v2\/media\/29514"}],"wp:attachment":[{"href":"https:\/\/ucm.one\/en\/wp-json\/wp\/v2\/media?parent=29516"}],"wp:term":[{"taxonomy":"category","embeddable":true,"href":"https:\/\/ucm.one\/en\/wp-json\/wp\/v2\/categories?post=29516"},{"taxonomy":"post_tag","embeddable":true,"href":"https:\/\/ucm.one\/en\/wp-json\/wp\/v2\/tags?post=29516"}],"curies":[{"name":"wp","href":"https:\/\/api.w.org\/{rel}","templated":true}]}}