{"id":109127,"date":"2024-10-24T10:59:02","date_gmt":"2024-10-24T10:59:02","guid":{"rendered":"https:\/\/ucm.one\/%f0%9f%8e%ac-german-premiere-of-martin-reads-the-quran-at-the-hof-international-film-festival-in-cinemas-from-november-6-2024-at-babylon-mitte\/"},"modified":"2024-10-28T11:22:01","modified_gmt":"2024-10-28T11:22:01","slug":"german-premiere-of-martin-reads-the-quran-at-the-hof-international-film-festival-in-cinemas-from-november-6-2024-at-babylon-mitte","status":"publish","type":"post","link":"https:\/\/ucm.one\/en\/german-premiere-of-martin-reads-the-quran-at-the-hof-international-film-festival-in-cinemas-from-november-6-2024-at-babylon-mitte\/","title":{"rendered":"\ud83c\udfac  German premiere of \u201cMartin Reads the Quran\u201d at the Hof International Film Festival. In cinemas from November 6, 2024 at Babylon Mitte"},"content":{"rendered":"<div class=\"wpb-content-wrapper\"><p>[vc_row][vc_column][vc_column_text css=&#8221;&#8221;]The psychological thriller \u201c<b>Martin liest den Koran<\/b>\u201d (Martin Reads the Quran) by <b>Jurijs Saule<\/b> celebrates its German premiere today at the Hof International Film Festival. The theatrical release premiere will be celebrated on<i> Wednesday, <\/i><b><i>6 November<\/i> <i>2024<\/i><\/b> with a screening at <b>Babylon<\/b> Mitte in Berlin with the film team and guests. The regular theatrical release in Germany is one day later, <i>on <\/i><b><i>7 November 2024<\/i><\/b>.[\/vc_column_text][\/vc_column][\/vc_row][vc_row][vc_column width=&#8221;1\/2&#8243;][vc_single_image image=&#8221;107261&#8243; img_size=&#8221;full&#8221; onclick=&#8221;link_image&#8221; css=&#8221;&#8221;][\/vc_column][vc_column width=&#8221;1\/2&#8243;][vc_single_image image=&#8221;107264&#8243; img_size=&#8221;full&#8221; onclick=&#8221;link_image&#8221; css=&#8221;&#8221;][\/vc_column][\/vc_row][vc_row][vc_column][vc_column_text css=&#8221;&#8221;]<br \/>\nThe film tells the story of a father (<b>Zejhun Demirov<\/b>) who discovered Islam a year ago and now regularly attends the mosque. In search of clarity, he visits the office hours of an Islamic scholar (<b>Ulrich Tukur<\/b>) to find out whether an attack he is planning is compatible with the teachings of the Koran.<br \/>\n[\/vc_column_text][\/vc_column][\/vc_row][vc_row][vc_column width=&#8221;3\/4&#8243;][vc_column_text css=&#8221;&#8221;]The <b>Hofer Filmtage<\/b> is one of the most important film festivals in Germany and is considered an important platform for young talents and independent filmmakers. It is known for presenting new works and creative films to a broad audience, away from the mainstream. Many renowned directors and actors have started or consolidated their careers at the <b>Hofer Filmtage<\/b>. The festival has established itself as a place where innovative cinematic art and courageous stories are in focus.<br \/>\n[\/vc_column_text][vc_column_text css=&#8221;&#8221;]<span style=\"font-size: 14pt;\"><strong><span style=\"font-family: Arial;\">Inhalt<\/span><\/strong><\/span><\/p>\n<p style=\"font-weight: 400;\">Martin ist ein 35 Jahre alter Familienvater mit iranischen Wurzeln, der erst seit einem Jahr den Islam studiert. Er besucht Professor Neuweiser, einen Professor f\u00fcr Islamwissenschaft, um ihm von seinem aufregenden Terroranschlag zu erz\u00e4hlen, den er heute Morgen initiiert hat. Martin ist verwirrt, wenn man Terroristen kritisiert, denn er glaubt, sie w\u00fcrden nur das befolgen, was im Koran steht. Oder kann Professor Neuweiser Martin eine Passage zeigen, die eindeutig verbietet, Menschen mit Bomben zu t\u00f6ten? Wenn nicht, wird Martins Bombe folgerichtig viele Menschen t\u00f6ten. Dem Professor bleibt keine andere Waffe als der Koran selbst, das Wort Gottes, um zu beweisen, dass Gewalt verboten ist.<\/p>\n<p><span style=\"font-weight: 400;\">Aber hat Martin den Professor wirklich nur aufgesucht, um den Rat eines \u201eweisen Mannes&#8221; einzuholen oder verbirgt sich etwas anderes hinter dem unangek\u00fcndigten Besuch? Martin selbst ist den ganzen Film \u00fcber das gro\u00dfe R\u00e4tsel, das sich erst am Ende in seiner ganzen emotionalen Tiefe entfaltet &#8211; um schlie\u00dflich in den Herzen der Zuschauer zu detonieren.<\/span>[\/vc_column_text][\/vc_column][vc_column width=&#8221;1\/4&#8243;][vc_single_image image=&#8221;107200&#8243; img_size=&#8221;full&#8221; onclick=&#8221;link_image&#8221; css=&#8221;&#8221;][\/vc_column][\/vc_row][vc_row][vc_column][vc_separator css=&#8221;&#8221;][\/vc_column][\/vc_row][vc_row][vc_column width=&#8221;1\/2&#8243;][vc_video link=&#8221;https:\/\/www.youtube.com\/watch?v=nNMy3hSnTcE&#8221; css=&#8221;&#8221; title=&#8221;Martin Reads the Quran (Trailer 1) \u1d34\u1d30&#8221;][\/vc_column][vc_column width=&#8221;1\/2&#8243;][vc_video link=&#8221;https:\/\/www.youtube.com\/watch?v=_acoFhXBYuw&#8221; css=&#8221;&#8221; title=&#8221;Martin Reads the Quran (Trailer 2) \u1d34\u1d30&#8221;][\/vc_column][\/vc_row][vc_row][vc_column width=&#8221;1\/2&#8243;][vc_column_text css=&#8221;&#8221;]More information about the movie: <a title=\"Heikos Welt (2021) von Dominik Galizia | Darling Berlin\" href=\"https:\/\/ucm.one\/en\/martin-reads-the-quran\/\">Martin Reads the Quran<\/a>[\/vc_column_text][\/vc_column][vc_column width=&#8221;1\/2&#8243;][vc_column_text css=&#8221;&#8221;]More information about the film label: <a title=\"Darling Berlin\" href=\"https:\/\/ucm.one\/en\/film-labels\/artkeim\/\">Artkeim\u00b2<\/a>[\/vc_column_text][\/vc_column][\/vc_row]<\/p>\n<\/div>","protected":false},"excerpt":{"rendered":"<p>[vc_row][vc_column][vc_column_text css=&#8221;&#8221;]The psychological thriller \u201cMartin liest den Koran\u201d (Martin Reads the Quran) by Jurijs Saule celebrates its German premiere today at the Hof International Film Festival. The theatrical release premiere will be celebrated on Wednesday, 6 November 2024 with a screening at Babylon Mitte in Berlin with the film team and guests. The regular theatrical&hellip;<\/p>\n","protected":false},"author":2,"featured_media":109131,"comment_status":"closed","ping_status":"closed","sticky":false,"template":"","format":"standard","meta":{"_acf_changed":false,"footnotes":""},"categories":[570,1011,942,4630,941],"tags":[18214,3619,9457,5729,18208,18209,3935,18207,18210,18215,18213,18211,18212],"class_list":["post-109127","post","type-post","status-publish","format-standard","has-post-thumbnail","hentry","category-artkeim-en","category-cinema","category-film-en","category-movie-distribution","category-news-en","tag-alissia-krupsky-2","tag-deutscher-filmpreis-en","tag-hofer-filmtage-2","tag-internationale-hofer-filmtage-2","tag-islam-2","tag-jurijs-saule-2","tag-lola-en","tag-martin-reads-the-quran","tag-michail-lurje-2","tag-prince-chughtai-2","tag-sarah-sandeh-2","tag-ulrich-tukur-2","tag-zejhun-demirov-2","category-570","category-1011","category-942","category-4630","category-941","description-off"],"acf":[],"yoast_head":"<!-- This site is optimized with the Yoast SEO plugin v27.5 - https:\/\/yoast.com\/product\/yoast-seo-wordpress\/ -->\n<title>\u201cMartin Reads the Quran\u201d at the Hof International Film Festival<\/title>\n<meta name=\"description\" content=\"The regular theatrical release of \u201cMartin Reads the Quran\u201d by Jurijs Saule in Germany is on November 7, 2024.\" \/>\n<meta name=\"robots\" content=\"index, follow, max-snippet:-1, max-image-preview:large, max-video-preview:-1\" \/>\n<link rel=\"canonical\" href=\"https:\/\/ucm.one\/en\/german-premiere-of-martin-reads-the-quran-at-the-hof-international-film-festival-in-cinemas-from-november-6-2024-at-babylon-mitte\/\" \/>\n<meta property=\"og:locale\" content=\"en_US\" \/>\n<meta property=\"og:type\" content=\"article\" \/>\n<meta property=\"og:title\" content=\"\u201cMartin Reads the Quran\u201d at the Hof International Film Festival\" \/>\n<meta property=\"og:description\" content=\"The regular theatrical release of \u201cMartin Reads the Quran\u201d by Jurijs Saule in Germany is on November 7, 2024.\" \/>\n<meta property=\"og:url\" content=\"https:\/\/ucm.one\/en\/german-premiere-of-martin-reads-the-quran-at-the-hof-international-film-festival-in-cinemas-from-november-6-2024-at-babylon-mitte\/\" \/>\n<meta property=\"og:site_name\" content=\"UCM.ONE\" \/>\n<meta property=\"article:published_time\" content=\"2024-10-24T10:59:02+00:00\" \/>\n<meta property=\"article:modified_time\" content=\"2024-10-28T11:22:01+00:00\" \/>\n<meta property=\"og:image\" content=\"https:\/\/ucm.one\/wp-content\/uploads\/2024\/10\/MLDK-Hof-Babylon-EN-1080x1080-1.jpeg\" \/>\n\t<meta property=\"og:image:width\" content=\"1080\" \/>\n\t<meta property=\"og:image:height\" content=\"1080\" \/>\n\t<meta property=\"og:image:type\" content=\"image\/jpeg\" \/>\n<meta name=\"author\" content=\"Joachim Keil\" \/>\n<meta name=\"twitter:card\" content=\"summary_large_image\" \/>\n<meta name=\"twitter:title\" content=\"\u201cMartin Reads the Quran\u201d at the Hof International Film Festival\" \/>\n<meta name=\"twitter:description\" content=\"The regular theatrical release of \u201cMartin Reads the Quran\u201d by Jurijs Saule in Germany is on November 7, 2024.\" \/>\n<meta name=\"twitter:image\" content=\"https:\/\/ucm.one\/wp-content\/uploads\/2024\/10\/MLDK-Hof-Babylon-EN-1080x1080-1.jpeg\" \/>\n<meta name=\"twitter:label1\" content=\"Written by\" \/>\n\t<meta name=\"twitter:data1\" content=\"Joachim Keil\" \/>\n\t<meta name=\"twitter:label2\" content=\"Est. reading time\" \/>\n\t<meta name=\"twitter:data2\" content=\"3 minutes\" \/>\n<!-- \/ Yoast SEO plugin. -->","yoast_head_json":{"title":"\u201cMartin Reads the Quran\u201d at the Hof International Film Festival","description":"The regular theatrical release of \u201cMartin Reads the Quran\u201d by Jurijs Saule in Germany is on November 7, 2024.","robots":{"index":"index","follow":"follow","max-snippet":"max-snippet:-1","max-image-preview":"max-image-preview:large","max-video-preview":"max-video-preview:-1"},"canonical":"https:\/\/ucm.one\/en\/german-premiere-of-martin-reads-the-quran-at-the-hof-international-film-festival-in-cinemas-from-november-6-2024-at-babylon-mitte\/","og_locale":"en_US","og_type":"article","og_title":"\u201cMartin Reads the Quran\u201d at the Hof International Film Festival","og_description":"The regular theatrical release of \u201cMartin Reads the Quran\u201d by Jurijs Saule in Germany is on November 7, 2024.","og_url":"https:\/\/ucm.one\/en\/german-premiere-of-martin-reads-the-quran-at-the-hof-international-film-festival-in-cinemas-from-november-6-2024-at-babylon-mitte\/","og_site_name":"UCM.ONE","article_published_time":"2024-10-24T10:59:02+00:00","article_modified_time":"2024-10-28T11:22:01+00:00","og_image":[{"width":1080,"height":1080,"url":"https:\/\/ucm.one\/wp-content\/uploads\/2024\/10\/MLDK-Hof-Babylon-EN-1080x1080-1.jpeg","type":"image\/jpeg"}],"author":"Joachim Keil","twitter_card":"summary_large_image","twitter_title":"\u201cMartin Reads the Quran\u201d at the Hof International Film Festival","twitter_description":"The regular theatrical release of \u201cMartin Reads the Quran\u201d by Jurijs Saule in Germany is on November 7, 2024.","twitter_image":"https:\/\/ucm.one\/wp-content\/uploads\/2024\/10\/MLDK-Hof-Babylon-EN-1080x1080-1.jpeg","twitter_misc":{"Written by":"Joachim Keil","Est. reading time":"3 minutes"},"schema":{"@context":"https:\/\/schema.org","@graph":[{"@type":"Article","@id":"https:\/\/ucm.one\/en\/german-premiere-of-martin-reads-the-quran-at-the-hof-international-film-festival-in-cinemas-from-november-6-2024-at-babylon-mitte\/#article","isPartOf":{"@id":"https:\/\/ucm.one\/en\/german-premiere-of-martin-reads-the-quran-at-the-hof-international-film-festival-in-cinemas-from-november-6-2024-at-babylon-mitte\/"},"author":{"name":"Joachim Keil","@id":"https:\/\/ucm.one\/en\/#\/schema\/person\/4b959e467e8acc058836467a0ef8fa50"},"headline":"\ud83c\udfac German premiere of \u201cMartin Reads the Quran\u201d at the Hof International Film Festival. In cinemas from November 6, 2024 at Babylon Mitte","datePublished":"2024-10-24T10:59:02+00:00","dateModified":"2024-10-28T11:22:01+00:00","mainEntityOfPage":{"@id":"https:\/\/ucm.one\/en\/german-premiere-of-martin-reads-the-quran-at-the-hof-international-film-festival-in-cinemas-from-november-6-2024-at-babylon-mitte\/"},"wordCount":588,"publisher":{"@id":"https:\/\/ucm.one\/en\/#organization"},"image":{"@id":"https:\/\/ucm.one\/en\/german-premiere-of-martin-reads-the-quran-at-the-hof-international-film-festival-in-cinemas-from-november-6-2024-at-babylon-mitte\/#primaryimage"},"thumbnailUrl":"https:\/\/ucm.one\/wp-content\/uploads\/2024\/10\/MLDK-Hof-Babylon-EN-1920x600-1.jpeg","keywords":["Alissia Krupsky","Deutscher Filmpreis","Hofer Filmtage","Internationale Hofer Filmtage","Islam","Jurijs Saule","Lola","Martin Reads the Quran","Michail Lurje","Prince Chughtai","Sarah Sandeh","Ulrich Tukur","Zejhun Demirov"],"articleSection":["Artkeim\u00b2","Cinema","Film","Movie Distribution","News"],"inLanguage":"en-US"},{"@type":"WebPage","@id":"https:\/\/ucm.one\/en\/german-premiere-of-martin-reads-the-quran-at-the-hof-international-film-festival-in-cinemas-from-november-6-2024-at-babylon-mitte\/","url":"https:\/\/ucm.one\/en\/german-premiere-of-martin-reads-the-quran-at-the-hof-international-film-festival-in-cinemas-from-november-6-2024-at-babylon-mitte\/","name":"\u201cMartin Reads the Quran\u201d at the Hof International Film Festival","isPartOf":{"@id":"https:\/\/ucm.one\/en\/#website"},"primaryImageOfPage":{"@id":"https:\/\/ucm.one\/en\/german-premiere-of-martin-reads-the-quran-at-the-hof-international-film-festival-in-cinemas-from-november-6-2024-at-babylon-mitte\/#primaryimage"},"image":{"@id":"https:\/\/ucm.one\/en\/german-premiere-of-martin-reads-the-quran-at-the-hof-international-film-festival-in-cinemas-from-november-6-2024-at-babylon-mitte\/#primaryimage"},"thumbnailUrl":"https:\/\/ucm.one\/wp-content\/uploads\/2024\/10\/MLDK-Hof-Babylon-EN-1920x600-1.jpeg","datePublished":"2024-10-24T10:59:02+00:00","dateModified":"2024-10-28T11:22:01+00:00","description":"The regular theatrical release of \u201cMartin Reads the Quran\u201d by Jurijs Saule in Germany is on November 7, 2024.","breadcrumb":{"@id":"https:\/\/ucm.one\/en\/german-premiere-of-martin-reads-the-quran-at-the-hof-international-film-festival-in-cinemas-from-november-6-2024-at-babylon-mitte\/#breadcrumb"},"inLanguage":"en-US","potentialAction":[{"@type":"ReadAction","target":["https:\/\/ucm.one\/en\/german-premiere-of-martin-reads-the-quran-at-the-hof-international-film-festival-in-cinemas-from-november-6-2024-at-babylon-mitte\/"]}]},{"@type":"ImageObject","inLanguage":"en-US","@id":"https:\/\/ucm.one\/en\/german-premiere-of-martin-reads-the-quran-at-the-hof-international-film-festival-in-cinemas-from-november-6-2024-at-babylon-mitte\/#primaryimage","url":"https:\/\/ucm.one\/wp-content\/uploads\/2024\/10\/MLDK-Hof-Babylon-EN-1920x600-1.jpeg","contentUrl":"https:\/\/ucm.one\/wp-content\/uploads\/2024\/10\/MLDK-Hof-Babylon-EN-1920x600-1.jpeg","width":1920,"height":600},{"@type":"BreadcrumbList","@id":"https:\/\/ucm.one\/en\/german-premiere-of-martin-reads-the-quran-at-the-hof-international-film-festival-in-cinemas-from-november-6-2024-at-babylon-mitte\/#breadcrumb","itemListElement":[{"@type":"ListItem","position":1,"name":"Home","item":"https:\/\/ucm.one\/en\/"},{"@type":"ListItem","position":2,"name":"\ud83c\udfac German premiere of \u201cMartin Reads the Quran\u201d at the Hof International Film Festival. In cinemas from November 6, 2024 at Babylon Mitte"}]},{"@type":"WebSite","@id":"https:\/\/ucm.one\/en\/#website","url":"https:\/\/ucm.one\/en\/","name":"UCM.ONE","description":"","publisher":{"@id":"https:\/\/ucm.one\/en\/#organization"},"potentialAction":[{"@type":"SearchAction","target":{"@type":"EntryPoint","urlTemplate":"https:\/\/ucm.one\/en\/?s={search_term_string}"},"query-input":{"@type":"PropertyValueSpecification","valueRequired":true,"valueName":"search_term_string"}}],"inLanguage":"en-US"},{"@type":"Organization","@id":"https:\/\/ucm.one\/en\/#organization","name":"UCM.ONE","url":"https:\/\/ucm.one\/en\/","logo":{"@type":"ImageObject","inLanguage":"en-US","@id":"https:\/\/ucm.one\/en\/#\/schema\/logo\/image\/","url":"https:\/\/ucm.one\/wp-content\/uploads\/2019\/10\/UCM.ONE-Logo-RGB.svg","contentUrl":"https:\/\/ucm.one\/wp-content\/uploads\/2019\/10\/UCM.ONE-Logo-RGB.svg","width":1,"height":1,"caption":"UCM.ONE"},"image":{"@id":"https:\/\/ucm.one\/en\/#\/schema\/logo\/image\/"}},{"@type":"Person","@id":"https:\/\/ucm.one\/en\/#\/schema\/person\/4b959e467e8acc058836467a0ef8fa50","name":"Joachim Keil","image":{"@type":"ImageObject","inLanguage":"en-US","@id":"https:\/\/secure.gravatar.com\/avatar\/10e1dfd05f2a7a7bc83cd44bae31e01c8ac15f974229211a2b1a49fa0a22fec0?s=96&d=mm&r=g","url":"https:\/\/secure.gravatar.com\/avatar\/10e1dfd05f2a7a7bc83cd44bae31e01c8ac15f974229211a2b1a49fa0a22fec0?s=96&d=mm&r=g","contentUrl":"https:\/\/secure.gravatar.com\/avatar\/10e1dfd05f2a7a7bc83cd44bae31e01c8ac15f974229211a2b1a49fa0a22fec0?s=96&d=mm&r=g","caption":"Joachim Keil"},"sameAs":["https:\/\/ucm.one"]}]}},"_links":{"self":[{"href":"https:\/\/ucm.one\/en\/wp-json\/wp\/v2\/posts\/109127","targetHints":{"allow":["GET"]}}],"collection":[{"href":"https:\/\/ucm.one\/en\/wp-json\/wp\/v2\/posts"}],"about":[{"href":"https:\/\/ucm.one\/en\/wp-json\/wp\/v2\/types\/post"}],"author":[{"embeddable":true,"href":"https:\/\/ucm.one\/en\/wp-json\/wp\/v2\/users\/2"}],"replies":[{"embeddable":true,"href":"https:\/\/ucm.one\/en\/wp-json\/wp\/v2\/comments?post=109127"}],"version-history":[{"count":3,"href":"https:\/\/ucm.one\/en\/wp-json\/wp\/v2\/posts\/109127\/revisions"}],"predecessor-version":[{"id":109130,"href":"https:\/\/ucm.one\/en\/wp-json\/wp\/v2\/posts\/109127\/revisions\/109130"}],"wp:featuredmedia":[{"embeddable":true,"href":"https:\/\/ucm.one\/en\/wp-json\/wp\/v2\/media\/109131"}],"wp:attachment":[{"href":"https:\/\/ucm.one\/en\/wp-json\/wp\/v2\/media?parent=109127"}],"wp:term":[{"taxonomy":"category","embeddable":true,"href":"https:\/\/ucm.one\/en\/wp-json\/wp\/v2\/categories?post=109127"},{"taxonomy":"post_tag","embeddable":true,"href":"https:\/\/ucm.one\/en\/wp-json\/wp\/v2\/tags?post=109127"}],"curies":[{"name":"wp","href":"https:\/\/api.w.org\/{rel}","templated":true}]}}