{"id":9875,"date":"2017-09-21T13:18:26","date_gmt":"2017-09-21T13:18:26","guid":{"rendered":"https:\/\/ucm.one\/ugly-blind-blind-hasslich-now-in-cinemas-all-over-germany\/"},"modified":"2018-08-17T11:17:30","modified_gmt":"2018-08-17T11:17:30","slug":"blind-haesslich-von-tom-lass-darling-berlin-startet-heute-bundesweit-in-den-kinos","status":"publish","type":"post","link":"https:\/\/ucm.one\/de\/blind-haesslich-von-tom-lass-darling-berlin-startet-heute-bundesweit-in-den-kinos\/","title":{"rendered":"&#8222;Blind &#038; H\u00e4sslich&#8220; von Tom Lass (Darling Berlin) startet heute bundesweit in den Kinos"},"content":{"rendered":"<div class=\"wpb-content-wrapper\"><p>[vc_row][vc_column][vc_column_text]Darling Berlins neuer Film &#8222;Blind &amp; H\u00e4sslich&#8220; (englisch: &#8222;Ugly &amp; Blind&#8220;) von Regisseur und Drehbuchautor Tom Lass startet am 21. September in den Kinos in ganz Deutschland! Der hochgelobte Film hat mehrere Preise gewonnen, z. auf dem Filmfest M\u00fcnchen, wo &#8222;Blind &amp; H\u00e4sslich&#8220; den prestigetr\u00e4chtigen FIPRESCI &#8211; Preis gewonnen hat, der vom Internationalen Verband der Filmkritiker verliehen wird, oder beim Filmfest Oldenburg, wo es mit dem German Independence Award f\u00fcr &#8222;Outstanding Performance by&#8220; ausgezeichnet wurde ein Ensemble &#8218;.<\/p>\n<p>Auch Pressekritiker sind begeistert: <em>&#8222;&#8230; eine wunderbare Liebesgeschichte &#8230;&#8220;<\/em> (Der Tagesspiegel); <em>&#8222;&#8230; ein flottes und vertr\u00e4umtes Coming-of-Age-Drama &#8230;&#8220;<\/em> (S\u00fcddeutsche Zeitung).<\/p>\n<p>Mit Axel Ranisch, Karin Hanczewski, Jakob Lass, Lana Cooper, Martina Sch\u00f6ne-Radunski und Amelie Kiefer in Nebenrollen treffen wir in &#8222;Blind &amp; Ugly&#8220; viele Darsteller aus anderen Darling Berlin Filmen. Hier ist eine kurze Zusammenfassung des Films: Ferdi denkt, dass er h\u00e4sslich ist &#8211; aber er mag die Tatsache, dass Jona an ihm interessiert ist. Vielleicht, weil sie blind ist. Was Ferdi nicht ahnt: Sie gibt nur vor, blind zu sein, um in subventionierten Wohnungen billig leben zu k\u00f6nnen. Wie lange kann sie ihre Farce aufrechterhalten? Kann Liebe, die dich blind machen soll, auch so ablaufen?[\/vc_column_text][\/vc_column][\/vc_row][vc_row][vc_column][vc_video link=&#8220;https:\/\/www.youtube.com\/embed\/-1snwvN62WU&#8220;][\/vc_column][\/vc_row][vc_row][vc_column][vc_column_text]Termine: <a title=\"Blind &amp; H\u00e4sslich Termine\" href=\"http:\/\/www.darlingberlin.de\/termine.html\" target=\"_blank\" rel=\"noopener\">Blind &amp; H\u00e4sslich<\/a>[\/vc_column_text][\/vc_column][\/vc_row]<\/p>\n<\/div>","protected":false},"excerpt":{"rendered":"<p>[vc_row][vc_column][vc_column_text]Darling Berlins neuer Film &#8222;Blind &amp; H\u00e4sslich&#8220; (englisch: &#8222;Ugly &amp; Blind&#8220;) von Regisseur und Drehbuchautor Tom Lass startet am 21. September in den Kinos in ganz Deutschland! Der hochgelobte Film hat mehrere Preise gewonnen, z. auf dem Filmfest M\u00fcnchen, wo &#8222;Blind &amp; H\u00e4sslich&#8220; den prestigetr\u00e4chtigen FIPRESCI &#8211; Preis gewonnen hat, der vom Internationalen Verband der&hellip;<\/p>\n","protected":false},"author":2,"featured_media":12966,"comment_status":"closed","ping_status":"closed","sticky":false,"template":"","format":"video","meta":{"_acf_changed":false,"footnotes":""},"categories":[830,8,10,13,752],"tags":[2652,2654,2261,2500,2655,2656,2826,2657,2658,2659,2704,2503,2660,2661,2372,2373,2664,2665,2666,2667,2515,2668,2669],"class_list":["post-9875","post","type-post","status-publish","format-video","has-post-thumbnail","hentry","category-darling-berlin","category-film","category-kino","category-news","category-verleih","tag-amelie-kiefer","tag-axel-ranisch","tag-berlin","tag-blind-haesslich","tag-clara-schramm","tag-daniel-zillmann","tag-darlin-berlin","tag-dietrich-brueggemann","tag-dimitri-stapfer","tag-eva-loebau","tag-film","tag-jakob-lass","tag-julius-feldmeier","tag-karin-hanczewski","tag-lana-cooper","tag-martina-schoene-radunski","tag-naomi-achternbusch","tag-naomi-krauss","tag-peter-marty","tag-robert-gwisdek","tag-tom-lass","tag-ugly-blind","tag-zdf","post_format-post-format-video","category-830","category-8","category-10","category-13","category-752","description-off"],"acf":[],"yoast_head":"<!-- This site is optimized with the Yoast SEO plugin v27.5 - https:\/\/yoast.com\/product\/yoast-seo-wordpress\/ -->\n<title>&quot;Blind &amp; H\u00e4sslich&quot; von Tom Lass (Darling Berlin) startet heute bundesweit in den Kinos - UCM.ONE<\/title>\n<meta name=\"robots\" content=\"index, follow, max-snippet:-1, max-image-preview:large, max-video-preview:-1\" \/>\n<link rel=\"canonical\" href=\"https:\/\/ucm.one\/de\/blind-haesslich-von-tom-lass-darling-berlin-startet-heute-bundesweit-in-den-kinos\/\" \/>\n<meta property=\"og:locale\" content=\"de_DE\" \/>\n<meta property=\"og:type\" content=\"article\" \/>\n<meta property=\"og:title\" content=\"&quot;Blind &amp; H\u00e4sslich&quot; von Tom Lass (Darling Berlin) startet heute bundesweit in den Kinos - UCM.ONE\" \/>\n<meta property=\"og:description\" content=\"[vc_row][vc_column][vc_column_text]Darling Berlins neuer Film &#8222;Blind &amp; H\u00e4sslich&#8220; (englisch: &#8222;Ugly &amp; Blind&#8220;) von Regisseur und Drehbuchautor Tom Lass startet am 21. September in den Kinos in ganz Deutschland! Der hochgelobte Film hat mehrere Preise gewonnen, z. auf dem Filmfest M\u00fcnchen, wo &#8222;Blind &amp; H\u00e4sslich&#8220; den prestigetr\u00e4chtigen FIPRESCI &#8211; Preis gewonnen hat, der vom Internationalen Verband der&hellip;\" \/>\n<meta property=\"og:url\" content=\"https:\/\/ucm.one\/de\/blind-haesslich-von-tom-lass-darling-berlin-startet-heute-bundesweit-in-den-kinos\/\" \/>\n<meta property=\"og:site_name\" content=\"UCM.ONE\" \/>\n<meta property=\"article:published_time\" content=\"2017-09-21T13:18:26+00:00\" \/>\n<meta property=\"article:modified_time\" content=\"2018-08-17T11:17:30+00:00\" \/>\n<meta property=\"og:image\" content=\"https:\/\/ucm.one\/wp-content\/uploads\/2017\/09\/B-BlindH\u00e4sslich-S5.jpg\" \/>\n\t<meta property=\"og:image:width\" content=\"1920\" \/>\n\t<meta property=\"og:image:height\" content=\"600\" \/>\n\t<meta property=\"og:image:type\" content=\"image\/jpeg\" \/>\n<meta name=\"author\" content=\"Joachim Keil\" \/>\n<meta name=\"twitter:card\" content=\"summary_large_image\" \/>\n<meta name=\"twitter:label1\" content=\"Verfasst von\" \/>\n\t<meta name=\"twitter:data1\" content=\"Joachim Keil\" \/>\n\t<meta name=\"twitter:label2\" content=\"Gesch\u00e4tzte Lesezeit\" \/>\n\t<meta name=\"twitter:data2\" content=\"1\u00a0Minute\" \/>\n<!-- \/ Yoast SEO plugin. -->","yoast_head_json":{"title":"\"Blind & H\u00e4sslich\" von Tom Lass (Darling Berlin) startet heute bundesweit in den Kinos - UCM.ONE","robots":{"index":"index","follow":"follow","max-snippet":"max-snippet:-1","max-image-preview":"max-image-preview:large","max-video-preview":"max-video-preview:-1"},"canonical":"https:\/\/ucm.one\/de\/blind-haesslich-von-tom-lass-darling-berlin-startet-heute-bundesweit-in-den-kinos\/","og_locale":"de_DE","og_type":"article","og_title":"\"Blind & H\u00e4sslich\" von Tom Lass (Darling Berlin) startet heute bundesweit in den Kinos - UCM.ONE","og_description":"[vc_row][vc_column][vc_column_text]Darling Berlins neuer Film &#8222;Blind &amp; H\u00e4sslich&#8220; (englisch: &#8222;Ugly &amp; Blind&#8220;) von Regisseur und Drehbuchautor Tom Lass startet am 21. September in den Kinos in ganz Deutschland! Der hochgelobte Film hat mehrere Preise gewonnen, z. auf dem Filmfest M\u00fcnchen, wo &#8222;Blind &amp; H\u00e4sslich&#8220; den prestigetr\u00e4chtigen FIPRESCI &#8211; Preis gewonnen hat, der vom Internationalen Verband der&hellip;","og_url":"https:\/\/ucm.one\/de\/blind-haesslich-von-tom-lass-darling-berlin-startet-heute-bundesweit-in-den-kinos\/","og_site_name":"UCM.ONE","article_published_time":"2017-09-21T13:18:26+00:00","article_modified_time":"2018-08-17T11:17:30+00:00","og_image":[{"width":1920,"height":600,"url":"https:\/\/ucm.one\/wp-content\/uploads\/2017\/09\/B-BlindH\u00e4sslich-S5.jpg","type":"image\/jpeg"}],"author":"Joachim Keil","twitter_card":"summary_large_image","twitter_misc":{"Verfasst von":"Joachim Keil","Gesch\u00e4tzte Lesezeit":"1\u00a0Minute"},"schema":{"@context":"https:\/\/schema.org","@graph":[{"@type":"Article","@id":"https:\/\/ucm.one\/de\/blind-haesslich-von-tom-lass-darling-berlin-startet-heute-bundesweit-in-den-kinos\/#article","isPartOf":{"@id":"https:\/\/ucm.one\/de\/blind-haesslich-von-tom-lass-darling-berlin-startet-heute-bundesweit-in-den-kinos\/"},"author":{"name":"Joachim Keil","@id":"https:\/\/ucm.one\/de\/#\/schema\/person\/4b959e467e8acc058836467a0ef8fa50"},"headline":"&#8222;Blind &#038; H\u00e4sslich&#8220; von Tom Lass (Darling Berlin) startet heute bundesweit in den Kinos","datePublished":"2017-09-21T13:18:26+00:00","dateModified":"2018-08-17T11:17:30+00:00","mainEntityOfPage":{"@id":"https:\/\/ucm.one\/de\/blind-haesslich-von-tom-lass-darling-berlin-startet-heute-bundesweit-in-den-kinos\/"},"wordCount":263,"publisher":{"@id":"https:\/\/ucm.one\/de\/#organization"},"image":{"@id":"https:\/\/ucm.one\/de\/blind-haesslich-von-tom-lass-darling-berlin-startet-heute-bundesweit-in-den-kinos\/#primaryimage"},"thumbnailUrl":"https:\/\/ucm.one\/wp-content\/uploads\/2017\/09\/B-BlindH\u00e4sslich-S5.jpg","keywords":["Amelie Kiefer","Axel Ranisch","Berlin","Blind &amp; H\u00e4sslich","Clara Schramm","Daniel Zillmann","Darlin Berlin","Dietrich Br\u00fcggemann","Dimitri Stapfer","Eva L\u00f6bau","Film","Jakob Lass","Julius Feldmeier","Karin Hanczewski","Lana Cooper","Martina Sch\u00f6ne-Radunski","Naomi Achternbusch","Naomi Krauss","Peter Marty","Robert Gwisdek","Tom Lass","Ugly &amp; Blind","ZDF"],"articleSection":["Darling Berlin","Film","Kino","News","Verleih"],"inLanguage":"de"},{"@type":"WebPage","@id":"https:\/\/ucm.one\/de\/blind-haesslich-von-tom-lass-darling-berlin-startet-heute-bundesweit-in-den-kinos\/","url":"https:\/\/ucm.one\/de\/blind-haesslich-von-tom-lass-darling-berlin-startet-heute-bundesweit-in-den-kinos\/","name":"\"Blind & H\u00e4sslich\" von Tom Lass (Darling Berlin) startet heute bundesweit in den Kinos - UCM.ONE","isPartOf":{"@id":"https:\/\/ucm.one\/de\/#website"},"primaryImageOfPage":{"@id":"https:\/\/ucm.one\/de\/blind-haesslich-von-tom-lass-darling-berlin-startet-heute-bundesweit-in-den-kinos\/#primaryimage"},"image":{"@id":"https:\/\/ucm.one\/de\/blind-haesslich-von-tom-lass-darling-berlin-startet-heute-bundesweit-in-den-kinos\/#primaryimage"},"thumbnailUrl":"https:\/\/ucm.one\/wp-content\/uploads\/2017\/09\/B-BlindH\u00e4sslich-S5.jpg","datePublished":"2017-09-21T13:18:26+00:00","dateModified":"2018-08-17T11:17:30+00:00","breadcrumb":{"@id":"https:\/\/ucm.one\/de\/blind-haesslich-von-tom-lass-darling-berlin-startet-heute-bundesweit-in-den-kinos\/#breadcrumb"},"inLanguage":"de","potentialAction":[{"@type":"ReadAction","target":["https:\/\/ucm.one\/de\/blind-haesslich-von-tom-lass-darling-berlin-startet-heute-bundesweit-in-den-kinos\/"]}]},{"@type":"ImageObject","inLanguage":"de","@id":"https:\/\/ucm.one\/de\/blind-haesslich-von-tom-lass-darling-berlin-startet-heute-bundesweit-in-den-kinos\/#primaryimage","url":"https:\/\/ucm.one\/wp-content\/uploads\/2017\/09\/B-BlindH\u00e4sslich-S5.jpg","contentUrl":"https:\/\/ucm.one\/wp-content\/uploads\/2017\/09\/B-BlindH\u00e4sslich-S5.jpg","width":1920,"height":600},{"@type":"BreadcrumbList","@id":"https:\/\/ucm.one\/de\/blind-haesslich-von-tom-lass-darling-berlin-startet-heute-bundesweit-in-den-kinos\/#breadcrumb","itemListElement":[{"@type":"ListItem","position":1,"name":"Home","item":"https:\/\/ucm.one\/de\/"},{"@type":"ListItem","position":2,"name":"&#8220;Blind &#038; H\u00e4sslich&#8221; von Tom Lass (Darling Berlin) startet heute bundesweit in den Kinos"}]},{"@type":"WebSite","@id":"https:\/\/ucm.one\/de\/#website","url":"https:\/\/ucm.one\/de\/","name":"UCM.ONE","description":"","publisher":{"@id":"https:\/\/ucm.one\/de\/#organization"},"potentialAction":[{"@type":"SearchAction","target":{"@type":"EntryPoint","urlTemplate":"https:\/\/ucm.one\/de\/?s={search_term_string}"},"query-input":{"@type":"PropertyValueSpecification","valueRequired":true,"valueName":"search_term_string"}}],"inLanguage":"de"},{"@type":"Organization","@id":"https:\/\/ucm.one\/de\/#organization","name":"UCM.ONE","url":"https:\/\/ucm.one\/de\/","logo":{"@type":"ImageObject","inLanguage":"de","@id":"https:\/\/ucm.one\/de\/#\/schema\/logo\/image\/","url":"https:\/\/ucm.one\/wp-content\/uploads\/2019\/10\/UCM.ONE-Logo-RGB.svg","contentUrl":"https:\/\/ucm.one\/wp-content\/uploads\/2019\/10\/UCM.ONE-Logo-RGB.svg","width":1,"height":1,"caption":"UCM.ONE"},"image":{"@id":"https:\/\/ucm.one\/de\/#\/schema\/logo\/image\/"}},{"@type":"Person","@id":"https:\/\/ucm.one\/de\/#\/schema\/person\/4b959e467e8acc058836467a0ef8fa50","name":"Joachim Keil","image":{"@type":"ImageObject","inLanguage":"de","@id":"https:\/\/secure.gravatar.com\/avatar\/10e1dfd05f2a7a7bc83cd44bae31e01c8ac15f974229211a2b1a49fa0a22fec0?s=96&d=mm&r=g","url":"https:\/\/secure.gravatar.com\/avatar\/10e1dfd05f2a7a7bc83cd44bae31e01c8ac15f974229211a2b1a49fa0a22fec0?s=96&d=mm&r=g","contentUrl":"https:\/\/secure.gravatar.com\/avatar\/10e1dfd05f2a7a7bc83cd44bae31e01c8ac15f974229211a2b1a49fa0a22fec0?s=96&d=mm&r=g","caption":"Joachim Keil"},"sameAs":["https:\/\/ucm.one"]}]}},"_links":{"self":[{"href":"https:\/\/ucm.one\/de\/wp-json\/wp\/v2\/posts\/9875","targetHints":{"allow":["GET"]}}],"collection":[{"href":"https:\/\/ucm.one\/de\/wp-json\/wp\/v2\/posts"}],"about":[{"href":"https:\/\/ucm.one\/de\/wp-json\/wp\/v2\/types\/post"}],"author":[{"embeddable":true,"href":"https:\/\/ucm.one\/de\/wp-json\/wp\/v2\/users\/2"}],"replies":[{"embeddable":true,"href":"https:\/\/ucm.one\/de\/wp-json\/wp\/v2\/comments?post=9875"}],"version-history":[{"count":0,"href":"https:\/\/ucm.one\/de\/wp-json\/wp\/v2\/posts\/9875\/revisions"}],"wp:featuredmedia":[{"embeddable":true,"href":"https:\/\/ucm.one\/de\/wp-json\/wp\/v2\/media\/12966"}],"wp:attachment":[{"href":"https:\/\/ucm.one\/de\/wp-json\/wp\/v2\/media?parent=9875"}],"wp:term":[{"taxonomy":"category","embeddable":true,"href":"https:\/\/ucm.one\/de\/wp-json\/wp\/v2\/categories?post=9875"},{"taxonomy":"post_tag","embeddable":true,"href":"https:\/\/ucm.one\/de\/wp-json\/wp\/v2\/tags?post=9875"}],"curies":[{"name":"wp","href":"https:\/\/api.w.org\/{rel}","templated":true}]}}