{"id":97107,"date":"2023-09-15T11:00:10","date_gmt":"2023-09-15T11:00:10","guid":{"rendered":"https:\/\/ucm.one\/?p=97107"},"modified":"2023-09-23T12:48:52","modified_gmt":"2023-09-23T12:48:52","slug":"neue-single-gardens-of-fire-von-der-kommenden-ep-empty-eyes-von-plaguestorm","status":"publish","type":"post","link":"https:\/\/ucm.one\/de\/neue-single-gardens-of-fire-von-der-kommenden-ep-empty-eyes-von-plaguestorm\/","title":{"rendered":"\ud83c\udfb5 Neue Single &#8222;Gardens of Fire&#8220; von der kommenden EP &#8222;Empty Eyes&#8220; von Plaguestorm"},"content":{"rendered":"<div class=\"wpb-content-wrapper\"><p>[vc_row][vc_column][vc_column_text]<\/p>\n<p style=\"font-weight: 400;\">Der renommierte argentinische Solok\u00fcnstler <strong>Plaguestorm<\/strong> bereitet sich derzeit auf die Ver\u00f6ffentlichung seiner neuen EP &#8222;<strong>Empty Eyes<\/strong>&#8220; vor. Nachdem bereits die erste Single &#8222;Th<strong>rown Into The Void<\/strong>&#8220; ver\u00f6ffentlicht wurde, pr\u00e4sentiert <strong>Plaguestorm<\/strong> heute die zweite Auskopplung &#8222;<strong>Gardens of Fire<\/strong>&#8222;, die ab sofort zum Streaming zur Verf\u00fcgung steht.<\/p>\n<p>[\/vc_column_text][\/vc_column][\/vc_row][vc_row][vc_column width=&#8220;3\/5&#8243;][vc_column_text]<strong>Sebasti\u00e1n Pastor<\/strong> kommentiert: &#8222;<em>Gardens of Fire ist ein langsamer und ruhiger Song, der die Geschichte eines Jungen erz\u00e4hlt, der &#8222;im Namen Gottes&#8220; belehrt wird, seitdem er auf dieser Erde gelandet ist, in der er jedoch nie das versprochene Paradies finden konnte. Es ist ein Song mit vielen Melodien, melancholisch und d\u00fcster, mit einem sch\u00f6nen Gitarrensolo&#8230; musikalisch kann man den gro\u00dfen Einfluss h\u00f6ren, den Hypocrisy auf mich hat&#8230; Ich denke, das habt ihr bereits herausgefunden.<\/em>&#8222;[\/vc_column_text][vc_column_text]<strong>Plaguestorm<\/strong> hat eine Vielzahl \u00fcberzeugender Alben ver\u00f6ffentlicht, darunter &#8222;<strong>Everything&#8217;s Gone Wrong<\/strong>&#8220; (2015), &#8222;<strong>Mother of Plagues<\/strong>&#8220; (2019) und das k\u00fcrzlich erschienene &#8222;<strong>Purifying Fire<\/strong>&#8220; (2021). Dieses Mal wird Pastor von den unglaublichen stimmlichen F\u00e4higkeiten von <strong>Okko Solanter\u00e4<\/strong> (<strong>Horizon Ignited<\/strong>) und den meisterhaften Schlagzeugk\u00fcnsten von <strong>Eugene Ryabchenko<\/strong> (<strong>Fleshgod Apocalypse<\/strong>) sowie dem talentierten <strong>Diego Martinez<\/strong> unterst\u00fctzt. Mit solch prominenter Unterst\u00fctzung wird <strong>Plaguestorm<\/strong>&#8217;s kommendes Werk einen bleibenden Eindruck hinterlassen, sein unbestreitbares Talent unter Beweis stellen und einen Sound liefern, der Fans von h\u00e4rteren und melodischen Kl\u00e4ngen ansprechen wird.[\/vc_column_text][\/vc_column][vc_column width=&#8220;1\/5&#8243;][vc_single_image image=&#8220;97108&#8243; img_size=&#8220;full&#8220; onclick=&#8220;link_image&#8220;][vc_btn title=&#8220;Gardens of Eden<br \/>\n<small>2023\u30fbSingle<\/small>&#8220; shape=&#8220;square&#8220; color=&#8220;white&#8220; size=&#8220;xs&#8220; align=&#8220;center&#8220; button_block=&#8220;true&#8220; css=&#8220;.vc_custom_1695472201993{margin-top: -40px !important;}&#8220; link=&#8220;url:https%3A%2F%2Fmusic.nobledemon.com%2Feyes|title:Gardens%20of%20Eden|target:_blank&#8220;][vc_btn title=&#8220;Download \/ Streaming&#8220; style=&#8220;flat&#8220; color=&#8220;sky&#8220; size=&#8220;xs&#8220; align=&#8220;center&#8220; i_icon_fontawesome=&#8220;fas fa-external-link-alt&#8220; button_block=&#8220;true&#8220; add_icon=&#8220;true&#8220; link=&#8220;url:https%3A%2F%2Fmusic.nobledemon.com%2Feyes|title:Thrown%20Into%20The%20Void|target:_blank&#8220; css=&#8220;.vc_custom_1691881595786{margin-top: -20px !important;}&#8220;][vc_empty_space height=&#8220;20px&#8220;][\/vc_column][vc_column width=&#8220;1\/5&#8243;][vc_single_image image=&#8220;95989&#8243; img_size=&#8220;full&#8220; onclick=&#8220;link_image&#8220;][vc_btn title=&#8220;Empty Eyes<br \/>\n<small>2023\u30fbEP<\/small>&#8220; shape=&#8220;square&#8220; color=&#8220;white&#8220; size=&#8220;xs&#8220; align=&#8220;center&#8220; button_block=&#8220;true&#8220; css=&#8220;.vc_custom_1691884803439{margin-top: -40px !important;}&#8220; link=&#8220;url:https%3A%2F%2Fmusic.nobledemon.com%2Feyes|title:Empty%20Eyes|target:_blank&#8220;][vc_btn title=&#8220;Vorbestellen \/ Vormerken&#8220; style=&#8220;flat&#8220; color=&#8220;inverse&#8220; size=&#8220;xs&#8220; align=&#8220;center&#8220; i_icon_fontawesome=&#8220;fas fa-external-link-alt&#8220; button_block=&#8220;true&#8220; add_icon=&#8220;true&#8220; link=&#8220;url:https%3A%2F%2Fmusic.nobledemon.com%2Feyes|title:Empty%20Eyes|target:_blank&#8220; css=&#8220;.vc_custom_1691881602901{margin-top: -20px !important;}&#8220;][vc_empty_space height=&#8220;20px&#8220;][\/vc_column][\/vc_row][vc_row][vc_column][vc_column_text]&#8220;<strong>Empty Eyes<\/strong>&#8220; wurde von <strong>Sebasti\u00e1n Pastor<\/strong> gemischt und gemastert und wird am 20. Oktober \u00fcber <strong>Noble Demon<\/strong> ver\u00f6ffentlicht.[\/vc_column_text][\/vc_column][\/vc_row][vc_row][vc_column][vc_separator][\/vc_column][\/vc_row][vc_row][vc_column][vc_video link=&#8220;https:\/\/youtu.be\/GkBi4zZxLKs?si=AEPB_4iaeY9EZVXT&#8220; title=&#8220;Plaguestorm &#8211; Gardens Of Fire (Official Visualizer)&#8220;][\/vc_column][\/vc_row][vc_row][vc_column width=&#8220;1\/2&#8243;][vc_column_text]Weitere Informationen \u00fcber die Band: <a title=\"Plaguestorm\" href=\"https:\/\/ucm.one\/de\/plaguestorm\/\">Plaguestorm<\/a>[\/vc_column_text][\/vc_column][vc_column width=&#8220;1\/2&#8243;][vc_column_text]Weitere Informationen \u00fcber das Label: <a title=\"Noble Demon\" href=\"https:\/\/ucm.one\/de\/musik-labels\/noble-demon\/\">Noble Demon<\/a>[\/vc_column_text][\/vc_column][\/vc_row]<\/p>\n<\/div>","protected":false},"excerpt":{"rendered":"<p>[vc_row][vc_column][vc_column_text] Der renommierte argentinische Solok\u00fcnstler Plaguestorm bereitet sich derzeit auf die Ver\u00f6ffentlichung seiner neuen EP &#8222;Empty Eyes&#8220; vor. Nachdem bereits die erste Single &#8222;Thrown Into The Void&#8220; ver\u00f6ffentlicht wurde, pr\u00e4sentiert Plaguestorm heute die zweite Auskopplung &#8222;Gardens of Fire&#8222;, die ab sofort zum Streaming zur Verf\u00fcgung steht. [\/vc_column_text][\/vc_column][\/vc_row][vc_row][vc_column width=&#8220;3\/5&#8243;][vc_column_text]Sebasti\u00e1n Pastor kommentiert: &#8222;Gardens of Fire ist ein&hellip;<\/p>\n","protected":false},"author":2,"featured_media":97110,"comment_status":"closed","ping_status":"closed","sticky":false,"template":"","format":"standard","meta":{"_acf_changed":false,"footnotes":""},"categories":[9,13,7077],"tags":[16446,16449,16585,7079,16448,8130,8377],"class_list":["post-97107","post","type-post","status-publish","format-standard","has-post-thumbnail","hentry","category-musik","category-news","category-noble-demon","tag-empty-eyes","tag-eugene-ryabchenko","tag-gardens-of-fire","tag-noble-demon","tag-okko-solanterae","tag-plaguestorm","tag-sebastian-pastor","category-9","category-13","category-7077","description-off"],"acf":[],"yoast_head":"<!-- This site is optimized with the Yoast SEO plugin v27.5 - https:\/\/yoast.com\/product\/yoast-seo-wordpress\/ -->\n<title>Single &quot;Gardens of Fire&quot; von Plaguestorm (Noble Demon)<\/title>\n<meta name=\"description\" content=\"Nachdem bereits die Single &quot;Thrown Into The Void&quot; ver\u00f6ffentlicht wurde, pr\u00e4sentiert Plaguestorm heute die zweite Auskopplung &quot;Gardens of Fire&quot;.\" \/>\n<meta name=\"robots\" content=\"index, follow, max-snippet:-1, max-image-preview:large, max-video-preview:-1\" \/>\n<link rel=\"canonical\" href=\"https:\/\/ucm.one\/de\/neue-single-gardens-of-fire-von-der-kommenden-ep-empty-eyes-von-plaguestorm\/\" \/>\n<meta property=\"og:locale\" content=\"de_DE\" \/>\n<meta property=\"og:type\" content=\"article\" \/>\n<meta property=\"og:title\" content=\"Plaguestorm ver\u00f6ffentlicht vorab Single aus EP, &quot;Empty Eyes&quot;\" \/>\n<meta property=\"og:description\" content=\"Nachdem bereits die Single &quot;Thrown Into The Void&quot; ver\u00f6ffentlicht wurde, pr\u00e4sentiert Plaguestorm heute die zweite Auskopplung &quot;Gardens of Fire&quot;.\" \/>\n<meta property=\"og:url\" content=\"https:\/\/ucm.one\/de\/neue-single-gardens-of-fire-von-der-kommenden-ep-empty-eyes-von-plaguestorm\/\" \/>\n<meta property=\"og:site_name\" content=\"UCM.ONE\" \/>\n<meta property=\"article:published_time\" content=\"2023-09-15T11:00:10+00:00\" \/>\n<meta property=\"article:modified_time\" content=\"2023-09-23T12:48:52+00:00\" \/>\n<meta property=\"og:image\" content=\"https:\/\/ucm.one\/wp-content\/uploads\/2023\/09\/C-Plaguestorm-Gardens-of-Fire.jpg\" \/>\n<meta name=\"author\" content=\"Joachim Keil\" \/>\n<meta name=\"twitter:card\" content=\"summary_large_image\" \/>\n<meta name=\"twitter:title\" content=\"Plaguestorm ver\u00f6ffentlicht vorab Single aus EP, &quot;Empty Eyes&quot;\" \/>\n<meta name=\"twitter:description\" content=\"Nachdem bereits die Single &quot;Thrown Into The Void&quot; ver\u00f6ffentlicht wurde, pr\u00e4sentiert Plaguestorm heute die zweite Auskopplung &quot;Gardens of Fire&quot;.\" \/>\n<meta name=\"twitter:image\" content=\"https:\/\/ucm.one\/wp-content\/uploads\/2023\/09\/C-Plaguestorm-Gardens-of-Fire.jpg\" \/>\n<meta name=\"twitter:label1\" content=\"Verfasst von\" \/>\n\t<meta name=\"twitter:data1\" content=\"Joachim Keil\" \/>\n\t<meta name=\"twitter:label2\" content=\"Gesch\u00e4tzte Lesezeit\" \/>\n\t<meta name=\"twitter:data2\" content=\"3\u00a0Minuten\" \/>\n<!-- \/ Yoast SEO plugin. -->","yoast_head_json":{"title":"Single \"Gardens of Fire\" von Plaguestorm (Noble Demon)","description":"Nachdem bereits die Single \"Thrown Into The Void\" ver\u00f6ffentlicht wurde, pr\u00e4sentiert Plaguestorm heute die zweite Auskopplung \"Gardens of Fire\".","robots":{"index":"index","follow":"follow","max-snippet":"max-snippet:-1","max-image-preview":"max-image-preview:large","max-video-preview":"max-video-preview:-1"},"canonical":"https:\/\/ucm.one\/de\/neue-single-gardens-of-fire-von-der-kommenden-ep-empty-eyes-von-plaguestorm\/","og_locale":"de_DE","og_type":"article","og_title":"Plaguestorm ver\u00f6ffentlicht vorab Single aus EP, \"Empty Eyes\"","og_description":"Nachdem bereits die Single \"Thrown Into The Void\" ver\u00f6ffentlicht wurde, pr\u00e4sentiert Plaguestorm heute die zweite Auskopplung \"Gardens of Fire\".","og_url":"https:\/\/ucm.one\/de\/neue-single-gardens-of-fire-von-der-kommenden-ep-empty-eyes-von-plaguestorm\/","og_site_name":"UCM.ONE","article_published_time":"2023-09-15T11:00:10+00:00","article_modified_time":"2023-09-23T12:48:52+00:00","og_image":[{"url":"https:\/\/ucm.one\/wp-content\/uploads\/2023\/09\/C-Plaguestorm-Gardens-of-Fire.jpg","type":"","width":"","height":""}],"author":"Joachim Keil","twitter_card":"summary_large_image","twitter_title":"Plaguestorm ver\u00f6ffentlicht vorab Single aus EP, \"Empty Eyes\"","twitter_description":"Nachdem bereits die Single \"Thrown Into The Void\" ver\u00f6ffentlicht wurde, pr\u00e4sentiert Plaguestorm heute die zweite Auskopplung \"Gardens of Fire\".","twitter_image":"https:\/\/ucm.one\/wp-content\/uploads\/2023\/09\/C-Plaguestorm-Gardens-of-Fire.jpg","twitter_misc":{"Verfasst von":"Joachim Keil","Gesch\u00e4tzte Lesezeit":"3\u00a0Minuten"},"schema":{"@context":"https:\/\/schema.org","@graph":[{"@type":"Article","@id":"https:\/\/ucm.one\/de\/neue-single-gardens-of-fire-von-der-kommenden-ep-empty-eyes-von-plaguestorm\/#article","isPartOf":{"@id":"https:\/\/ucm.one\/de\/neue-single-gardens-of-fire-von-der-kommenden-ep-empty-eyes-von-plaguestorm\/"},"author":{"name":"Joachim Keil","@id":"https:\/\/ucm.one\/de\/#\/schema\/person\/4b959e467e8acc058836467a0ef8fa50"},"headline":"\ud83c\udfb5 Neue Single &#8222;Gardens of Fire&#8220; von der kommenden EP &#8222;Empty Eyes&#8220; von Plaguestorm","datePublished":"2023-09-15T11:00:10+00:00","dateModified":"2023-09-23T12:48:52+00:00","mainEntityOfPage":{"@id":"https:\/\/ucm.one\/de\/neue-single-gardens-of-fire-von-der-kommenden-ep-empty-eyes-von-plaguestorm\/"},"wordCount":588,"publisher":{"@id":"https:\/\/ucm.one\/de\/#organization"},"image":{"@id":"https:\/\/ucm.one\/de\/neue-single-gardens-of-fire-von-der-kommenden-ep-empty-eyes-von-plaguestorm\/#primaryimage"},"thumbnailUrl":"https:\/\/ucm.one\/wp-content\/uploads\/2023\/09\/B-Plaguestorm-Gardens-of-Fire.jpg","keywords":["Empty Eyes","Eugene Ryabchenko","Gardens of Fire","Noble Demon","Okko Solanter\u00e4","Plaguestorm","Sebasti\u00e1n Pastor"],"articleSection":["Musik","News","Noble Demon"],"inLanguage":"de"},{"@type":"WebPage","@id":"https:\/\/ucm.one\/de\/neue-single-gardens-of-fire-von-der-kommenden-ep-empty-eyes-von-plaguestorm\/","url":"https:\/\/ucm.one\/de\/neue-single-gardens-of-fire-von-der-kommenden-ep-empty-eyes-von-plaguestorm\/","name":"Single \"Gardens of Fire\" von Plaguestorm (Noble Demon)","isPartOf":{"@id":"https:\/\/ucm.one\/de\/#website"},"primaryImageOfPage":{"@id":"https:\/\/ucm.one\/de\/neue-single-gardens-of-fire-von-der-kommenden-ep-empty-eyes-von-plaguestorm\/#primaryimage"},"image":{"@id":"https:\/\/ucm.one\/de\/neue-single-gardens-of-fire-von-der-kommenden-ep-empty-eyes-von-plaguestorm\/#primaryimage"},"thumbnailUrl":"https:\/\/ucm.one\/wp-content\/uploads\/2023\/09\/B-Plaguestorm-Gardens-of-Fire.jpg","datePublished":"2023-09-15T11:00:10+00:00","dateModified":"2023-09-23T12:48:52+00:00","description":"Nachdem bereits die Single \"Thrown Into The Void\" ver\u00f6ffentlicht wurde, pr\u00e4sentiert Plaguestorm heute die zweite Auskopplung \"Gardens of Fire\".","breadcrumb":{"@id":"https:\/\/ucm.one\/de\/neue-single-gardens-of-fire-von-der-kommenden-ep-empty-eyes-von-plaguestorm\/#breadcrumb"},"inLanguage":"de","potentialAction":[{"@type":"ReadAction","target":["https:\/\/ucm.one\/de\/neue-single-gardens-of-fire-von-der-kommenden-ep-empty-eyes-von-plaguestorm\/"]}]},{"@type":"ImageObject","inLanguage":"de","@id":"https:\/\/ucm.one\/de\/neue-single-gardens-of-fire-von-der-kommenden-ep-empty-eyes-von-plaguestorm\/#primaryimage","url":"https:\/\/ucm.one\/wp-content\/uploads\/2023\/09\/B-Plaguestorm-Gardens-of-Fire.jpg","contentUrl":"https:\/\/ucm.one\/wp-content\/uploads\/2023\/09\/B-Plaguestorm-Gardens-of-Fire.jpg","width":1920,"height":600},{"@type":"BreadcrumbList","@id":"https:\/\/ucm.one\/de\/neue-single-gardens-of-fire-von-der-kommenden-ep-empty-eyes-von-plaguestorm\/#breadcrumb","itemListElement":[{"@type":"ListItem","position":1,"name":"Home","item":"https:\/\/ucm.one\/de\/"},{"@type":"ListItem","position":2,"name":"\ud83c\udfb5 Neue Single &#8222;Gardens of Fire&#8220; von der kommenden EP &#8222;Empty Eyes&#8220; von Plaguestorm"}]},{"@type":"WebSite","@id":"https:\/\/ucm.one\/de\/#website","url":"https:\/\/ucm.one\/de\/","name":"UCM.ONE","description":"","publisher":{"@id":"https:\/\/ucm.one\/de\/#organization"},"potentialAction":[{"@type":"SearchAction","target":{"@type":"EntryPoint","urlTemplate":"https:\/\/ucm.one\/de\/?s={search_term_string}"},"query-input":{"@type":"PropertyValueSpecification","valueRequired":true,"valueName":"search_term_string"}}],"inLanguage":"de"},{"@type":"Organization","@id":"https:\/\/ucm.one\/de\/#organization","name":"UCM.ONE","url":"https:\/\/ucm.one\/de\/","logo":{"@type":"ImageObject","inLanguage":"de","@id":"https:\/\/ucm.one\/de\/#\/schema\/logo\/image\/","url":"https:\/\/ucm.one\/wp-content\/uploads\/2019\/10\/UCM.ONE-Logo-RGB.svg","contentUrl":"https:\/\/ucm.one\/wp-content\/uploads\/2019\/10\/UCM.ONE-Logo-RGB.svg","width":1,"height":1,"caption":"UCM.ONE"},"image":{"@id":"https:\/\/ucm.one\/de\/#\/schema\/logo\/image\/"}},{"@type":"Person","@id":"https:\/\/ucm.one\/de\/#\/schema\/person\/4b959e467e8acc058836467a0ef8fa50","name":"Joachim Keil","image":{"@type":"ImageObject","inLanguage":"de","@id":"https:\/\/secure.gravatar.com\/avatar\/10e1dfd05f2a7a7bc83cd44bae31e01c8ac15f974229211a2b1a49fa0a22fec0?s=96&d=mm&r=g","url":"https:\/\/secure.gravatar.com\/avatar\/10e1dfd05f2a7a7bc83cd44bae31e01c8ac15f974229211a2b1a49fa0a22fec0?s=96&d=mm&r=g","contentUrl":"https:\/\/secure.gravatar.com\/avatar\/10e1dfd05f2a7a7bc83cd44bae31e01c8ac15f974229211a2b1a49fa0a22fec0?s=96&d=mm&r=g","caption":"Joachim Keil"},"sameAs":["https:\/\/ucm.one"]}]}},"_links":{"self":[{"href":"https:\/\/ucm.one\/de\/wp-json\/wp\/v2\/posts\/97107","targetHints":{"allow":["GET"]}}],"collection":[{"href":"https:\/\/ucm.one\/de\/wp-json\/wp\/v2\/posts"}],"about":[{"href":"https:\/\/ucm.one\/de\/wp-json\/wp\/v2\/types\/post"}],"author":[{"embeddable":true,"href":"https:\/\/ucm.one\/de\/wp-json\/wp\/v2\/users\/2"}],"replies":[{"embeddable":true,"href":"https:\/\/ucm.one\/de\/wp-json\/wp\/v2\/comments?post=97107"}],"version-history":[{"count":0,"href":"https:\/\/ucm.one\/de\/wp-json\/wp\/v2\/posts\/97107\/revisions"}],"wp:featuredmedia":[{"embeddable":true,"href":"https:\/\/ucm.one\/de\/wp-json\/wp\/v2\/media\/97110"}],"wp:attachment":[{"href":"https:\/\/ucm.one\/de\/wp-json\/wp\/v2\/media?parent=97107"}],"wp:term":[{"taxonomy":"category","embeddable":true,"href":"https:\/\/ucm.one\/de\/wp-json\/wp\/v2\/categories?post=97107"},{"taxonomy":"post_tag","embeddable":true,"href":"https:\/\/ucm.one\/de\/wp-json\/wp\/v2\/tags?post=97107"}],"curies":[{"name":"wp","href":"https:\/\/api.w.org\/{rel}","templated":true}]}}