{"id":96686,"date":"2023-09-08T09:40:01","date_gmt":"2023-09-08T09:40:01","guid":{"rendered":"https:\/\/ucm.one\/?p=96686"},"modified":"2023-09-10T15:57:13","modified_gmt":"2023-09-10T15:57:13","slug":"erste-single-de-namnloesavom-kommenden-album-von-night-crowned-veroeffentlicht-noble-demon","status":"publish","type":"post","link":"https:\/\/ucm.one\/de\/erste-single-de-namnloesavom-kommenden-album-von-night-crowned-veroeffentlicht-noble-demon\/","title":{"rendered":"\ud83c\udfb5 Erste Single &#8222;De Namnl\u00f6sa&#8220;vom kommenden Album von &#8222;Night Crowned&#8220; ver\u00f6ffentlicht (Noble Demon)"},"content":{"rendered":"<div class=\"wpb-content-wrapper\"><p>[vc_row][vc_column][vc_column_text]Die schwedische Blackened Death Metal Band <strong>Night Crowned<\/strong> aus G\u00f6teborg hat ihr neues Album &#8222;Tales&#8220; angek\u00fcndigt, das am 10. November \u00fcber <strong>Noble Demon<\/strong> ver\u00f6ffentlicht werden soll.[\/vc_column_text][\/vc_column][vc_column width=&#8220;3\/5&#8243;][vc_column_text]Seit ihrer Gr\u00fcndung im Jahr 2016 haben sich <strong>Night Crowned<\/strong>\u00a0zu einer ernstzunehmenden Gr\u00f6\u00dfe in der Heavy-Musik-Szene entwickelt. Ihr Deb\u00fct-Studioalbum &#8222;<strong>Impius Viam<\/strong>&#8222;, welches am 28. Februar 2020 (<strong>Noble Demon<\/strong>) ver\u00f6ffentlicht wurde, hat sowohl Kritiker als auch Fans sofort in seinen Bann gezogen und seinen Platz als eine der au\u00dfergew\u00f6hnlichsten Ver\u00f6ffentlichungen des Jahres gefestigt. <strong>Night Crowned<\/strong>, die sich aus ehemaligen und aktuellen Mitgliedern renommierter Bands wie <strong>Dark Funeral<\/strong>, <strong>Nightrage<\/strong> und <strong>Cipher System<\/strong> zusammensetzen, haben eine musikalische Vision, die ebenso fesselnd wie klar ist &#8211; Mit ihrem Deb\u00fct haben sie ein Kunstwerk geschaffen, das Wut, Melancholie und pure Zerst\u00f6rung ausstrahlt und die Kl\u00e4nge der einflussreichen skandinavischen Acts und Meisterwerke der 90er Jahre wieder zum Leben erweckt hat.[\/vc_column_text][vc_column_text]<\/p>\n<div class=\"wpb_text_column wpb_content_element \">\n<div class=\"wpb_wrapper\">\n<p><strong>Night Crowned<\/strong>&#8217;s rigoroses Streben nach musikalischer Exzellenz kennt keine Grenzen, und so haben sie keine Zeit verschwendet, um ihr mit Spannung erwartetes Nachfolgealbum &#8222;<strong>H\u00e4danf\u00e4rd<\/strong>&#8220; am 9. Juli 2021 zu ver\u00f6ffentlichen.\u00a0Inspiriert von einer Geschichte aus der Feder des S\u00e4ngers <strong>K. Romlin<\/strong>, befasst sich &#8222;<strong>H\u00e4danf\u00e4rd<\/strong>&#8220; mit der Begegnung mit dem Tod und webt ein weitreichendes Konzept, das w\u00e4hrend des intensiven Demo-Prozesses der Band akribisch entwickelt wurde.<\/p>\n<\/div>\n<\/div>\n<div class=\"vc_separator wpb_content_element vc_separator_align_center vc_sep_width_100 vc_sep_pos_align_center vc_separator_no_text vc_sep_color_grey\"><\/div>\n<p>[\/vc_column_text][\/vc_column][vc_column width=&#8220;1\/5&#8243;][vc_single_image image=&#8220;96691&#8243; img_size=&#8220;full&#8220; onclick=&#8220;link_image&#8220;][vc_btn title=&#8220;De Namnl\u00f6sa<br \/>\n<small>2023\u30fbSingle<\/small>&#8220; shape=&#8220;square&#8220; color=&#8220;white&#8220; size=&#8220;xs&#8220; align=&#8220;center&#8220; button_block=&#8220;true&#8220; css=&#8220;.vc_custom_1694168238302{margin-top: -35px !important;}&#8220; link=&#8220;url:https%3A%2F%2Fmusic.nobledemon.com%2Ftales|title:De%20Namnl%C3%B6sa|target:_blank&#8220;][vc_btn title=&#8220;Download \/ Streaming&#8220; style=&#8220;flat&#8220; color=&#8220;sky&#8220; size=&#8220;xs&#8220; align=&#8220;center&#8220; i_icon_fontawesome=&#8220;fas fa-external-link-alt&#8220; button_block=&#8220;true&#8220; add_icon=&#8220;true&#8220; link=&#8220;url:https%3A%2F%2Fmusic.nobledemon.com%2Ftales|title:De%20Namnl%C3%B6sa|target:_blank&#8220; css=&#8220;.vc_custom_1694168248239{margin-top: -20px !important;}&#8220;][\/vc_column][vc_column width=&#8220;1\/5&#8243;][vc_row_inner][vc_column_inner][vc_single_image image=&#8220;96689&#8243; img_size=&#8220;full&#8220; onclick=&#8220;link_image&#8220;][vc_btn title=&#8220;Tales<br \/>\n<small>2023\u30fbAlbum<\/small>&#8220; shape=&#8220;square&#8220; color=&#8220;white&#8220; size=&#8220;xs&#8220; align=&#8220;center&#8220; button_block=&#8220;true&#8220; css=&#8220;.vc_custom_1694164107587{margin-top: -35px !important;}&#8220; link=&#8220;url:https%3A%2F%2Fmusic.nobledemon.com%2Ftales|title:Tales|target:_blank&#8220;][vc_btn title=&#8220;Vorverkauf \/ Vormerken&#8220; style=&#8220;flat&#8220; color=&#8220;black&#8220; size=&#8220;xs&#8220; align=&#8220;center&#8220; i_icon_fontawesome=&#8220;fas fa-external-link-alt&#8220; button_block=&#8220;true&#8220; add_icon=&#8220;true&#8220; link=&#8220;url:https%3A%2F%2Fmusic.nobledemon.com%2Ftales|title:Tales|target:_blank&#8220; css=&#8220;.vc_custom_1694164127581{margin-top: -20px !important;}&#8220;][vc_btn title=&#8220;Shop&#8220; style=&#8220;flat&#8220; color=&#8220;juicy-pink&#8220; size=&#8220;xs&#8220; align=&#8220;center&#8220; i_icon_fontawesome=&#8220;fas fa-shopping-cart&#8220; button_block=&#8220;true&#8220; add_icon=&#8220;true&#8220; link=&#8220;url:https%3A%2F%2Fucm.one%2Fde%2Fprodukt%2Fnight-crowned-tales%2F|title:Shop&#8220; css=&#8220;.vc_custom_1694164159935{margin-top: -15px !important;}&#8220;][vc_btn title=&#8220;Bandcamp&#8220; style=&#8220;flat&#8220; color=&#8220;inverse&#8220; size=&#8220;xs&#8220; align=&#8220;center&#8220; i_icon_fontawesome=&#8220;fab fa-bandcamp&#8220; button_block=&#8220;true&#8220; add_icon=&#8220;true&#8220; link=&#8220;url:https%3A%2F%2Fnightcrowned.bandcamp.com%2Falbum%2Ftales|title:Bandcamp|target:_blank&#8220; css=&#8220;.vc_custom_1694164182320{margin-top: -15px !important;}&#8220;][vc_empty_space height=&#8220;20px&#8220;][\/vc_column_inner][\/vc_row_inner][\/vc_column][\/vc_row][vc_row][vc_column][vc_column_text]<\/p>\n<div class=\"wpb_text_column wpb_content_element \">\n<div class=\"wpb_wrapper\">\n<p>Die neun atmosph\u00e4rischen Tracks des Albums, begleitet von K. Romlins schriftlichen Interpretationen und Erkl\u00e4rungen, bilden einen infernalischen und d\u00fcsteren Monolithen, der <strong>Night Crowned<\/strong>\u00a0erneut als eines der bestgeh\u00fcteten Blackened Death Metal-Geheimnisse Schwedens best\u00e4tigt hat.<\/p>\n<\/div>\n<\/div>\n<div class=\"vc_separator wpb_content_element vc_separator_align_center vc_sep_width_100 vc_sep_pos_align_center vc_separator_no_text vc_sep_color_grey\"><\/div>\n<p>[\/vc_column_text][vc_column_text]Am 10. November 2023 wird nun das mit Spannung erwartete dritte Full-Length-Album der Band ver\u00f6ffentlicht, wiederum \u00fcber das renommierte Label <strong>Noble Demon<\/strong>, welches erneut farbiges Vinyl, Shirts und Digipak-CD-Bundles im Angebot hat.\u00a0Mit dem kommenden Album &#8222;Tales&#8220; er\u00f6ffnen <strong>Night Crowned<\/strong> ein neues Kapitel der Band und verschieben die Grenzen des Blackened Death Metal auf ein noch nie dagewesenes Niveau. Macht euch gefasst auf einen musikalischen Angriff, der sich \u00fcber Konventionen hinwegsetzt und die Grenzen des Genres neu definiert.[\/vc_column_text][vc_single_image image=&#8220;96693&#8243; img_size=&#8220;full&#8220; add_caption=&#8220;yes&#8220; onclick=&#8220;link_image&#8220;][vc_column_text]Die Texte sind sowohl auf Englisch als auch auf Schwedisch, und <strong>Jonathan Thorpenberg<\/strong>s Mixing-F\u00e4higkeiten bringen den Sound der Band voll zur Geltung, w\u00e4hrend <strong>Jani Stefanovic<\/strong>s Mastering daf\u00fcr sorgt, dass jede Note mit Pr\u00e4zision getroffen wird![\/vc_column_text][vc_column_text]S\u00e4nger <strong>K. Romlin<\/strong> \u00fcber &#8222;<strong>De Namnl\u00f6sa<\/strong>&#8222;: &#8222;<em>Ich hatte den Titel f\u00fcr &#8218;De Namnl\u00f6sa&#8216; schon lange vor der Fertigstellung des Demos aufgeschrieben. Der Text handelt von einem Wesen namens Myling, dem Geist eines ungetauften neugeborenen Kindes. Ich liebe die Geschichte dieses Wesens und dass man diesen Horror-Touch in der Musik bekommt.<\/em>&#8222;[\/vc_column_text][\/vc_column][\/vc_row][vc_row][vc_column][vc_separator][vc_column_text]<span style=\"font-size: 14pt;\">CD und Vinyl-Editionen des Albums &#8222;<strong>Tales<\/strong>&#8222;:<\/span>[\/vc_column_text][vc_empty_space height=&#8220;8px&#8220;][vc_row_inner][vc_column_inner width=&#8220;1\/3&#8243;][vc_single_image image=&#8220;96700&#8243; img_size=&#8220;full&#8220; onclick=&#8220;custom_link&#8220; link=&#8220;https:\/\/ucm.one\/de\/produkt\/night-crowned-tales\/&#8220;][vc_empty_space height=&#8220;1px&#8220; css=&#8220;.vc_custom_1629280384190{margin-top: -5px !important;}&#8220;][vc_column_text css=&#8220;.vc_custom_1679755572348{margin-top: -25px !important;}&#8220;]<\/p>\n<p style=\"text-align: center;\"><span style=\"font-size: 8pt;\">CD Digipak<\/span><\/p>\n<p>[\/vc_column_text][\/vc_column_inner][vc_column_inner width=&#8220;1\/3&#8243;][vc_single_image image=&#8220;96619&#8243; img_size=&#8220;full&#8220; onclick=&#8220;custom_link&#8220; link=&#8220;https:\/\/ucm.one\/de\/produkt\/night-crowned-tales\/&#8220;][vc_empty_space height=&#8220;1px&#8220; css=&#8220;.vc_custom_1629280384190{margin-top: -5px !important;}&#8220;][vc_column_text css=&#8220;.vc_custom_1694165378378{margin-top: -25px !important;}&#8220;]<\/p>\n<p style=\"text-align: center;\"><span style=\"font-size: 8pt;\">LP (Trans Brown Marbled Vinyl)<\/span><\/p>\n<p>[\/vc_column_text][\/vc_column_inner][vc_column_inner width=&#8220;1\/3&#8243;][vc_single_image image=&#8220;96623&#8243; img_size=&#8220;full&#8220; onclick=&#8220;custom_link&#8220; link=&#8220;https:\/\/ucm.one\/de\/produkt\/night-crowned-tales\/&#8220;][vc_empty_space height=&#8220;1px&#8220; css=&#8220;.vc_custom_1629280384190{margin-top: -5px !important;}&#8220;][vc_column_text css=&#8220;.vc_custom_1694165395042{margin-top: -25px !important;}&#8220;]<\/p>\n<p style=\"text-align: center;\"><span style=\"font-size: 8pt;\">LP (Red Marbled Vinyl)<\/span><\/p>\n<p>[\/vc_column_text][\/vc_column_inner][\/vc_row_inner][\/vc_column][\/vc_row][vc_row][vc_column][vc_separator][vc_column_text]<span style=\"font-size: 14pt;\">Bundle-Ver\u00f6ffentlichungen des Albums &#8222;<strong>Tales<\/strong>&#8222;:<\/span>[\/vc_column_text][vc_empty_space height=&#8220;8px&#8220;][vc_row_inner][vc_column_inner width=&#8220;1\/3&#8243;][vc_single_image image=&#8220;96615&#8243; img_size=&#8220;full&#8220; onclick=&#8220;custom_link&#8220; link=&#8220;https:\/\/ucm.one\/de\/produkt\/night-crowned-tales\/&#8220;][vc_empty_space height=&#8220;1px&#8220; css=&#8220;.vc_custom_1629280384190{margin-top: -5px !important;}&#8220;][vc_column_text css=&#8220;.vc_custom_1693569345865{margin-top: -25px !important;}&#8220;]<\/p>\n<p style=\"text-align: center;\"><span style=\"font-size: 8pt;\">CD Digipak + T-Shirt<\/span><\/p>\n<p>[\/vc_column_text][\/vc_column_inner][vc_column_inner width=&#8220;1\/3&#8243;][vc_single_image image=&#8220;96621&#8243; img_size=&#8220;full&#8220; onclick=&#8220;custom_link&#8220; link=&#8220;https:\/\/ucm.one\/de\/produkt\/night-crowned-tales\/&#8220;][vc_empty_space height=&#8220;1px&#8220; css=&#8220;.vc_custom_1629280384190{margin-top: -5px !important;}&#8220;][vc_column_text css=&#8220;.vc_custom_1694165503177{margin-top: -25px !important;}&#8220;]<\/p>\n<p style=\"text-align: center;\"><span style=\"font-size: 8pt;\">LP (Trans Brown Marbled Vinyl + T-Shirt)<\/span><\/p>\n<p>[\/vc_column_text][\/vc_column_inner][vc_column_inner width=&#8220;1\/3&#8243;][vc_single_image image=&#8220;96611&#8243; img_size=&#8220;full&#8220; onclick=&#8220;custom_link&#8220; link=&#8220;https:\/\/ucm.one\/de\/produkt\/night-crowned-tales\/&#8220;][vc_empty_space height=&#8220;1px&#8220; css=&#8220;.vc_custom_1629280384190{margin-top: -5px !important;}&#8220;][vc_column_text css=&#8220;.vc_custom_1694165534394{margin-top: -25px !important;}&#8220;]<\/p>\n<p style=\"text-align: center;\"><span style=\"font-size: 8pt;\">LP Red Marbled Vinyl + T-Shirt)<\/span><\/p>\n<p>[\/vc_column_text][\/vc_column_inner][\/vc_row_inner][\/vc_column][\/vc_row][vc_row][vc_column width=&#8220;2\/4&#8243;][vc_column_text]Alle physischen Auflagen des Albums &#8222;<strong>Tales<\/strong>&#8220; k\u00f6nnen u.a. auch bei <a title=\"Bandcamp\" href=\"https:\/\/nightcrowned.bandcamp.com\/album\/tales\" target=\"_blank\" rel=\"noopener\">Bandcamp<\/a>\u00a0und unserem <a title=\"Rise to Fall \u2013 The Fifth Dimension\" href=\"https:\/\/ucm.one\/de\/produkt\/night-crowned-tales\/\">Shop<\/a> erworben werden.[\/vc_column_text][\/vc_column][vc_column width=&#8220;1\/4&#8243;][vc_empty_space height=&#8220;22px&#8220;][vc_btn title=&#8220;Bandcamp&#8220; style=&#8220;flat&#8220; color=&#8220;inverse&#8220; size=&#8220;sm&#8220; align=&#8220;center&#8220; i_icon_fontawesome=&#8220;fab fa-bandcamp&#8220; button_block=&#8220;true&#8220; add_icon=&#8220;true&#8220; link=&#8220;url:https%3A%2F%2Fmusic.nobledemon.com%2FMielenvalta|title:Mielenvalta|target:_blank&#8220; css=&#8220;.vc_custom_1693570140694{margin-top: -20px !important;}&#8220;][\/vc_column][vc_column width=&#8220;1\/4&#8243;][vc_empty_space height=&#8220;22px&#8220;][vc_btn title=&#8220;Shop&#8220; style=&#8220;flat&#8220; color=&#8220;juicy-pink&#8220; size=&#8220;sm&#8220; align=&#8220;center&#8220; i_icon_fontawesome=&#8220;fas fa-shopping-cart&#8220; button_block=&#8220;true&#8220; add_icon=&#8220;true&#8220; link=&#8220;url:https%3A%2F%2Fucm.one%2Fde%2Fprodukt%2Fnight-crowned-tales%2F|title:Tales&#8220; css=&#8220;.vc_custom_1694361428532{margin-top: -20px !important;}&#8220;][vc_empty_space height=&#8220;15px&#8220;][\/vc_column][\/vc_row][vc_row][vc_column][vc_separator][vc_row_inner][vc_column_inner][vc_video link=&#8220;https:\/\/youtu.be\/PiNtAbKWPeA&#8220; title=&#8220;Night Crowned &#8211; De Namnl\u00f6sa (Official Lyric Video)&#8220;][\/vc_column_inner][\/vc_row_inner][\/vc_column][\/vc_row][vc_row][vc_column width=&#8220;1\/2&#8243;][vc_column_text]Weitere Informationen \u00fcber die Band: <a title=\"Night Crowned | Noble Demon\" href=\"https:\/\/ucm.one\/de\/night-crowned\">Night Crowned<\/a>[\/vc_column_text][\/vc_column][vc_column width=&#8220;1\/2&#8243;][vc_column_text]Weitere Informationen \u00fcber das Label: <a title=\"Noble Demon\" href=\"https:\/\/ucm.one\/de\/musik-labels\/noble-demon\/\">Noble Demon<\/a>[\/vc_column_text][\/vc_column][\/vc_row]<\/p>\n<\/div>","protected":false},"excerpt":{"rendered":"<p>[vc_row][vc_column][vc_column_text]Die schwedische Blackened Death Metal Band Night Crowned aus G\u00f6teborg hat ihr neues Album &#8222;Tales&#8220; angek\u00fcndigt, das am 10. November \u00fcber Noble Demon ver\u00f6ffentlicht werden soll.[\/vc_column_text][\/vc_column][vc_column width=&#8220;3\/5&#8243;][vc_column_text]Seit ihrer Gr\u00fcndung im Jahr 2016 haben sich Night Crowned\u00a0zu einer ernstzunehmenden Gr\u00f6\u00dfe in der Heavy-Musik-Szene entwickelt. Ihr Deb\u00fct-Studioalbum &#8222;Impius Viam&#8222;, welches am 28. Februar 2020 (Noble Demon) ver\u00f6ffentlicht&hellip;<\/p>\n","protected":false},"author":2,"featured_media":96687,"comment_status":"closed","ping_status":"closed","sticky":false,"template":"","format":"standard","meta":{"_acf_changed":false,"footnotes":""},"categories":[9,13,7077],"tags":[16530,7174,7172,16528,7092,7444,16529,7090,7086,7173,7079,16527],"class_list":["post-96686","post","type-post","status-publish","format-standard","has-post-thumbnail","hentry","category-musik","category-news","category-noble-demon","tag-black-metal","tag-cipher-system","tag-dark-funeral","tag-de-namnloesa","tag-death-metal","tag-heavy-metal","tag-jens-ryden","tag-metal","tag-night-crowned","tag-nightrage","tag-noble-demon","tag-tales","category-9","category-13","category-7077","description-off"],"acf":[],"yoast_head":"<!-- This site is optimized with the Yoast SEO plugin v27.5 - https:\/\/yoast.com\/product\/yoast-seo-wordpress\/ -->\n<title>&quot;De Namnl\u00f6sa&quot; vom kommenden Album von &quot;Night Crowned&quot;<\/title>\n<meta name=\"description\" content=\"Die schwedische Death Metal Band Night Crowned aus G\u00f6teborg hat ihr neues Album &quot;Tales&quot; angek\u00fcndigt, das \u00fcber Noble Demon ver\u00f6ffentlicht wird.\" \/>\n<meta name=\"robots\" content=\"index, follow, max-snippet:-1, max-image-preview:large, max-video-preview:-1\" \/>\n<link rel=\"canonical\" href=\"https:\/\/ucm.one\/de\/erste-single-de-namnloesavom-kommenden-album-von-night-crowned-veroeffentlicht-noble-demon\/\" \/>\n<meta property=\"og:locale\" content=\"de_DE\" \/>\n<meta property=\"og:type\" content=\"article\" \/>\n<meta property=\"og:title\" content=\"&quot;De Namnl\u00f6sa&quot; vom kommenden Album von &quot;Night Crowned&quot;\" \/>\n<meta property=\"og:description\" content=\"Die schwedische Death Metal Band Night Crowned aus G\u00f6teborg hat ihr neues Album &quot;Tales&quot; angek\u00fcndigt, das \u00fcber Noble Demon ver\u00f6ffentlicht wird.\" \/>\n<meta property=\"og:url\" content=\"https:\/\/ucm.one\/de\/erste-single-de-namnloesavom-kommenden-album-von-night-crowned-veroeffentlicht-noble-demon\/\" \/>\n<meta property=\"og:site_name\" content=\"UCM.ONE\" \/>\n<meta property=\"article:published_time\" content=\"2023-09-08T09:40:01+00:00\" \/>\n<meta property=\"article:modified_time\" content=\"2023-09-10T15:57:13+00:00\" \/>\n<meta property=\"og:image\" content=\"https:\/\/ucm.one\/wp-content\/uploads\/2023\/09\/C-Night-Crowned-De-Namnloesa.jpg\" \/>\n<meta name=\"author\" content=\"Joachim Keil\" \/>\n<meta name=\"twitter:card\" content=\"summary_large_image\" \/>\n<meta name=\"twitter:title\" content=\"&quot;De Namnl\u00f6sa&quot; vom kommenden Album von &quot;Night Crowned&quot;\" \/>\n<meta name=\"twitter:description\" content=\"Die schwedische Death Metal Band Night Crowned aus G\u00f6teborg hat ihr neues Album &quot;Tales&quot; angek\u00fcndigt, das \u00fcber Noble Demon ver\u00f6ffentlicht wird.\" \/>\n<meta name=\"twitter:image\" content=\"https:\/\/ucm.one\/wp-content\/uploads\/2023\/09\/C-Night-Crowned-De-Namnloesa.jpg\" \/>\n<meta name=\"twitter:label1\" content=\"Verfasst von\" \/>\n\t<meta name=\"twitter:data1\" content=\"Joachim Keil\" \/>\n\t<meta name=\"twitter:label2\" content=\"Gesch\u00e4tzte Lesezeit\" \/>\n\t<meta name=\"twitter:data2\" content=\"7\u00a0Minuten\" \/>\n<!-- \/ Yoast SEO plugin. -->","yoast_head_json":{"title":"\"De Namnl\u00f6sa\" vom kommenden Album von \"Night Crowned\"","description":"Die schwedische Death Metal Band Night Crowned aus G\u00f6teborg hat ihr neues Album \"Tales\" angek\u00fcndigt, das \u00fcber Noble Demon ver\u00f6ffentlicht wird.","robots":{"index":"index","follow":"follow","max-snippet":"max-snippet:-1","max-image-preview":"max-image-preview:large","max-video-preview":"max-video-preview:-1"},"canonical":"https:\/\/ucm.one\/de\/erste-single-de-namnloesavom-kommenden-album-von-night-crowned-veroeffentlicht-noble-demon\/","og_locale":"de_DE","og_type":"article","og_title":"\"De Namnl\u00f6sa\" vom kommenden Album von \"Night Crowned\"","og_description":"Die schwedische Death Metal Band Night Crowned aus G\u00f6teborg hat ihr neues Album \"Tales\" angek\u00fcndigt, das \u00fcber Noble Demon ver\u00f6ffentlicht wird.","og_url":"https:\/\/ucm.one\/de\/erste-single-de-namnloesavom-kommenden-album-von-night-crowned-veroeffentlicht-noble-demon\/","og_site_name":"UCM.ONE","article_published_time":"2023-09-08T09:40:01+00:00","article_modified_time":"2023-09-10T15:57:13+00:00","og_image":[{"url":"https:\/\/ucm.one\/wp-content\/uploads\/2023\/09\/C-Night-Crowned-De-Namnloesa.jpg","type":"","width":"","height":""}],"author":"Joachim Keil","twitter_card":"summary_large_image","twitter_title":"\"De Namnl\u00f6sa\" vom kommenden Album von \"Night Crowned\"","twitter_description":"Die schwedische Death Metal Band Night Crowned aus G\u00f6teborg hat ihr neues Album \"Tales\" angek\u00fcndigt, das \u00fcber Noble Demon ver\u00f6ffentlicht wird.","twitter_image":"https:\/\/ucm.one\/wp-content\/uploads\/2023\/09\/C-Night-Crowned-De-Namnloesa.jpg","twitter_misc":{"Verfasst von":"Joachim Keil","Gesch\u00e4tzte Lesezeit":"7\u00a0Minuten"},"schema":{"@context":"https:\/\/schema.org","@graph":[{"@type":"Article","@id":"https:\/\/ucm.one\/de\/erste-single-de-namnloesavom-kommenden-album-von-night-crowned-veroeffentlicht-noble-demon\/#article","isPartOf":{"@id":"https:\/\/ucm.one\/de\/erste-single-de-namnloesavom-kommenden-album-von-night-crowned-veroeffentlicht-noble-demon\/"},"author":{"name":"Joachim Keil","@id":"https:\/\/ucm.one\/de\/#\/schema\/person\/4b959e467e8acc058836467a0ef8fa50"},"headline":"\ud83c\udfb5 Erste Single &#8222;De Namnl\u00f6sa&#8220;vom kommenden Album von &#8222;Night Crowned&#8220; ver\u00f6ffentlicht (Noble Demon)","datePublished":"2023-09-08T09:40:01+00:00","dateModified":"2023-09-10T15:57:13+00:00","mainEntityOfPage":{"@id":"https:\/\/ucm.one\/de\/erste-single-de-namnloesavom-kommenden-album-von-night-crowned-veroeffentlicht-noble-demon\/"},"wordCount":1433,"publisher":{"@id":"https:\/\/ucm.one\/de\/#organization"},"image":{"@id":"https:\/\/ucm.one\/de\/erste-single-de-namnloesavom-kommenden-album-von-night-crowned-veroeffentlicht-noble-demon\/#primaryimage"},"thumbnailUrl":"https:\/\/ucm.one\/wp-content\/uploads\/2023\/09\/B-Night-Crowned-De-Namnloesa.jpg","keywords":["Black Metal","Cipher System","Dark Funeral","De Namnl\u00f6sa","Death Metal","Heavy-Metal","Jens Ryd\u00e9n","Metal","Night Crowned","Nightrage","Noble Demon","Tales"],"articleSection":["Musik","News","Noble Demon"],"inLanguage":"de"},{"@type":"WebPage","@id":"https:\/\/ucm.one\/de\/erste-single-de-namnloesavom-kommenden-album-von-night-crowned-veroeffentlicht-noble-demon\/","url":"https:\/\/ucm.one\/de\/erste-single-de-namnloesavom-kommenden-album-von-night-crowned-veroeffentlicht-noble-demon\/","name":"\"De Namnl\u00f6sa\" vom kommenden Album von \"Night Crowned\"","isPartOf":{"@id":"https:\/\/ucm.one\/de\/#website"},"primaryImageOfPage":{"@id":"https:\/\/ucm.one\/de\/erste-single-de-namnloesavom-kommenden-album-von-night-crowned-veroeffentlicht-noble-demon\/#primaryimage"},"image":{"@id":"https:\/\/ucm.one\/de\/erste-single-de-namnloesavom-kommenden-album-von-night-crowned-veroeffentlicht-noble-demon\/#primaryimage"},"thumbnailUrl":"https:\/\/ucm.one\/wp-content\/uploads\/2023\/09\/B-Night-Crowned-De-Namnloesa.jpg","datePublished":"2023-09-08T09:40:01+00:00","dateModified":"2023-09-10T15:57:13+00:00","description":"Die schwedische Death Metal Band Night Crowned aus G\u00f6teborg hat ihr neues Album \"Tales\" angek\u00fcndigt, das \u00fcber Noble Demon ver\u00f6ffentlicht wird.","breadcrumb":{"@id":"https:\/\/ucm.one\/de\/erste-single-de-namnloesavom-kommenden-album-von-night-crowned-veroeffentlicht-noble-demon\/#breadcrumb"},"inLanguage":"de","potentialAction":[{"@type":"ReadAction","target":["https:\/\/ucm.one\/de\/erste-single-de-namnloesavom-kommenden-album-von-night-crowned-veroeffentlicht-noble-demon\/"]}]},{"@type":"ImageObject","inLanguage":"de","@id":"https:\/\/ucm.one\/de\/erste-single-de-namnloesavom-kommenden-album-von-night-crowned-veroeffentlicht-noble-demon\/#primaryimage","url":"https:\/\/ucm.one\/wp-content\/uploads\/2023\/09\/B-Night-Crowned-De-Namnloesa.jpg","contentUrl":"https:\/\/ucm.one\/wp-content\/uploads\/2023\/09\/B-Night-Crowned-De-Namnloesa.jpg","width":1920,"height":600},{"@type":"BreadcrumbList","@id":"https:\/\/ucm.one\/de\/erste-single-de-namnloesavom-kommenden-album-von-night-crowned-veroeffentlicht-noble-demon\/#breadcrumb","itemListElement":[{"@type":"ListItem","position":1,"name":"Home","item":"https:\/\/ucm.one\/de\/"},{"@type":"ListItem","position":2,"name":"\ud83c\udfb5 Erste Single &#8220;De Namnl\u00f6sa&#8221;vom kommenden Album von &#8220;Night Crowned&#8221; ver\u00f6ffentlicht (Noble Demon)"}]},{"@type":"WebSite","@id":"https:\/\/ucm.one\/de\/#website","url":"https:\/\/ucm.one\/de\/","name":"UCM.ONE","description":"","publisher":{"@id":"https:\/\/ucm.one\/de\/#organization"},"potentialAction":[{"@type":"SearchAction","target":{"@type":"EntryPoint","urlTemplate":"https:\/\/ucm.one\/de\/?s={search_term_string}"},"query-input":{"@type":"PropertyValueSpecification","valueRequired":true,"valueName":"search_term_string"}}],"inLanguage":"de"},{"@type":"Organization","@id":"https:\/\/ucm.one\/de\/#organization","name":"UCM.ONE","url":"https:\/\/ucm.one\/de\/","logo":{"@type":"ImageObject","inLanguage":"de","@id":"https:\/\/ucm.one\/de\/#\/schema\/logo\/image\/","url":"https:\/\/ucm.one\/wp-content\/uploads\/2019\/10\/UCM.ONE-Logo-RGB.svg","contentUrl":"https:\/\/ucm.one\/wp-content\/uploads\/2019\/10\/UCM.ONE-Logo-RGB.svg","width":1,"height":1,"caption":"UCM.ONE"},"image":{"@id":"https:\/\/ucm.one\/de\/#\/schema\/logo\/image\/"}},{"@type":"Person","@id":"https:\/\/ucm.one\/de\/#\/schema\/person\/4b959e467e8acc058836467a0ef8fa50","name":"Joachim Keil","image":{"@type":"ImageObject","inLanguage":"de","@id":"https:\/\/secure.gravatar.com\/avatar\/10e1dfd05f2a7a7bc83cd44bae31e01c8ac15f974229211a2b1a49fa0a22fec0?s=96&d=mm&r=g","url":"https:\/\/secure.gravatar.com\/avatar\/10e1dfd05f2a7a7bc83cd44bae31e01c8ac15f974229211a2b1a49fa0a22fec0?s=96&d=mm&r=g","contentUrl":"https:\/\/secure.gravatar.com\/avatar\/10e1dfd05f2a7a7bc83cd44bae31e01c8ac15f974229211a2b1a49fa0a22fec0?s=96&d=mm&r=g","caption":"Joachim Keil"},"sameAs":["https:\/\/ucm.one"]}]}},"_links":{"self":[{"href":"https:\/\/ucm.one\/de\/wp-json\/wp\/v2\/posts\/96686","targetHints":{"allow":["GET"]}}],"collection":[{"href":"https:\/\/ucm.one\/de\/wp-json\/wp\/v2\/posts"}],"about":[{"href":"https:\/\/ucm.one\/de\/wp-json\/wp\/v2\/types\/post"}],"author":[{"embeddable":true,"href":"https:\/\/ucm.one\/de\/wp-json\/wp\/v2\/users\/2"}],"replies":[{"embeddable":true,"href":"https:\/\/ucm.one\/de\/wp-json\/wp\/v2\/comments?post=96686"}],"version-history":[{"count":0,"href":"https:\/\/ucm.one\/de\/wp-json\/wp\/v2\/posts\/96686\/revisions"}],"wp:featuredmedia":[{"embeddable":true,"href":"https:\/\/ucm.one\/de\/wp-json\/wp\/v2\/media\/96687"}],"wp:attachment":[{"href":"https:\/\/ucm.one\/de\/wp-json\/wp\/v2\/media?parent=96686"}],"wp:term":[{"taxonomy":"category","embeddable":true,"href":"https:\/\/ucm.one\/de\/wp-json\/wp\/v2\/categories?post=96686"},{"taxonomy":"post_tag","embeddable":true,"href":"https:\/\/ucm.one\/de\/wp-json\/wp\/v2\/tags?post=96686"}],"curies":[{"name":"wp","href":"https:\/\/api.w.org\/{rel}","templated":true}]}}