{"id":96331,"date":"2023-09-01T01:06:43","date_gmt":"2023-09-01T01:06:43","guid":{"rendered":"https:\/\/ucm.one\/?p=96331"},"modified":"2023-09-01T17:53:02","modified_gmt":"2023-09-01T17:53:02","slug":"die-ep-my-madness-von-rico-puestel-ab-heute-ueberall-erhaeltlich","status":"publish","type":"post","link":"https:\/\/ucm.one\/de\/die-ep-my-madness-von-rico-puestel-ab-heute-ueberall-erhaeltlich\/","title":{"rendered":"\ud83c\udfb5 Die EP &#8222;My Madness&#8220; von Rico Puestel ab heute \u00fcberall erh\u00e4ltlich"},"content":{"rendered":"<div class=\"wpb-content-wrapper\"><p>[vc_row][vc_column width=&#8220;3\/5&#8243;][vc_column_text]<\/p>\n<div class=\"\">\n<div class=\"\">\n<div class=\"\">\n<div class=\"\">\n<div class=\"\">\n<p>Willkommen in der Welt der elektronischen Musik mit &#8222;<strong>My Madness<\/strong>&#8222;, der neuesten Preview von <strong>Rico Puestel<\/strong>s neuem Album &#8222;<strong>There is Truth and Method to my Madness<\/strong>&#8222;. Nach den erfolgreichen Exkursionen &#8222;<strong>My Truth<\/strong>&#8220; und &#8222;<strong>My Method<\/strong>&#8220; nimmt <strong>Rico Puestel<\/strong> uns mit auf eine weitere spannende Reise durch seine einzigartige musikalische Vision.<\/p>\n<\/div>\n<\/div>\n<\/div>\n<\/div>\n<\/div>\n<p>[\/vc_column_text][vc_column_text]<\/p>\n<div class=\"\">\n<div class=\"\">\n<div class=\"\">\n<div class=\"\">\n<div class=\"\">\n<p>Die EP enth\u00e4lt drei neue Tracks: &#8222;<strong>Pression<\/strong>&#8222;, &#8222;<strong>A New Compound<\/strong>&#8220; und &#8222;<strong>Justice<\/strong>&#8222;. Jeder Track spiegelt Ricos tiefes Verst\u00e4ndnis f\u00fcr Harmonie und bemerkenswerte Produktionskunst wider. Mit fesselnden Melodien, pulsierenden Rhythmen und innovativen Soundscapes fesselt &#8222;<strong>My Madness<\/strong>&#8220; und l\u00e4sst Sie nie los.<\/p>\n<\/div>\n<\/div>\n<\/div>\n<\/div>\n<\/div>\n<p>[\/vc_column_text][vc_column_text]Bei &#8222;<strong>My Madness<\/strong>&#8220; geht es nicht nur um reine Techno-Musik &#8211; es ist ein pers\u00f6nliches Statement und Ausdruck von Rico&#8217;s Leidenschaft. Es ist ein St\u00fcck seines Herzens, eingefangen in jeder Note, jedem Beat, jeder Melodie.[\/vc_column_text][\/vc_column][vc_column width=&#8220;1\/5&#8243;][vc_single_image image=&#8220;96333&#8243; img_size=&#8220;full&#8220; onclick=&#8220;link_image&#8220;][vc_btn title=&#8220;My Madness<br \/>\n<small>2023 \u2022 EP<\/small>&#8220; style=&#8220;classic&#8220; shape=&#8220;square&#8220; color=&#8220;white&#8220; size=&#8220;sm&#8220; align=&#8220;center&#8220; button_block=&#8220;true&#8220; css=&#8220;.vc_custom_1693584730034{margin-top: -35px !important;margin-bottom: 35px !important;}&#8220;][vc_btn title=&#8220;Download \/ Streaming&#8220; style=&#8220;flat&#8220; color=&#8220;sky&#8220; size=&#8220;xs&#8220; align=&#8220;center&#8220; i_icon_fontawesome=&#8220;fas fa-external-link-square-alt&#8220; button_block=&#8220;true&#8220; add_icon=&#8220;true&#8220; link=&#8220;url:https%3A%2F%2Fsnd.click%2FMyMadness|title:Download%20%26%20Streaming|target:_blank&#8220; css=&#8220;.vc_custom_1693584755615{margin-top: -25px !important;}&#8220;][\/vc_column][vc_column width=&#8220;1\/5&#8243;][vc_single_image image=&#8220;95954&#8243; img_size=&#8220;full&#8220; onclick=&#8220;link_image&#8220;][vc_btn title=&#8220;There is Truth and Method to my Madness<br \/>\n<small>2023 \u2022 Album<\/small>&#8220; style=&#8220;classic&#8220; shape=&#8220;square&#8220; color=&#8220;white&#8220; size=&#8220;sm&#8220; align=&#8220;center&#8220; button_block=&#8220;true&#8220; css=&#8220;.vc_custom_1691875995458{margin-top: -35px !important;}&#8220;][vc_btn title=&#8220;Vorverkauf \/ Vormerken&#8220; style=&#8220;flat&#8220; color=&#8220;inverse&#8220; size=&#8220;xs&#8220; align=&#8220;center&#8220; i_icon_fontawesome=&#8220;fas fa-external-link-square-alt&#8220; button_block=&#8220;true&#8220; add_icon=&#8220;true&#8220; link=&#8220;url:https%3A%2F%2Fsnd.click%2FTruthh|title:Download%20%26%20Streaming|target:_blank&#8220; css=&#8220;.vc_custom_1691880047712{margin-top: -25px !important;}&#8220;][\/vc_column][\/vc_row][vc_row][vc_column][vc_column_text]Freut euch auf das finale Album, das am 15. September erscheint. Sie k\u00f6nnen es jetzt vorbestellen und sicher sein, dass Sie zu den Ersten geh\u00f6ren, die diese spannende musikalische Reise erleben. Mach dich bereit f\u00fcr &#8222;<strong>There is Truth and Method to my Madness<\/strong>&#8220; &#8211; ein Album, das die Grenzen elektronischer Musik neu definiert und den H\u00f6rer in eine Welt der Klangkunst und Leidenschaft entf\u00fchrt. Lassen Sie sich diese einmalige Gelegenheit nicht entgehen![\/vc_column_text][vc_separator][\/vc_column][\/vc_row][vc_row][vc_column width=&#8220;1\/2&#8243;][vc_video link=&#8220;https:\/\/youtu.be\/v8GBlKhgDp4?si=li8iPth1PidtxMej&#8220; title=&#8220;Rico Puestel &#8211; Justice (Harthouse)&#8220;][\/vc_column][vc_column width=&#8220;1\/2&#8243;][vc_video link=&#8220;https:\/\/youtu.be\/2c43l57kiwA&#8220; title=&#8220;Rico Puestel &#8211; Affection (Harthouse) I Album Teaser&#8220;][\/vc_column][\/vc_row][vc_row][vc_column width=&#8220;1\/2&#8243;][vc_column_text]Weitere Informationen \u00fcber den K\u00fcnstler: <a title=\"Rico Puestel\" href=\"https:\/\/ucm.one\/de\/?s=rico+puestel&amp;lang=de\">Rico Puestel<\/a>[\/vc_column_text][\/vc_column][vc_column width=&#8220;1\/2&#8243;][vc_column_text]Weitere Informationen \u00fcber das Label: <a title=\"Harthouse\" href=\"https:\/\/ucm.one\/de\/musik-labels\/harthouse\/\">Harthouse<\/a>[\/vc_column_text][\/vc_column][\/vc_row]<\/p>\n<\/div>","protected":false},"excerpt":{"rendered":"<p>[vc_row][vc_column width=&#8220;3\/5&#8243;][vc_column_text] Willkommen in der Welt der elektronischen Musik mit &#8222;My Madness&#8222;, der neuesten Preview von Rico Puestels neuem Album &#8222;There is Truth and Method to my Madness&#8222;. Nach den erfolgreichen Exkursionen &#8222;My Truth&#8220; und &#8222;My Method&#8220; nimmt Rico Puestel uns mit auf eine weitere spannende Reise durch seine einzigartige musikalische Vision. [\/vc_column_text][vc_column_text] Die EP&hellip;<\/p>\n","protected":false},"author":2,"featured_media":96335,"comment_status":"closed","ping_status":"closed","sticky":false,"template":"","format":"standard","meta":{"_acf_changed":false,"footnotes":""},"categories":[793,9,13],"tags":[16489,16435,2359,16490,16495,16488,9320,2361,16439],"class_list":["post-96331","post","type-post","status-publish","format-standard","has-post-thumbnail","hentry","category-harthouse-de","category-musik","category-news","tag-a-new-compound","tag-cocoon","tag-harthouse","tag-justice","tag-my-madness-de","tag-pression","tag-rico-puestel","tag-techno","tag-there-is-truth-and-method-to-my-madness","category-793","category-9","category-13","description-off"],"acf":[],"yoast_head":"<!-- This site is optimized with the Yoast SEO plugin v27.5 - https:\/\/yoast.com\/product\/yoast-seo-wordpress\/ -->\n<title>Die EP &quot;My Madness&quot; von Rico Puestel ab heute erh\u00e4ltlich<\/title>\n<meta name=\"description\" content=\"Willkommen in der Welt von &quot;My Madness&quot;, der neuesten Preview von Rico Puestels neuem Album &quot;There is Truth and Method to my Madness&quot;.\" \/>\n<meta name=\"robots\" content=\"index, follow, max-snippet:-1, max-image-preview:large, max-video-preview:-1\" \/>\n<link rel=\"canonical\" href=\"https:\/\/ucm.one\/de\/die-ep-my-madness-von-rico-puestel-ab-heute-ueberall-erhaeltlich\/\" \/>\n<meta property=\"og:locale\" content=\"de_DE\" \/>\n<meta property=\"og:type\" content=\"article\" \/>\n<meta property=\"og:title\" content=\"Die EP &quot;My Madness&quot; von Rico Puestel ab heute erh\u00e4ltlich\" \/>\n<meta property=\"og:description\" content=\"Willkommen in der Welt von &quot;My Madness&quot;, der neuesten Preview von Rico Puestels neuem Album &quot;There is Truth and Method to my Madness&quot;.\" \/>\n<meta property=\"og:url\" content=\"https:\/\/ucm.one\/de\/die-ep-my-madness-von-rico-puestel-ab-heute-ueberall-erhaeltlich\/\" \/>\n<meta property=\"og:site_name\" content=\"UCM.ONE\" \/>\n<meta property=\"article:published_time\" content=\"2023-09-01T01:06:43+00:00\" \/>\n<meta property=\"article:modified_time\" content=\"2023-09-01T17:53:02+00:00\" \/>\n<meta property=\"og:image\" content=\"https:\/\/ucm.one\/wp-content\/uploads\/2023\/09\/C-Rico-Puestel-My-Madness.jpg\" \/>\n<meta name=\"author\" content=\"Joachim Keil\" \/>\n<meta name=\"twitter:card\" content=\"summary_large_image\" \/>\n<meta name=\"twitter:title\" content=\"Die EP &quot;My Madness&quot; von Rico Puestel ab heute erh\u00e4ltlich\" \/>\n<meta name=\"twitter:description\" content=\"Willkommen in der Welt von &quot;My Madness&quot;, der neuesten Preview von Rico Puestels neuem Album &quot;There is Truth and Method to my Madness&quot;.\" \/>\n<meta name=\"twitter:image\" content=\"https:\/\/ucm.one\/wp-content\/uploads\/2023\/09\/C-Rico-Puestel-My-Madness.jpg\" \/>\n<meta name=\"twitter:label1\" content=\"Verfasst von\" \/>\n\t<meta name=\"twitter:data1\" content=\"Joachim Keil\" \/>\n\t<meta name=\"twitter:label2\" content=\"Gesch\u00e4tzte Lesezeit\" \/>\n\t<meta name=\"twitter:data2\" content=\"3\u00a0Minuten\" \/>\n<!-- \/ Yoast SEO plugin. -->","yoast_head_json":{"title":"Die EP \"My Madness\" von Rico Puestel ab heute erh\u00e4ltlich","description":"Willkommen in der Welt von \"My Madness\", der neuesten Preview von Rico Puestels neuem Album \"There is Truth and Method to my Madness\".","robots":{"index":"index","follow":"follow","max-snippet":"max-snippet:-1","max-image-preview":"max-image-preview:large","max-video-preview":"max-video-preview:-1"},"canonical":"https:\/\/ucm.one\/de\/die-ep-my-madness-von-rico-puestel-ab-heute-ueberall-erhaeltlich\/","og_locale":"de_DE","og_type":"article","og_title":"Die EP \"My Madness\" von Rico Puestel ab heute erh\u00e4ltlich","og_description":"Willkommen in der Welt von \"My Madness\", der neuesten Preview von Rico Puestels neuem Album \"There is Truth and Method to my Madness\".","og_url":"https:\/\/ucm.one\/de\/die-ep-my-madness-von-rico-puestel-ab-heute-ueberall-erhaeltlich\/","og_site_name":"UCM.ONE","article_published_time":"2023-09-01T01:06:43+00:00","article_modified_time":"2023-09-01T17:53:02+00:00","og_image":[{"url":"https:\/\/ucm.one\/wp-content\/uploads\/2023\/09\/C-Rico-Puestel-My-Madness.jpg","type":"","width":"","height":""}],"author":"Joachim Keil","twitter_card":"summary_large_image","twitter_title":"Die EP \"My Madness\" von Rico Puestel ab heute erh\u00e4ltlich","twitter_description":"Willkommen in der Welt von \"My Madness\", der neuesten Preview von Rico Puestels neuem Album \"There is Truth and Method to my Madness\".","twitter_image":"https:\/\/ucm.one\/wp-content\/uploads\/2023\/09\/C-Rico-Puestel-My-Madness.jpg","twitter_misc":{"Verfasst von":"Joachim Keil","Gesch\u00e4tzte Lesezeit":"3\u00a0Minuten"},"schema":{"@context":"https:\/\/schema.org","@graph":[{"@type":"Article","@id":"https:\/\/ucm.one\/de\/die-ep-my-madness-von-rico-puestel-ab-heute-ueberall-erhaeltlich\/#article","isPartOf":{"@id":"https:\/\/ucm.one\/de\/die-ep-my-madness-von-rico-puestel-ab-heute-ueberall-erhaeltlich\/"},"author":{"name":"Joachim Keil","@id":"https:\/\/ucm.one\/de\/#\/schema\/person\/4b959e467e8acc058836467a0ef8fa50"},"headline":"\ud83c\udfb5 Die EP &#8222;My Madness&#8220; von Rico Puestel ab heute \u00fcberall erh\u00e4ltlich","datePublished":"2023-09-01T01:06:43+00:00","dateModified":"2023-09-01T17:53:02+00:00","mainEntityOfPage":{"@id":"https:\/\/ucm.one\/de\/die-ep-my-madness-von-rico-puestel-ab-heute-ueberall-erhaeltlich\/"},"wordCount":532,"publisher":{"@id":"https:\/\/ucm.one\/de\/#organization"},"image":{"@id":"https:\/\/ucm.one\/de\/die-ep-my-madness-von-rico-puestel-ab-heute-ueberall-erhaeltlich\/#primaryimage"},"thumbnailUrl":"https:\/\/ucm.one\/wp-content\/uploads\/2023\/09\/B-Rico-Puestel-My-Madness.jpg","keywords":["A New Compound","Cocoon","Harthouse","Justice","My Madness","Pression","Rico Puestel","Techno","There is Truth and Method to my Madness"],"articleSection":["Harthouse","Musik","News"],"inLanguage":"de"},{"@type":"WebPage","@id":"https:\/\/ucm.one\/de\/die-ep-my-madness-von-rico-puestel-ab-heute-ueberall-erhaeltlich\/","url":"https:\/\/ucm.one\/de\/die-ep-my-madness-von-rico-puestel-ab-heute-ueberall-erhaeltlich\/","name":"Die EP \"My Madness\" von Rico Puestel ab heute erh\u00e4ltlich","isPartOf":{"@id":"https:\/\/ucm.one\/de\/#website"},"primaryImageOfPage":{"@id":"https:\/\/ucm.one\/de\/die-ep-my-madness-von-rico-puestel-ab-heute-ueberall-erhaeltlich\/#primaryimage"},"image":{"@id":"https:\/\/ucm.one\/de\/die-ep-my-madness-von-rico-puestel-ab-heute-ueberall-erhaeltlich\/#primaryimage"},"thumbnailUrl":"https:\/\/ucm.one\/wp-content\/uploads\/2023\/09\/B-Rico-Puestel-My-Madness.jpg","datePublished":"2023-09-01T01:06:43+00:00","dateModified":"2023-09-01T17:53:02+00:00","description":"Willkommen in der Welt von \"My Madness\", der neuesten Preview von Rico Puestels neuem Album \"There is Truth and Method to my Madness\".","breadcrumb":{"@id":"https:\/\/ucm.one\/de\/die-ep-my-madness-von-rico-puestel-ab-heute-ueberall-erhaeltlich\/#breadcrumb"},"inLanguage":"de","potentialAction":[{"@type":"ReadAction","target":["https:\/\/ucm.one\/de\/die-ep-my-madness-von-rico-puestel-ab-heute-ueberall-erhaeltlich\/"]}]},{"@type":"ImageObject","inLanguage":"de","@id":"https:\/\/ucm.one\/de\/die-ep-my-madness-von-rico-puestel-ab-heute-ueberall-erhaeltlich\/#primaryimage","url":"https:\/\/ucm.one\/wp-content\/uploads\/2023\/09\/B-Rico-Puestel-My-Madness.jpg","contentUrl":"https:\/\/ucm.one\/wp-content\/uploads\/2023\/09\/B-Rico-Puestel-My-Madness.jpg","width":1920,"height":600},{"@type":"BreadcrumbList","@id":"https:\/\/ucm.one\/de\/die-ep-my-madness-von-rico-puestel-ab-heute-ueberall-erhaeltlich\/#breadcrumb","itemListElement":[{"@type":"ListItem","position":1,"name":"Home","item":"https:\/\/ucm.one\/de\/"},{"@type":"ListItem","position":2,"name":"\ud83c\udfb5 Die EP &#8222;My Madness&#8220; von Rico Puestel ab heute \u00fcberall erh\u00e4ltlich"}]},{"@type":"WebSite","@id":"https:\/\/ucm.one\/de\/#website","url":"https:\/\/ucm.one\/de\/","name":"UCM.ONE","description":"","publisher":{"@id":"https:\/\/ucm.one\/de\/#organization"},"potentialAction":[{"@type":"SearchAction","target":{"@type":"EntryPoint","urlTemplate":"https:\/\/ucm.one\/de\/?s={search_term_string}"},"query-input":{"@type":"PropertyValueSpecification","valueRequired":true,"valueName":"search_term_string"}}],"inLanguage":"de"},{"@type":"Organization","@id":"https:\/\/ucm.one\/de\/#organization","name":"UCM.ONE","url":"https:\/\/ucm.one\/de\/","logo":{"@type":"ImageObject","inLanguage":"de","@id":"https:\/\/ucm.one\/de\/#\/schema\/logo\/image\/","url":"https:\/\/ucm.one\/wp-content\/uploads\/2019\/10\/UCM.ONE-Logo-RGB.svg","contentUrl":"https:\/\/ucm.one\/wp-content\/uploads\/2019\/10\/UCM.ONE-Logo-RGB.svg","width":1,"height":1,"caption":"UCM.ONE"},"image":{"@id":"https:\/\/ucm.one\/de\/#\/schema\/logo\/image\/"}},{"@type":"Person","@id":"https:\/\/ucm.one\/de\/#\/schema\/person\/4b959e467e8acc058836467a0ef8fa50","name":"Joachim Keil","image":{"@type":"ImageObject","inLanguage":"de","@id":"https:\/\/secure.gravatar.com\/avatar\/10e1dfd05f2a7a7bc83cd44bae31e01c8ac15f974229211a2b1a49fa0a22fec0?s=96&d=mm&r=g","url":"https:\/\/secure.gravatar.com\/avatar\/10e1dfd05f2a7a7bc83cd44bae31e01c8ac15f974229211a2b1a49fa0a22fec0?s=96&d=mm&r=g","contentUrl":"https:\/\/secure.gravatar.com\/avatar\/10e1dfd05f2a7a7bc83cd44bae31e01c8ac15f974229211a2b1a49fa0a22fec0?s=96&d=mm&r=g","caption":"Joachim Keil"},"sameAs":["https:\/\/ucm.one"]}]}},"_links":{"self":[{"href":"https:\/\/ucm.one\/de\/wp-json\/wp\/v2\/posts\/96331","targetHints":{"allow":["GET"]}}],"collection":[{"href":"https:\/\/ucm.one\/de\/wp-json\/wp\/v2\/posts"}],"about":[{"href":"https:\/\/ucm.one\/de\/wp-json\/wp\/v2\/types\/post"}],"author":[{"embeddable":true,"href":"https:\/\/ucm.one\/de\/wp-json\/wp\/v2\/users\/2"}],"replies":[{"embeddable":true,"href":"https:\/\/ucm.one\/de\/wp-json\/wp\/v2\/comments?post=96331"}],"version-history":[{"count":0,"href":"https:\/\/ucm.one\/de\/wp-json\/wp\/v2\/posts\/96331\/revisions"}],"wp:featuredmedia":[{"embeddable":true,"href":"https:\/\/ucm.one\/de\/wp-json\/wp\/v2\/media\/96335"}],"wp:attachment":[{"href":"https:\/\/ucm.one\/de\/wp-json\/wp\/v2\/media?parent=96331"}],"wp:term":[{"taxonomy":"category","embeddable":true,"href":"https:\/\/ucm.one\/de\/wp-json\/wp\/v2\/categories?post=96331"},{"taxonomy":"post_tag","embeddable":true,"href":"https:\/\/ucm.one\/de\/wp-json\/wp\/v2\/tags?post=96331"}],"curies":[{"name":"wp","href":"https:\/\/api.w.org\/{rel}","templated":true}]}}