{"id":95105,"date":"2023-06-16T14:05:11","date_gmt":"2023-06-16T14:05:11","guid":{"rendered":"https:\/\/ucm.one\/?p=95105"},"modified":"2023-06-24T14:25:34","modified_gmt":"2023-06-24T14:25:34","slug":"titel-vom-fisch-im-fell-soundtrack-ab-heute-in-den-streaming-und-downloadportalen","status":"publish","type":"post","link":"https:\/\/ucm.one\/de\/titel-vom-fisch-im-fell-soundtrack-ab-heute-in-den-streaming-und-downloadportalen\/","title":{"rendered":"\ud83c\udfb5 Titel vom \u201eFisch im Fell\u201c Soundtrack ab heute in den Streaming- und Downloadportalen"},"content":{"rendered":"<div class=\"wpb-content-wrapper\"><p>[vc_row][vc_column][\/vc_column][vc_column width=&#8220;4\/5&#8243;][vc_column_text]<strong>Max Wege<\/strong>, der aus Balgst\u00e4dt stammende und in Leipzig lebende Musiker, hat gemeinsam mit seinem Kollegen <strong>Charlie Paschen<\/strong> einen neuen Song unter dem Projektnamen <strong>Porzellan<\/strong> ver\u00f6ffentlicht. Der Titel &#8222;<strong>Mein Geheimnis<\/strong>&#8220; wurde am Freitag, den 16. Juni 2023, auf <strong>Artkeim\u00b2<\/strong> ver\u00f6ffentlicht und steht ab sofort in allen Streaming- und Downloadportalen.[\/vc_column_text][vc_column_text]<\/p>\n<div class=\"wpb_text_column wpb_content_element \">\n<div class=\"wpb_wrapper\">\n<p>Die beiden K\u00fcnstler haben den Song im Rahmen ihrer Zusammenarbeit f\u00fcr den Kinofilm &#8222;<strong>Fisch im Fell<\/strong>&#8220; aufgenommen, in dessen Abspann er zu h\u00f6ren ist. Dieser Film stellt die erste Arbeit von Wege als Filmkomponist dar. Neben der gesamten Hintergrundmusik hat <strong>Max Wege<\/strong> auch zwei weitere Songs f\u00fcr den Soundtrack des Films beigesteuert.<\/p>\n<\/div>\n<\/div>\n<div class=\"vc_separator wpb_content_element vc_separator_align_center vc_sep_width_100 vc_sep_pos_align_center vc_separator_no_text vc_sep_color_grey\"><\/div>\n<p>[\/vc_column_text][vc_column_text]<strong>Max Wege<\/strong> ist bekannt f\u00fcr seine vielf\u00e4ltigen Talente. Neben seiner T\u00e4tigkeit als Musikproduzent ist er auch Produktionsleiter f\u00fcr Events einer Konzertagentur und Regisseur bei Aufnahmen eines H\u00f6rbuchverlags. Dar\u00fcber hinaus ist er als Stadionsprecher von <strong>RB Leipzig<\/strong> bei den Heimpartien der Frauen sowie der U19 und U17 t\u00e4tig.[\/vc_column_text][\/vc_column][vc_column width=&#8220;1\/5&#8243;][vc_row_inner][vc_column_inner][vc_single_image image=&#8220;95106&#8243; img_size=&#8220;full&#8220; onclick=&#8220;link_image&#8220;][vc_btn title=&#8220;Porzellan<br \/>\nMein Geheimnis<br \/>\n<small>2023\u30fbSingle<\/small>&#8220; shape=&#8220;square&#8220; color=&#8220;white&#8220; size=&#8220;xs&#8220; align=&#8220;center&#8220; button_block=&#8220;true&#8220; css=&#8220;.vc_custom_1687615663845{margin-top: -35px !important;}&#8220; link=&#8220;url:https%3A%2F%2Fsnd.click%2FMeinGeheimnis|title:Porzellan%20-%20Mein%20Geheimnis|target:_blank&#8220;][vc_btn title=&#8220;Download \/ Streaming&#8220; style=&#8220;flat&#8220; color=&#8220;sky&#8220; size=&#8220;xs&#8220; align=&#8220;center&#8220; i_icon_fontawesome=&#8220;fas fa-external-link-alt&#8220; button_block=&#8220;true&#8220; add_icon=&#8220;true&#8220; link=&#8220;url:https%3A%2F%2Fsnd.click%2FMeinGeheimnis|title:Porzellan%20-%20Mein%20Geheimnis|target:_blank&#8220; css=&#8220;.vc_custom_1687615726555{margin-top: -20px !important;}&#8220;][vc_empty_space height=&#8220;20px&#8220;][\/vc_column_inner][\/vc_row_inner][\/vc_column][\/vc_row][vc_row][vc_column][vc_column_text]<\/p>\n<div>\n<p>Mit der Ver\u00f6ffentlichung von &#8222;<strong>Mein Geheimnis<\/strong>&#8220; baut <strong>Max Wege<\/strong> sein musikalisches Portfolio weiter aus und unterstreicht seine Liebe und Hingabe zur Musik.<\/p>\n<\/div>\n<p>[\/vc_column_text][vc_separator][vc_column_text]<span style=\"font-size: 14pt;\">\u00dcber den Film &#8222;<strong>Fisch im Fell<\/strong>&#8222;:<\/span>[\/vc_column_text][vc_empty_space height=&#8220;8px&#8220;][\/vc_column][\/vc_row][vc_row][vc_column][vc_column_text]<\/p>\n<div class=\"wpb_text_column wpb_content_element \">\n<div class=\"wpb_wrapper\">\n<div>Der Film &#8222;<strong>Fisch im Fell<\/strong>&#8220; zeichnet sich durch seine einzigartige Geschichte aus, die von einem Brand in einer Harzer Jugendgruppenh\u00fctte bis zur Entdeckung einer geheimen H\u00f6hle in den Alpen reicht. Die Zuschauer werden auf eine fesselnde Reise durch tausend Kilometer Abenteuer und Entdeckung mitgenommen. Die Besonderheit von \u201c<strong>Fisch im Fell<\/strong>\u201d liegt in der aktiven Beteiligung von Jugendlichen aus der Harzregion. Diese Jugendlichen spielen nicht nur die Hauptrollen im Film, sondern waren auch eng in den Produktionsprozess eingebunden, was zu einem tiefgr\u00fcndigen und authentischen Einblick in die Erfahrungen und Herausforderungen der heutigen Jugend f\u00fchrt. <strong>Frederick Lau<\/strong>\u00a0und\u00a0<strong>Dieter Hallervorden<\/strong>, zwei bekannte Schauspieler der deutschen Filmindustrie, bereichern den Film mit ihren Rollen als Jugenddiakon und Gaststars. Ihre Erfahrung und ihr schauspielerisches K\u00f6nnen tragen erheblich zur Qualit\u00e4t des Films bei. Regisseur <strong>Dean Benzin<\/strong>, aufgewachsen in Th\u00fcringen und Rheinland-Pfalz, und Drehbuchautor\u00a0<strong>Christian Pasquariello<\/strong>\u00a0haben zusammen einen eindrucksvollen und bewegenden Film geschaffen.<\/div>\n<\/div>\n<\/div>\n<p>[\/vc_column_text][vc_row_inner][vc_column_inner width=&#8220;1\/2&#8243;][vc_single_image image=&#8220;93679&#8243; img_size=&#8220;full&#8220; onclick=&#8220;link_image&#8220;][\/vc_column_inner][vc_column_inner width=&#8220;1\/2&#8243;][vc_single_image image=&#8220;93660&#8243; img_size=&#8220;full&#8220; onclick=&#8220;link_image&#8220;][\/vc_column_inner][\/vc_row_inner][vc_column_text]<span style=\"font-size: 14pt;\">Inhaltsangabe<\/span><\/p>\n<p>Es soll mehr als nur ein Ausflug werden. Einmal im Jahr f\u00e4hrt die Jugendgruppe des Dorfes ein paar Tage weg, um abseits von zu Hause Gemeinschaft und Freizeit zu erleben. Doch dieses Mal soll es mehr als nur Spa\u00df und Erholung werden. Viel mehr. Nach einem schweren Feuer wird der Treffpunkt von sechs Jugendlichen, eine kleine H\u00fctte, v\u00f6llig zerst\u00f6rt und gibt dadurch eine unter den Dielen versteckte Schatulle frei. Der mysteri\u00f6se Inhalt ruft die Gruppe um Lydia nach S\u00fcdtirol in die Berge. F\u00fcr Theo im Rollstuhl ist die Tour undenkbar. Doch ausgerechnet er ist begeistert von der Idee. Er liebt die Berge, f\u00fcr ihn w\u00e4re der Trip ein Traum. Nach anf\u00e4nglicher Skepsis stimmen Sarah, Johanna, Finn und Luca zu. Die Reise beginnt. Ziel ist eine H\u00f6hle in Gipfeln\u00e4he.<\/p>\n<p>Nicht nur die Begegnung mit der Transgender-Punkerin Ninja sorgt in der Gruppe f\u00fcr Spannungen, auch die Wanderung mit dem erfahrenen Bergf\u00fchrer Peter bringt \u00c4ngste und Selbstzweifel bei den Jugendlichen hervor. Die Auswirkungen zerren am Zusammenhalt der Teenies untereinander. K\u00f6nnen sie ihr Ziel trotz der Schwierigkeiten erreichen? Und was wird sie erwarten, wenn sie das R\u00e4tsel um den geheimnisumworbenen Fund aus der Silberkapsel l\u00f6sen?[\/vc_column_text][\/vc_column][\/vc_row][vc_row][vc_column][vc_separator][vc_row_inner][vc_column_inner][vc_video link=&#8220;https:\/\/www.youtube.com\/watch?v=nfK0RPQw2O0&#8243; title=&#8220;Fisch im Fell | Trailer (deutsch) `{`w\/ English subtitles`}` \u1d34\u1d30&#8220;][\/vc_column_inner][\/vc_row_inner][\/vc_column][\/vc_row][vc_row][vc_column width=&#8220;1\/2&#8243;][vc_column_text]Weitere Informationen \u00fcber den Film: <a title=\"Fisch im Fell (2022) von Dean Benzin | Artkeim\u00b2\" href=\"https:\/\/ucm.one\/de\/fisch-im-fell\/\">Fisch im Fell<\/a>[\/vc_column_text][\/vc_column][vc_column width=&#8220;1\/2&#8243;][vc_column_text]Weitere Informationen \u00fcber das Label: <a title=\"Artkeim\u00b2\" href=\"https:\/\/ucm.one\/de\/film-labels\/artkeim\">Artkeim\u00b2<\/a>[\/vc_column_text][\/vc_column][\/vc_row]<\/p>\n<\/div>","protected":false},"excerpt":{"rendered":"<p>[vc_row][vc_column][\/vc_column][vc_column width=&#8220;4\/5&#8243;][vc_column_text]Max Wege, der aus Balgst\u00e4dt stammende und in Leipzig lebende Musiker, hat gemeinsam mit seinem Kollegen Charlie Paschen einen neuen Song unter dem Projektnamen Porzellan ver\u00f6ffentlicht. Der Titel &#8222;Mein Geheimnis&#8220; wurde am Freitag, den 16. Juni 2023, auf Artkeim\u00b2 ver\u00f6ffentlicht und steht ab sofort in allen Streaming- und Downloadportalen.[\/vc_column_text][vc_column_text] Die beiden K\u00fcnstler haben den&hellip;<\/p>\n","protected":false},"author":2,"featured_media":95102,"comment_status":"closed","ping_status":"closed","sticky":false,"template":"","format":"standard","meta":{"_acf_changed":false,"footnotes":""},"categories":[828,8,9,13],"tags":[16039,2311,16221,15831,15437,15439,16035,15436,15438,15440,16037,16034,16040,16220,16222,16036,16219],"class_list":["post-95105","post","type-post","status-publish","format-standard","has-post-thumbnail","hentry","category-artkeim","category-film","category-musik","category-news","tag-amalia-teuber","tag-artkeim","tag-charlie-paschen","tag-christian-pasquariello","tag-dean-benzin","tag-dieter-hallervorden","tag-falco-heidzig","tag-fisch-im-fell","tag-frederick-lau","tag-landeskirche-braunschweig","tag-leabe","tag-lene-deike","tag-lukas-bake","tag-max-wege","tag-mein-geheimnis","tag-phelan-brunk","tag-porzellan","category-828","category-8","category-9","category-13","description-off"],"acf":[],"yoast_head":"<!-- This site is optimized with the Yoast SEO plugin v27.5 - https:\/\/yoast.com\/product\/yoast-seo-wordpress\/ -->\n<title>Titel vom \u201eFisch im Fell\u201c Soundtrack ab heute<\/title>\n<meta name=\"description\" content=\"Max Wege hat gemeinsam mit seinem Kollegen Charlie Paschen einen neuen Song unter dem Projektnamen Porzellan ver\u00f6ffentlicht.\" \/>\n<meta name=\"robots\" content=\"index, follow, max-snippet:-1, max-image-preview:large, max-video-preview:-1\" \/>\n<link rel=\"canonical\" href=\"https:\/\/ucm.one\/de\/titel-vom-fisch-im-fell-soundtrack-ab-heute-in-den-streaming-und-downloadportalen\/\" \/>\n<meta property=\"og:locale\" content=\"de_DE\" \/>\n<meta property=\"og:type\" content=\"article\" \/>\n<meta property=\"og:title\" content=\"Titel vom \u201eFisch im Fell\u201c Soundtrack ab heute\" \/>\n<meta property=\"og:description\" content=\"Max Wege hat gemeinsam mit seinem Kollegen Charlie Paschen einen neuen Song unter dem Projektnamen Porzellan ver\u00f6ffentlicht.\" \/>\n<meta property=\"og:url\" content=\"https:\/\/ucm.one\/de\/titel-vom-fisch-im-fell-soundtrack-ab-heute-in-den-streaming-und-downloadportalen\/\" \/>\n<meta property=\"og:site_name\" content=\"UCM.ONE\" \/>\n<meta property=\"article:published_time\" content=\"2023-06-16T14:05:11+00:00\" \/>\n<meta property=\"article:modified_time\" content=\"2023-06-24T14:25:34+00:00\" \/>\n<meta property=\"og:image\" content=\"https:\/\/ucm.one\/wp-content\/uploads\/2023\/06\/P-Porzellan-\u2013-Mein-Geheimnis.jpg\" \/>\n<meta name=\"author\" content=\"Joachim Keil\" \/>\n<meta name=\"twitter:card\" content=\"summary_large_image\" \/>\n<meta name=\"twitter:title\" content=\"Titel vom \u201eFisch im Fell\u201c Soundtrack ab heute\" \/>\n<meta name=\"twitter:description\" content=\"Max Wege hat gemeinsam mit seinem Kollegen Charlie Paschen einen neuen Song unter dem Projektnamen Porzellan ver\u00f6ffentlicht.\" \/>\n<meta name=\"twitter:image\" content=\"https:\/\/ucm.one\/wp-content\/uploads\/2023\/06\/P-Porzellan-\u2013-Mein-Geheimnis.jpg\" \/>\n<meta name=\"twitter:label1\" content=\"Verfasst von\" \/>\n\t<meta name=\"twitter:data1\" content=\"Joachim Keil\" \/>\n\t<meta name=\"twitter:label2\" content=\"Gesch\u00e4tzte Lesezeit\" \/>\n\t<meta name=\"twitter:data2\" content=\"4\u00a0Minuten\" \/>\n<!-- \/ Yoast SEO plugin. -->","yoast_head_json":{"title":"Titel vom \u201eFisch im Fell\u201c Soundtrack ab heute","description":"Max Wege hat gemeinsam mit seinem Kollegen Charlie Paschen einen neuen Song unter dem Projektnamen Porzellan ver\u00f6ffentlicht.","robots":{"index":"index","follow":"follow","max-snippet":"max-snippet:-1","max-image-preview":"max-image-preview:large","max-video-preview":"max-video-preview:-1"},"canonical":"https:\/\/ucm.one\/de\/titel-vom-fisch-im-fell-soundtrack-ab-heute-in-den-streaming-und-downloadportalen\/","og_locale":"de_DE","og_type":"article","og_title":"Titel vom \u201eFisch im Fell\u201c Soundtrack ab heute","og_description":"Max Wege hat gemeinsam mit seinem Kollegen Charlie Paschen einen neuen Song unter dem Projektnamen Porzellan ver\u00f6ffentlicht.","og_url":"https:\/\/ucm.one\/de\/titel-vom-fisch-im-fell-soundtrack-ab-heute-in-den-streaming-und-downloadportalen\/","og_site_name":"UCM.ONE","article_published_time":"2023-06-16T14:05:11+00:00","article_modified_time":"2023-06-24T14:25:34+00:00","og_image":[{"url":"https:\/\/ucm.one\/wp-content\/uploads\/2023\/06\/P-Porzellan-\u2013-Mein-Geheimnis.jpg","type":"","width":"","height":""}],"author":"Joachim Keil","twitter_card":"summary_large_image","twitter_title":"Titel vom \u201eFisch im Fell\u201c Soundtrack ab heute","twitter_description":"Max Wege hat gemeinsam mit seinem Kollegen Charlie Paschen einen neuen Song unter dem Projektnamen Porzellan ver\u00f6ffentlicht.","twitter_image":"https:\/\/ucm.one\/wp-content\/uploads\/2023\/06\/P-Porzellan-\u2013-Mein-Geheimnis.jpg","twitter_misc":{"Verfasst von":"Joachim Keil","Gesch\u00e4tzte Lesezeit":"4\u00a0Minuten"},"schema":{"@context":"https:\/\/schema.org","@graph":[{"@type":"Article","@id":"https:\/\/ucm.one\/de\/titel-vom-fisch-im-fell-soundtrack-ab-heute-in-den-streaming-und-downloadportalen\/#article","isPartOf":{"@id":"https:\/\/ucm.one\/de\/titel-vom-fisch-im-fell-soundtrack-ab-heute-in-den-streaming-und-downloadportalen\/"},"author":{"name":"Joachim Keil","@id":"https:\/\/ucm.one\/de\/#\/schema\/person\/4b959e467e8acc058836467a0ef8fa50"},"headline":"\ud83c\udfb5 Titel vom \u201eFisch im Fell\u201c Soundtrack ab heute in den Streaming- und Downloadportalen","datePublished":"2023-06-16T14:05:11+00:00","dateModified":"2023-06-24T14:25:34+00:00","mainEntityOfPage":{"@id":"https:\/\/ucm.one\/de\/titel-vom-fisch-im-fell-soundtrack-ab-heute-in-den-streaming-und-downloadportalen\/"},"wordCount":884,"publisher":{"@id":"https:\/\/ucm.one\/de\/#organization"},"image":{"@id":"https:\/\/ucm.one\/de\/titel-vom-fisch-im-fell-soundtrack-ab-heute-in-den-streaming-und-downloadportalen\/#primaryimage"},"thumbnailUrl":"https:\/\/ucm.one\/wp-content\/uploads\/2023\/06\/B-Porzellan-\u2013-Mein-Geheimnis.jpg","keywords":["Amalia Teuber","Artkeim\u00b2","Charlie Paschen","Christian Pasquariello","Dean Benzin","Dieter Hallervorden","Falco Heidzig","Fisch im Fell","Frederick Lau","Landeskirche Braunschweig","Leab\u00e9","Lene Deike","Lukas Bake","Max Wege","Mein Geheimnis","Phelan Brunk","Porzellan"],"articleSection":["Artkeim\u00b2","Film","Musik","News"],"inLanguage":"de"},{"@type":"WebPage","@id":"https:\/\/ucm.one\/de\/titel-vom-fisch-im-fell-soundtrack-ab-heute-in-den-streaming-und-downloadportalen\/","url":"https:\/\/ucm.one\/de\/titel-vom-fisch-im-fell-soundtrack-ab-heute-in-den-streaming-und-downloadportalen\/","name":"Titel vom \u201eFisch im Fell\u201c Soundtrack ab heute","isPartOf":{"@id":"https:\/\/ucm.one\/de\/#website"},"primaryImageOfPage":{"@id":"https:\/\/ucm.one\/de\/titel-vom-fisch-im-fell-soundtrack-ab-heute-in-den-streaming-und-downloadportalen\/#primaryimage"},"image":{"@id":"https:\/\/ucm.one\/de\/titel-vom-fisch-im-fell-soundtrack-ab-heute-in-den-streaming-und-downloadportalen\/#primaryimage"},"thumbnailUrl":"https:\/\/ucm.one\/wp-content\/uploads\/2023\/06\/B-Porzellan-\u2013-Mein-Geheimnis.jpg","datePublished":"2023-06-16T14:05:11+00:00","dateModified":"2023-06-24T14:25:34+00:00","description":"Max Wege hat gemeinsam mit seinem Kollegen Charlie Paschen einen neuen Song unter dem Projektnamen Porzellan ver\u00f6ffentlicht.","breadcrumb":{"@id":"https:\/\/ucm.one\/de\/titel-vom-fisch-im-fell-soundtrack-ab-heute-in-den-streaming-und-downloadportalen\/#breadcrumb"},"inLanguage":"de","potentialAction":[{"@type":"ReadAction","target":["https:\/\/ucm.one\/de\/titel-vom-fisch-im-fell-soundtrack-ab-heute-in-den-streaming-und-downloadportalen\/"]}]},{"@type":"ImageObject","inLanguage":"de","@id":"https:\/\/ucm.one\/de\/titel-vom-fisch-im-fell-soundtrack-ab-heute-in-den-streaming-und-downloadportalen\/#primaryimage","url":"https:\/\/ucm.one\/wp-content\/uploads\/2023\/06\/B-Porzellan-\u2013-Mein-Geheimnis.jpg","contentUrl":"https:\/\/ucm.one\/wp-content\/uploads\/2023\/06\/B-Porzellan-\u2013-Mein-Geheimnis.jpg","width":1920,"height":600},{"@type":"BreadcrumbList","@id":"https:\/\/ucm.one\/de\/titel-vom-fisch-im-fell-soundtrack-ab-heute-in-den-streaming-und-downloadportalen\/#breadcrumb","itemListElement":[{"@type":"ListItem","position":1,"name":"Home","item":"https:\/\/ucm.one\/de\/"},{"@type":"ListItem","position":2,"name":"\ud83c\udfb5 Titel vom \u201eFisch im Fell\u201c Soundtrack ab heute in den Streaming- und Downloadportalen"}]},{"@type":"WebSite","@id":"https:\/\/ucm.one\/de\/#website","url":"https:\/\/ucm.one\/de\/","name":"UCM.ONE","description":"","publisher":{"@id":"https:\/\/ucm.one\/de\/#organization"},"potentialAction":[{"@type":"SearchAction","target":{"@type":"EntryPoint","urlTemplate":"https:\/\/ucm.one\/de\/?s={search_term_string}"},"query-input":{"@type":"PropertyValueSpecification","valueRequired":true,"valueName":"search_term_string"}}],"inLanguage":"de"},{"@type":"Organization","@id":"https:\/\/ucm.one\/de\/#organization","name":"UCM.ONE","url":"https:\/\/ucm.one\/de\/","logo":{"@type":"ImageObject","inLanguage":"de","@id":"https:\/\/ucm.one\/de\/#\/schema\/logo\/image\/","url":"https:\/\/ucm.one\/wp-content\/uploads\/2019\/10\/UCM.ONE-Logo-RGB.svg","contentUrl":"https:\/\/ucm.one\/wp-content\/uploads\/2019\/10\/UCM.ONE-Logo-RGB.svg","width":1,"height":1,"caption":"UCM.ONE"},"image":{"@id":"https:\/\/ucm.one\/de\/#\/schema\/logo\/image\/"}},{"@type":"Person","@id":"https:\/\/ucm.one\/de\/#\/schema\/person\/4b959e467e8acc058836467a0ef8fa50","name":"Joachim Keil","image":{"@type":"ImageObject","inLanguage":"de","@id":"https:\/\/secure.gravatar.com\/avatar\/10e1dfd05f2a7a7bc83cd44bae31e01c8ac15f974229211a2b1a49fa0a22fec0?s=96&d=mm&r=g","url":"https:\/\/secure.gravatar.com\/avatar\/10e1dfd05f2a7a7bc83cd44bae31e01c8ac15f974229211a2b1a49fa0a22fec0?s=96&d=mm&r=g","contentUrl":"https:\/\/secure.gravatar.com\/avatar\/10e1dfd05f2a7a7bc83cd44bae31e01c8ac15f974229211a2b1a49fa0a22fec0?s=96&d=mm&r=g","caption":"Joachim Keil"},"sameAs":["https:\/\/ucm.one"]}]}},"_links":{"self":[{"href":"https:\/\/ucm.one\/de\/wp-json\/wp\/v2\/posts\/95105","targetHints":{"allow":["GET"]}}],"collection":[{"href":"https:\/\/ucm.one\/de\/wp-json\/wp\/v2\/posts"}],"about":[{"href":"https:\/\/ucm.one\/de\/wp-json\/wp\/v2\/types\/post"}],"author":[{"embeddable":true,"href":"https:\/\/ucm.one\/de\/wp-json\/wp\/v2\/users\/2"}],"replies":[{"embeddable":true,"href":"https:\/\/ucm.one\/de\/wp-json\/wp\/v2\/comments?post=95105"}],"version-history":[{"count":0,"href":"https:\/\/ucm.one\/de\/wp-json\/wp\/v2\/posts\/95105\/revisions"}],"wp:featuredmedia":[{"embeddable":true,"href":"https:\/\/ucm.one\/de\/wp-json\/wp\/v2\/media\/95102"}],"wp:attachment":[{"href":"https:\/\/ucm.one\/de\/wp-json\/wp\/v2\/media?parent=95105"}],"wp:term":[{"taxonomy":"category","embeddable":true,"href":"https:\/\/ucm.one\/de\/wp-json\/wp\/v2\/categories?post=95105"},{"taxonomy":"post_tag","embeddable":true,"href":"https:\/\/ucm.one\/de\/wp-json\/wp\/v2\/tags?post=95105"}],"curies":[{"name":"wp","href":"https:\/\/api.w.org\/{rel}","templated":true}]}}