{"id":94809,"date":"2023-06-09T15:16:12","date_gmt":"2023-06-09T15:16:12","guid":{"rendered":"https:\/\/ucm.one\/?p=94809"},"modified":"2023-06-10T15:37:17","modified_gmt":"2023-06-10T15:37:17","slug":"rise-to-fall-veroeffentlichen-neues-album-the-fifth-dimension-auf-noble-demon","status":"publish","type":"post","link":"https:\/\/ucm.one\/de\/rise-to-fall-veroeffentlichen-neues-album-the-fifth-dimension-auf-noble-demon\/","title":{"rendered":"\ud83c\udfb5 &#8222;Rise to Fall&#8220; ver\u00f6ffentlichen neues Album &#8222;The Fifth Dimension&#8220; auf Noble Demon"},"content":{"rendered":"<div class=\"wpb-content-wrapper\"><p>[vc_row][vc_column][\/vc_column][vc_column width=&#8220;4\/5&#8243;][vc_column_text]Die Melodic Death Metaller<strong> Rise to Fall<\/strong>\u00a0haben ihr brandneues Album &#8222;<strong>The Fifth Dimension<\/strong>&#8220; \u00fcber das deutsche Musiklabel <strong>Noble<\/strong> <strong>Demon<\/strong> ver\u00f6ffentlicht.[\/vc_column_text][vc_column_text]2006 in Bilbao, Spanien, gegr\u00fcndet und seither mit konstantem Output, sind <strong>Rise To Fall<\/strong> daf\u00fcr bekannt, Musik auf h\u00f6chstem Niveau zu liefern. Mit elf Tracks macht das f\u00fcnfte Album der Band da weiter, wo sein von der Kritik gefeierter Vorg\u00e4nger aufgeh\u00f6rt hat und liefert all die unerbittlichen Melodien, hypnotischen Klanglandschaften und die Energie, f\u00fcr die <strong>Rise To Fall<\/strong> von Kritikern und Fans gleicherma\u00dfen gesch\u00e4tzt werden. Um den Tag geb\u00fchrend zu feiern, hat die Band den Track &#8222;<strong>Test of Time<\/strong>&#8220; geteilt.[\/vc_column_text][vc_column_text]<strong>Guitarist Hugo Markaida<\/strong> on &#8222;<strong>Test of Time<\/strong>&#8222;:\u00a0&#8222;<em>This is a song with probably the best intro of the album, which contains a lot of epic energy. It is followed by a very energetic verse and a chorus that comes with a change of tone and very melodic, but also complex vocals. It contains some old school riffs, fast and frenetic, and ultimately breaks into a very melodic guitar solo. It is a song that will not be missed at our concerts, a song that we believe you will love, all the fans of Rise To Fall.<\/em>&#8222;[\/vc_column_text][vc_column_text]<\/p>\n<div class=\"wpb_text_column wpb_content_element \">\n<div class=\"wpb_wrapper\">\n<p>Die Band <strong>Rise To Fall<\/strong> besteht aus <strong>Alain \u201eDalay Tarda\u201c Guti\u00e9rrez<\/strong> (Vocals), <strong>Hugo Markaida<\/strong> (Gitarre), <strong>Dann Hoyos<\/strong> (Bass), <strong>Javier Mart\u00edn<\/strong> (Bass) und <strong>Xabier Del Val<\/strong> (Schlagzeug).<\/p>\n<\/div>\n<\/div>\n<div class=\"vc_separator wpb_content_element vc_separator_align_center vc_sep_width_100 vc_sep_pos_align_center vc_separator_no_text vc_sep_color_grey\"><\/div>\n<p>[\/vc_column_text][\/vc_column][vc_column width=&#8220;1\/5&#8243;][vc_row_inner][vc_column_inner][vc_single_image image=&#8220;92711&#8243; img_size=&#8220;full&#8220; onclick=&#8220;link_image&#8220;][vc_btn title=&#8220;The Fifth Dimension<br \/>\n<small>2023\u30fbAlbum<\/small>&#8220; shape=&#8220;square&#8220; color=&#8220;white&#8220; size=&#8220;xs&#8220; align=&#8220;center&#8220; button_block=&#8220;true&#8220; css=&#8220;.vc_custom_1679754406498{margin-top: -35px !important;}&#8220; link=&#8220;url:https%3A%2F%2Fmusic.nobledemon.com%2Fdimension|title:The%20Fifth%20Dimension|target:_blank&#8220;][vc_btn title=&#8220;Download \/ Streaming&#8220; style=&#8220;flat&#8220; color=&#8220;sky&#8220; size=&#8220;xs&#8220; align=&#8220;center&#8220; i_icon_fontawesome=&#8220;fas fa-external-link-alt&#8220; button_block=&#8220;true&#8220; add_icon=&#8220;true&#8220; link=&#8220;url:https%3A%2F%2Frisetofall.bandcamp.com%2Falbum%2Fthe-fifth-dimension|title:Rise%20To%20Fall|target:_blank&#8220; css=&#8220;.vc_custom_1686410198357{margin-top: -20px !important;}&#8220;][vc_btn title=&#8220;Amazon&#8220; style=&#8220;flat&#8220; color=&#8220;orange&#8220; size=&#8220;xs&#8220; align=&#8220;center&#8220; i_icon_fontawesome=&#8220;fab fa-amazon&#8220; button_block=&#8220;true&#8220; add_icon=&#8220;true&#8220; link=&#8220;url:https%3A%2F%2Fwww.amazon.de%2FFifth-Dimension-Rise-Fall%2Fdp%2FB0C2XMQNWJ|title:Amazon|target:_blank&#8220; css=&#8220;.vc_custom_1686410461902{margin-top: -15px !important;}&#8220;][vc_btn title=&#8220;Shop&#8220; style=&#8220;flat&#8220; color=&#8220;juicy-pink&#8220; size=&#8220;xs&#8220; align=&#8220;center&#8220; i_icon_fontawesome=&#8220;fas fa-shopping-cart&#8220; button_block=&#8220;true&#8220; add_icon=&#8220;true&#8220; link=&#8220;url:https%3A%2F%2Fucm.one%2Fde%2Fprodukt%2Frise-to-fall-the-fifth-dimension%2F|title:Shop&#8220; css=&#8220;.vc_custom_1679754441599{margin-top: -15px !important;}&#8220;][vc_btn title=&#8220;Bandcamp&#8220; style=&#8220;flat&#8220; color=&#8220;inverse&#8220; size=&#8220;xs&#8220; align=&#8220;center&#8220; i_icon_fontawesome=&#8220;fab fa-bandcamp&#8220; button_block=&#8220;true&#8220; add_icon=&#8220;true&#8220; link=&#8220;url:https%3A%2F%2Frisetofall.bandcamp.com%2Falbum%2Fthe-fifth-dimension|title:Bandcamp|target:_blank&#8220; css=&#8220;.vc_custom_1679754428531{margin-top: -15px !important;}&#8220;][vc_empty_space height=&#8220;20px&#8220;][\/vc_column_inner][\/vc_row_inner][\/vc_column][\/vc_row][vc_row][vc_column][vc_separator][vc_column_text]<span style=\"font-size: 14pt;\">CD und Vinyl-Editionen sowie Bundles des Albums &#8222;<strong>The Fifth Dimension<\/strong>&#8222;:<\/span>[\/vc_column_text][vc_empty_space height=&#8220;8px&#8220;][vc_row_inner][vc_column_inner width=&#8220;1\/2&#8243;][vc_single_image image=&#8220;92716&#8243; img_size=&#8220;full&#8220; onclick=&#8220;custom_link&#8220; link=&#8220;https:\/\/ucm.one\/de\/produkt\/rise-to-fall-the-fifth-dimension\/&#8220;][vc_empty_space height=&#8220;1px&#8220; css=&#8220;.vc_custom_1629280384190{margin-top: -5px !important;}&#8220;][vc_column_text css=&#8220;.vc_custom_1679755572348{margin-top: -25px !important;}&#8220;]<\/p>\n<p style=\"text-align: center;\"><span style=\"font-size: 8pt;\">CD Digipak<\/span><\/p>\n<p>[\/vc_column_text][\/vc_column_inner][vc_column_inner width=&#8220;1\/2&#8243;][vc_single_image image=&#8220;92718&#8243; img_size=&#8220;full&#8220; onclick=&#8220;custom_link&#8220; link=&#8220;https:\/\/ucm.one\/de\/produkt\/rise-to-fall-the-fifth-dimension\/&#8220;][vc_empty_space height=&#8220;1px&#8220; css=&#8220;.vc_custom_1629280384190{margin-top: -5px !important;}&#8220;][vc_column_text css=&#8220;.vc_custom_1679755585105{margin-top: -25px !important;}&#8220;]<\/p>\n<p style=\"text-align: center;\"><span style=\"font-size: 8pt;\">LP (Grey Marbled Vinyl)<\/span><\/p>\n<p>[\/vc_column_text][\/vc_column_inner][\/vc_row_inner][vc_row_inner][vc_column_inner width=&#8220;1\/3&#8243;][vc_single_image image=&#8220;93522&#8243; img_size=&#8220;full&#8220; onclick=&#8220;custom_link&#8220; link=&#8220;https:\/\/ucm.one\/de\/produkt\/rise-to-fall-the-fifth-dimension\/&#8220;][vc_empty_space height=&#8220;1px&#8220; css=&#8220;.vc_custom_1629280384190{margin-top: -5px !important;}&#8220;][vc_column_text css=&#8220;.vc_custom_1682162837550{margin-top: -25px !important;}&#8220;]<\/p>\n<p style=\"text-align: center;\"><span style=\"font-size: 8pt;\">T-Shirt<\/span><\/p>\n<p>[\/vc_column_text][\/vc_column_inner][vc_column_inner width=&#8220;1\/3&#8243;][vc_single_image image=&#8220;93289&#8243; img_size=&#8220;full&#8220; onclick=&#8220;custom_link&#8220; link=&#8220;https:\/\/ucm.one\/de\/produkt\/rise-to-fall-the-fifth-dimension\/&#8220;][vc_empty_space height=&#8220;1px&#8220; css=&#8220;.vc_custom_1629280384190{margin-top: -5px !important;}&#8220;][vc_column_text css=&#8220;.vc_custom_1682162899546{margin-top: -25px !important;}&#8220;]<\/p>\n<p style=\"text-align: center;\"><span style=\"font-size: 8pt;\">T-Shirt &amp; CD Digipak Bundle<\/span><\/p>\n<p>[\/vc_column_text][\/vc_column_inner][vc_column_inner width=&#8220;1\/3&#8243;][vc_single_image image=&#8220;93291&#8243; img_size=&#8220;full&#8220; onclick=&#8220;custom_link&#8220; link=&#8220;https:\/\/ucm.one\/de\/produkt\/rise-to-fall-the-fifth-dimension\/&#8220;][vc_empty_space height=&#8220;1px&#8220; css=&#8220;.vc_custom_1629280384190{margin-top: -5px !important;}&#8220;][vc_column_text css=&#8220;.vc_custom_1682162885416{margin-top: -25px !important;}&#8220;]<\/p>\n<p style=\"text-align: center;\"><span style=\"font-size: 8pt;\">T-Shirt &amp; LP (Grey Marbled Vinyl) Bundle<\/span><\/p>\n<p>[\/vc_column_text][\/vc_column_inner][\/vc_row_inner][\/vc_column][\/vc_row][vc_row][vc_column width=&#8220;2\/4&#8243;][vc_column_text]Alle physischen Auflagen und Bundles des Albums &#8222;<strong>The Fifth Dimension<\/strong>&#8220; k\u00f6nnen u.a. auch bei <a title=\"Bandcamp\" href=\"https:\/\/gomorraband.bandcamp.com\/album\/dealer-of-souls\" target=\"_blank\" rel=\"noopener\">Bandcamp<\/a>\u00a0und unserem <a title=\"Rise to Fall \u2013 The Fifth Dimension\" href=\"https:\/\/ucm.one\/de\/produkt\/rise-to-fall-the-fifth-dimension\/\">Shop<\/a> erworben werden.[\/vc_column_text][\/vc_column][vc_column width=&#8220;1\/4&#8243;][vc_empty_space height=&#8220;22px&#8220;][vc_btn title=&#8220;Bandcamp&#8220; style=&#8220;flat&#8220; color=&#8220;inverse&#8220; size=&#8220;sm&#8220; align=&#8220;center&#8220; i_icon_fontawesome=&#8220;fab fa-bandcamp&#8220; button_block=&#8220;true&#8220; add_icon=&#8220;true&#8220; link=&#8220;url:https%3A%2F%2Frisetofall.bandcamp.com%2Falbum%2Fthe-fifth-dimension|title:The%20Fifth%20Dimension|target:_blank&#8220; css=&#8220;.vc_custom_1679755661239{margin-top: -20px !important;}&#8220;][\/vc_column][vc_column width=&#8220;1\/4&#8243;][vc_empty_space height=&#8220;22px&#8220;][vc_btn title=&#8220;Shop&#8220; style=&#8220;flat&#8220; color=&#8220;juicy-pink&#8220; size=&#8220;sm&#8220; align=&#8220;center&#8220; i_icon_fontawesome=&#8220;fas fa-shopping-cart&#8220; button_block=&#8220;true&#8220; add_icon=&#8220;true&#8220; link=&#8220;url:https%3A%2F%2Fucm.one%2Fde%2Fprodukt%2Frise-to-fall-the-fifth-dimension%2F|title:Rise%20to%20Fall%20%E2%80%93%20The%20Fifth%20Dimension&#8220; css=&#8220;.vc_custom_1679755633670{margin-top: -20px !important;}&#8220;][vc_empty_space height=&#8220;15px&#8220;][\/vc_column][\/vc_row][vc_row][vc_column][vc_separator][vc_row_inner][vc_column_inner][vc_video link=&#8220;https:\/\/youtu.be\/F0pO4hrB2V0&#8243; title=&#8220;Rise To Fall &#8211; The Fifth Dimension (Official Album Teaser)&#8220;][\/vc_column_inner][\/vc_row_inner][vc_row_inner][vc_column_inner width=&#8220;1\/2&#8243;][vc_video link=&#8220;https:\/\/youtu.be\/zgKjXuerEVs&#8220; title=&#8220;Rise To Fall &#8211; Heroes (Official Music Video)&#8220;][\/vc_column_inner][vc_column_inner width=&#8220;1\/2&#8243;][vc_video link=&#8220;https:\/\/youtu.be\/SeUwD5v-Z9Q&#8220; title=&#8220;Rise To Fall &#8211; Hierophant (Official Music Video)&#8220;][\/vc_column_inner][\/vc_row_inner][\/vc_column][\/vc_row][vc_row][vc_column width=&#8220;1\/2&#8243;][vc_column_text]Weitere Informationen \u00fcber die Band: <a title=\"Rise To Fall | Noble Demon\" href=\"https:\/\/ucm.one\/de\/rise-to-fall\/\">Rise To Fall<\/a>[\/vc_column_text][\/vc_column][vc_column width=&#8220;1\/2&#8243;][vc_column_text]Weitere Informationen \u00fcber das Label: <a title=\"Noble Demon\" href=\"https:\/\/ucm.one\/de\/musik-labels\/noble-demon\/\">Noble Demon<\/a>[\/vc_column_text][\/vc_column][\/vc_row]<\/p>\n<\/div>","protected":false},"excerpt":{"rendered":"<p>[vc_row][vc_column][\/vc_column][vc_column width=&#8220;4\/5&#8243;][vc_column_text]Die Melodic Death Metaller Rise to Fall\u00a0haben ihr brandneues Album &#8222;The Fifth Dimension&#8220; \u00fcber das deutsche Musiklabel Noble Demon ver\u00f6ffentlicht.[\/vc_column_text][vc_column_text]2006 in Bilbao, Spanien, gegr\u00fcndet und seither mit konstantem Output, sind Rise To Fall daf\u00fcr bekannt, Musik auf h\u00f6chstem Niveau zu liefern. Mit elf Tracks macht das f\u00fcnfte Album der Band da weiter, wo sein&hellip;<\/p>\n","protected":false},"author":2,"featured_media":94810,"comment_status":"closed","ping_status":"closed","sticky":false,"template":"","format":"standard","meta":{"_acf_changed":false,"footnotes":""},"categories":[9,13,7077],"tags":[15748,15745,15751,16048,15747,15750,7079,14299,15746,15749],"class_list":["post-94809","post","type-post","status-publish","format-standard","has-post-thumbnail","hentry","category-musik","category-news","category-noble-demon","tag-alain-dalay-tarda-gutierrez","tag-bilbao","tag-dann-hoyo","tag-heroes-de","tag-hugo-markaida","tag-javier-martin","tag-noble-demon","tag-rise-to-fall","tag-the-fifth-dimension","tag-xabier-del-val","category-9","category-13","category-7077","description-off"],"acf":[],"yoast_head":"<!-- This site is optimized with the Yoast SEO plugin v27.5 - https:\/\/yoast.com\/product\/yoast-seo-wordpress\/ -->\n<title>&quot;Rise to Fall&quot; ver\u00f6ffentlichen Album &quot;The Fifth Dimension&quot;<\/title>\n<meta name=\"description\" content=\"Die Melodic Death Metaller Rise to Fall haben ihr brandneues Album &quot;The Fifth Dimension&quot; \u00fcber das deutsche Label Noble Demon ver\u00f6ffentlicht.\" \/>\n<meta name=\"robots\" content=\"index, follow, max-snippet:-1, max-image-preview:large, max-video-preview:-1\" \/>\n<link rel=\"canonical\" href=\"https:\/\/ucm.one\/de\/rise-to-fall-veroeffentlichen-neues-album-the-fifth-dimension-auf-noble-demon\/\" \/>\n<meta property=\"og:locale\" content=\"de_DE\" \/>\n<meta property=\"og:type\" content=\"article\" \/>\n<meta property=\"og:title\" content=\"&quot;Rise to Fall&quot; ver\u00f6ffentlichen Album &quot;The Fifth Dimension&quot;\" \/>\n<meta property=\"og:description\" content=\"Die Melodic Death Metaller Rise to Fall haben ihr brandneues Album &quot;The Fifth Dimension&quot; \u00fcber das deutsche Label Noble Demon ver\u00f6ffentlicht.\" \/>\n<meta property=\"og:url\" content=\"https:\/\/ucm.one\/de\/rise-to-fall-veroeffentlichen-neues-album-the-fifth-dimension-auf-noble-demon\/\" \/>\n<meta property=\"og:site_name\" content=\"UCM.ONE\" \/>\n<meta property=\"article:published_time\" content=\"2023-06-09T15:16:12+00:00\" \/>\n<meta property=\"article:modified_time\" content=\"2023-06-10T15:37:17+00:00\" \/>\n<meta property=\"og:image\" content=\"https:\/\/ucm.one\/wp-content\/uploads\/2023\/03\/C-Rise-To-Fall-The-Fifth-Dimension.jpg\" \/>\n<meta name=\"author\" content=\"Joachim Keil\" \/>\n<meta name=\"twitter:card\" content=\"summary_large_image\" \/>\n<meta name=\"twitter:title\" content=\"&quot;Rise to Fall&quot; ver\u00f6ffentlichen Album &quot;The Fifth Dimension&quot;\" \/>\n<meta name=\"twitter:description\" content=\"Die Melodic Death Metaller Rise to Fall haben ihr brandneues Album &quot;The Fifth Dimension&quot; \u00fcber das deutsche Label Noble Demon ver\u00f6ffentlicht.\" \/>\n<meta name=\"twitter:image\" content=\"https:\/\/ucm.one\/wp-content\/uploads\/2023\/03\/C-Rise-To-Fall-The-Fifth-Dimension.jpg\" \/>\n<meta name=\"twitter:label1\" content=\"Verfasst von\" \/>\n\t<meta name=\"twitter:data1\" content=\"Joachim Keil\" \/>\n\t<meta name=\"twitter:label2\" content=\"Gesch\u00e4tzte Lesezeit\" \/>\n\t<meta name=\"twitter:data2\" content=\"6\u00a0Minuten\" \/>\n<!-- \/ Yoast SEO plugin. -->","yoast_head_json":{"title":"\"Rise to Fall\" ver\u00f6ffentlichen Album \"The Fifth Dimension\"","description":"Die Melodic Death Metaller Rise to Fall haben ihr brandneues Album \"The Fifth Dimension\" \u00fcber das deutsche Label Noble Demon ver\u00f6ffentlicht.","robots":{"index":"index","follow":"follow","max-snippet":"max-snippet:-1","max-image-preview":"max-image-preview:large","max-video-preview":"max-video-preview:-1"},"canonical":"https:\/\/ucm.one\/de\/rise-to-fall-veroeffentlichen-neues-album-the-fifth-dimension-auf-noble-demon\/","og_locale":"de_DE","og_type":"article","og_title":"\"Rise to Fall\" ver\u00f6ffentlichen Album \"The Fifth Dimension\"","og_description":"Die Melodic Death Metaller Rise to Fall haben ihr brandneues Album \"The Fifth Dimension\" \u00fcber das deutsche Label Noble Demon ver\u00f6ffentlicht.","og_url":"https:\/\/ucm.one\/de\/rise-to-fall-veroeffentlichen-neues-album-the-fifth-dimension-auf-noble-demon\/","og_site_name":"UCM.ONE","article_published_time":"2023-06-09T15:16:12+00:00","article_modified_time":"2023-06-10T15:37:17+00:00","og_image":[{"url":"https:\/\/ucm.one\/wp-content\/uploads\/2023\/03\/C-Rise-To-Fall-The-Fifth-Dimension.jpg","type":"","width":"","height":""}],"author":"Joachim Keil","twitter_card":"summary_large_image","twitter_title":"\"Rise to Fall\" ver\u00f6ffentlichen Album \"The Fifth Dimension\"","twitter_description":"Die Melodic Death Metaller Rise to Fall haben ihr brandneues Album \"The Fifth Dimension\" \u00fcber das deutsche Label Noble Demon ver\u00f6ffentlicht.","twitter_image":"https:\/\/ucm.one\/wp-content\/uploads\/2023\/03\/C-Rise-To-Fall-The-Fifth-Dimension.jpg","twitter_misc":{"Verfasst von":"Joachim Keil","Gesch\u00e4tzte Lesezeit":"6\u00a0Minuten"},"schema":{"@context":"https:\/\/schema.org","@graph":[{"@type":"Article","@id":"https:\/\/ucm.one\/de\/rise-to-fall-veroeffentlichen-neues-album-the-fifth-dimension-auf-noble-demon\/#article","isPartOf":{"@id":"https:\/\/ucm.one\/de\/rise-to-fall-veroeffentlichen-neues-album-the-fifth-dimension-auf-noble-demon\/"},"author":{"name":"Joachim Keil","@id":"https:\/\/ucm.one\/de\/#\/schema\/person\/4b959e467e8acc058836467a0ef8fa50"},"headline":"\ud83c\udfb5 &#8222;Rise to Fall&#8220; ver\u00f6ffentlichen neues Album &#8222;The Fifth Dimension&#8220; auf Noble Demon","datePublished":"2023-06-09T15:16:12+00:00","dateModified":"2023-06-10T15:37:17+00:00","mainEntityOfPage":{"@id":"https:\/\/ucm.one\/de\/rise-to-fall-veroeffentlichen-neues-album-the-fifth-dimension-auf-noble-demon\/"},"wordCount":1140,"publisher":{"@id":"https:\/\/ucm.one\/de\/#organization"},"image":{"@id":"https:\/\/ucm.one\/de\/rise-to-fall-veroeffentlichen-neues-album-the-fifth-dimension-auf-noble-demon\/#primaryimage"},"thumbnailUrl":"https:\/\/ucm.one\/wp-content\/uploads\/2023\/06\/B-Rise-To-Fall-The-Fifth-Dimension.jpg","keywords":["Alain \u201eDalay Tarda\u201c Guti\u00e9rrez","Bilbao","Dann Hoyo","Heroes","Hugo Markaida","Javier Mart\u00edn","Noble Demon","Rise To Fall","The Fifth Dimension","Xabier Del Val"],"articleSection":["Musik","News","Noble Demon"],"inLanguage":"de"},{"@type":"WebPage","@id":"https:\/\/ucm.one\/de\/rise-to-fall-veroeffentlichen-neues-album-the-fifth-dimension-auf-noble-demon\/","url":"https:\/\/ucm.one\/de\/rise-to-fall-veroeffentlichen-neues-album-the-fifth-dimension-auf-noble-demon\/","name":"\"Rise to Fall\" ver\u00f6ffentlichen Album \"The Fifth Dimension\"","isPartOf":{"@id":"https:\/\/ucm.one\/de\/#website"},"primaryImageOfPage":{"@id":"https:\/\/ucm.one\/de\/rise-to-fall-veroeffentlichen-neues-album-the-fifth-dimension-auf-noble-demon\/#primaryimage"},"image":{"@id":"https:\/\/ucm.one\/de\/rise-to-fall-veroeffentlichen-neues-album-the-fifth-dimension-auf-noble-demon\/#primaryimage"},"thumbnailUrl":"https:\/\/ucm.one\/wp-content\/uploads\/2023\/06\/B-Rise-To-Fall-The-Fifth-Dimension.jpg","datePublished":"2023-06-09T15:16:12+00:00","dateModified":"2023-06-10T15:37:17+00:00","description":"Die Melodic Death Metaller Rise to Fall haben ihr brandneues Album \"The Fifth Dimension\" \u00fcber das deutsche Label Noble Demon ver\u00f6ffentlicht.","breadcrumb":{"@id":"https:\/\/ucm.one\/de\/rise-to-fall-veroeffentlichen-neues-album-the-fifth-dimension-auf-noble-demon\/#breadcrumb"},"inLanguage":"de","potentialAction":[{"@type":"ReadAction","target":["https:\/\/ucm.one\/de\/rise-to-fall-veroeffentlichen-neues-album-the-fifth-dimension-auf-noble-demon\/"]}]},{"@type":"ImageObject","inLanguage":"de","@id":"https:\/\/ucm.one\/de\/rise-to-fall-veroeffentlichen-neues-album-the-fifth-dimension-auf-noble-demon\/#primaryimage","url":"https:\/\/ucm.one\/wp-content\/uploads\/2023\/06\/B-Rise-To-Fall-The-Fifth-Dimension.jpg","contentUrl":"https:\/\/ucm.one\/wp-content\/uploads\/2023\/06\/B-Rise-To-Fall-The-Fifth-Dimension.jpg","width":1920,"height":604},{"@type":"BreadcrumbList","@id":"https:\/\/ucm.one\/de\/rise-to-fall-veroeffentlichen-neues-album-the-fifth-dimension-auf-noble-demon\/#breadcrumb","itemListElement":[{"@type":"ListItem","position":1,"name":"Home","item":"https:\/\/ucm.one\/de\/"},{"@type":"ListItem","position":2,"name":"\ud83c\udfb5 &#8222;Rise to Fall&#8220; ver\u00f6ffentlichen neues Album &#8222;The Fifth Dimension&#8220; auf Noble Demon"}]},{"@type":"WebSite","@id":"https:\/\/ucm.one\/de\/#website","url":"https:\/\/ucm.one\/de\/","name":"UCM.ONE","description":"","publisher":{"@id":"https:\/\/ucm.one\/de\/#organization"},"potentialAction":[{"@type":"SearchAction","target":{"@type":"EntryPoint","urlTemplate":"https:\/\/ucm.one\/de\/?s={search_term_string}"},"query-input":{"@type":"PropertyValueSpecification","valueRequired":true,"valueName":"search_term_string"}}],"inLanguage":"de"},{"@type":"Organization","@id":"https:\/\/ucm.one\/de\/#organization","name":"UCM.ONE","url":"https:\/\/ucm.one\/de\/","logo":{"@type":"ImageObject","inLanguage":"de","@id":"https:\/\/ucm.one\/de\/#\/schema\/logo\/image\/","url":"https:\/\/ucm.one\/wp-content\/uploads\/2019\/10\/UCM.ONE-Logo-RGB.svg","contentUrl":"https:\/\/ucm.one\/wp-content\/uploads\/2019\/10\/UCM.ONE-Logo-RGB.svg","width":1,"height":1,"caption":"UCM.ONE"},"image":{"@id":"https:\/\/ucm.one\/de\/#\/schema\/logo\/image\/"}},{"@type":"Person","@id":"https:\/\/ucm.one\/de\/#\/schema\/person\/4b959e467e8acc058836467a0ef8fa50","name":"Joachim Keil","image":{"@type":"ImageObject","inLanguage":"de","@id":"https:\/\/secure.gravatar.com\/avatar\/10e1dfd05f2a7a7bc83cd44bae31e01c8ac15f974229211a2b1a49fa0a22fec0?s=96&d=mm&r=g","url":"https:\/\/secure.gravatar.com\/avatar\/10e1dfd05f2a7a7bc83cd44bae31e01c8ac15f974229211a2b1a49fa0a22fec0?s=96&d=mm&r=g","contentUrl":"https:\/\/secure.gravatar.com\/avatar\/10e1dfd05f2a7a7bc83cd44bae31e01c8ac15f974229211a2b1a49fa0a22fec0?s=96&d=mm&r=g","caption":"Joachim Keil"},"sameAs":["https:\/\/ucm.one"]}]}},"_links":{"self":[{"href":"https:\/\/ucm.one\/de\/wp-json\/wp\/v2\/posts\/94809","targetHints":{"allow":["GET"]}}],"collection":[{"href":"https:\/\/ucm.one\/de\/wp-json\/wp\/v2\/posts"}],"about":[{"href":"https:\/\/ucm.one\/de\/wp-json\/wp\/v2\/types\/post"}],"author":[{"embeddable":true,"href":"https:\/\/ucm.one\/de\/wp-json\/wp\/v2\/users\/2"}],"replies":[{"embeddable":true,"href":"https:\/\/ucm.one\/de\/wp-json\/wp\/v2\/comments?post=94809"}],"version-history":[{"count":0,"href":"https:\/\/ucm.one\/de\/wp-json\/wp\/v2\/posts\/94809\/revisions"}],"wp:featuredmedia":[{"embeddable":true,"href":"https:\/\/ucm.one\/de\/wp-json\/wp\/v2\/media\/94810"}],"wp:attachment":[{"href":"https:\/\/ucm.one\/de\/wp-json\/wp\/v2\/media?parent=94809"}],"wp:term":[{"taxonomy":"category","embeddable":true,"href":"https:\/\/ucm.one\/de\/wp-json\/wp\/v2\/categories?post=94809"},{"taxonomy":"post_tag","embeddable":true,"href":"https:\/\/ucm.one\/de\/wp-json\/wp\/v2\/tags?post=94809"}],"curies":[{"name":"wp","href":"https:\/\/api.w.org\/{rel}","templated":true}]}}