{"id":94070,"date":"2023-05-12T12:31:11","date_gmt":"2023-05-12T12:31:11","guid":{"rendered":"https:\/\/ucm.one\/?p=94070"},"modified":"2023-05-13T22:24:13","modified_gmt":"2023-05-13T22:24:13","slug":"barrikade-von-david-klammer-nonfy-documentaries-auf-dvd-und-digital-erhaeltlich","status":"publish","type":"post","link":"https:\/\/ucm.one\/de\/barrikade-von-david-klammer-nonfy-documentaries-auf-dvd-und-digital-erhaeltlich\/","title":{"rendered":"\ud83c\udfac &#8222;Barrikade&#8220; von David Klammer (NONFY Documentaries) auf DVD und digital erh\u00e4ltlich"},"content":{"rendered":"<div class=\"wpb-content-wrapper\"><p>[vc_row][vc_column width=&#8220;3\/4&#8243;][vc_column_text]Der preisgekr\u00f6nte Dokumentarfilm \u201e<strong>Barrikade<\/strong>\u201c (<strong><span style=\"font-family: 'arial black', sans-serif;\">NONFY<\/span> Documentaries<\/strong>), der den mutigen Widerstand von Klimaaktivisten im Dannenr\u00f6der Forst gegen die Rodung f\u00fcr eine neue Autobahntrasse dokumentiert, ist ab heute auch auf DVD und Online erh\u00e4ltlich.[\/vc_column_text][vc_column_text]Der Fotograf und Regisseur <strong>David Klammer<\/strong> f\u00e4ngt in seinem Film die au\u00dfergew\u00f6hnliche Geschichte der Aktivisten ein, die im Oktober 2019 den Wald besetzten und \u00fcber ein Jahr in Baumh\u00e4usern lebten, um einen alternativen Lebens- und Freiraum zu schaffen. Der Film begleitet sie von September bis Dezember 2020, als die Rodung begann und der letzte Baum mit dem letzten Baumhaus am 8. Dezember fiel.[\/vc_column_text][vc_column_text]&#8220;<strong>Barrikade<\/strong>&#8220; wurde auf renommierten Filmfestivals wie dem <strong>Snowdance Filmfestiva<\/strong>l, dem <strong>Auroville Filmfestival<\/strong> und dem <strong>Kasseler Dokfest<\/strong> gezeigt und mit zahlreichen Preisen ausgezeichnet. <strong>David Klammer<\/strong>, ein anerkannter Fotojournalist, hat bereits mehrere Stipendien und Preise f\u00fcr seine Arbeit erhalten, darunter den Deutschen Preis f\u00fcr Wissenschaftsfotografie und den <strong>Vonovia Award<\/strong>\u00a0f\u00fcr Fotografie.[\/vc_column_text][vc_column_text]<strong>David Klammer<\/strong> hat den gesamten Filmprozess allein durchgef\u00fchrt &#8211; von der Regie \u00fcber die Kamera bis hin zum Schnitt &#8211; und bietet so einen unvergleichlichen Einblick in die Proteste und das Leben der Aktivisten im Wald.[\/vc_column_text][\/vc_column][vc_column width=&#8220;1\/4&#8243;][vc_single_image image=&#8220;87096&#8243; img_size=&#8220;full&#8220; onclick=&#8220;link_image&#8220;][\/vc_column][\/vc_row][vc_row][vc_column][vc_column_text]In einer Zeit, in der der Klimawandel immer dringlicher wird, bietet &#8222;<strong>Barrikade<\/strong>&#8220; ein eindringliches Portr\u00e4t von Engagement, Mut und Widerstand. Mit seiner Ver\u00f6ffentlichung auf DVD und online wird diese wichtige Geschichte einem noch breiteren Publikum zug\u00e4nglich gemacht.[\/vc_column_text][\/vc_column][\/vc_row][vc_row][vc_column width=&#8220;1\/3&#8243;][vc_single_image image=&#8220;85040&#8243; img_size=&#8220;full&#8220; onclick=&#8220;link_image&#8220;][\/vc_column][vc_column width=&#8220;1\/3&#8243;][vc_single_image image=&#8220;85028&#8243; img_size=&#8220;full&#8220; onclick=&#8220;link_image&#8220;][\/vc_column][vc_column width=&#8220;1\/3&#8243;][vc_single_image image=&#8220;85037&#8243; img_size=&#8220;full&#8220; onclick=&#8220;link_image&#8220;][\/vc_column][\/vc_row][vc_row][vc_column][vc_column_text]Die Presse hat &#8222;<strong>Barrikade<\/strong>&#8220; bereits als <em>&#8222;einen w\u00fctenden Film<\/em>&#8220; (<strong>Kino-Zeit<\/strong>) und als <em>&#8222;Verneigung vor dem Protest und den Idealen der Besetzer&#8220;<\/em> (<strong>Der Freitag)<\/strong> gelobt.[\/vc_column_text][\/vc_column][\/vc_row][vc_row][vc_column][vc_separator][vc_row_inner][vc_column_inner width=&#8220;1\/4&#8243;][vc_btn title=&#8220;Amazon&#8220; style=&#8220;classic&#8220; color=&#8220;orange&#8220; size=&#8220;sm&#8220; align=&#8220;center&#8220; i_icon_fontawesome=&#8220;fab fa-amazon&#8220; button_block=&#8220;true&#8220; add_icon=&#8220;true&#8220; link=&#8220;url:https%3A%2F%2Fwww.amazon.de%2FBarrikade-David-Klammer%2Fdp%2FB0BTKSQVJH|title:Amazon|target:_blank&#8220;][\/vc_column_inner][vc_column_inner width=&#8220;1\/4&#8243;][vc_btn title=&#8220;Thalia&#8220; style=&#8220;classic&#8220; color=&#8220;success&#8220; size=&#8220;sm&#8220; align=&#8220;center&#8220; i_icon_fontawesome=&#8220;far fa-dot-circle&#8220; button_block=&#8220;true&#8220; add_icon=&#8220;true&#8220; link=&#8220;url:https%3A%2F%2Fwww.thalia.de%2Fshop%2Fhome%2Fartikeldetails%2FA1068242511|title:Thalia|target:_blank&#8220;][\/vc_column_inner][vc_column_inner width=&#8220;1\/4&#8243;][vc_btn title=&#8220;Shop&#8220; style=&#8220;classic&#8220; color=&#8220;juicy-pink&#8220; size=&#8220;sm&#8220; align=&#8220;center&#8220; i_icon_fontawesome=&#8220;fas fa-shopping-cart&#8220; button_block=&#8220;true&#8220; add_icon=&#8220;true&#8220; link=&#8220;url:https%3A%2F%2Fucm.one%2Fde%2Fprodukt%2Fbarrikade%2F|title:Barrikade&#8220;][\/vc_column_inner][vc_column_inner width=&#8220;1\/4&#8243;][vc_btn title=&#8220;Wer Streamt Es&#8220; style=&#8220;classic&#8220; color=&#8220;sky&#8220; size=&#8220;sm&#8220; align=&#8220;center&#8220; i_icon_fontawesome=&#8220;fas fa-question-circle&#8220; button_block=&#8220;true&#8220; add_icon=&#8220;true&#8220; link=&#8220;url:https%3A%2F%2Fwww.werstreamt.es%2Ffilm%2Fdetails%2F3115235%2Fbarrikade%2F|target:_blank&#8220;][\/vc_column_inner][\/vc_row_inner][\/vc_column][\/vc_row][vc_row][vc_column][vc_empty_space height=&#8220;10px&#8220;][vc_column_text]<\/p>\n<h3 class=\"yikes-custom-woo-tab-title yikes-custom-woo-tab-title-ausstattungen-technische-daten\">Ausstattungen &amp; technische Daten<\/h3>\n<p><strong>DVD:<\/strong>\u00a0<span lang=\"EN-US\">Bildformat: 1080p25 (2,39:1 letterboxed)<\/span><span lang=\"EN-US\">\u00a0| Gesamtlaufzeit: Laufzeit: 83 Minuten\u00a0|\u00a0<\/span><span lang=\"EN-US\">Tonformat: Deutsch 2.0 und \u00a05.1 Stereo | Untertitel: englisch | <\/span><span lang=\"EN-US\">Bonusmaterial: Outtakes \/ Fotogalerie<\/span>\u00a0<span lang=\"EN-US\">|\u00a0<\/span><span lang=\"EN-US\">FSK 6 \u00a0 \u00a0<\/span><\/p>\n<p><strong>Digital:<\/strong> <span lang=\"EN-US\">Bildformat: 2,39:1<\/span><span lang=\"EN-US\">\u00a0| Gesamtlaufzeit: Laufzeit: 83 Minuten\u00a0|\u00a0<\/span><span lang=\"EN-US\">Tonformat: Deutsch 2.0 | Untertitel: Englisch, franz\u00f6sisch, spanisch<\/span>\u00a0<span lang=\"EN-US\">|\u00a0<\/span><span lang=\"EN-US\">FSK 6 \u00a0 \u00a0<\/span>[\/vc_column_text][vc_separator][\/vc_column][\/vc_row][vc_row][vc_column width=&#8220;1\/2&#8243;][vc_video link=&#8220;https:\/\/youtu.be\/_AK-7_W5YR4&#8243; title=&#8220;Barrikade | Trailer \u1d34\u1d30&#8220;][\/vc_column][vc_column width=&#8220;1\/2&#8243;][vc_video link=&#8220;https:\/\/youtu.be\/yGRnqegicbc&#8220; title=&#8220;David Klammer \u00fcber &#8222;Barrikade&#8222;&#8220;][\/vc_column][\/vc_row][vc_row][vc_column width=&#8220;1\/2&#8243;][vc_column_text]Weitere Informationen \u00fcber den Film: <a title=\"Barrikade (2021) von David Klammer | NONFY Documentaries\" href=\"https:\/\/ucm.one\/de\/barrikade\/\">Barrikade<\/a>[\/vc_column_text][\/vc_column][vc_column width=&#8220;1\/2&#8243;][vc_column_text]Weitere Informationen \u00fcber das Label: <a title=\"NONFY Documentaries\" href=\"https:\/\/ucm.one\/de\/film-labels\/nonfy-documentaries\/\">NONFY Documentaries<\/a>[\/vc_column_text][\/vc_column][\/vc_row]<\/p>\n<\/div>","protected":false},"excerpt":{"rendered":"<p>[vc_row][vc_column width=&#8220;3\/4&#8243;][vc_column_text]Der preisgekr\u00f6nte Dokumentarfilm \u201eBarrikade\u201c (NONFY Documentaries), der den mutigen Widerstand von Klimaaktivisten im Dannenr\u00f6der Forst gegen die Rodung f\u00fcr eine neue Autobahntrasse dokumentiert, ist ab heute auch auf DVD und Online erh\u00e4ltlich.[\/vc_column_text][vc_column_text]Der Fotograf und Regisseur David Klammer f\u00e4ngt in seinem Film die au\u00dfergew\u00f6hnliche Geschichte der Aktivisten ein, die im Oktober 2019 den Wald besetzten&hellip;<\/p>\n","protected":false},"author":2,"featured_media":94099,"comment_status":"closed","ping_status":"closed","sticky":false,"template":"","format":"standard","meta":{"_acf_changed":false,"footnotes":""},"categories":[6267,8,10,13,4587,752],"tags":[15163,15176,15158,15172,15171,15166,15173,15161,15159,15164,15160,15174,15175,15165,4603,15162,15170,15169,15168,15167],"class_list":["post-94070","post","type-post","status-publish","format-standard","has-post-thumbnail","hentry","category-dokumentarfilm","category-film","category-kino","category-news","category-nonfy-documentaries","category-verleih","tag-aktivisten","tag-aktivisteninnen","tag-barrikade","tag-baumhaus","tag-baumhaeuser","tag-besetzung","tag-blockade","tag-dannenroeder-wald","tag-david-klammer","tag-fechenheimer-wald","tag-hambacher-forst","tag-klimaaktivisten","tag-klimaaktivisteninnen","tag-luetzerath","tag-nonfy-documentaries","tag-protest","tag-proteste","tag-umwelt","tag-umweltaktivismus","tag-waldbesetzung","category-6267","category-8","category-10","category-13","category-4587","category-752","description-off"],"acf":[],"yoast_head":"<!-- This site is optimized with the Yoast SEO plugin v27.5 - https:\/\/yoast.com\/product\/yoast-seo-wordpress\/ -->\n<title>&quot;Barrikade&quot; von David Klammer (NONFY Documentaries)<\/title>\n<meta name=\"description\" content=\"David Klammer lebte wochenlang mit Aktivisten:innen in deren Baumh\u00e4usern und konnte so eine beeindruckende N\u00e4he zu den Ereignissen schaffen.\" \/>\n<meta name=\"robots\" content=\"index, follow, max-snippet:-1, max-image-preview:large, max-video-preview:-1\" \/>\n<link rel=\"canonical\" href=\"https:\/\/ucm.one\/de\/barrikade-von-david-klammer-nonfy-documentaries-auf-dvd-und-digital-erhaeltlich\/\" \/>\n<meta property=\"og:locale\" content=\"de_DE\" \/>\n<meta property=\"og:type\" content=\"article\" \/>\n<meta property=\"og:title\" content=\"&quot;Barrikade&quot; von David Klammer (NONFY Documentaries)\" \/>\n<meta property=\"og:description\" content=\"David Klammer lebte wochenlang mit Aktivisten:innen in deren Baumh\u00e4usern und konnte so eine beeindruckende N\u00e4he zu den Ereignissen schaffen.\" \/>\n<meta property=\"og:url\" content=\"https:\/\/ucm.one\/de\/barrikade-von-david-klammer-nonfy-documentaries-auf-dvd-und-digital-erhaeltlich\/\" \/>\n<meta property=\"og:site_name\" content=\"UCM.ONE\" \/>\n<meta property=\"article:published_time\" content=\"2023-05-12T12:31:11+00:00\" \/>\n<meta property=\"article:modified_time\" content=\"2023-05-13T22:24:13+00:00\" \/>\n<meta property=\"og:image\" content=\"https:\/\/ucm.one\/wp-content\/uploads\/2023\/01\/P-Barikade.jpg\" \/>\n<meta name=\"author\" content=\"Joachim Keil\" \/>\n<meta name=\"twitter:card\" content=\"summary_large_image\" \/>\n<meta name=\"twitter:title\" content=\"&quot;Barrikade&quot; von David Klammer (NONFY Documentaries)\" \/>\n<meta name=\"twitter:description\" content=\"David Klammer lebte wochenlang mit Aktivisten:innen in deren Baumh\u00e4usern und konnte so eine beeindruckende N\u00e4he zu den Ereignissen schaffen.\" \/>\n<meta name=\"twitter:image\" content=\"https:\/\/ucm.one\/wp-content\/uploads\/2023\/01\/P-Barikade.jpg\" \/>\n<meta name=\"twitter:label1\" content=\"Verfasst von\" \/>\n\t<meta name=\"twitter:data1\" content=\"Joachim Keil\" \/>\n\t<meta name=\"twitter:label2\" content=\"Gesch\u00e4tzte Lesezeit\" \/>\n\t<meta name=\"twitter:data2\" content=\"4\u00a0Minuten\" \/>\n<!-- \/ Yoast SEO plugin. -->","yoast_head_json":{"title":"\"Barrikade\" von David Klammer (NONFY Documentaries)","description":"David Klammer lebte wochenlang mit Aktivisten:innen in deren Baumh\u00e4usern und konnte so eine beeindruckende N\u00e4he zu den Ereignissen schaffen.","robots":{"index":"index","follow":"follow","max-snippet":"max-snippet:-1","max-image-preview":"max-image-preview:large","max-video-preview":"max-video-preview:-1"},"canonical":"https:\/\/ucm.one\/de\/barrikade-von-david-klammer-nonfy-documentaries-auf-dvd-und-digital-erhaeltlich\/","og_locale":"de_DE","og_type":"article","og_title":"\"Barrikade\" von David Klammer (NONFY Documentaries)","og_description":"David Klammer lebte wochenlang mit Aktivisten:innen in deren Baumh\u00e4usern und konnte so eine beeindruckende N\u00e4he zu den Ereignissen schaffen.","og_url":"https:\/\/ucm.one\/de\/barrikade-von-david-klammer-nonfy-documentaries-auf-dvd-und-digital-erhaeltlich\/","og_site_name":"UCM.ONE","article_published_time":"2023-05-12T12:31:11+00:00","article_modified_time":"2023-05-13T22:24:13+00:00","og_image":[{"url":"https:\/\/ucm.one\/wp-content\/uploads\/2023\/01\/P-Barikade.jpg","type":"","width":"","height":""}],"author":"Joachim Keil","twitter_card":"summary_large_image","twitter_title":"\"Barrikade\" von David Klammer (NONFY Documentaries)","twitter_description":"David Klammer lebte wochenlang mit Aktivisten:innen in deren Baumh\u00e4usern und konnte so eine beeindruckende N\u00e4he zu den Ereignissen schaffen.","twitter_image":"https:\/\/ucm.one\/wp-content\/uploads\/2023\/01\/P-Barikade.jpg","twitter_misc":{"Verfasst von":"Joachim Keil","Gesch\u00e4tzte Lesezeit":"4\u00a0Minuten"},"schema":{"@context":"https:\/\/schema.org","@graph":[{"@type":"Article","@id":"https:\/\/ucm.one\/de\/barrikade-von-david-klammer-nonfy-documentaries-auf-dvd-und-digital-erhaeltlich\/#article","isPartOf":{"@id":"https:\/\/ucm.one\/de\/barrikade-von-david-klammer-nonfy-documentaries-auf-dvd-und-digital-erhaeltlich\/"},"author":{"name":"Joachim Keil","@id":"https:\/\/ucm.one\/de\/#\/schema\/person\/4b959e467e8acc058836467a0ef8fa50"},"headline":"\ud83c\udfac &#8222;Barrikade&#8220; von David Klammer (NONFY Documentaries) auf DVD und digital erh\u00e4ltlich","datePublished":"2023-05-12T12:31:11+00:00","dateModified":"2023-05-13T22:24:13+00:00","mainEntityOfPage":{"@id":"https:\/\/ucm.one\/de\/barrikade-von-david-klammer-nonfy-documentaries-auf-dvd-und-digital-erhaeltlich\/"},"wordCount":721,"publisher":{"@id":"https:\/\/ucm.one\/de\/#organization"},"image":{"@id":"https:\/\/ucm.one\/de\/barrikade-von-david-klammer-nonfy-documentaries-auf-dvd-und-digital-erhaeltlich\/#primaryimage"},"thumbnailUrl":"https:\/\/ucm.one\/wp-content\/uploads\/2023\/05\/B-Barrikade-DVD.jpg","keywords":["Aktivisten","Aktivisten:innen","Barrikade","Baumhaus","Baumh\u00e4user","Besetzung","Blockade","Dannenr\u00f6der Wald","David Klammer","Fechenheimer Wald","Hambacher Forst","Klimaaktivisten","Klimaaktivisten:innen","L\u00fctzerath","NONFY Documentaries","Protest","Proteste","Umwelt","Umweltaktivismus","Waldbesetzung"],"articleSection":["Dokumentarfilm","Film","Kino","News","NONFY Documentaries","Verleih"],"inLanguage":"de"},{"@type":"WebPage","@id":"https:\/\/ucm.one\/de\/barrikade-von-david-klammer-nonfy-documentaries-auf-dvd-und-digital-erhaeltlich\/","url":"https:\/\/ucm.one\/de\/barrikade-von-david-klammer-nonfy-documentaries-auf-dvd-und-digital-erhaeltlich\/","name":"\"Barrikade\" von David Klammer (NONFY Documentaries)","isPartOf":{"@id":"https:\/\/ucm.one\/de\/#website"},"primaryImageOfPage":{"@id":"https:\/\/ucm.one\/de\/barrikade-von-david-klammer-nonfy-documentaries-auf-dvd-und-digital-erhaeltlich\/#primaryimage"},"image":{"@id":"https:\/\/ucm.one\/de\/barrikade-von-david-klammer-nonfy-documentaries-auf-dvd-und-digital-erhaeltlich\/#primaryimage"},"thumbnailUrl":"https:\/\/ucm.one\/wp-content\/uploads\/2023\/05\/B-Barrikade-DVD.jpg","datePublished":"2023-05-12T12:31:11+00:00","dateModified":"2023-05-13T22:24:13+00:00","description":"David Klammer lebte wochenlang mit Aktivisten:innen in deren Baumh\u00e4usern und konnte so eine beeindruckende N\u00e4he zu den Ereignissen schaffen.","breadcrumb":{"@id":"https:\/\/ucm.one\/de\/barrikade-von-david-klammer-nonfy-documentaries-auf-dvd-und-digital-erhaeltlich\/#breadcrumb"},"inLanguage":"de","potentialAction":[{"@type":"ReadAction","target":["https:\/\/ucm.one\/de\/barrikade-von-david-klammer-nonfy-documentaries-auf-dvd-und-digital-erhaeltlich\/"]}]},{"@type":"ImageObject","inLanguage":"de","@id":"https:\/\/ucm.one\/de\/barrikade-von-david-klammer-nonfy-documentaries-auf-dvd-und-digital-erhaeltlich\/#primaryimage","url":"https:\/\/ucm.one\/wp-content\/uploads\/2023\/05\/B-Barrikade-DVD.jpg","contentUrl":"https:\/\/ucm.one\/wp-content\/uploads\/2023\/05\/B-Barrikade-DVD.jpg","width":1920,"height":600},{"@type":"BreadcrumbList","@id":"https:\/\/ucm.one\/de\/barrikade-von-david-klammer-nonfy-documentaries-auf-dvd-und-digital-erhaeltlich\/#breadcrumb","itemListElement":[{"@type":"ListItem","position":1,"name":"Home","item":"https:\/\/ucm.one\/de\/"},{"@type":"ListItem","position":2,"name":"\ud83c\udfac &#8222;Barrikade&#8220; von David Klammer (NONFY Documentaries) auf DVD und digital erh\u00e4ltlich"}]},{"@type":"WebSite","@id":"https:\/\/ucm.one\/de\/#website","url":"https:\/\/ucm.one\/de\/","name":"UCM.ONE","description":"","publisher":{"@id":"https:\/\/ucm.one\/de\/#organization"},"potentialAction":[{"@type":"SearchAction","target":{"@type":"EntryPoint","urlTemplate":"https:\/\/ucm.one\/de\/?s={search_term_string}"},"query-input":{"@type":"PropertyValueSpecification","valueRequired":true,"valueName":"search_term_string"}}],"inLanguage":"de"},{"@type":"Organization","@id":"https:\/\/ucm.one\/de\/#organization","name":"UCM.ONE","url":"https:\/\/ucm.one\/de\/","logo":{"@type":"ImageObject","inLanguage":"de","@id":"https:\/\/ucm.one\/de\/#\/schema\/logo\/image\/","url":"https:\/\/ucm.one\/wp-content\/uploads\/2019\/10\/UCM.ONE-Logo-RGB.svg","contentUrl":"https:\/\/ucm.one\/wp-content\/uploads\/2019\/10\/UCM.ONE-Logo-RGB.svg","width":1,"height":1,"caption":"UCM.ONE"},"image":{"@id":"https:\/\/ucm.one\/de\/#\/schema\/logo\/image\/"}},{"@type":"Person","@id":"https:\/\/ucm.one\/de\/#\/schema\/person\/4b959e467e8acc058836467a0ef8fa50","name":"Joachim Keil","image":{"@type":"ImageObject","inLanguage":"de","@id":"https:\/\/secure.gravatar.com\/avatar\/10e1dfd05f2a7a7bc83cd44bae31e01c8ac15f974229211a2b1a49fa0a22fec0?s=96&d=mm&r=g","url":"https:\/\/secure.gravatar.com\/avatar\/10e1dfd05f2a7a7bc83cd44bae31e01c8ac15f974229211a2b1a49fa0a22fec0?s=96&d=mm&r=g","contentUrl":"https:\/\/secure.gravatar.com\/avatar\/10e1dfd05f2a7a7bc83cd44bae31e01c8ac15f974229211a2b1a49fa0a22fec0?s=96&d=mm&r=g","caption":"Joachim Keil"},"sameAs":["https:\/\/ucm.one"]}]}},"_links":{"self":[{"href":"https:\/\/ucm.one\/de\/wp-json\/wp\/v2\/posts\/94070","targetHints":{"allow":["GET"]}}],"collection":[{"href":"https:\/\/ucm.one\/de\/wp-json\/wp\/v2\/posts"}],"about":[{"href":"https:\/\/ucm.one\/de\/wp-json\/wp\/v2\/types\/post"}],"author":[{"embeddable":true,"href":"https:\/\/ucm.one\/de\/wp-json\/wp\/v2\/users\/2"}],"replies":[{"embeddable":true,"href":"https:\/\/ucm.one\/de\/wp-json\/wp\/v2\/comments?post=94070"}],"version-history":[{"count":0,"href":"https:\/\/ucm.one\/de\/wp-json\/wp\/v2\/posts\/94070\/revisions"}],"wp:featuredmedia":[{"embeddable":true,"href":"https:\/\/ucm.one\/de\/wp-json\/wp\/v2\/media\/94099"}],"wp:attachment":[{"href":"https:\/\/ucm.one\/de\/wp-json\/wp\/v2\/media?parent=94070"}],"wp:term":[{"taxonomy":"category","embeddable":true,"href":"https:\/\/ucm.one\/de\/wp-json\/wp\/v2\/categories?post=94070"},{"taxonomy":"post_tag","embeddable":true,"href":"https:\/\/ucm.one\/de\/wp-json\/wp\/v2\/tags?post=94070"}],"curies":[{"name":"wp","href":"https:\/\/api.w.org\/{rel}","templated":true}]}}