{"id":93010,"date":"2023-03-30T20:42:16","date_gmt":"2023-03-30T20:42:16","guid":{"rendered":"https:\/\/ucm.one\/?p=93010"},"modified":"2023-04-01T20:51:36","modified_gmt":"2023-04-01T20:51:36","slug":"der-dokumentarfilm-the-mission-nonfy-documentaries-startet-heute-in-den-deutschen-kinos","status":"publish","type":"post","link":"https:\/\/ucm.one\/de\/der-dokumentarfilm-the-mission-nonfy-documentaries-startet-heute-in-den-deutschen-kinos\/","title":{"rendered":"\ud83c\udfac Der Dokumentarfilm &#8222;The Mission&#8220; (NONFY Documentaries) startet heute in den deutschen Kinos"},"content":{"rendered":"<div class=\"wpb-content-wrapper\"><p>[vc_row][vc_column][vc_column_text]<\/p>\n<p style=\"font-weight: 400;\">Heute startet \u201e<strong>The Mission<\/strong>\u201c auf dem <span style=\"font-family: 'arial black', sans-serif;\"><strong>UCM.ONE<\/strong><\/span> Label <strong><span style=\"font-family: 'arial black', sans-serif;\">NONFY<\/span> Documentaries<\/strong> in den deutschen Kinos. Der Film der britisch-amerikanisch-schweizerischen Regisseurin <strong>Tania Anderson<\/strong> zeigt das Leben auf <em>&#8222;Mission&#8220;<\/em> einer Gruppe junger Missionare der <strong>Kirche Jesu Christi der Heiligen der Letzten Tage<\/strong>. Sie verlassen ihre Heimat in den USA, um das unreligi\u00f6seste, verschlossenste und skeptischsten Volk Europas, die Finnen, zu ihrem Glauben zu bekehren.<\/p>\n<p>[\/vc_column_text][\/vc_column][\/vc_row][vc_row][vc_column width=&#8220;3\/4&#8243;][vc_row_inner][vc_column_inner][vc_column_text]<span style=\"font-size: 14pt;\">Inhaltsangabe<\/span><\/p>\n<p style=\"font-weight: 400;\">Jedes Jahr werden \u00fcber 60 000 Missionare der <strong>Kirche Jesu Christi der Heiligen der Letzten Tage<\/strong> (engl.: The Church of Jesus Christ of Latter-day Saints, kurz: <strong>LDS<\/strong>) in die ganze Welt geschickt, um ihr Evangelium zu verk\u00fcnden.\u00a0&#8222;<strong>The Mission<\/strong>&#8220; folgt vier amerikanischen LDS-Teenagern, die von Gott einen Auftrag erhalten haben, der sie von ihren Familien und der Sicherheit ihrer abgelegenen, von Religion erf\u00fcllten Blasen in die eisigen, bewaldeten Gebiete Finnlands f\u00fchrt, der Heimat der am wenigsten religi\u00f6sen, verschlossensten und skeptischsten Menschen in Europa.<\/p>\n<p style=\"font-weight: 400;\">Die Reise, die sie antreten, wird sich als die emotional und psychologisch schwierigste Zeit ihres jungen Lebens erweisen. W\u00e4hrend diese gro\u00df\u00e4ugigen, leidenschaftlichen Teenager mit dem Fehlen ihrer Familien, sprachlichen H\u00fcrden, schmerzenden F\u00fc\u00dfen und t\u00e4glicher Ablehnung zu k\u00e4mpfen haben, werden sie \u00fcber ihre Grenzen hinausgetrieben und fallen immer tiefer in ihren Glauben.<\/p>\n<p>[\/vc_column_text][vc_column_text]<\/p>\n<p style=\"font-weight: 400;\">Die internationale Dokumentarfilmproduktion, eine Koproduktion von <strong>Danish Bear Productions<\/strong> (Finnland) und <strong>Dirk Manthey Film<\/strong> (Deutschland), zeigt das Innenleben einer Gruppe junger Missionare der <strong>Kirche Jesu Christi der Heiligen der Letzten Tage<\/strong>, die zum ersten Mal ihre Heimat verlassen und auf die andere Seite der Welt reisen, um zu versuchen, einige der unreligi\u00f6sesten, verschlossensten und skeptischsten Menschen Europas, die Finnen, zu ihrem Glauben zu bekehren.<\/p>\n<p>[\/vc_column_text][\/vc_column_inner][\/vc_row_inner][\/vc_column][vc_column width=&#8220;1\/4&#8243;][vc_single_image image=&#8220;87701&#8243; img_size=&#8220;full&#8220; onclick=&#8220;link_image&#8220;][\/vc_column][\/vc_row][vc_row][vc_column][vc_column_text]<\/p>\n<p style=\"font-weight: 400;\"><strong>Tania Anderson<\/strong> ist eine britisch-amerikanisch-schweizerische Filmemacherin, die in Helsinki, Finnland, lebt. Sie hat auch als Autorin und Journalistin gearbeitet und verf\u00fcgt \u00fcber mehr als 10 Jahre Erfahrung in der Medienbranche, zuletzt als Autorin f\u00fcr National Geographic, wo sie ihre Leidenschaft daf\u00fcr entdeckte, die au\u00dfergew\u00f6hnlichen Geschichten gew\u00f6hnlicher Menschen zu erz\u00e4hlen.\u00a0Ein Gespr\u00e4ch, das sie zuf\u00e4llig zwischen zwei jungen Missionaren im dunklen, winterlichen Finnland belauschte, brachte sie auf die Idee f\u00fcr &#8222;<strong>The Mission<\/strong>&#8222;, ihren ersten abendf\u00fcllenden Dokumentarfilm.<\/p>\n<p>[\/vc_column_text][\/vc_column][\/vc_row][vc_row][vc_column width=&#8220;1\/2&#8243;][vc_single_image image=&#8220;91586&#8243; img_size=&#8220;full&#8220; onclick=&#8220;link_image&#8220;][\/vc_column][vc_column width=&#8220;1\/2&#8243;][vc_single_image image=&#8220;91592&#8243; img_size=&#8220;full&#8220; onclick=&#8220;link_image&#8220;][\/vc_column][\/vc_row][vc_row][vc_column][vc_column_text]Mit &#8222;<strong>The Mission<\/strong>&#8220; hat die Kirche <strong>Jesu Christi der Heiligen der Letzten Tage<\/strong> zum ersten Mal in ihrer Geschichte einem Filmteam erlaubt, junge Missionare w\u00e4hrend ihrer gesamten Missionszeit zu filmen &#8211; von ihrem nerv\u00f6sen Abschied, wenn sie ihre Heimat verlassen (manche zum allerersten Mal), bis zu ihrer R\u00fcckkehr als triumphierende Eroberer mit &#8222;missionarischem Glanz&#8220; oder als psychisch ersch\u00f6pfte gefallene Helden.[\/vc_column_text][\/vc_column][\/vc_row][vc_row][vc_column][vc_single_image image=&#8220;91563&#8243; img_size=&#8220;full&#8220; onclick=&#8220;link_image&#8220;][vc_column_text]<\/p>\n<p style=\"font-weight: 400;\">Das erkl\u00e4rte Ziel der Regisseurin\u00a0<b>Tania Anderson<\/b>\u00a0 war es,<em>&#8222;eine Verbindung zu dem verletzlichen Teenager hinter dem religi\u00f6sen Anzug herzustellen, zu dem Menschen hinter dem Missionar. Ich habe im Cin\u00e9ma-V\u00e9rit\u00e9-Stil gedreht und wollte, dass die Zuschauer auf Augenh\u00f6he mit den Missionaren sind, was manchmal unangenehm nahe ist.&#8220;<\/em><\/p>\n<p>[\/vc_column_text][\/vc_column][\/vc_row][vc_row][vc_column][vc_empty_space][\/vc_column][\/vc_row][vc_row][vc_column][vc_video link=&#8220;https:\/\/youtu.be\/u4FnRO652o4&#8243; title=&#8220;The Mission | Trailer (English) `{`w\/ German subtitles`}` \u1d34\u1d30&#8220;][\/vc_column][\/vc_row][vc_row disable_element=&#8220;yes&#8220;][vc_column][vc_empty_space height=&#8220;15px&#8220;][vc_separator][vc_row_inner][vc_column_inner width=&#8220;1\/4&#8243;][vc_btn title=&#8220;Amazon&#8220; style=&#8220;classic&#8220; color=&#8220;orange&#8220; size=&#8220;sm&#8220; align=&#8220;center&#8220; i_icon_fontawesome=&#8220;fab fa-amazon&#8220; button_block=&#8220;true&#8220; add_icon=&#8220;true&#8220; link=&#8220;url:https%3A%2F%2Fwww.amazon.de%2FUnter-Ausschlu%C3%9F-%C3%96ffentlichkeit-Mediabook-Blu-ray%2Fdp%2FB0BJYD445L|title:Amazon|target:_blank&#8220;][\/vc_column_inner][vc_column_inner width=&#8220;1\/4&#8243;][vc_btn title=&#8220;JPC&#8220; style=&#8220;classic&#8220; color=&#8220;success&#8220; size=&#8220;sm&#8220; align=&#8220;center&#8220; i_icon_fontawesome=&#8220;far fa-dot-circle&#8220; button_block=&#8220;true&#8220; add_icon=&#8220;true&#8220; link=&#8220;url:https%3A%2F%2Fwww.jpc.de%2Fjpcng%2Fmovie%2Fdetail%2F-%2Fart%2Funter-ausschluss-der-oeffentlichkeit%2Fhnum%2F11049492|title:JPC|target:_blank&#8220;][\/vc_column_inner][vc_column_inner width=&#8220;1\/4&#8243;][vc_btn title=&#8220;Shop&#8220; style=&#8220;classic&#8220; color=&#8220;juicy-pink&#8220; size=&#8220;sm&#8220; align=&#8220;center&#8220; i_icon_fontawesome=&#8220;fas fa-shopping-cart&#8220; button_block=&#8220;true&#8220; add_icon=&#8220;true&#8220; link=&#8220;url:https%3A%2F%2Fucm.one%2Fde%2Fprodukt%2Funter-ausschluss-der-oeffentlichkeit|title:Shop&#8220;][\/vc_column_inner][vc_column_inner width=&#8220;1\/4&#8243;][vc_btn title=&#8220;Wer Streamt Es?&#8220; style=&#8220;classic&#8220; color=&#8220;sky&#8220; size=&#8220;sm&#8220; align=&#8220;center&#8220; i_icon_fontawesome=&#8220;fas fa-question-circle&#8220; button_block=&#8220;true&#8220; add_icon=&#8220;true&#8220; link=&#8220;url:https%3A%2F%2Fwww.werstreamt.es%2Ffilm%2Fdetails%2F18994%2Funter-ausschluss-der-oeffentlichkeit%2F|title:Wer%20Streamt%20es|target:_blank&#8220;][\/vc_column_inner][\/vc_row_inner][\/vc_column][\/vc_row][vc_row disable_element=&#8220;yes&#8220;][vc_column][vc_empty_space height=&#8220;25px&#8220;][vc_column_text]<\/p>\n<div class=\"wpb_text_column wpb_content_element \">\n<div class=\"wpb_wrapper\">\n<p><span style=\"font-size: 18pt;\">Technische Daten<\/span><\/p>\n<p><strong>Mediabook<\/strong>\u00a0| Bildformat: 1:1,33<span lang=\"EN-US\">\u00a0<\/span>| Laufzeit: 97 Min | Tonformat: Mono | Bonus: Trailer | Mediabook mit abl\u00f6sbarem FSK-Sticker | FSK 16<\/p>\n<\/div>\n<\/div>\n<p>[\/vc_column_text][vc_separator css=&#8220;.vc_custom_1560377795279{margin-top: 15px !important;}&#8220;][\/vc_column][\/vc_row][vc_row disable_element=&#8220;yes&#8220;][vc_column width=&#8220;1\/2&#8243;][vc_single_image image=&#8220;91141&#8243; img_size=&#8220;full&#8220; onclick=&#8220;link_image&#8220;][\/vc_column][vc_column width=&#8220;1\/2&#8243;][vc_single_image image=&#8220;91145&#8243; img_size=&#8220;full&#8220; onclick=&#8220;link_image&#8220;][\/vc_column][\/vc_row][vc_row][vc_column][vc_column_text]Weitere Informationen \u00fcber das Filmlabel: <a title=\"NONFY Documentaries\" href=\"https:\/\/ucm.one\/de\/film-labels\/nonfy-documentaries\/\">NONFY Documentaries<\/a>[\/vc_column_text][\/vc_column][\/vc_row]<\/p>\n<\/div>","protected":false},"excerpt":{"rendered":"<p>[vc_row][vc_column][vc_column_text] Heute startet \u201eThe Mission\u201c auf dem UCM.ONE Label NONFY Documentaries in den deutschen Kinos. Der Film der britisch-amerikanisch-schweizerischen Regisseurin Tania Anderson zeigt das Leben auf &#8222;Mission&#8220; einer Gruppe junger Missionare der Kirche Jesu Christi der Heiligen der Letzten Tage. Sie verlassen ihre Heimat in den USA, um das unreligi\u00f6seste, verschlossenste und skeptischsten Volk Europas,&hellip;<\/p>\n","protected":false},"author":2,"featured_media":93005,"comment_status":"closed","ping_status":"closed","sticky":false,"template":"","format":"standard","meta":{"_acf_changed":false,"footnotes":""},"categories":[6267,8,10,13,4587],"tags":[4594,15702,15700,15701,15703,15704,4603,10464,15699,15698],"class_list":["post-93010","post","type-post","status-publish","format-standard","has-post-thumbnail","hentry","category-dokumentarfilm","category-film","category-kino","category-news","category-nonfy-documentaries","tag-dirk-manthey","tag-isabella-karhu","tag-jesu-christi","tag-juho-pekka-tanskanen","tag-kirche-jesu-christi-der-heiligen-der-letzten-tage","tag-lds","tag-nonfy-documentaries","tag-sundance-film-festival","tag-tania-anderson","tag-the-mission","category-6267","category-8","category-10","category-13","category-4587","description-off"],"acf":[],"yoast_head":"<!-- This site is optimized with the Yoast SEO plugin v27.5 - https:\/\/yoast.com\/product\/yoast-seo-wordpress\/ -->\n<title>The Mission startet heute in den deutschen Kinos<\/title>\n<meta name=\"description\" content=\"Der Film der britisch-amerikanisch-schweizerischen Regisseurin Tania Anderson zeigt das Leben auf &quot;Mission&quot; einer Gruppe junger Missionare.\" \/>\n<meta name=\"robots\" content=\"index, follow, max-snippet:-1, max-image-preview:large, max-video-preview:-1\" \/>\n<link rel=\"canonical\" href=\"https:\/\/ucm.one\/de\/der-dokumentarfilm-the-mission-nonfy-documentaries-startet-heute-in-den-deutschen-kinos\/\" \/>\n<meta property=\"og:locale\" content=\"de_DE\" \/>\n<meta property=\"og:type\" content=\"article\" \/>\n<meta property=\"og:title\" content=\"The Mission startet heute in den deutschen Kinos\" \/>\n<meta property=\"og:description\" content=\"Der Film der britisch-amerikanisch-schweizerischen Regisseurin Tania Anderson zeigt das Leben auf &quot;Mission&quot; einer Gruppe junger Missionare.\" \/>\n<meta property=\"og:url\" content=\"https:\/\/ucm.one\/de\/der-dokumentarfilm-the-mission-nonfy-documentaries-startet-heute-in-den-deutschen-kinos\/\" \/>\n<meta property=\"og:site_name\" content=\"UCM.ONE\" \/>\n<meta property=\"article:published_time\" content=\"2023-03-30T20:42:16+00:00\" \/>\n<meta property=\"article:modified_time\" content=\"2023-04-01T20:51:36+00:00\" \/>\n<meta property=\"og:image\" content=\"https:\/\/ucm.one\/wp-content\/uploads\/2023\/03\/YT-The-Mission-Kinostart.jpg\" \/>\n<meta name=\"author\" content=\"Joachim Keil\" \/>\n<meta name=\"twitter:card\" content=\"summary_large_image\" \/>\n<meta name=\"twitter:title\" content=\"The Mission startet heute in den deutschen Kinos\" \/>\n<meta name=\"twitter:description\" content=\"Der Film der britisch-amerikanisch-schweizerischen Regisseurin Tania Anderson zeigt das Leben auf &quot;Mission&quot; einer Gruppe junger Missionare.\" \/>\n<meta name=\"twitter:image\" content=\"https:\/\/ucm.one\/wp-content\/uploads\/2023\/03\/YT-The-Mission-Kinostart.jpg\" \/>\n<meta name=\"twitter:label1\" content=\"Verfasst von\" \/>\n\t<meta name=\"twitter:data1\" content=\"Joachim Keil\" \/>\n\t<meta name=\"twitter:label2\" content=\"Gesch\u00e4tzte Lesezeit\" \/>\n\t<meta name=\"twitter:data2\" content=\"5\u00a0Minuten\" \/>\n<!-- \/ Yoast SEO plugin. -->","yoast_head_json":{"title":"The Mission startet heute in den deutschen Kinos","description":"Der Film der britisch-amerikanisch-schweizerischen Regisseurin Tania Anderson zeigt das Leben auf \"Mission\" einer Gruppe junger Missionare.","robots":{"index":"index","follow":"follow","max-snippet":"max-snippet:-1","max-image-preview":"max-image-preview:large","max-video-preview":"max-video-preview:-1"},"canonical":"https:\/\/ucm.one\/de\/der-dokumentarfilm-the-mission-nonfy-documentaries-startet-heute-in-den-deutschen-kinos\/","og_locale":"de_DE","og_type":"article","og_title":"The Mission startet heute in den deutschen Kinos","og_description":"Der Film der britisch-amerikanisch-schweizerischen Regisseurin Tania Anderson zeigt das Leben auf \"Mission\" einer Gruppe junger Missionare.","og_url":"https:\/\/ucm.one\/de\/der-dokumentarfilm-the-mission-nonfy-documentaries-startet-heute-in-den-deutschen-kinos\/","og_site_name":"UCM.ONE","article_published_time":"2023-03-30T20:42:16+00:00","article_modified_time":"2023-04-01T20:51:36+00:00","og_image":[{"url":"https:\/\/ucm.one\/wp-content\/uploads\/2023\/03\/YT-The-Mission-Kinostart.jpg","type":"","width":"","height":""}],"author":"Joachim Keil","twitter_card":"summary_large_image","twitter_title":"The Mission startet heute in den deutschen Kinos","twitter_description":"Der Film der britisch-amerikanisch-schweizerischen Regisseurin Tania Anderson zeigt das Leben auf \"Mission\" einer Gruppe junger Missionare.","twitter_image":"https:\/\/ucm.one\/wp-content\/uploads\/2023\/03\/YT-The-Mission-Kinostart.jpg","twitter_misc":{"Verfasst von":"Joachim Keil","Gesch\u00e4tzte Lesezeit":"5\u00a0Minuten"},"schema":{"@context":"https:\/\/schema.org","@graph":[{"@type":"Article","@id":"https:\/\/ucm.one\/de\/der-dokumentarfilm-the-mission-nonfy-documentaries-startet-heute-in-den-deutschen-kinos\/#article","isPartOf":{"@id":"https:\/\/ucm.one\/de\/der-dokumentarfilm-the-mission-nonfy-documentaries-startet-heute-in-den-deutschen-kinos\/"},"author":{"name":"Joachim Keil","@id":"https:\/\/ucm.one\/de\/#\/schema\/person\/4b959e467e8acc058836467a0ef8fa50"},"headline":"\ud83c\udfac Der Dokumentarfilm &#8222;The Mission&#8220; (NONFY Documentaries) startet heute in den deutschen Kinos","datePublished":"2023-03-30T20:42:16+00:00","dateModified":"2023-04-01T20:51:36+00:00","mainEntityOfPage":{"@id":"https:\/\/ucm.one\/de\/der-dokumentarfilm-the-mission-nonfy-documentaries-startet-heute-in-den-deutschen-kinos\/"},"wordCount":991,"publisher":{"@id":"https:\/\/ucm.one\/de\/#organization"},"image":{"@id":"https:\/\/ucm.one\/de\/der-dokumentarfilm-the-mission-nonfy-documentaries-startet-heute-in-den-deutschen-kinos\/#primaryimage"},"thumbnailUrl":"https:\/\/ucm.one\/wp-content\/uploads\/2023\/03\/B-The-Mission-KInostart.jpg","keywords":["Dirk Manthey","Isabella Karhu","Jesu Christi","Juho-Pekka Tanskanen","Kirche Jesu Christi der Heiligen der Letzten Tage","LDS","NONFY Documentaries","Sundance Film Festival","Tania Anderson","The Mission"],"articleSection":["Dokumentarfilm","Film","Kino","News","NONFY Documentaries"],"inLanguage":"de"},{"@type":"WebPage","@id":"https:\/\/ucm.one\/de\/der-dokumentarfilm-the-mission-nonfy-documentaries-startet-heute-in-den-deutschen-kinos\/","url":"https:\/\/ucm.one\/de\/der-dokumentarfilm-the-mission-nonfy-documentaries-startet-heute-in-den-deutschen-kinos\/","name":"The Mission startet heute in den deutschen Kinos","isPartOf":{"@id":"https:\/\/ucm.one\/de\/#website"},"primaryImageOfPage":{"@id":"https:\/\/ucm.one\/de\/der-dokumentarfilm-the-mission-nonfy-documentaries-startet-heute-in-den-deutschen-kinos\/#primaryimage"},"image":{"@id":"https:\/\/ucm.one\/de\/der-dokumentarfilm-the-mission-nonfy-documentaries-startet-heute-in-den-deutschen-kinos\/#primaryimage"},"thumbnailUrl":"https:\/\/ucm.one\/wp-content\/uploads\/2023\/03\/B-The-Mission-KInostart.jpg","datePublished":"2023-03-30T20:42:16+00:00","dateModified":"2023-04-01T20:51:36+00:00","description":"Der Film der britisch-amerikanisch-schweizerischen Regisseurin Tania Anderson zeigt das Leben auf \"Mission\" einer Gruppe junger Missionare.","breadcrumb":{"@id":"https:\/\/ucm.one\/de\/der-dokumentarfilm-the-mission-nonfy-documentaries-startet-heute-in-den-deutschen-kinos\/#breadcrumb"},"inLanguage":"de","potentialAction":[{"@type":"ReadAction","target":["https:\/\/ucm.one\/de\/der-dokumentarfilm-the-mission-nonfy-documentaries-startet-heute-in-den-deutschen-kinos\/"]}]},{"@type":"ImageObject","inLanguage":"de","@id":"https:\/\/ucm.one\/de\/der-dokumentarfilm-the-mission-nonfy-documentaries-startet-heute-in-den-deutschen-kinos\/#primaryimage","url":"https:\/\/ucm.one\/wp-content\/uploads\/2023\/03\/B-The-Mission-KInostart.jpg","contentUrl":"https:\/\/ucm.one\/wp-content\/uploads\/2023\/03\/B-The-Mission-KInostart.jpg","width":1920,"height":600},{"@type":"BreadcrumbList","@id":"https:\/\/ucm.one\/de\/der-dokumentarfilm-the-mission-nonfy-documentaries-startet-heute-in-den-deutschen-kinos\/#breadcrumb","itemListElement":[{"@type":"ListItem","position":1,"name":"Home","item":"https:\/\/ucm.one\/de\/"},{"@type":"ListItem","position":2,"name":"\ud83c\udfac Der Dokumentarfilm &#8220;The Mission&#8221; (NONFY Documentaries) startet heute in den deutschen Kinos"}]},{"@type":"WebSite","@id":"https:\/\/ucm.one\/de\/#website","url":"https:\/\/ucm.one\/de\/","name":"UCM.ONE","description":"","publisher":{"@id":"https:\/\/ucm.one\/de\/#organization"},"potentialAction":[{"@type":"SearchAction","target":{"@type":"EntryPoint","urlTemplate":"https:\/\/ucm.one\/de\/?s={search_term_string}"},"query-input":{"@type":"PropertyValueSpecification","valueRequired":true,"valueName":"search_term_string"}}],"inLanguage":"de"},{"@type":"Organization","@id":"https:\/\/ucm.one\/de\/#organization","name":"UCM.ONE","url":"https:\/\/ucm.one\/de\/","logo":{"@type":"ImageObject","inLanguage":"de","@id":"https:\/\/ucm.one\/de\/#\/schema\/logo\/image\/","url":"https:\/\/ucm.one\/wp-content\/uploads\/2019\/10\/UCM.ONE-Logo-RGB.svg","contentUrl":"https:\/\/ucm.one\/wp-content\/uploads\/2019\/10\/UCM.ONE-Logo-RGB.svg","width":1,"height":1,"caption":"UCM.ONE"},"image":{"@id":"https:\/\/ucm.one\/de\/#\/schema\/logo\/image\/"}},{"@type":"Person","@id":"https:\/\/ucm.one\/de\/#\/schema\/person\/4b959e467e8acc058836467a0ef8fa50","name":"Joachim Keil","image":{"@type":"ImageObject","inLanguage":"de","@id":"https:\/\/secure.gravatar.com\/avatar\/10e1dfd05f2a7a7bc83cd44bae31e01c8ac15f974229211a2b1a49fa0a22fec0?s=96&d=mm&r=g","url":"https:\/\/secure.gravatar.com\/avatar\/10e1dfd05f2a7a7bc83cd44bae31e01c8ac15f974229211a2b1a49fa0a22fec0?s=96&d=mm&r=g","contentUrl":"https:\/\/secure.gravatar.com\/avatar\/10e1dfd05f2a7a7bc83cd44bae31e01c8ac15f974229211a2b1a49fa0a22fec0?s=96&d=mm&r=g","caption":"Joachim Keil"},"sameAs":["https:\/\/ucm.one"]}]}},"_links":{"self":[{"href":"https:\/\/ucm.one\/de\/wp-json\/wp\/v2\/posts\/93010","targetHints":{"allow":["GET"]}}],"collection":[{"href":"https:\/\/ucm.one\/de\/wp-json\/wp\/v2\/posts"}],"about":[{"href":"https:\/\/ucm.one\/de\/wp-json\/wp\/v2\/types\/post"}],"author":[{"embeddable":true,"href":"https:\/\/ucm.one\/de\/wp-json\/wp\/v2\/users\/2"}],"replies":[{"embeddable":true,"href":"https:\/\/ucm.one\/de\/wp-json\/wp\/v2\/comments?post=93010"}],"version-history":[{"count":0,"href":"https:\/\/ucm.one\/de\/wp-json\/wp\/v2\/posts\/93010\/revisions"}],"wp:featuredmedia":[{"embeddable":true,"href":"https:\/\/ucm.one\/de\/wp-json\/wp\/v2\/media\/93005"}],"wp:attachment":[{"href":"https:\/\/ucm.one\/de\/wp-json\/wp\/v2\/media?parent=93010"}],"wp:term":[{"taxonomy":"category","embeddable":true,"href":"https:\/\/ucm.one\/de\/wp-json\/wp\/v2\/categories?post=93010"},{"taxonomy":"post_tag","embeddable":true,"href":"https:\/\/ucm.one\/de\/wp-json\/wp\/v2\/tags?post=93010"}],"curies":[{"name":"wp","href":"https:\/\/api.w.org\/{rel}","templated":true}]}}