{"id":91134,"date":"2023-02-24T16:54:29","date_gmt":"2023-02-24T16:54:29","guid":{"rendered":"https:\/\/ucm.one\/?p=91134"},"modified":"2023-03-09T15:29:03","modified_gmt":"2023-03-09T15:29:03","slug":"erstmals-als-mediabook-und-digital-in-hd-unter-ausschluss-der-oeffentlichkeit-von-harald-philipp","status":"publish","type":"post","link":"https:\/\/ucm.one\/de\/erstmals-als-mediabook-und-digital-in-hd-unter-ausschluss-der-oeffentlichkeit-von-harald-philipp\/","title":{"rendered":"\ud83c\udfac Erstmals als Mediabook und digital in HD: \u201eUnter Ausschluss der \u00d6ffentlichkeit\u201c von Harald Philipp"},"content":{"rendered":"<div class=\"wpb-content-wrapper\"><p>[vc_row][vc_column][vc_column_text]<span style=\"font-family: 'arial black', sans-serif;\"><strong>UCM.ONE<\/strong><\/span> bringt in Kooperation mit <strong>CCC Film<\/strong> auf dem Label <strong>Zeitlose Filmkunst<\/strong> den Kriminalfilm &#8222;<strong>Unter Ausschu\u00df der\u00a0<\/strong><b>\u00d6ffentlichkeit<\/b>&#8220; (heutige Schreibweise: &#8222;<strong>Unter Ausschluss der \u00d6ffentlichkeit<\/strong>&#8222;) von\u00a0Regisseur <strong>Harald Philipp<\/strong>\u00a0erstmalig in HD auf Blu-Ray im Rahmen einer neuen Mediabook-Ver\u00f6ffentlichung heraus. In der Hauptrolle sind <strong>Peter van Eyck<\/strong>, <strong>Marianne Koch<\/strong>, <strong>Eva Bartok<\/strong>, <strong>Claus Holm<\/strong>, und <strong>Wolfgang Reichmann<\/strong> zu sehen.[\/vc_column_text][\/vc_column][\/vc_row][vc_row][vc_column width=&#8220;3\/4&#8243;][vc_row_inner][vc_column_inner][vc_column_text]<span style=\"font-size: 14pt;\">Inhaltsangabe<\/span><\/p>\n<p style=\"font-weight: 400;\">Ein Mann ist des Mordes an seiner Frau beschuldigt: Der Staatsanwalt nimmt an, er habe die Tat begangen, um mehr Zeit mit seiner Geliebten zu verbringen. Die Geliebte sagt jedoch aus, dass die Ehefrau Selbstmord begangen habe und der Angeklagte daher unschuldig sei. Der Verd\u00e4chtigte wird gegen den Willen des Staatsanwalts freigelassen und kurz darauf tot aufgefunden. Der Staatsanwalt entscheidet sich, weitere Ermittlungen\u00a0<span style=\"font-weight: 400;\">aufzunehmen und st\u00f6\u00dft auf eine kriminelle Bande, die deutsche Staatsgeheimnisse verkauft. Kurz vor Ende der Ermittlungen wird eine Frau ermordet. Als ein Zeuge aussagt, ihn in der N\u00e4he der Toten gesehen zu haben, findet sich der Staatsanwalt selbst auf der Anklagebank wieder und muss seine Unschuld beweisen.<\/span><\/p>\n<p>[\/vc_column_text][vc_column_text]<span style=\"font-size: 14pt;\">Produktionsnotizen &amp; Kritik<\/span><\/p>\n<p style=\"font-weight: 400;\">Der Film wurde von Mai bis August 1961 in Paris, in S\u00fcdfrankreich und Berlin gedreht. Er kam am 11. August in die FSK Pr\u00fcfung und erhielt die Freigabe ab 16 Jahren. Im Fernsehen wurde der Film erst 10 Jahre sp\u00e4ter, am 11. Dezember 1971 im ZDF gezeigt. Die Kritik war vorwiegend positiv.<\/p>\n<p style=\"font-weight: 400;\">Bem\u00e4ngelt wurden zu viele Elemente des Kriminalfilms in einen Film gepackt zu haben. Man muss schon sehr aufmerksam sein um immer folgen zu k\u00f6nnen.<\/p>\n<p>[\/vc_column_text][\/vc_column_inner][\/vc_row_inner][\/vc_column][vc_column width=&#8220;1\/4&#8243;][vc_single_image image=&#8220;91135&#8243; img_size=&#8220;full&#8220; onclick=&#8220;link_image&#8220;][\/vc_column][\/vc_row][vc_row][vc_column][vc_column_text]<\/p>\n<p style=\"font-weight: 400;\">Regiseur <strong>Harald Philipp<\/strong> zeichnete u.a. auch verantwortlich f\u00fcr die <em><strong>Winnetou-Filme<\/strong><\/em> \u201e<strong>Winnetou und das Halbblut Apanatschi<\/strong>\u201c und \u201e<strong>Der \u00d6lprinz<\/strong>\u201c und <strong><em>Jerry-Cotton-Klassiker<\/em><\/strong> wie \u201e<strong>Mordnacht in Manhattan<\/strong>\u201c und \u201e<strong>Um null Uhr schnappt die Falle zu<\/strong>\u201c.\u00a0<strong>Marianne Koch<\/strong> wurde schon 1955 durch ihre Rolle in des \u201e<strong>Teufels General<\/strong>\u201c zum Star.<\/p>\n<p>[\/vc_column_text][vc_column_text]Die deutsche Filmpremiere fand am <strong>06. Oktober 1971<\/strong>\u00a0in D\u00fcsseldorf statt.[\/vc_column_text][\/vc_column][\/vc_row][vc_row][vc_column width=&#8220;1\/2&#8243;][vc_single_image image=&#8220;91139&#8243; img_size=&#8220;full&#8220; onclick=&#8220;link_image&#8220;][\/vc_column][vc_column width=&#8220;1\/2&#8243;][vc_single_image image=&#8220;91143&#8243; img_size=&#8220;full&#8220; onclick=&#8220;link_image&#8220;][\/vc_column][\/vc_row][vc_row][vc_column][vc_column_text]<span style=\"font-size: 14pt;\">\u00dcber Regisseur Harald Philipp<\/span><\/p>\n<p style=\"font-weight: 400;\"><strong>Harald Philipp<\/strong> wurde am 24. April 1921 in Hamburg geboren. Nach der Mittleren Reife absolvierte er eine Lehre zum Einzelhandelskaufmann. Nach bestandener Pr\u00fcfung wurde er zum Kriegsdienst eingezogen und wurde 1945 im Range eines Oberleutnants entlassen. Er geriet nicht, wie viele seiner Kameraden in Kriegsgefangenschaft. Er bekam in Hamburg Schauspielunterricht und hatte sein Theaterdeb\u00fct 1946 in Hamburg. 1948 kam er zum RIAS in Berlin und wurde dort Synchronregisseur. 1956 kam er zum Film. Ihm wurde die Regie im Heimatfilm \u201e<strong>Das alte F\u00f6rsterhaus<\/strong>\u201c \u00fcbertragen. Er f\u00fchrte in Filmen aller Genres Regie, aber seine Spezialit\u00e4ten waren harte Kriminalfilme und Kriegsfilme. Er galt vor allem als ein handwerklich guter Regisseur. Einen Namen machte sich <strong>Harald Philipp<\/strong> auch mit der Verfilmung zweier Romane des Erfolgsautors <strong>Heinz G. Konsalik<\/strong>. 1960 war das der Kriegsfilm \u201e<strong>Strafbataillon 999<\/strong>\u201c und 1967 den Agententhriller \u201e<strong>Liebesn\u00e4chte in der Taiga<\/strong>\u201c. 1966 erhielt Harald Philipp die <strong><em>Goldene Leinwand<\/em><\/strong> f\u00fcr den Film \u201e<strong>Der \u00d6lprinz<\/strong>\u201c, nach einer Erz\u00e4hlung von <strong>Karl May<\/strong>.<\/p>\n<p>[\/vc_column_text][\/vc_column][\/vc_row][vc_row][vc_column][vc_single_image image=&#8220;91157&#8243; img_size=&#8220;full&#8220; onclick=&#8220;link_image&#8220;][vc_column_text]Ab 1975 verlegte sich aber <strong>Harald Philipp<\/strong> nur noch auf Arbeiten f\u00fcrs Fernsehen und zog sich vom Kino v\u00f6llig zur\u00fcck. Er \u00e4rgerte sich \u00fcber die Kritiker, die ihm steht\u2019s mangelnde Inspiration bescheinigten.[\/vc_column_text][\/vc_column][\/vc_row][vc_row css=&#8220;.vc_custom_1646580453070{margin-right: -10px !important;margin-left: -10px !important;border-right-width: -3px !important;border-left-width: -3px !important;padding-top: 5px !important;padding-right: 5px !important;padding-bottom: 5px !important;padding-left: 5px !important;background-color: #eaeaea !important;}&#8220;][vc_column][vc_empty_space height=&#8220;15px&#8220;][vc_column_text css=&#8220;.vc_custom_1677370772907{margin-bottom: -20px !important;border-bottom-width: -20px !important;padding-bottom: -20px !important;}&#8220;]<\/p>\n<div class=\"wpb_text_column wpb_content_element \">\n<p><span style=\"font-size: 14pt;\">Daten zum Film<\/span><\/p>\n<table style=\"border-collapse: collapse; width: 100%; height: 142px;\">\n<tbody>\n<tr style=\"height: 22px;\">\n<td style=\"width: 14.487035%; height: 22px;\"><strong>Original Titel:<\/strong><\/td>\n<td style=\"width: 85.512965%; height: 22px;\"><b>Unter Ausschlu\u00df der\u00a0\u00d6ffentlichkeit<\/b><\/td>\n<\/tr>\n<tr style=\"height: 22px;\">\n<td style=\"width: 14.487035%; height: 22px;\"><strong>Regie:<\/strong><\/td>\n<td style=\"width: 85.512965%; height: 22px;\">Harald Philipp<\/td>\n<\/tr>\n<tr>\n<td style=\"width: 14.487035%;\"><strong>Drehbuch:<\/strong><\/td>\n<td style=\"width: 85.512965%;\">Harald Philipp, Fred Ignor<\/td>\n<\/tr>\n<tr style=\"height: 22px;\">\n<td style=\"width: 14.487035%; height: 22px;\"><strong>Produzent:<\/strong><\/td>\n<td style=\"width: 85.512965%; height: 22px;\">Artur Brauner<\/td>\n<\/tr>\n<tr style=\"height: 22px;\">\n<td style=\"width: 14.487035%; height: 22px; vertical-align: top;\"><strong>Darstellende:<\/strong><\/td>\n<td style=\"width: 85.512965%; height: 22px;\">Peter van Eyck,\u00a0Marianne Koch, Eva Bartok, Claus Holm,\u00a0<span style=\"font-family: inherit; font-size: inherit;\"><span style=\"font-family: inherit; font-size: inherit;\">Wolfgang Reichmann,\u00a0<\/span><\/span><span style=\"font-family: inherit; font-size: inherit;\">Werner Peters,\u00a0<\/span><span lang=\"FR\">Susanne Cramer, Alfred Balthoff, Leon Askin, Rudolf Fernau, Gudrun Schmidt, Ralf Wolter, Heinz Weiss, Jochen Blume, Heinz Welzel, Kurd Pieritz, Albert Bessler, Herbert Wilk, Klaus Dahlen, Peter Schiff, Barbara Saade, Ditmar Christensen, Kunibert Gensichen, Hans Schwarz jr., Heinz Spitzner, Carl de Vogt, Gerd Frickh\u00f6ffer, Erik Radolf<\/span><\/td>\n<\/tr>\n<tr style=\"height: 10px;\">\n<td style=\"width: 14.487035%; vertical-align: top; height: 10px;\"><strong>Produktionsfirma:<\/strong><\/td>\n<td style=\"width: 85.512965%; height: 10px;\">\n<p class=\"header\">Central Cinema Company Film (CCC)<\/p>\n<\/td>\n<\/tr>\n<tr style=\"height: 22px;\">\n<td style=\"width: 14.487035%; height: 22px;\"><strong>Produktionsland:<\/strong><\/td>\n<td style=\"width: 85.512965%; height: 22px;\">Deutschland<\/td>\n<\/tr>\n<tr style=\"height: 22px;\">\n<td style=\"width: 14.487035%; height: 22px;\"><strong>Produktionsjahr:<\/strong><\/td>\n<td style=\"width: 85.512965%; height: 22px;\">1961<\/td>\n<\/tr>\n<\/tbody>\n<\/table>\n<p>&nbsp;<\/p>\n<\/div>\n<p>[\/vc_column_text][vc_empty_space height=&#8220;-40px&#8220;][\/vc_column][\/vc_row][vc_row][vc_column][vc_empty_space][\/vc_column][\/vc_row][vc_row][vc_column width=&#8220;1\/2&#8243;][vc_video link=&#8220;https:\/\/youtu.be\/UTptTongb3E&#8220; title=&#8220;Unter Ausschlu\u00df der \u00d6ffentlichkeit | Trailer (deutsch) \u1d34\u1d30&#8220;][\/vc_column][vc_column width=&#8220;1\/2&#8243;][vc_video link=&#8220;https:\/\/youtu.be\/RPt8BZqBmzI&#8220; title=&#8220;Unter Ausschlu\u00df der \u00d6ffentlichkeit | Unboxing Video \u1d34\u1d30&#8220;][\/vc_column][\/vc_row][vc_row][vc_column][vc_empty_space height=&#8220;15px&#8220;][vc_separator][vc_row_inner][vc_column_inner width=&#8220;1\/4&#8243;][vc_btn title=&#8220;Amazon&#8220; style=&#8220;classic&#8220; color=&#8220;orange&#8220; size=&#8220;sm&#8220; align=&#8220;center&#8220; i_icon_fontawesome=&#8220;fab fa-amazon&#8220; button_block=&#8220;true&#8220; add_icon=&#8220;true&#8220; link=&#8220;url:https%3A%2F%2Fwww.amazon.de%2FUnter-Ausschlu%C3%9F-%C3%96ffentlichkeit-Mediabook-Blu-ray%2Fdp%2FB0BJYD445L|title:Amazon|target:_blank&#8220;][\/vc_column_inner][vc_column_inner width=&#8220;1\/4&#8243;][vc_btn title=&#8220;JPC&#8220; style=&#8220;classic&#8220; color=&#8220;success&#8220; size=&#8220;sm&#8220; align=&#8220;center&#8220; i_icon_fontawesome=&#8220;far fa-dot-circle&#8220; button_block=&#8220;true&#8220; add_icon=&#8220;true&#8220; link=&#8220;url:https%3A%2F%2Fwww.jpc.de%2Fjpcng%2Fmovie%2Fdetail%2F-%2Fart%2Funter-ausschluss-der-oeffentlichkeit%2Fhnum%2F11049492|title:JPC|target:_blank&#8220;][\/vc_column_inner][vc_column_inner width=&#8220;1\/4&#8243;][vc_btn title=&#8220;Shop&#8220; style=&#8220;classic&#8220; color=&#8220;juicy-pink&#8220; size=&#8220;sm&#8220; align=&#8220;center&#8220; i_icon_fontawesome=&#8220;fas fa-shopping-cart&#8220; button_block=&#8220;true&#8220; add_icon=&#8220;true&#8220; link=&#8220;url:https%3A%2F%2Fucm.one%2Fde%2Fprodukt%2Funter-ausschluss-der-oeffentlichkeit|title:Shop&#8220;][\/vc_column_inner][vc_column_inner width=&#8220;1\/4&#8243;][vc_btn title=&#8220;Wer Streamt Es?&#8220; style=&#8220;classic&#8220; color=&#8220;sky&#8220; size=&#8220;sm&#8220; align=&#8220;center&#8220; i_icon_fontawesome=&#8220;fas fa-question-circle&#8220; button_block=&#8220;true&#8220; add_icon=&#8220;true&#8220; link=&#8220;url:https%3A%2F%2Fwww.werstreamt.es%2Ffilm%2Fdetails%2F18994%2Funter-ausschluss-der-oeffentlichkeit%2F|title:Wer%20Streamt%20es|target:_blank&#8220;][\/vc_column_inner][\/vc_row_inner][\/vc_column][\/vc_row][vc_row][vc_column][vc_empty_space height=&#8220;25px&#8220;][vc_column_text]<\/p>\n<div class=\"wpb_text_column wpb_content_element \">\n<div class=\"wpb_wrapper\">\n<p><span style=\"font-size: 18pt;\">Technische Daten<\/span><\/p>\n<p><strong>Mediabook<\/strong>\u00a0| Bildformat: 1:1,33<span lang=\"EN-US\">\u00a0<\/span>| Laufzeit: 97 Min | Tonformat: Mono | Bonus: Trailer | Mediabook mit abl\u00f6sbarem FSK-Sticker | FSK 16<\/p>\n<\/div>\n<\/div>\n<p>[\/vc_column_text][vc_separator css=&#8220;.vc_custom_1560377795279{margin-top: 15px !important;}&#8220;][\/vc_column][\/vc_row][vc_row][vc_column width=&#8220;1\/2&#8243;][vc_single_image image=&#8220;91141&#8243; img_size=&#8220;full&#8220; onclick=&#8220;link_image&#8220;][\/vc_column][vc_column width=&#8220;1\/2&#8243;][vc_single_image image=&#8220;91145&#8243; img_size=&#8220;full&#8220; onclick=&#8220;link_image&#8220;][\/vc_column][\/vc_row][vc_row][vc_column][vc_column_text]Weitere Informationen \u00fcber das Filmlabel: <a title=\"B-Spree Classics\" href=\"https:\/\/ucm.one\/de\/film-labels\/zeitlose-filmkunst\/\">Zeitlose Filmkunst<\/a>[\/vc_column_text][\/vc_column][\/vc_row]<\/p>\n<\/div>","protected":false},"excerpt":{"rendered":"<p>[vc_row][vc_column][vc_column_text]UCM.ONE bringt in Kooperation mit CCC Film auf dem Label Zeitlose Filmkunst den Kriminalfilm &#8222;Unter Ausschu\u00df der\u00a0\u00d6ffentlichkeit&#8220; (heutige Schreibweise: &#8222;Unter Ausschluss der \u00d6ffentlichkeit&#8222;) von\u00a0Regisseur Harald Philipp\u00a0erstmalig in HD auf Blu-Ray im Rahmen einer neuen Mediabook-Ver\u00f6ffentlichung heraus. In der Hauptrolle sind Peter van Eyck, Marianne Koch, Eva Bartok, Claus Holm, und Wolfgang Reichmann zu sehen.[\/vc_column_text][\/vc_column][\/vc_row][vc_row][vc_column width=&#8220;3\/4&#8243;][vc_row_inner][vc_column_inner][vc_column_text]Inhaltsangabe&hellip;<\/p>\n","protected":false},"author":2,"featured_media":91137,"comment_status":"closed","ping_status":"closed","sticky":false,"template":"","format":"standard","meta":{"_acf_changed":false,"footnotes":""},"categories":[8,7004,13,15548],"tags":[15552,15559,15574,15575,15572,15576,15577,15571,15573,15551],"class_list":["post-91134","post","type-post","status-publish","format-standard","has-post-thumbnail","hentry","category-film","category-filmklassiker","category-news","category-zeitlose-filmkunst","tag-artur-brauner","tag-ccc-film","tag-claus-holm","tag-eva-bartok","tag-harald-philipp","tag-marianne-koch","tag-peter-van-eyck","tag-unter-ausschluss-der-oeffentlichkeit","tag-wolfgang-reichmann","tag-zeitlose-filmkunst","category-8","category-7004","category-13","category-15548","description-off"],"acf":[],"yoast_head":"<!-- This site is optimized with the Yoast SEO plugin v27.5 - https:\/\/yoast.com\/product\/yoast-seo-wordpress\/ -->\n<title>\u201eUnter Ausschluss der \u00d6ffentlichkeit\u201c von Harald Philipp<\/title>\n<meta name=\"description\" content=\"UCM.ONE bringt in Kooperation mit CCC Film den Kriminalfilm &quot;Unter Ausschuss der\u00a0\u00d6ffentlichkeit&quot; von\u00a0Regisseur Harald Philipp heraus.\" \/>\n<meta name=\"robots\" content=\"index, follow, max-snippet:-1, max-image-preview:large, max-video-preview:-1\" \/>\n<link rel=\"canonical\" href=\"https:\/\/ucm.one\/de\/erstmals-als-mediabook-und-digital-in-hd-unter-ausschluss-der-oeffentlichkeit-von-harald-philipp\/\" \/>\n<meta property=\"og:locale\" content=\"de_DE\" \/>\n<meta property=\"og:type\" content=\"article\" \/>\n<meta property=\"og:title\" content=\"\u201eUnter Ausschluss der \u00d6ffentlichkeit\u201c von Harald Philipp\" \/>\n<meta property=\"og:description\" content=\"UCM.ONE bringt in Kooperation mit CCC Film den Kriminalfilm &quot;Unter Ausschuss der\u00a0\u00d6ffentlichkeit&quot; von\u00a0Regisseur Harald Philipp heraus.\" \/>\n<meta property=\"og:url\" content=\"https:\/\/ucm.one\/de\/erstmals-als-mediabook-und-digital-in-hd-unter-ausschluss-der-oeffentlichkeit-von-harald-philipp\/\" \/>\n<meta property=\"og:site_name\" content=\"UCM.ONE\" \/>\n<meta property=\"article:published_time\" content=\"2023-02-24T16:54:29+00:00\" \/>\n<meta property=\"article:modified_time\" content=\"2023-03-09T15:29:03+00:00\" \/>\n<meta property=\"og:image\" content=\"https:\/\/ucm.one\/wp-content\/uploads\/2023\/02\/C-Unter-Ausschluss-der-Oeffentlichkeit-Mockup-2D-FSK-16.jpg\" \/>\n<meta name=\"author\" content=\"Joachim Keil\" \/>\n<meta name=\"twitter:card\" content=\"summary_large_image\" \/>\n<meta name=\"twitter:title\" content=\"\u201eUnter Ausschluss der \u00d6ffentlichkeit\u201c von Harald Philipp\" \/>\n<meta name=\"twitter:description\" content=\"UCM.ONE bringt in Kooperation mit CCC Film den Kriminalfilm &quot;Unter Ausschuss der\u00a0\u00d6ffentlichkeit&quot; von\u00a0Regisseur Harald Philipp heraus.\" \/>\n<meta name=\"twitter:image\" content=\"https:\/\/ucm.one\/wp-content\/uploads\/2023\/02\/C-Unter-Ausschluss-der-Oeffentlichkeit-Mockup-2D-FSK-16.jpg\" \/>\n<meta name=\"twitter:label1\" content=\"Verfasst von\" \/>\n\t<meta name=\"twitter:data1\" content=\"Joachim Keil\" \/>\n\t<meta name=\"twitter:label2\" content=\"Gesch\u00e4tzte Lesezeit\" \/>\n\t<meta name=\"twitter:data2\" content=\"6\u00a0Minuten\" \/>\n<!-- \/ Yoast SEO plugin. -->","yoast_head_json":{"title":"\u201eUnter Ausschluss der \u00d6ffentlichkeit\u201c von Harald Philipp","description":"UCM.ONE bringt in Kooperation mit CCC Film den Kriminalfilm \"Unter Ausschuss der\u00a0\u00d6ffentlichkeit\" von\u00a0Regisseur Harald Philipp heraus.","robots":{"index":"index","follow":"follow","max-snippet":"max-snippet:-1","max-image-preview":"max-image-preview:large","max-video-preview":"max-video-preview:-1"},"canonical":"https:\/\/ucm.one\/de\/erstmals-als-mediabook-und-digital-in-hd-unter-ausschluss-der-oeffentlichkeit-von-harald-philipp\/","og_locale":"de_DE","og_type":"article","og_title":"\u201eUnter Ausschluss der \u00d6ffentlichkeit\u201c von Harald Philipp","og_description":"UCM.ONE bringt in Kooperation mit CCC Film den Kriminalfilm \"Unter Ausschuss der\u00a0\u00d6ffentlichkeit\" von\u00a0Regisseur Harald Philipp heraus.","og_url":"https:\/\/ucm.one\/de\/erstmals-als-mediabook-und-digital-in-hd-unter-ausschluss-der-oeffentlichkeit-von-harald-philipp\/","og_site_name":"UCM.ONE","article_published_time":"2023-02-24T16:54:29+00:00","article_modified_time":"2023-03-09T15:29:03+00:00","og_image":[{"url":"https:\/\/ucm.one\/wp-content\/uploads\/2023\/02\/C-Unter-Ausschluss-der-Oeffentlichkeit-Mockup-2D-FSK-16.jpg","type":"","width":"","height":""}],"author":"Joachim Keil","twitter_card":"summary_large_image","twitter_title":"\u201eUnter Ausschluss der \u00d6ffentlichkeit\u201c von Harald Philipp","twitter_description":"UCM.ONE bringt in Kooperation mit CCC Film den Kriminalfilm \"Unter Ausschuss der\u00a0\u00d6ffentlichkeit\" von\u00a0Regisseur Harald Philipp heraus.","twitter_image":"https:\/\/ucm.one\/wp-content\/uploads\/2023\/02\/C-Unter-Ausschluss-der-Oeffentlichkeit-Mockup-2D-FSK-16.jpg","twitter_misc":{"Verfasst von":"Joachim Keil","Gesch\u00e4tzte Lesezeit":"6\u00a0Minuten"},"schema":{"@context":"https:\/\/schema.org","@graph":[{"@type":"Article","@id":"https:\/\/ucm.one\/de\/erstmals-als-mediabook-und-digital-in-hd-unter-ausschluss-der-oeffentlichkeit-von-harald-philipp\/#article","isPartOf":{"@id":"https:\/\/ucm.one\/de\/erstmals-als-mediabook-und-digital-in-hd-unter-ausschluss-der-oeffentlichkeit-von-harald-philipp\/"},"author":{"name":"Joachim Keil","@id":"https:\/\/ucm.one\/de\/#\/schema\/person\/4b959e467e8acc058836467a0ef8fa50"},"headline":"\ud83c\udfac Erstmals als Mediabook und digital in HD: \u201eUnter Ausschluss der \u00d6ffentlichkeit\u201c von Harald Philipp","datePublished":"2023-02-24T16:54:29+00:00","dateModified":"2023-03-09T15:29:03+00:00","mainEntityOfPage":{"@id":"https:\/\/ucm.one\/de\/erstmals-als-mediabook-und-digital-in-hd-unter-ausschluss-der-oeffentlichkeit-von-harald-philipp\/"},"wordCount":1203,"publisher":{"@id":"https:\/\/ucm.one\/de\/#organization"},"image":{"@id":"https:\/\/ucm.one\/de\/erstmals-als-mediabook-und-digital-in-hd-unter-ausschluss-der-oeffentlichkeit-von-harald-philipp\/#primaryimage"},"thumbnailUrl":"https:\/\/ucm.one\/wp-content\/uploads\/2023\/02\/B-Unter-Ausschluss-der-Oeffentlichkeit.jpg","keywords":["Artur Brauner","CCC Film","Claus Holm","Eva Bartok","Harald Philipp","Marianne Koch","Peter van Eyck","Unter Ausschluss der \u00d6ffentlichkeit","Wolfgang Reichmann","Zeitlose Filmkunst"],"articleSection":["Film","Filmklassiker","News","Zeitlose Filmkunst"],"inLanguage":"de"},{"@type":"WebPage","@id":"https:\/\/ucm.one\/de\/erstmals-als-mediabook-und-digital-in-hd-unter-ausschluss-der-oeffentlichkeit-von-harald-philipp\/","url":"https:\/\/ucm.one\/de\/erstmals-als-mediabook-und-digital-in-hd-unter-ausschluss-der-oeffentlichkeit-von-harald-philipp\/","name":"\u201eUnter Ausschluss der \u00d6ffentlichkeit\u201c von Harald Philipp","isPartOf":{"@id":"https:\/\/ucm.one\/de\/#website"},"primaryImageOfPage":{"@id":"https:\/\/ucm.one\/de\/erstmals-als-mediabook-und-digital-in-hd-unter-ausschluss-der-oeffentlichkeit-von-harald-philipp\/#primaryimage"},"image":{"@id":"https:\/\/ucm.one\/de\/erstmals-als-mediabook-und-digital-in-hd-unter-ausschluss-der-oeffentlichkeit-von-harald-philipp\/#primaryimage"},"thumbnailUrl":"https:\/\/ucm.one\/wp-content\/uploads\/2023\/02\/B-Unter-Ausschluss-der-Oeffentlichkeit.jpg","datePublished":"2023-02-24T16:54:29+00:00","dateModified":"2023-03-09T15:29:03+00:00","description":"UCM.ONE bringt in Kooperation mit CCC Film den Kriminalfilm \"Unter Ausschuss der\u00a0\u00d6ffentlichkeit\" von\u00a0Regisseur Harald Philipp heraus.","breadcrumb":{"@id":"https:\/\/ucm.one\/de\/erstmals-als-mediabook-und-digital-in-hd-unter-ausschluss-der-oeffentlichkeit-von-harald-philipp\/#breadcrumb"},"inLanguage":"de","potentialAction":[{"@type":"ReadAction","target":["https:\/\/ucm.one\/de\/erstmals-als-mediabook-und-digital-in-hd-unter-ausschluss-der-oeffentlichkeit-von-harald-philipp\/"]}]},{"@type":"ImageObject","inLanguage":"de","@id":"https:\/\/ucm.one\/de\/erstmals-als-mediabook-und-digital-in-hd-unter-ausschluss-der-oeffentlichkeit-von-harald-philipp\/#primaryimage","url":"https:\/\/ucm.one\/wp-content\/uploads\/2023\/02\/B-Unter-Ausschluss-der-Oeffentlichkeit.jpg","contentUrl":"https:\/\/ucm.one\/wp-content\/uploads\/2023\/02\/B-Unter-Ausschluss-der-Oeffentlichkeit.jpg","width":1920,"height":600},{"@type":"BreadcrumbList","@id":"https:\/\/ucm.one\/de\/erstmals-als-mediabook-und-digital-in-hd-unter-ausschluss-der-oeffentlichkeit-von-harald-philipp\/#breadcrumb","itemListElement":[{"@type":"ListItem","position":1,"name":"Home","item":"https:\/\/ucm.one\/de\/"},{"@type":"ListItem","position":2,"name":"\ud83c\udfac Erstmals als Mediabook und digital in HD: \u201eUnter Ausschluss der \u00d6ffentlichkeit\u201c von Harald Philipp"}]},{"@type":"WebSite","@id":"https:\/\/ucm.one\/de\/#website","url":"https:\/\/ucm.one\/de\/","name":"UCM.ONE","description":"","publisher":{"@id":"https:\/\/ucm.one\/de\/#organization"},"potentialAction":[{"@type":"SearchAction","target":{"@type":"EntryPoint","urlTemplate":"https:\/\/ucm.one\/de\/?s={search_term_string}"},"query-input":{"@type":"PropertyValueSpecification","valueRequired":true,"valueName":"search_term_string"}}],"inLanguage":"de"},{"@type":"Organization","@id":"https:\/\/ucm.one\/de\/#organization","name":"UCM.ONE","url":"https:\/\/ucm.one\/de\/","logo":{"@type":"ImageObject","inLanguage":"de","@id":"https:\/\/ucm.one\/de\/#\/schema\/logo\/image\/","url":"https:\/\/ucm.one\/wp-content\/uploads\/2019\/10\/UCM.ONE-Logo-RGB.svg","contentUrl":"https:\/\/ucm.one\/wp-content\/uploads\/2019\/10\/UCM.ONE-Logo-RGB.svg","width":1,"height":1,"caption":"UCM.ONE"},"image":{"@id":"https:\/\/ucm.one\/de\/#\/schema\/logo\/image\/"}},{"@type":"Person","@id":"https:\/\/ucm.one\/de\/#\/schema\/person\/4b959e467e8acc058836467a0ef8fa50","name":"Joachim Keil","image":{"@type":"ImageObject","inLanguage":"de","@id":"https:\/\/secure.gravatar.com\/avatar\/10e1dfd05f2a7a7bc83cd44bae31e01c8ac15f974229211a2b1a49fa0a22fec0?s=96&d=mm&r=g","url":"https:\/\/secure.gravatar.com\/avatar\/10e1dfd05f2a7a7bc83cd44bae31e01c8ac15f974229211a2b1a49fa0a22fec0?s=96&d=mm&r=g","contentUrl":"https:\/\/secure.gravatar.com\/avatar\/10e1dfd05f2a7a7bc83cd44bae31e01c8ac15f974229211a2b1a49fa0a22fec0?s=96&d=mm&r=g","caption":"Joachim Keil"},"sameAs":["https:\/\/ucm.one"]}]}},"_links":{"self":[{"href":"https:\/\/ucm.one\/de\/wp-json\/wp\/v2\/posts\/91134","targetHints":{"allow":["GET"]}}],"collection":[{"href":"https:\/\/ucm.one\/de\/wp-json\/wp\/v2\/posts"}],"about":[{"href":"https:\/\/ucm.one\/de\/wp-json\/wp\/v2\/types\/post"}],"author":[{"embeddable":true,"href":"https:\/\/ucm.one\/de\/wp-json\/wp\/v2\/users\/2"}],"replies":[{"embeddable":true,"href":"https:\/\/ucm.one\/de\/wp-json\/wp\/v2\/comments?post=91134"}],"version-history":[{"count":0,"href":"https:\/\/ucm.one\/de\/wp-json\/wp\/v2\/posts\/91134\/revisions"}],"wp:featuredmedia":[{"embeddable":true,"href":"https:\/\/ucm.one\/de\/wp-json\/wp\/v2\/media\/91137"}],"wp:attachment":[{"href":"https:\/\/ucm.one\/de\/wp-json\/wp\/v2\/media?parent=91134"}],"wp:term":[{"taxonomy":"category","embeddable":true,"href":"https:\/\/ucm.one\/de\/wp-json\/wp\/v2\/categories?post=91134"},{"taxonomy":"post_tag","embeddable":true,"href":"https:\/\/ucm.one\/de\/wp-json\/wp\/v2\/tags?post=91134"}],"curies":[{"name":"wp","href":"https:\/\/api.w.org\/{rel}","templated":true}]}}