{"id":91077,"date":"2023-02-24T10:31:54","date_gmt":"2023-02-24T10:31:54","guid":{"rendered":"https:\/\/ucm.one\/?p=91077"},"modified":"2023-03-09T15:29:02","modified_gmt":"2023-03-09T15:29:02","slug":"gestehen-sie-dr-corda-von-josef-von-baky-erstmalig-in-hd-als-mediabook-erhaeltlich","status":"publish","type":"post","link":"https:\/\/ucm.one\/de\/gestehen-sie-dr-corda-von-josef-von-baky-erstmalig-in-hd-als-mediabook-erhaeltlich\/","title":{"rendered":"\ud83c\udfac \u201eGestehen Sie, Dr. Corda\u201c von Josef von B\u00e1ky erstmalig in HD als Mediabook erh\u00e4ltlich"},"content":{"rendered":"<div class=\"wpb-content-wrapper\"><p>[vc_row][vc_column][vc_column_text]Der Film &#8222;<strong>Gestehen Sie, Dr. Corda!<\/strong>&#8220; von\u00a0Regisseur <strong>Jos\u00e9f von B\u00e1ky<\/strong>\u00a0erscheint erstmalig in HD auf Blu-Ray im Rahmen einer neuen Mediabook-Ver\u00f6ffentlichung auf dem Filmlabel <strong>Zeitlose Filmkunst<\/strong> von <span style=\"font-family: 'arial black', sans-serif;\"><strong>UCM.ONE<\/strong><\/span> in Kooperation mit <strong>CCC Filmkunst<\/strong>. In der Hauptrolle ist\u00a0<strong>Hardy Kr\u00fcge<\/strong>r als Dr. Corda zu sehen. Mit \u201c<strong>Einer kam durch<\/strong>\u201d gelang <strong>Hardy Kr\u00fcger<\/strong> 1957 der Durchbruch u.a. auch als internationaler Schauspieler, vielbeachtete Filme wie auch \u201c<strong>Gestehen Sie, Dr. Corda<\/strong>!\u201d folgten. Regie f\u00fchrte\u00a0<strong>Jos\u00e9f von B\u00e1ky<\/strong>, der u.a. Filme wie \u201c<strong>M\u00fcnchhausen<\/strong>\u201d (mit <strong>Hans Albers<\/strong>) und \u201c<strong>Das doppelte Lottchen<\/strong>\u201d auf die Kinoleinwand brachte.[\/vc_column_text][\/vc_column][\/vc_row][vc_row][vc_column width=&#8220;3\/4&#8243;][vc_row_inner][vc_column_inner][vc_column_text]<span style=\"font-size: 14pt;\">Inhaltsangabe<\/span><\/p>\n<p>Ein junger verheirateter Assistenzarzt wird aufgrund von Indizien des Mordes an seiner Geliebten beschuldigt, nur die betrogene Ehefrau h\u00e4lt zum Angeklagten, der durch die zuf\u00e4llige Inhaftnahme des tats\u00e4chlichen M\u00f6rders dem Justizirrtum entrinnt. Nach einem authentischen Fall aus den 1950er Jahren, der beinahe zum Justizirrtum wurde.<\/p>\n<p>[\/vc_column_text][\/vc_column_inner][\/vc_row_inner][vc_column_text]<\/p>\n<p style=\"font-weight: 400;\"><span style=\"font-size: 14pt;\">\u00dcber Josef von B\u00e1ky<\/span><\/p>\n<p style=\"font-weight: 400;\"><strong>Josef von B\u00e1ky<\/strong> wurde am 23 M\u00e4rz 1902 in Zombor (Ungarn) geboren. 1927 ging <strong>Josef von B\u00e1ky<\/strong> nach Berlin. Dort arbeitete er zun\u00e4chst als Statist. Mit dem Film \u201e<strong>Intermezzo<\/strong>\u201c gab er 1936 sein Filmdeb\u00fct.Mit dem Liebesfilm &#8222;<strong>Annelie<\/strong>&#8220; erzielte er 1941 einen gro\u00dfen kommerziellen Erfolg. Zur Belohnung betraute die <strong>UFA<\/strong> in mit der Regie f\u00fcr ihr Gro\u00dfprojekt zum 25j\u00e4hrigen Jubil\u00e4um. \u201e<strong>M\u00fcnchhausen<\/strong>\u201c war ein gro\u00dfangelegter, teurer und in der damals neuen Agfacolor-Technik gedrehter Abenteuerfilm mit gro\u00dfer Starbesetzung. \u00a0Nach dem Krieg rief er sich als Regisseur zweier bedeutender, sogenannter Tr\u00fcmmerfilme schnell wieder ins Ged\u00e4chtnis. Die Filme \u201e<strong>Der Ruf\u201c <\/strong>sowie \u201c<strong>&#8230;und \u00fcber uns der Himmel<\/strong>\u201c waren Meilensteine des deutschen Nachkriegskinos. Viele der nun folgenden Filme sind gesellschaftskritisch und unbequem. Das Thema Ethik spielt auch immer wieder in seinen Filmen eine gro\u00dfe Rolle. F\u00fcr seine <strong>Erich K\u00e4stner<\/strong> Adaption \u201e<strong>Das doppelte Lottchen<\/strong>\u201c erhielt er 1951 das <em><strong>Filmband in Gold<\/strong><\/em>. Seine letzte Filmarbeit war die Verfilmung des <strong>Edgar Wallace<\/strong> Romans \u201e<strong>Die seltsame Gr\u00e4fin<\/strong>\u201c 1961. <strong>Josef von B\u00e1ky<\/strong> starb am 28. Juli 1966 in M\u00fcnchen.<\/p>\n<p>[\/vc_column_text][\/vc_column][vc_column width=&#8220;1\/4&#8243;][vc_single_image image=&#8220;91119&#8243; img_size=&#8220;full&#8220; onclick=&#8220;link_image&#8220;][\/vc_column][\/vc_row][vc_row][vc_column][vc_column_text]Die deutsche Filmpremiere fand am <strong>22.05.1958<\/strong> in Hamburg statt. Bei der Premiere des Films war der \u00f6sterreichische Arzt <strong>Dr. G\u00fcnther Hoflehner<\/strong>, der wahre Held der Geschichte, auf Einladung von <strong>Artur Brauner<\/strong> anwesend.[\/vc_column_text][\/vc_column][\/vc_row][vc_row][vc_column width=&#8220;1\/2&#8243;][vc_single_image image=&#8220;91108&#8243; img_size=&#8220;full&#8220; onclick=&#8220;link_image&#8220;][\/vc_column][vc_column width=&#8220;1\/2&#8243;][vc_single_image image=&#8220;91092&#8243; img_size=&#8220;full&#8220; onclick=&#8220;link_image&#8220;][\/vc_column][\/vc_row][vc_row][vc_column][vc_column_text]<span style=\"font-size: 14pt;\">Produktionsnotizen<\/span><\/p>\n<p style=\"font-weight: 400;\">Der Geschichte von R. A. Stemmle liegt ein wahrer Kriminalfall aus dem \u00f6sterreichischen Steyr zugrunde, der 1955 viel Aufsehen erregte. Der Narkosearzt Dr. Hoflehner wurde des Mordes an einer 25j\u00e4hrigen Krankenschwester beschuldigt, die, wie die Polizei feststellte seine Geliebte war. Hoflehner kam in Untersuchungshaft und wurde daraus erst nach 187 Tagen wieder entlassen. Seine Unschuld wurde eindeutig bewiesen. Erst 1957 konnte man den wahren M\u00f6rder, Alfred Engleder fassen. Er wurde wegen mehrerer Morde an jungen Frauen gesucht. F\u00fcr die Verfilmung griff Artur Brauner auf ein erfolgreiches Team zur\u00fcck. Auch mit den Verpflichtungen der Schauspieler vertraute er auf bekannte und profilierte Filmstars der 1950er Jahre. Mindestens 10 Rollen sind mit Top-Stars des deutschen Films jener Zeit besetzt.<\/p>\n<p>[\/vc_column_text][\/vc_column][\/vc_row][vc_row][vc_column][vc_single_image image=&#8220;91110&#8243; img_size=&#8220;full&#8220; onclick=&#8220;link_image&#8220;][vc_column_text]Dem Regisseur <strong>Josef von B\u00e1ky<\/strong> wurde mit <strong>Ottokar Runze<\/strong> ein gro\u00dfes, junges Regietalent an die Seite gestellt. Gedreht wurde der Film in Goslar im Harz. Die Innenaufnahmen und Gerichtsszenen entstanden in Berlin in den Studios der <strong>CCC Film<\/strong>.[\/vc_column_text][\/vc_column][\/vc_row][vc_row css=&#8220;.vc_custom_1646580453070{margin-right: -10px !important;margin-left: -10px !important;border-right-width: -3px !important;border-left-width: -3px !important;padding-top: 5px !important;padding-right: 5px !important;padding-bottom: 5px !important;padding-left: 5px !important;background-color: #eaeaea !important;}&#8220;][vc_column][vc_empty_space height=&#8220;15px&#8220;][vc_column_text css=&#8220;.vc_custom_1677372241882{margin-bottom: -20px !important;border-bottom-width: -20px !important;padding-bottom: -20px !important;}&#8220;]<\/p>\n<div class=\"wpb_text_column wpb_content_element \">\n<p><span style=\"font-size: 14pt;\">Daten zum Film<\/span><\/p>\n<table style=\"border-collapse: collapse; width: 100%; height: 142px;\">\n<tbody>\n<tr style=\"height: 22px;\">\n<td style=\"width: 14.487035%; height: 22px;\"><strong>Original Titel:<\/strong><\/td>\n<td style=\"width: 85.512965%; height: 22px;\"><b>Gestehen Sie, Dr. Corda!<\/b><\/td>\n<\/tr>\n<tr style=\"height: 22px;\">\n<td style=\"width: 14.487035%; height: 22px;\"><strong>Regie:<\/strong><\/td>\n<td style=\"width: 85.512965%; height: 22px;\">Josef von B\u00e1ky<\/td>\n<\/tr>\n<tr style=\"height: 22px;\">\n<td style=\"width: 14.487035%; height: 22px;\"><strong>Produzent:<\/strong><\/td>\n<td style=\"width: 85.512965%; height: 22px;\">Artur Brauner<\/td>\n<\/tr>\n<tr style=\"height: 22px;\">\n<td style=\"width: 14.487035%; height: 22px; vertical-align: top;\"><strong>Darstellende:<\/strong><\/td>\n<td style=\"width: 85.512965%; height: 22px;\">Hardy Kr\u00fcger, Elisabeth M\u00fcller, Hans Nielsen, Siegfried Lowitz, Fritz Tillmann,\u00a0Rudolf Fernau, Lucie Mannheim, Eva Pflug, Lore Hartling, Siegrid Hackenberg, Ursula H\u00f6flich, Monika Peitsch, Elfie Dugal, Marianne Prenzel, Paul Edwin Roth, Ernst Sattler, Jochen Blume, Werner Buttler, Emmy Burg, Alfred Balthoff, Albert Bessler, Reinhard Kolldehoff, Georg G\u00fctlich, Barbara Wieczik, Harry W\u00fcstenhagen, Maria Krasna, Gerd Bender, Hans Binner, Roma Bahn, Ilse Kiewiet<\/td>\n<\/tr>\n<tr style=\"height: 10px;\">\n<td style=\"width: 14.487035%; vertical-align: top; height: 10px;\"><strong>Produktionsfirma:<\/strong><\/td>\n<td style=\"width: 85.512965%; height: 10px;\">\n<p class=\"header\">Central Cinema Company Film (CCC)<\/p>\n<\/td>\n<\/tr>\n<tr style=\"height: 22px;\">\n<td style=\"width: 14.487035%; height: 22px;\"><strong>Produktionsland:<\/strong><\/td>\n<td style=\"width: 85.512965%; height: 22px;\">Deutschland<\/td>\n<\/tr>\n<tr style=\"height: 22px;\">\n<td style=\"width: 14.487035%; height: 22px;\"><strong>Produktionsjahr:<\/strong><\/td>\n<td style=\"width: 85.512965%; height: 22px;\">1958<\/td>\n<\/tr>\n<\/tbody>\n<\/table>\n<p>&nbsp;<\/p>\n<\/div>\n<p>[\/vc_column_text][vc_empty_space height=&#8220;-40px&#8220;][\/vc_column][\/vc_row][vc_row][vc_column][vc_empty_space height=&#8220;20px&#8220;][vc_column_text]<span style=\"font-size: 14pt;\">Reaktionen auf den Film<\/span><\/p>\n<p>Der Film wurde in 11 L\u00e4ndern ver\u00f6ffentlicht und wurde \u00fcberall von der Kritik sehr positiv bewertet. Die deutsche Kritik war durchweg positiv. So war unter anderem zu lesen <em>\u201eDer Film ist gut, sauber, spannend und im Menschlichen verl\u00e4sslich gemacht. Stemmles Drehbuch erlaubt es, der Regisseur Josef von B\u00e1ky tat es und wurde unterst\u00fctzt von der ausgezeichneten Kamera von G\u00f6ran Strindberg, der sanften aber sp\u00e4rlich untermalenden Musik und einem Stab vorz\u00fcglicher Darsteller, von denen keiner unter seinem Wert blieb, mancher sogar ein gutes St\u00fcck dar\u00fcber lag. Insgesamt geh\u00f6rt dieser Film deutlich auf die Positivseite der sehr mageren deutschen Filmbilanz des vergangenen Jahrzehnts.<\/em>\u201c In anderen Kritiken wir die Schauspielerin <strong>Lucie Mannheim<\/strong> als herausragende Darstellerin gefeiert. In <strong>Paimanns Filmlisten<\/strong> steht <em>\u201eEine filmisch gelungene \u00dcbertragung der bekannten Justizaff\u00e4re, nicht nur f\u00fcr Krimiliebhaber packend\u201c<\/em>.[\/vc_column_text][\/vc_column][\/vc_row][vc_row][vc_column width=&#8220;1\/3&#8243;][vc_single_image image=&#8220;91100&#8243; img_size=&#8220;full&#8220; onclick=&#8220;link_image&#8220;][\/vc_column][vc_column width=&#8220;1\/3&#8243;][vc_single_image image=&#8220;91104&#8243; img_size=&#8220;full&#8220; onclick=&#8220;link_image&#8220;][\/vc_column][vc_column width=&#8220;1\/3&#8243;][vc_single_image image=&#8220;91096&#8243; img_size=&#8220;full&#8220; onclick=&#8220;link_image&#8220;][\/vc_column][\/vc_row][vc_row][vc_column][vc_column_text]<\/p>\n<div class=\"wpb_text_column wpb_content_element \">\n<p><span style=\"font-size: 18pt;\">Kommentare zum Film<\/span><\/p>\n<p><em>\u201eDie hier gezeigten Abl\u00e4ufe k\u00f6nnten heute noch in \u00e4hnlicher Form stattfinden\u201c<\/em> (<strong>www.ofdb.de<\/strong>)<\/p>\n<p><em>\u201eDie zur Verf\u00fcgung stehende Besetzung ist hochkar\u00e4tig und staffiert\u00a0Gestehen Sie, Dr.Corda! \u00a0pr\u00e4zise und nahezu spektakul\u00e4r aus.\u201c<\/em> (<strong>www.dirty-pictures.de<\/strong>)<\/p>\n<\/div>\n<p>[\/vc_column_text][\/vc_column][\/vc_row][vc_row][vc_column width=&#8220;1\/2&#8243;][vc_video link=&#8220;https:\/\/youtu.be\/Dz_ExHPM33c&#8220; title=&#8220;Gestehen Sie, Dr. Corda! | Trailer (deutsch) \u1d34\u1d30&#8220;][\/vc_column][vc_column width=&#8220;1\/2&#8243;][vc_video link=&#8220;https:\/\/youtu.be\/33_rBemKA_I&#8220; title=&#8220;Gestehen Sie, Dr. Corda | Unboxing Video \u1d34\u1d30&#8220;][\/vc_column][\/vc_row][vc_row][vc_column][vc_empty_space height=&#8220;15px&#8220;][vc_separator][vc_row_inner][vc_column_inner width=&#8220;1\/4&#8243;][vc_btn title=&#8220;Amazon&#8220; style=&#8220;classic&#8220; color=&#8220;orange&#8220; size=&#8220;sm&#8220; align=&#8220;center&#8220; i_icon_fontawesome=&#8220;fab fa-amazon&#8220; button_block=&#8220;true&#8220; add_icon=&#8220;true&#8220; link=&#8220;url:https%3A%2F%2Fwww.amazon.de%2FGestehen-Sie-Dr-Corda-Mediabook%2Fdp%2FB0BJY9N4PL|title:Amazon|target:_blank&#8220;][\/vc_column_inner][vc_column_inner width=&#8220;1\/4&#8243;][vc_btn title=&#8220;JPC&#8220; style=&#8220;classic&#8220; color=&#8220;success&#8220; size=&#8220;sm&#8220; align=&#8220;center&#8220; i_icon_fontawesome=&#8220;far fa-dot-circle&#8220; button_block=&#8220;true&#8220; add_icon=&#8220;true&#8220; link=&#8220;url:https%3A%2F%2Fwww.jpc.de%2Fjpcng%2Fmovie%2Fdetail%2F-%2Fart%2Fgestehen-sie-dr-corda%2Fhnum%2F11049490|title:JPC|target:_blank&#8220;][\/vc_column_inner][vc_column_inner width=&#8220;1\/4&#8243;][vc_btn title=&#8220;Shop&#8220; style=&#8220;classic&#8220; color=&#8220;juicy-pink&#8220; size=&#8220;sm&#8220; align=&#8220;center&#8220; i_icon_fontawesome=&#8220;fas fa-shopping-cart&#8220; button_block=&#8220;true&#8220; add_icon=&#8220;true&#8220; link=&#8220;url:https%3A%2F%2Fucm.one%2Fde%2Fprodukt%2Fgestehen-sie-dr-corda%2F|title:Shop&#8220;][\/vc_column_inner][vc_column_inner width=&#8220;1\/4&#8243;][vc_btn title=&#8220;Wer Streamt Es?&#8220; style=&#8220;classic&#8220; color=&#8220;sky&#8220; size=&#8220;sm&#8220; align=&#8220;center&#8220; i_icon_fontawesome=&#8220;fas fa-question-circle&#8220; button_block=&#8220;true&#8220; add_icon=&#8220;true&#8220; link=&#8220;url:https%3A%2F%2Fwww.werstreamt.es%2Ffilm%2Fdetails%2F26731%2Fgestehen-sie-dr-corda%2F|title:Wer%20Streamt%20Es%3F&#8220;][\/vc_column_inner][\/vc_row_inner][\/vc_column][\/vc_row][vc_row][vc_column][vc_empty_space height=&#8220;25px&#8220;][vc_column_text]<\/p>\n<div class=\"wpb_text_column wpb_content_element \">\n<div class=\"wpb_wrapper\">\n<p><span style=\"font-size: 18pt;\">Technische Daten<\/span><\/p>\n<p><strong>Mediabook<\/strong>\u00a0| Bildformat: 1:1,66<span lang=\"EN-US\">\u00a0<\/span>| Laufzeit: 97 Min | Tonformat: Mono | Bonus: Trailer | Mediabook mit abl\u00f6sbarem FSK-Sticker | FSK 16<\/p>\n<\/div>\n<\/div>\n<p>[\/vc_column_text][vc_separator css=&#8220;.vc_custom_1560377795279{margin-top: 15px !important;}&#8220;][\/vc_column][\/vc_row][vc_row][vc_column width=&#8220;1\/2&#8243;][vc_single_image image=&#8220;91098&#8243; img_size=&#8220;full&#8220; onclick=&#8220;link_image&#8220;][\/vc_column][vc_column width=&#8220;1\/2&#8243;][vc_single_image image=&#8220;91090&#8243; img_size=&#8220;full&#8220; onclick=&#8220;link_image&#8220;][\/vc_column][\/vc_row][vc_row][vc_column][vc_column_text]Weitere Informationen \u00fcber das Filmlabel: <a title=\"B-Spree Classics\" href=\"https:\/\/ucm.one\/de\/film-labels\/zeitlose-filmkunst\/\">Zeitlose Filmkunst<\/a>[\/vc_column_text][\/vc_column][\/vc_row]<\/p>\n<\/div>","protected":false},"excerpt":{"rendered":"<p>[vc_row][vc_column][vc_column_text]Der Film &#8222;Gestehen Sie, Dr. Corda!&#8220; von\u00a0Regisseur Jos\u00e9f von B\u00e1ky\u00a0erscheint erstmalig in HD auf Blu-Ray im Rahmen einer neuen Mediabook-Ver\u00f6ffentlichung auf dem Filmlabel Zeitlose Filmkunst von UCM.ONE in Kooperation mit CCC Filmkunst. In der Hauptrolle ist\u00a0Hardy Kr\u00fcger als Dr. Corda zu sehen. Mit \u201cEiner kam durch\u201d gelang Hardy Kr\u00fcger 1957 der Durchbruch u.a. auch als&hellip;<\/p>\n","protected":false},"author":2,"featured_media":91078,"comment_status":"closed","ping_status":"closed","sticky":false,"template":"","format":"standard","meta":{"_acf_changed":false,"footnotes":""},"categories":[8,7004,13,15548],"tags":[15552,15559,15554,15558,8428,15611,15549,14792,15553,15550,2464,15557,15612,15555,15551],"class_list":["post-91077","post","type-post","status-publish","format-standard","has-post-thumbnail","hentry","category-film","category-filmklassiker","category-news","category-zeitlose-filmkunst","tag-artur-brauner","tag-ccc-film","tag-elisabeth-mueller","tag-eva-pflug","tag-fritz-tillmann","tag-gerichtsdrama","tag-gestehen-sie-dr-corda","tag-hans-nielsen","tag-hardy-krueger","tag-josef-von-baky","tag-lore-hartling","tag-lucie-mannheim","tag-rudolf-fernau","tag-siegfried-lowitz","tag-zeitlose-filmkunst","category-8","category-7004","category-13","category-15548","description-off"],"acf":[],"yoast_head":"<!-- This site is optimized with the Yoast SEO plugin v27.5 - https:\/\/yoast.com\/product\/yoast-seo-wordpress\/ -->\n<title>\u201eGestehen Sie, Dr. Corda\u201c erstmalig als Mediabook erh\u00e4ltlich<\/title>\n<meta name=\"description\" content=\"Der Film &quot;Gestehen Sie, Dr. Corda!&quot; von\u00a0Regisseur Jos\u00e9f von B\u00e1ky\u00a0erscheint erstmalig in HD als Mediabook auf dem Filmlabel Zeitlose Filmkunst.\" \/>\n<meta name=\"robots\" content=\"index, follow, max-snippet:-1, max-image-preview:large, max-video-preview:-1\" \/>\n<link rel=\"canonical\" href=\"https:\/\/ucm.one\/de\/gestehen-sie-dr-corda-von-josef-von-baky-erstmalig-in-hd-als-mediabook-erhaeltlich\/\" \/>\n<meta property=\"og:locale\" content=\"de_DE\" \/>\n<meta property=\"og:type\" content=\"article\" \/>\n<meta property=\"og:title\" content=\"\u201eGestehen Sie, Dr. Corda\u201c erstmalig als Mediabook erh\u00e4ltlich\" \/>\n<meta property=\"og:description\" content=\"Der Film &quot;Gestehen Sie, Dr. Corda!&quot; von\u00a0Regisseur Jos\u00e9f von B\u00e1ky\u00a0erscheint erstmalig in HD als Mediabook auf dem Filmlabel Zeitlose Filmkunst.\" \/>\n<meta property=\"og:url\" content=\"https:\/\/ucm.one\/de\/gestehen-sie-dr-corda-von-josef-von-baky-erstmalig-in-hd-als-mediabook-erhaeltlich\/\" \/>\n<meta property=\"og:site_name\" content=\"UCM.ONE\" \/>\n<meta property=\"article:published_time\" content=\"2023-02-24T10:31:54+00:00\" \/>\n<meta property=\"article:modified_time\" content=\"2023-03-09T15:29:02+00:00\" \/>\n<meta property=\"og:image\" content=\"https:\/\/ucm.one\/wp-content\/uploads\/2023\/02\/C-Gestehen-Sie-Dr-Corda-2D-FSK-16.jpg\" \/>\n<meta name=\"author\" content=\"Joachim Keil\" \/>\n<meta name=\"twitter:card\" content=\"summary_large_image\" \/>\n<meta name=\"twitter:title\" content=\"\u201eGestehen Sie, Dr. Corda\u201c erstmalig als Mediabook erh\u00e4ltlich\" \/>\n<meta name=\"twitter:description\" content=\"Der Film &quot;Gestehen Sie, Dr. Corda!&quot; von\u00a0Regisseur Jos\u00e9f von B\u00e1ky\u00a0erscheint erstmalig in HD als Mediabook auf dem Filmlabel Zeitlose Filmkunst.\" \/>\n<meta name=\"twitter:image\" content=\"https:\/\/ucm.one\/wp-content\/uploads\/2023\/02\/C-Gestehen-Sie-Dr-Corda-2D-FSK-16.jpg\" \/>\n<meta name=\"twitter:label1\" content=\"Verfasst von\" \/>\n\t<meta name=\"twitter:data1\" content=\"Joachim Keil\" \/>\n\t<meta name=\"twitter:label2\" content=\"Gesch\u00e4tzte Lesezeit\" \/>\n\t<meta name=\"twitter:data2\" content=\"7\u00a0Minuten\" \/>\n<!-- \/ Yoast SEO plugin. -->","yoast_head_json":{"title":"\u201eGestehen Sie, Dr. Corda\u201c erstmalig als Mediabook erh\u00e4ltlich","description":"Der Film \"Gestehen Sie, Dr. Corda!\" von\u00a0Regisseur Jos\u00e9f von B\u00e1ky\u00a0erscheint erstmalig in HD als Mediabook auf dem Filmlabel Zeitlose Filmkunst.","robots":{"index":"index","follow":"follow","max-snippet":"max-snippet:-1","max-image-preview":"max-image-preview:large","max-video-preview":"max-video-preview:-1"},"canonical":"https:\/\/ucm.one\/de\/gestehen-sie-dr-corda-von-josef-von-baky-erstmalig-in-hd-als-mediabook-erhaeltlich\/","og_locale":"de_DE","og_type":"article","og_title":"\u201eGestehen Sie, Dr. Corda\u201c erstmalig als Mediabook erh\u00e4ltlich","og_description":"Der Film \"Gestehen Sie, Dr. Corda!\" von\u00a0Regisseur Jos\u00e9f von B\u00e1ky\u00a0erscheint erstmalig in HD als Mediabook auf dem Filmlabel Zeitlose Filmkunst.","og_url":"https:\/\/ucm.one\/de\/gestehen-sie-dr-corda-von-josef-von-baky-erstmalig-in-hd-als-mediabook-erhaeltlich\/","og_site_name":"UCM.ONE","article_published_time":"2023-02-24T10:31:54+00:00","article_modified_time":"2023-03-09T15:29:02+00:00","og_image":[{"url":"https:\/\/ucm.one\/wp-content\/uploads\/2023\/02\/C-Gestehen-Sie-Dr-Corda-2D-FSK-16.jpg","type":"","width":"","height":""}],"author":"Joachim Keil","twitter_card":"summary_large_image","twitter_title":"\u201eGestehen Sie, Dr. Corda\u201c erstmalig als Mediabook erh\u00e4ltlich","twitter_description":"Der Film \"Gestehen Sie, Dr. Corda!\" von\u00a0Regisseur Jos\u00e9f von B\u00e1ky\u00a0erscheint erstmalig in HD als Mediabook auf dem Filmlabel Zeitlose Filmkunst.","twitter_image":"https:\/\/ucm.one\/wp-content\/uploads\/2023\/02\/C-Gestehen-Sie-Dr-Corda-2D-FSK-16.jpg","twitter_misc":{"Verfasst von":"Joachim Keil","Gesch\u00e4tzte Lesezeit":"7\u00a0Minuten"},"schema":{"@context":"https:\/\/schema.org","@graph":[{"@type":"Article","@id":"https:\/\/ucm.one\/de\/gestehen-sie-dr-corda-von-josef-von-baky-erstmalig-in-hd-als-mediabook-erhaeltlich\/#article","isPartOf":{"@id":"https:\/\/ucm.one\/de\/gestehen-sie-dr-corda-von-josef-von-baky-erstmalig-in-hd-als-mediabook-erhaeltlich\/"},"author":{"name":"Joachim Keil","@id":"https:\/\/ucm.one\/de\/#\/schema\/person\/4b959e467e8acc058836467a0ef8fa50"},"headline":"\ud83c\udfac \u201eGestehen Sie, Dr. Corda\u201c von Josef von B\u00e1ky erstmalig in HD als Mediabook erh\u00e4ltlich","datePublished":"2023-02-24T10:31:54+00:00","dateModified":"2023-03-09T15:29:02+00:00","mainEntityOfPage":{"@id":"https:\/\/ucm.one\/de\/gestehen-sie-dr-corda-von-josef-von-baky-erstmalig-in-hd-als-mediabook-erhaeltlich\/"},"wordCount":1483,"publisher":{"@id":"https:\/\/ucm.one\/de\/#organization"},"image":{"@id":"https:\/\/ucm.one\/de\/gestehen-sie-dr-corda-von-josef-von-baky-erstmalig-in-hd-als-mediabook-erhaeltlich\/#primaryimage"},"thumbnailUrl":"https:\/\/ucm.one\/wp-content\/uploads\/2023\/02\/B-Gestehen-Sie-Dr-Corda.jpg","keywords":["Artur Brauner","CCC Film","Elisabeth M\u00fcller","Eva Pflug","Fritz Tillmann","Gerichtsdrama","Gestehen Sie Dr. Corda","Hans Nielsen","Hardy Kr\u00fcger","Josef von B\u00e1ky","Lore Hartling","Lucie Mannheim","Rudolf Fernau","Siegfried Lowitz","Zeitlose Filmkunst"],"articleSection":["Film","Filmklassiker","News","Zeitlose Filmkunst"],"inLanguage":"de"},{"@type":"WebPage","@id":"https:\/\/ucm.one\/de\/gestehen-sie-dr-corda-von-josef-von-baky-erstmalig-in-hd-als-mediabook-erhaeltlich\/","url":"https:\/\/ucm.one\/de\/gestehen-sie-dr-corda-von-josef-von-baky-erstmalig-in-hd-als-mediabook-erhaeltlich\/","name":"\u201eGestehen Sie, Dr. Corda\u201c erstmalig als Mediabook erh\u00e4ltlich","isPartOf":{"@id":"https:\/\/ucm.one\/de\/#website"},"primaryImageOfPage":{"@id":"https:\/\/ucm.one\/de\/gestehen-sie-dr-corda-von-josef-von-baky-erstmalig-in-hd-als-mediabook-erhaeltlich\/#primaryimage"},"image":{"@id":"https:\/\/ucm.one\/de\/gestehen-sie-dr-corda-von-josef-von-baky-erstmalig-in-hd-als-mediabook-erhaeltlich\/#primaryimage"},"thumbnailUrl":"https:\/\/ucm.one\/wp-content\/uploads\/2023\/02\/B-Gestehen-Sie-Dr-Corda.jpg","datePublished":"2023-02-24T10:31:54+00:00","dateModified":"2023-03-09T15:29:02+00:00","description":"Der Film \"Gestehen Sie, Dr. Corda!\" von\u00a0Regisseur Jos\u00e9f von B\u00e1ky\u00a0erscheint erstmalig in HD als Mediabook auf dem Filmlabel Zeitlose Filmkunst.","breadcrumb":{"@id":"https:\/\/ucm.one\/de\/gestehen-sie-dr-corda-von-josef-von-baky-erstmalig-in-hd-als-mediabook-erhaeltlich\/#breadcrumb"},"inLanguage":"de","potentialAction":[{"@type":"ReadAction","target":["https:\/\/ucm.one\/de\/gestehen-sie-dr-corda-von-josef-von-baky-erstmalig-in-hd-als-mediabook-erhaeltlich\/"]}]},{"@type":"ImageObject","inLanguage":"de","@id":"https:\/\/ucm.one\/de\/gestehen-sie-dr-corda-von-josef-von-baky-erstmalig-in-hd-als-mediabook-erhaeltlich\/#primaryimage","url":"https:\/\/ucm.one\/wp-content\/uploads\/2023\/02\/B-Gestehen-Sie-Dr-Corda.jpg","contentUrl":"https:\/\/ucm.one\/wp-content\/uploads\/2023\/02\/B-Gestehen-Sie-Dr-Corda.jpg","width":1920,"height":600},{"@type":"BreadcrumbList","@id":"https:\/\/ucm.one\/de\/gestehen-sie-dr-corda-von-josef-von-baky-erstmalig-in-hd-als-mediabook-erhaeltlich\/#breadcrumb","itemListElement":[{"@type":"ListItem","position":1,"name":"Home","item":"https:\/\/ucm.one\/de\/"},{"@type":"ListItem","position":2,"name":"\ud83c\udfac \u201eGestehen Sie, Dr. Corda\u201c von Josef von B\u00e1ky erstmalig in HD als Mediabook erh\u00e4ltlich"}]},{"@type":"WebSite","@id":"https:\/\/ucm.one\/de\/#website","url":"https:\/\/ucm.one\/de\/","name":"UCM.ONE","description":"","publisher":{"@id":"https:\/\/ucm.one\/de\/#organization"},"potentialAction":[{"@type":"SearchAction","target":{"@type":"EntryPoint","urlTemplate":"https:\/\/ucm.one\/de\/?s={search_term_string}"},"query-input":{"@type":"PropertyValueSpecification","valueRequired":true,"valueName":"search_term_string"}}],"inLanguage":"de"},{"@type":"Organization","@id":"https:\/\/ucm.one\/de\/#organization","name":"UCM.ONE","url":"https:\/\/ucm.one\/de\/","logo":{"@type":"ImageObject","inLanguage":"de","@id":"https:\/\/ucm.one\/de\/#\/schema\/logo\/image\/","url":"https:\/\/ucm.one\/wp-content\/uploads\/2019\/10\/UCM.ONE-Logo-RGB.svg","contentUrl":"https:\/\/ucm.one\/wp-content\/uploads\/2019\/10\/UCM.ONE-Logo-RGB.svg","width":1,"height":1,"caption":"UCM.ONE"},"image":{"@id":"https:\/\/ucm.one\/de\/#\/schema\/logo\/image\/"}},{"@type":"Person","@id":"https:\/\/ucm.one\/de\/#\/schema\/person\/4b959e467e8acc058836467a0ef8fa50","name":"Joachim Keil","image":{"@type":"ImageObject","inLanguage":"de","@id":"https:\/\/secure.gravatar.com\/avatar\/10e1dfd05f2a7a7bc83cd44bae31e01c8ac15f974229211a2b1a49fa0a22fec0?s=96&d=mm&r=g","url":"https:\/\/secure.gravatar.com\/avatar\/10e1dfd05f2a7a7bc83cd44bae31e01c8ac15f974229211a2b1a49fa0a22fec0?s=96&d=mm&r=g","contentUrl":"https:\/\/secure.gravatar.com\/avatar\/10e1dfd05f2a7a7bc83cd44bae31e01c8ac15f974229211a2b1a49fa0a22fec0?s=96&d=mm&r=g","caption":"Joachim Keil"},"sameAs":["https:\/\/ucm.one"]}]}},"_links":{"self":[{"href":"https:\/\/ucm.one\/de\/wp-json\/wp\/v2\/posts\/91077","targetHints":{"allow":["GET"]}}],"collection":[{"href":"https:\/\/ucm.one\/de\/wp-json\/wp\/v2\/posts"}],"about":[{"href":"https:\/\/ucm.one\/de\/wp-json\/wp\/v2\/types\/post"}],"author":[{"embeddable":true,"href":"https:\/\/ucm.one\/de\/wp-json\/wp\/v2\/users\/2"}],"replies":[{"embeddable":true,"href":"https:\/\/ucm.one\/de\/wp-json\/wp\/v2\/comments?post=91077"}],"version-history":[{"count":0,"href":"https:\/\/ucm.one\/de\/wp-json\/wp\/v2\/posts\/91077\/revisions"}],"wp:featuredmedia":[{"embeddable":true,"href":"https:\/\/ucm.one\/de\/wp-json\/wp\/v2\/media\/91078"}],"wp:attachment":[{"href":"https:\/\/ucm.one\/de\/wp-json\/wp\/v2\/media?parent=91077"}],"wp:term":[{"taxonomy":"category","embeddable":true,"href":"https:\/\/ucm.one\/de\/wp-json\/wp\/v2\/categories?post=91077"},{"taxonomy":"post_tag","embeddable":true,"href":"https:\/\/ucm.one\/de\/wp-json\/wp\/v2\/tags?post=91077"}],"curies":[{"name":"wp","href":"https:\/\/api.w.org\/{rel}","templated":true}]}}