{"id":88011,"date":"2023-02-16T09:12:52","date_gmt":"2023-02-16T09:12:52","guid":{"rendered":"https:\/\/ucm.one\/?p=88011"},"modified":"2023-02-19T23:31:27","modified_gmt":"2023-02-19T23:31:27","slug":"ucm-one-auf-der-73-berlinale-und-der-efm-2023","status":"publish","type":"post","link":"https:\/\/ucm.one\/de\/ucm-one-auf-der-73-berlinale-und-der-efm-2023\/","title":{"rendered":"\ud83c\udfac UCM.ONE auf der 73. Berlinale und der EFM 2023"},"content":{"rendered":"<div class=\"wpb-content-wrapper\"><p>[vc_row][vc_column][vc_column_text]Das Team der <span style=\"font-family: 'arial black', sans-serif;\">UCM.ONE<\/span> ist dieses Jahr vom 16. bis 26. Februar auf der <strong>73. Berlinale<\/strong> pr\u00e4sent.\u00a0Die <b>Berlinale (<\/b>oder in langer Form:\u00a0<b>Internationale Filmfestspiele Berlin)\u00a0<\/b>ist ein j\u00e4hrlich in Berlin stattfindendes Filmfestival. Sie z\u00e4hlt neben denen Filmfestivals in\u00a0Cannes und Venedig zu den wichtigsten Filmfestivals in Europa und weltweit.[\/vc_column_text][\/vc_column][\/vc_row][vc_row][vc_column width=&#8220;5\/6&#8243;][vc_column_text]Die <strong>EFM<\/strong> (oder in langer Form:\u00a0<strong>European Film Market<\/strong>), die dieses Jahr vom 16. bis 22 Februar stattfindet, \u00a0ist ein wichtiger Treffpunkt f\u00fcr Filmschaffende, Verleiher, Filmeink\u00e4ufer und Co-Produktionsagenten.<span style=\"font-size: 11.666666030883789px;\">\u00a0<\/span>Als jeweils erster Filmmarkt im Jahr geh\u00f6rt die\u00a0EFM neben dem <strong>March\u00e9 du Film<\/strong> in Cannes im Mai und dem <strong>American Film Market<\/strong> im November zu den drei bedeutendsten Branchentreffen der Filmindustrie.[\/vc_column_text][\/vc_column][vc_column width=&#8220;1\/6&#8243;][vc_btn title=&#8220;EFM 2023&#8243; style=&#8220;flat&#8220; color=&#8220;purple&#8220; align=&#8220;center&#8220; i_icon_fontawesome=&#8220;far fa-file-pdf&#8220; button_block=&#8220;true&#8220; add_icon=&#8220;true&#8220; link=&#8220;url:https%3A%2F%2Fwww.ucm.one%2Fpresse%2FUCM_ONE_FILM_PROGRAMME_2023.pdf|title:EFM%202023|target:_blank|rel:nofollow&#8220;][\/vc_column][\/vc_row][vc_row][vc_column][vc_column_text]<strong>UCM.ONE<\/strong> ist nicht nur als Filmverleih in Deutschland, sondern auch als Weltvertrieb t\u00e4tig. Wir halten die internationalen Kinorechte an einem Gro\u00dfteil der Filme, die wir in Deutschland in die Kinos bringen, sowie auch die internationalen TV und Home Entertainment-Rechte vieler Filme in unserem Katalog. Unser Ziel ist es, herausragende Spielfilme auf dem internationalen Markt anzubieten und einem weltweiten Publikum zug\u00e4nglich zu machen, wobei wir uns meist auf Arthouse- und Dokumentarfilme sowie Filme von aufstrebenden Talenten und Filmklassiker spezialisieren.[\/vc_column_text][\/vc_column][\/vc_row][vc_row][vc_column width=&#8220;1\/2&#8243;][vc_video link=&#8220;https:\/\/youtu.be\/DMaPMbLhh0U&#8220; title=&#8220;Ich Ich Ich | Trailer \u1d34\u1d30&#8220;][\/vc_column][vc_column width=&#8220;1\/2&#8243;][vc_video link=&#8220;https:\/\/youtu.be\/m0R97YRr4LY&#8220; title=&#8220;Youth Topia | Trailer \u1d34\u1d30&#8220;][\/vc_column][\/vc_row][vc_row][vc_column width=&#8220;1\/2&#8243;][vc_video link=&#8220;https:\/\/youtu.be\/cvksoOnRxoo&#8220; title=&#8220;Nico | Trailer \u1d34\u1d30&#8220;][\/vc_column][vc_column width=&#8220;1\/2&#8243;][vc_video link=&#8220;https:\/\/youtu.be\/EPWCrHaij_k&#8220; title=&#8220;Heikos Welt | Trailer \u1d34\u1d30&#8220;][\/vc_column][\/vc_row][vc_row][vc_column][vc_column_text]Weitere Informationen: <a title=\"Weltvertrieb\" href=\"\/de\/weltvertrieb\/\">Weltvertrieb<\/a> | Download: <a title=\"Programme EFM 2020\" href=\"https:\/\/ucm.one\/presse\/UCM_ONE_FILM_PROGRAMME_2023.pdf\" target=\"_blank\" rel=\"noopener noreferrer\">Programme EFM 2023<\/a>[\/vc_column_text][\/vc_column][\/vc_row]<\/p>\n<\/div>","protected":false},"excerpt":{"rendered":"<p>[vc_row][vc_column][vc_column_text]Das Team der UCM.ONE ist dieses Jahr vom 16. bis 26. Februar auf der 73. Berlinale pr\u00e4sent.\u00a0Die Berlinale (oder in langer Form:\u00a0Internationale Filmfestspiele Berlin)\u00a0ist ein j\u00e4hrlich in Berlin stattfindendes Filmfestival. Sie z\u00e4hlt neben denen Filmfestivals in\u00a0Cannes und Venedig zu den wichtigsten Filmfestivals in Europa und weltweit.[\/vc_column_text][\/vc_column][\/vc_row][vc_row][vc_column width=&#8220;5\/6&#8243;][vc_column_text]Die EFM (oder in langer Form:\u00a0European Film Market), die&hellip;<\/p>\n","protected":false},"author":2,"featured_media":88076,"comment_status":"closed","ping_status":"closed","sticky":false,"template":"","format":"standard","meta":{"_acf_changed":false,"footnotes":""},"categories":[828,9377,830,6267,8,7004,5590,10,1046,13,4587,752,7528],"tags":[15026,15500,2261,2572,2266,2774,2775,2312,2776,2777,2778],"class_list":["post-88011","post","type-post","status-publish","format-standard","has-post-thumbnail","hentry","category-artkeim","category-b-spree-pictures","category-darling-berlin","category-dokumentarfilm","category-film","category-filmklassiker","category-firma","category-kino","category-m-square-pictures","category-news","category-nonfy-documentaries","category-verleih","category-weltvertrieb","tag-15026","tag-73-berlinale","tag-berlin","tag-berlinale","tag-darling-berlin","tag-efm","tag-european-film-market","tag-festival","tag-internationale-filmfestspiele-berlin","tag-perspektive-deutsches-kino","tag-ucm-one","category-828","category-9377","category-830","category-6267","category-8","category-7004","category-5590","category-10","category-1046","category-13","category-4587","category-752","category-7528","description-off"],"acf":[],"yoast_head":"<!-- This site is optimized with the Yoast SEO plugin v27.5 - https:\/\/yoast.com\/product\/yoast-seo-wordpress\/ -->\n<title>\ud83c\udfac UCM.ONE auf der 73. Berlinale und der EFM 2023 - UCM.ONE<\/title>\n<meta name=\"description\" content=\"Das Team der UCM.ONE ist dieses Jahr vom 16. - 26. Februar auf der 73. Berlinale pr\u00e4sent.\" \/>\n<meta name=\"robots\" content=\"index, follow, max-snippet:-1, max-image-preview:large, max-video-preview:-1\" \/>\n<link rel=\"canonical\" href=\"https:\/\/ucm.one\/de\/ucm-one-auf-der-73-berlinale-und-der-efm-2023\/\" \/>\n<meta property=\"og:locale\" content=\"de_DE\" \/>\n<meta property=\"og:type\" content=\"article\" \/>\n<meta property=\"og:title\" content=\"Das Team der UCM.ONE ist dieses Jahr vom 16. - 26. Februar auf der 73. Berlinale pr\u00e4sent.\" \/>\n<meta property=\"og:description\" content=\"Das Team der UCM.ONE ist dieses Jahr vom 16. - 26. Februar auf der 73. Berlinale pr\u00e4sent.\" \/>\n<meta property=\"og:url\" content=\"https:\/\/ucm.one\/de\/ucm-one-auf-der-73-berlinale-und-der-efm-2023\/\" \/>\n<meta property=\"og:site_name\" content=\"UCM.ONE\" \/>\n<meta property=\"article:published_time\" content=\"2023-02-16T09:12:52+00:00\" \/>\n<meta property=\"article:modified_time\" content=\"2023-02-19T23:31:27+00:00\" \/>\n<meta property=\"og:image\" content=\"https:\/\/ucm.one\/wp-content\/uploads\/2023\/02\/B-Berlinale-EFM-2023-1.jpg\" \/>\n\t<meta property=\"og:image:width\" content=\"1920\" \/>\n\t<meta property=\"og:image:height\" content=\"600\" \/>\n\t<meta property=\"og:image:type\" content=\"image\/jpeg\" \/>\n<meta name=\"author\" content=\"Joachim Keil\" \/>\n<meta name=\"twitter:card\" content=\"summary_large_image\" \/>\n<meta name=\"twitter:title\" content=\"Das Team der UCM.ONE ist dieses Jahr vom 16. - 26. Februar auf der 73. Berlinale pr\u00e4sent.\" \/>\n<meta name=\"twitter:description\" content=\"Das Team der UCM.ONE ist dieses Jahr vom 16. - 26. Februar auf der 73. Berlinale pr\u00e4sent.\" \/>\n<meta name=\"twitter:label1\" content=\"Verfasst von\" \/>\n\t<meta name=\"twitter:data1\" content=\"Joachim Keil\" \/>\n\t<meta name=\"twitter:label2\" content=\"Gesch\u00e4tzte Lesezeit\" \/>\n\t<meta name=\"twitter:data2\" content=\"2\u00a0Minuten\" \/>\n<!-- \/ Yoast SEO plugin. -->","yoast_head_json":{"title":"\ud83c\udfac UCM.ONE auf der 73. Berlinale und der EFM 2023 - UCM.ONE","description":"Das Team der UCM.ONE ist dieses Jahr vom 16. - 26. Februar auf der 73. Berlinale pr\u00e4sent.","robots":{"index":"index","follow":"follow","max-snippet":"max-snippet:-1","max-image-preview":"max-image-preview:large","max-video-preview":"max-video-preview:-1"},"canonical":"https:\/\/ucm.one\/de\/ucm-one-auf-der-73-berlinale-und-der-efm-2023\/","og_locale":"de_DE","og_type":"article","og_title":"Das Team der UCM.ONE ist dieses Jahr vom 16. - 26. Februar auf der 73. Berlinale pr\u00e4sent.","og_description":"Das Team der UCM.ONE ist dieses Jahr vom 16. - 26. Februar auf der 73. Berlinale pr\u00e4sent.","og_url":"https:\/\/ucm.one\/de\/ucm-one-auf-der-73-berlinale-und-der-efm-2023\/","og_site_name":"UCM.ONE","article_published_time":"2023-02-16T09:12:52+00:00","article_modified_time":"2023-02-19T23:31:27+00:00","og_image":[{"width":1920,"height":600,"url":"https:\/\/ucm.one\/wp-content\/uploads\/2023\/02\/B-Berlinale-EFM-2023-1.jpg","type":"image\/jpeg"}],"author":"Joachim Keil","twitter_card":"summary_large_image","twitter_title":"Das Team der UCM.ONE ist dieses Jahr vom 16. - 26. Februar auf der 73. Berlinale pr\u00e4sent.","twitter_description":"Das Team der UCM.ONE ist dieses Jahr vom 16. - 26. Februar auf der 73. Berlinale pr\u00e4sent.","twitter_misc":{"Verfasst von":"Joachim Keil","Gesch\u00e4tzte Lesezeit":"2\u00a0Minuten"},"schema":{"@context":"https:\/\/schema.org","@graph":[{"@type":"Article","@id":"https:\/\/ucm.one\/de\/ucm-one-auf-der-73-berlinale-und-der-efm-2023\/#article","isPartOf":{"@id":"https:\/\/ucm.one\/de\/ucm-one-auf-der-73-berlinale-und-der-efm-2023\/"},"author":{"name":"Joachim Keil","@id":"https:\/\/ucm.one\/de\/#\/schema\/person\/4b959e467e8acc058836467a0ef8fa50"},"headline":"\ud83c\udfac UCM.ONE auf der 73. Berlinale und der EFM 2023","datePublished":"2023-02-16T09:12:52+00:00","dateModified":"2023-02-19T23:31:27+00:00","mainEntityOfPage":{"@id":"https:\/\/ucm.one\/de\/ucm-one-auf-der-73-berlinale-und-der-efm-2023\/"},"wordCount":388,"publisher":{"@id":"https:\/\/ucm.one\/de\/#organization"},"image":{"@id":"https:\/\/ucm.one\/de\/ucm-one-auf-der-73-berlinale-und-der-efm-2023\/#primaryimage"},"thumbnailUrl":"https:\/\/ucm.one\/wp-content\/uploads\/2023\/02\/B-Berlinale-EFM-2023-1.jpg","keywords":["2023","73. Berlinale","Berlin","Berlinale","Darling Berlin","EFM","European Film Market","Festival","Internationale Filmfestspiele Berlin","Perspektive Deutsches Kino","UCM.ONE"],"articleSection":["Artkeim\u00b2","B-Spree Pictures","Darling Berlin","Dokumentarfilm","Film","Filmklassiker","Firma","Kino","M-Square Pictures","News","NONFY Documentaries","Verleih","Weltvertrieb"],"inLanguage":"de"},{"@type":"WebPage","@id":"https:\/\/ucm.one\/de\/ucm-one-auf-der-73-berlinale-und-der-efm-2023\/","url":"https:\/\/ucm.one\/de\/ucm-one-auf-der-73-berlinale-und-der-efm-2023\/","name":"\ud83c\udfac UCM.ONE auf der 73. Berlinale und der EFM 2023 - UCM.ONE","isPartOf":{"@id":"https:\/\/ucm.one\/de\/#website"},"primaryImageOfPage":{"@id":"https:\/\/ucm.one\/de\/ucm-one-auf-der-73-berlinale-und-der-efm-2023\/#primaryimage"},"image":{"@id":"https:\/\/ucm.one\/de\/ucm-one-auf-der-73-berlinale-und-der-efm-2023\/#primaryimage"},"thumbnailUrl":"https:\/\/ucm.one\/wp-content\/uploads\/2023\/02\/B-Berlinale-EFM-2023-1.jpg","datePublished":"2023-02-16T09:12:52+00:00","dateModified":"2023-02-19T23:31:27+00:00","description":"Das Team der UCM.ONE ist dieses Jahr vom 16. - 26. Februar auf der 73. Berlinale pr\u00e4sent.","breadcrumb":{"@id":"https:\/\/ucm.one\/de\/ucm-one-auf-der-73-berlinale-und-der-efm-2023\/#breadcrumb"},"inLanguage":"de","potentialAction":[{"@type":"ReadAction","target":["https:\/\/ucm.one\/de\/ucm-one-auf-der-73-berlinale-und-der-efm-2023\/"]}]},{"@type":"ImageObject","inLanguage":"de","@id":"https:\/\/ucm.one\/de\/ucm-one-auf-der-73-berlinale-und-der-efm-2023\/#primaryimage","url":"https:\/\/ucm.one\/wp-content\/uploads\/2023\/02\/B-Berlinale-EFM-2023-1.jpg","contentUrl":"https:\/\/ucm.one\/wp-content\/uploads\/2023\/02\/B-Berlinale-EFM-2023-1.jpg","width":1920,"height":600},{"@type":"BreadcrumbList","@id":"https:\/\/ucm.one\/de\/ucm-one-auf-der-73-berlinale-und-der-efm-2023\/#breadcrumb","itemListElement":[{"@type":"ListItem","position":1,"name":"Home","item":"https:\/\/ucm.one\/de\/"},{"@type":"ListItem","position":2,"name":"\ud83c\udfac UCM.ONE auf der 73. Berlinale und der EFM 2023"}]},{"@type":"WebSite","@id":"https:\/\/ucm.one\/de\/#website","url":"https:\/\/ucm.one\/de\/","name":"UCM.ONE","description":"","publisher":{"@id":"https:\/\/ucm.one\/de\/#organization"},"potentialAction":[{"@type":"SearchAction","target":{"@type":"EntryPoint","urlTemplate":"https:\/\/ucm.one\/de\/?s={search_term_string}"},"query-input":{"@type":"PropertyValueSpecification","valueRequired":true,"valueName":"search_term_string"}}],"inLanguage":"de"},{"@type":"Organization","@id":"https:\/\/ucm.one\/de\/#organization","name":"UCM.ONE","url":"https:\/\/ucm.one\/de\/","logo":{"@type":"ImageObject","inLanguage":"de","@id":"https:\/\/ucm.one\/de\/#\/schema\/logo\/image\/","url":"https:\/\/ucm.one\/wp-content\/uploads\/2019\/10\/UCM.ONE-Logo-RGB.svg","contentUrl":"https:\/\/ucm.one\/wp-content\/uploads\/2019\/10\/UCM.ONE-Logo-RGB.svg","width":1,"height":1,"caption":"UCM.ONE"},"image":{"@id":"https:\/\/ucm.one\/de\/#\/schema\/logo\/image\/"}},{"@type":"Person","@id":"https:\/\/ucm.one\/de\/#\/schema\/person\/4b959e467e8acc058836467a0ef8fa50","name":"Joachim Keil","image":{"@type":"ImageObject","inLanguage":"de","@id":"https:\/\/secure.gravatar.com\/avatar\/10e1dfd05f2a7a7bc83cd44bae31e01c8ac15f974229211a2b1a49fa0a22fec0?s=96&d=mm&r=g","url":"https:\/\/secure.gravatar.com\/avatar\/10e1dfd05f2a7a7bc83cd44bae31e01c8ac15f974229211a2b1a49fa0a22fec0?s=96&d=mm&r=g","contentUrl":"https:\/\/secure.gravatar.com\/avatar\/10e1dfd05f2a7a7bc83cd44bae31e01c8ac15f974229211a2b1a49fa0a22fec0?s=96&d=mm&r=g","caption":"Joachim Keil"},"sameAs":["https:\/\/ucm.one"]}]}},"_links":{"self":[{"href":"https:\/\/ucm.one\/de\/wp-json\/wp\/v2\/posts\/88011","targetHints":{"allow":["GET"]}}],"collection":[{"href":"https:\/\/ucm.one\/de\/wp-json\/wp\/v2\/posts"}],"about":[{"href":"https:\/\/ucm.one\/de\/wp-json\/wp\/v2\/types\/post"}],"author":[{"embeddable":true,"href":"https:\/\/ucm.one\/de\/wp-json\/wp\/v2\/users\/2"}],"replies":[{"embeddable":true,"href":"https:\/\/ucm.one\/de\/wp-json\/wp\/v2\/comments?post=88011"}],"version-history":[{"count":0,"href":"https:\/\/ucm.one\/de\/wp-json\/wp\/v2\/posts\/88011\/revisions"}],"wp:featuredmedia":[{"embeddable":true,"href":"https:\/\/ucm.one\/de\/wp-json\/wp\/v2\/media\/88076"}],"wp:attachment":[{"href":"https:\/\/ucm.one\/de\/wp-json\/wp\/v2\/media?parent=88011"}],"wp:term":[{"taxonomy":"category","embeddable":true,"href":"https:\/\/ucm.one\/de\/wp-json\/wp\/v2\/categories?post=88011"},{"taxonomy":"post_tag","embeddable":true,"href":"https:\/\/ucm.one\/de\/wp-json\/wp\/v2\/tags?post=88011"}],"curies":[{"name":"wp","href":"https:\/\/api.w.org\/{rel}","templated":true}]}}