{"id":86820,"date":"2023-02-02T11:34:44","date_gmt":"2023-02-02T11:34:44","guid":{"rendered":"https:\/\/ucm.one\/?p=86820"},"modified":"2023-03-25T22:15:52","modified_gmt":"2023-03-25T22:15:52","slug":"barrikade-von-david-klammer-startet-bundesweit-in-den-kinos","status":"publish","type":"post","link":"https:\/\/ucm.one\/de\/barrikade-von-david-klammer-startet-bundesweit-in-den-kinos\/","title":{"rendered":"\ud83c\udfac &#8222;Barrikade&#8220; von David Klammer startet bundesweit in den Kinos"},"content":{"rendered":"<div class=\"wpb-content-wrapper\"><p>[vc_row][vc_column][vc_column_text]Ab heute kann.der Dokumentarfilm &#8222;<strong>Barrikade<\/strong>&#8220; des preisgekr\u00f6nten K\u00f6lner Fotografen und Filmemachers <strong>David Klammer<\/strong>\u00a0im Verleih der <span style=\"font-family: 'arial black', sans-serif;\"><strong>UCM.ONE<\/strong><\/span> auf dem Label <strong><span style=\"font-family: 'arial black', sans-serif;\">NONFY<\/span> Documentaries<\/strong> bundesweiten in Kinos angesehen werden.[\/vc_column_text][\/vc_column][\/vc_row][vc_row][vc_column width=&#8220;3\/5&#8243;][vc_column_text]Der Kohlekonzern <strong>RWE<\/strong> ist aktuell dabei,<strong>\u00a0L\u00fctzerath<\/strong> trotz Kohleausstieg endg\u00fcltig abzurei\u00dfen und den Tagebau <strong>Garzweiler<\/strong> massiv ausweiten. In den letzten Wochen waren Klimaaktivist:innen, aber auch zehntausende B\u00fcrger, mit ihren Protesten und Aktionen im Mittelpunkt der Aufmerksamkeit.[\/vc_column_text][vc_column_text]<\/p>\n<div><strong>David Klammer<\/strong> begleitet seit Jahren mit seinen Bildern die Proteste von Klimaaktivist:innen. \u00a0Als 2020 in Hessen die Autobahn A49 direkt durch einen lebendigen Forst geschlagen werden sollte, dokumentierte <strong>David Klammer<\/strong> mit einzigartigen Bildern die Proteste gegen die Rodung des <strong>Dannenr\u00f6der Forstes<\/strong> mit der Filmkamera.<\/div>\n<p>[\/vc_column_text][vc_column_text]<strong>David Klammer<\/strong> lebte wochenlang mit den Aktivist:nnen in deren Baumh\u00e4usern und konnte so eine beeindruckende emotionale N\u00e4he zu den Ereignissen mit seinen Bildern schaffen. Der Film taucht mit poetischen Bildern tief und vertrauensvoll in die Beweggr\u00fcnde, \u00c4ngste und Hoffnungen der Aktivist:innen ein, zeigt aber auch hautnah den massiven Polizeieinsatz.[\/vc_column_text][vc_column_text]Ein Szenario, das in den n\u00e4chsten Jahren den Alltag in Deutschland bestimmen k\u00f6nnte. Der Kampf von Aktivist:innen gegen beschleunigte Planungsverfahren f\u00fcr Autobahnen Eisenbahntrassen oder gar Windr\u00e4der, die den Umwelt und Landschaftsschutz hinten anstellen.[\/vc_column_text][\/vc_column][vc_column width=&#8220;2\/5&#8243;][vc_single_image image=&#8220;86830&#8243; img_size=&#8220;full&#8220; add_caption=&#8220;yes&#8220; onclick=&#8220;link_image&#8220;][\/vc_column][\/vc_row][vc_row][vc_column width=&#8220;1\/2&#8243;][vc_single_image image=&#8220;85040&#8243; img_size=&#8220;full&#8220; onclick=&#8220;link_image&#8220;][\/vc_column][vc_column width=&#8220;1\/2&#8243;][vc_single_image image=&#8220;85037&#8243; img_size=&#8220;full&#8220; onclick=&#8220;link_image&#8220;][\/vc_column][\/vc_row][vc_row el_id=&#8220;barrikade-kinos&#8220;][vc_column][vc_empty_space height=&#8220;-10px&#8220;][vc_column_text css=&#8220;.vc_custom_1675272647592{margin-bottom: 7px !important;}&#8220;]<span style=\"font-size: medium;\">In folgenden Kinos l\u00e4uft der Film ab dem 02. Februar 2023:<\/span>[\/vc_column_text][vc_empty_space height=&#8220;-7px&#8220;][vc_row_inner css=&#8220;.vc_custom_1675273576272{border-top-width: 5px !important;border-bottom-width: 5px !important;padding-bottom: -32px !important;background-color: #efefef !important;border-radius: 5px !important;}&#8220;][vc_column_inner][vc_column_text css=&#8220;.vc_custom_1679782548290{margin-bottom: 0px !important;padding-top: 0px !important;padding-bottom: 0px !important;}&#8220;]<\/p>\n<table style=\"width: 100.247816%; height: 313px;\" cellspacing=\"0\" cellpadding=\"0\">\n<tbody>\n<tr style=\"height: 32px;\">\n<td style=\"height: 34px; width: 37.148594%;\" rowspan=\"3\" valign=\"top\"><strong>Berlin:<\/strong><br \/>\n<strong><br \/>\n<\/strong><\/td>\n<td style=\"height: 14px; width: 165.296273%;\" valign=\"middle\">ACUD Kino\u00a0<span style=\"font-family: inherit; font-size: inherit;\">(Tickets f\u00fcr &#8222;<\/span><a style=\"font-family: inherit; font-size: inherit;\" title=\"\" href=\"https:\/\/acudkino.de\" target=\"_blank\" rel=\"noopener\">Barrikade<\/a><span style=\"font-family: inherit; font-size: inherit;\">&#8222;)<\/span><\/td>\n<\/tr>\n<tr style=\"height: 32px;\">\n<td style=\"height: 10px; width: 165.296273%;\" valign=\"middle\">Ladenkino\u00a0<span style=\"font-family: inherit; font-size: inherit;\">(Tickets f\u00fcr &#8222;<\/span><a style=\"font-family: inherit; font-size: inherit;\" title=\"\" href=\"https:\/\/ladenkino.de\" target=\"_blank\" rel=\"noopener\">Barrikade<\/a><span style=\"font-family: inherit; font-size: inherit;\">&#8222;)<\/span><\/td>\n<\/tr>\n<tr style=\"height: 10px;\">\n<td style=\"height: 10px; width: 165.296273%;\">Zienema\u00a0<span style=\"font-family: inherit; font-size: inherit;\">(Tickets f\u00fcr &#8222;<\/span><a style=\"font-family: inherit; font-size: inherit;\" title=\"\" href=\"https:\/\/zbarberlin.com\" target=\"_blank\" rel=\"noopener\">Barrikade<\/a><span style=\"font-family: inherit; font-size: inherit;\">&#8222;)<\/span><\/td>\n<\/tr>\n<tr style=\"height: 22px;\">\n<td style=\"height: 10px; width: 37.148594%;\" valign=\"middle\"><strong>Dortmund:<\/strong><\/td>\n<td style=\"height: 10px; width: 165.296273%;\" valign=\"middle\">Sweetsixteen\u00a0<span style=\"font-family: inherit; font-size: inherit;\">(Tickets f\u00fcr &#8222;<\/span><a style=\"font-family: inherit; font-size: inherit;\" title=\"\" href=\"https:\/\/www.sweetsixteen-kino.de\" target=\"_blank\" rel=\"noopener\">Barrikade<\/a><span style=\"font-family: inherit; font-size: inherit;\">&#8222;)<\/span><\/td>\n<\/tr>\n<tr style=\"height: 22px;\">\n<td style=\"height: 22px; width: 37.148594%;\" valign=\"top\"><strong>D\u00fcsseldorf:<\/strong><\/td>\n<td style=\"height: 22px; width: 165.296273%;\" valign=\"middle\">Metropol (Tickets f\u00fcr &#8222;<a title=\"\" href=\"\/\/filmkunstkinos.de\/kinos\/metropol\/\" target=\"_blank\" rel=\"noopener\">Barrikade<\/a>&#8222;)<\/td>\n<\/tr>\n<tr style=\"height: 22px;\">\n<td style=\"height: 17px; width: 37.148594%;\" valign=\"top\"><strong>Erfurt:<\/strong><\/td>\n<td style=\"height: 17px; width: 165.296273%;\" valign=\"middle\">Schambrowski<\/td>\n<\/tr>\n<tr style=\"height: 22px;\">\n<td style=\"height: 22px; width: 37.148594%;\" valign=\"top\"><strong>Frankfurt:<\/strong><\/td>\n<td style=\"height: 22px; width: 165.296273%;\" valign=\"middle\">Harmonie\u00a0<span style=\"font-family: inherit; font-size: inherit;\">(Tickets f\u00fcr &#8222;<\/span><a style=\"font-family: inherit; font-size: inherit;\" title=\"\" href=\"https:\/\/www.arthouse-kinos.de\" target=\"_blank\" rel=\"noopener\">Barrikade<\/a><span style=\"font-family: inherit; font-size: inherit;\">&#8222;)<\/span><\/td>\n<\/tr>\n<tr style=\"height: 22px;\">\n<td style=\"height: 22px; width: 37.148594%;\" valign=\"top\"><strong>Gro\u00dfhennersdorf:<\/strong><\/td>\n<td style=\"height: 22px; width: 165.296273%;\" valign=\"middle\">Kunstbauerkino\u00a0<span style=\"font-family: inherit; font-size: inherit;\">(Tickets f\u00fcr &#8222;<\/span><a style=\"font-family: inherit; font-size: inherit;\" title=\"\" href=\"https:\/\/www.kunstbauerkino.de\/\" target=\"_blank\" rel=\"noopener\">Barrikade<\/a><span style=\"font-family: inherit; font-size: inherit;\">&#8222;)<\/span><\/td>\n<\/tr>\n<tr>\n<td style=\"width: 37.148594%;\"><strong>Hamburg:<\/strong><\/td>\n<td style=\"width: 165.296273%;\">3001 Kino <span style=\"font-family: inherit; font-size: inherit;\">(Tickets f\u00fcr &#8222;<\/span><a style=\"font-family: inherit; font-size: inherit;\" title=\"\" href=\"https:\/\/www.3001-kino.de\" target=\"_blank\" rel=\"noopener\">Barrikade<\/a><span style=\"font-family: inherit; font-size: inherit;\">&#8222;)<\/span><\/td>\n<\/tr>\n<tr style=\"height: 22px;\">\n<td style=\"height: 22px; width: 37.148594%;\" valign=\"top\"><strong>Heidelberg:<\/strong><\/td>\n<td style=\"height: 22px; width: 165.296273%;\" valign=\"middle\">Karlstorkino <span style=\"font-family: inherit; font-size: inherit;\">(Tickets f\u00fcr &#8222;<\/span><a style=\"font-family: inherit; font-size: inherit;\" title=\"\" href=\"https:\/\/www.karlstorkino.de\" target=\"_blank\" rel=\"noopener\">Barrikade<\/a><span style=\"font-family: inherit; font-size: inherit;\">&#8222;)<\/span><\/td>\n<\/tr>\n<tr style=\"height: 22px;\">\n<td style=\"height: 10px; width: 37.148594%;\" valign=\"top\"><strong>Hillesheim:<\/strong><\/td>\n<td style=\"height: 10px; width: 165.296273%;\" valign=\"middle\">Eifel-Film-B\u00fchne<span class=\"Apple-converted-space\"> <span style=\"font-family: inherit; font-size: inherit;\">(Tickets f\u00fcr &#8222;<\/span><a style=\"font-family: inherit; font-size: inherit;\" title=\"\" href=\"https:\/\/eifelfilmbuehne.de\" target=\"_blank\" rel=\"noopener\">Barrikade<\/a><span style=\"font-family: inherit; font-size: inherit;\">&#8222;)<\/span><\/span><\/td>\n<\/tr>\n<tr>\n<td style=\"width: 37.148594%;\"><strong>Hoechst<\/strong><\/td>\n<td style=\"width: 165.296273%;\">Filmforum Hoechst <span class=\"Apple-converted-space\"><span style=\"font-family: inherit; font-size: inherit;\">(Tickets f\u00fcr &#8222;<\/span><a style=\"font-family: inherit; font-size: inherit;\" title=\"\" href=\"https:\/\/www.xn--filmforum-hchst-jtb.com\" target=\"_blank\" rel=\"noopener\">Barrikade<\/a><span style=\"font-family: inherit; font-size: inherit;\">&#8222;)<\/span><\/span><\/td>\n<\/tr>\n<tr style=\"height: 22px;\">\n<td style=\"height: 22px; width: 37.148594%;\" valign=\"top\"><strong>K\u00f6ln:<\/strong><\/td>\n<td style=\"height: 22px; width: 165.296273%;\" valign=\"middle\">Lichtspiele Kalk<span style=\"font-family: inherit; font-size: inherit;\">\u00a0<span class=\"Apple-converted-space\">(Tickets f\u00fcr &#8222;<a style=\"font-family: inherit; font-size: inherit;\" title=\"\" href=\"https:\/\/www.lichtspiele-kalk.de\" target=\"_blank\" rel=\"noopener\">Barrikade<\/a>&#8222;)<\/span><\/span><\/td>\n<\/tr>\n<tr style=\"height: 22px;\">\n<td style=\"height: 22px; width: 37.148594%;\" valign=\"top\"><strong>Leipzig:<\/strong><\/td>\n<td style=\"height: 22px; width: 165.296273%;\" valign=\"middle\">Luru Kino<span class=\"Apple-converted-space\"> <span style=\"font-family: inherit; font-size: inherit;\">(Tickets f\u00fcr &#8222;<a style=\"font-family: inherit; font-size: inherit;\" title=\"\" href=\"https:\/\/www.luru-kino.de\" target=\"_blank\" rel=\"noopener\">Barrikade<\/a>&#8222;)<\/span><\/span><\/td>\n<\/tr>\n<tr style=\"height: 22px;\">\n<td style=\"height: 22px; width: 37.148594%;\" valign=\"top\"><strong>Leutershausen:<\/strong><\/td>\n<td style=\"height: 22px; width: 165.296273%;\" valign=\"middle\">Olympia Kino\u00a0<span style=\"font-family: inherit; font-size: inherit;\">(<\/span><span style=\"font-family: inherit; font-size: inherit;\">Tickets f\u00fcr &#8222;<a style=\"font-family: inherit; font-size: inherit;\" title=\"\" href=\"https:\/\/www.olympia-leutershausen.de\" target=\"_blank\" rel=\"noopener\">Barrikade<\/a>&#8222;)<\/span><\/td>\n<\/tr>\n<tr style=\"height: 22px;\">\n<td style=\"width: 37.148594%; height: 22px;\"><strong>Ludwigslust:<br \/>\n<\/strong><\/td>\n<td style=\"width: 165.296273%; height: 22px;\">Luna Filmtheater <span style=\"font-family: inherit; font-size: inherit;\">(<\/span><span style=\"font-family: inherit; font-size: inherit;\">Tickets f\u00fcr &#8222;<a style=\"font-family: inherit; font-size: inherit;\" title=\"\" href=\"https:\/\/www.lunafilmtheater.de\/\" target=\"_blank\" rel=\"noopener\">Barrikade<\/a>&#8222;)<\/span><\/td>\n<\/tr>\n<tr style=\"height: 22px;\">\n<td style=\"width: 37.148594%; height: 22px;\"><strong>Marburg:<br \/>\n<\/strong><\/td>\n<td style=\"width: 165.296273%; height: 22px;\">Capitol [Cineplex] <span style=\"font-family: inherit; font-size: inherit;\">(<\/span><span style=\"font-family: inherit; font-size: inherit;\">Tickets f\u00fcr &#8222;<a style=\"font-family: inherit; font-size: inherit;\" title=\"\" href=\"https:\/\/www.cineplex.de\/programm\/marburg\/\" target=\"_blank\" rel=\"noopener\">Barrikade<\/a>&#8222;)<\/span><\/td>\n<\/tr>\n<tr style=\"height: 22px;\">\n<td style=\"height: 22px; width: 37.148594%;\" valign=\"top\"><strong>Oberhausen<\/strong><strong style=\"font-family: inherit; font-size: inherit;\">:<\/strong><\/td>\n<td style=\"height: 22px; width: 165.296273%;\" valign=\"middle\">Walzenlager (<span style=\"font-family: inherit; font-size: inherit;\">Tickets f\u00fcr &#8222;<a style=\"font-family: inherit; font-size: inherit;\" title=\"\" href=\"https:\/\/www.olympia-leutershausen.de\" target=\"_blank\" rel=\"noopener\">Barrikade<\/a>&#8222;)<\/span><\/td>\n<\/tr>\n<tr style=\"height: 22px;\">\n<td style=\"height: 22px; width: 37.148594%;\" valign=\"top\"><strong>Oldenburg:<\/strong><\/td>\n<td style=\"height: 22px; width: 165.296273%;\" valign=\"middle\">Cine K (<span style=\"font-family: inherit; font-size: inherit;\">Tickets f\u00fcr &#8222;<a style=\"font-family: inherit; font-size: inherit;\" title=\"\" href=\"https:\/\/www.cine-k.de\" target=\"_blank\" rel=\"noopener\">Barrikade<\/a>&#8222;)<\/span><\/td>\n<\/tr>\n<tr style=\"height: 22px;\">\n<td style=\"height: 22px; width: 37.148594%;\" valign=\"top\"><strong>Regensburg<\/strong><strong style=\"font-family: inherit; font-size: inherit;\">:\u00a0<\/strong><\/td>\n<td style=\"height: 22px; width: 165.296273%;\" valign=\"middle\">Filmgalerie (<span style=\"font-family: inherit; font-size: inherit;\">Tickets f\u00fcr &#8222;<a style=\"font-family: inherit; font-size: inherit;\" title=\"\" href=\"https:\/\/www.filmgalerie.de\" target=\"_blank\" rel=\"noopener\">Barrikade<\/a>&#8222;)<\/span><\/td>\n<\/tr>\n<tr style=\"height: 22px;\">\n<td style=\"height: 22px; width: 37.148594%;\" valign=\"top\"><strong>M\u00fcnchen:<\/strong><\/td>\n<td style=\"height: 22px; width: 165.296273%;\" valign=\"middle\">Werkstattkino\u00a0(<span style=\"font-family: inherit; font-size: inherit;\">Tickets f\u00fcr &#8222;<a style=\"font-family: inherit; font-size: inherit;\" title=\"\" href=\"\/\/werkstattkino.de\" target=\"_blank\" rel=\"noopener\">Barrikade<\/a>&#8222;)<\/span><\/td>\n<\/tr>\n<\/tbody>\n<\/table>\n<p>[\/vc_column_text][\/vc_column_inner][\/vc_row_inner][vc_empty_space height=&#8220;12px&#8220;][\/vc_column][\/vc_row][vc_row][vc_column][vc_empty_space height=&#8220;30px&#8220;][vc_column_text css=&#8220;.vc_custom_1675425036248{margin-bottom: -20px !important;}&#8220;]<span style=\"font-size: 18pt;\">Videos<\/span>[\/vc_column_text][vc_empty_space height=&#8220;40px&#8220;][\/vc_column][\/vc_row][vc_row][vc_column width=&#8220;1\/2&#8243;][vc_video link=&#8220;https:\/\/youtu.be\/_AK-7_W5YR4&#8243; css=&#8220;.vc_custom_1673541021466{margin-top: -10px !important;}&#8220;][vc_empty_space height=&#8220;20px&#8220;][\/vc_column][vc_column width=&#8220;1\/2&#8243;][vc_video link=&#8220;https:\/\/www.youtube.com\/watch?v=yGRnqegicbc&#8220; css=&#8220;.vc_custom_1673541029701{margin-top: -10px !important;}&#8220;][vc_empty_space height=&#8220;20px&#8220;][\/vc_column][\/vc_row][vc_row][vc_column][vc_empty_space height=&#8220;5px&#8220;][vc_column_text css=&#8220;.vc_custom_1674508803565{margin-bottom: -20px !important;}&#8220;]<span style=\"font-size: 18pt;\">Pressestimmen<\/span>[\/vc_column_text][vc_empty_space height=&#8220;30px&#8220;][vc_column_text]<em>&#8222;Nicht zuletzt besticht der Dokumentarfilm durch seine visuelle Kraft. In zum Teil sehr sch\u00f6nen und sorgf\u00e4ltig komponierten Bildern illustriert er das Zusammenleben der Aktivisten, besticht aber auch durch atemberaubende, mit Drohnen aufgenommene Panoramaaufnahmen des Biotops, das es zu sch\u00fctzen gilt: den Wald &#8222;<\/em> (<strong>Filmdienst<\/strong>)<\/p>\n<p><em>&#8222;Ein Dokumentarfilm \u00fcber Widerstand: Der Klimawandel bedroht unser aller Leben und treibt Menschen auf die Barrikaden. Ein w\u00fctender Film &#8230;&#8220;<\/em> (<strong>Kino-Zeit<\/strong>)<\/p>\n<p><em>&#8222;Wie sich im Angesicht von Umwelt- und Klimazerst\u00f6rung, im Wissen um die Ohnmacht von Worten ganz neue Allianzen bilden, zeigt David Klammers Film.&#8220;<\/em> (<strong>Leipziger Zeitung<\/strong>)<\/p>\n<p><em>&#8222;Ganz nah dran sein am Protest&#8220;<\/em> (<strong>SWR2<\/strong>)<\/p>\n<p><em>&#8222;Barrikade ist eine Verneigung vor dem Protest und den Idealen der Besetzer:innen \u2013 und vor dem, was sie bewahren wollen.&#8220;<\/em> (<strong>Der Freitag<\/strong>)[\/vc_column_text][vc_separator][\/vc_column][\/vc_row][vc_row][vc_column width=&#8220;1\/2&#8243;][vc_column_text]Weitere Informationen \u00fcber den Film:\u00a0<a title=\"Barrikade (2020) von David Klammer | NONFY Documentaries\" href=\"https:\/\/ucm.one\/de\/barrikade\/\">Barrikade <\/a>[\/vc_column_text][\/vc_column][vc_column width=&#8220;1\/2&#8243;][vc_column_text]Weitere Informationen \u00fcber das Label: <a title=\"NONFY Documentaries\" href=\"https:\/\/ucm.one\/de\/film-labels\/nonfy-documentaries\/\">NONFY Documentaries<\/a>[\/vc_column_text][\/vc_column][\/vc_row]<\/p>\n<\/div>","protected":false},"excerpt":{"rendered":"<p>[vc_row][vc_column][vc_column_text]Ab heute kann.der Dokumentarfilm &#8222;Barrikade&#8220; des preisgekr\u00f6nten K\u00f6lner Fotografen und Filmemachers David Klammer\u00a0im Verleih der UCM.ONE auf dem Label NONFY Documentaries bundesweiten in Kinos angesehen werden.[\/vc_column_text][\/vc_column][\/vc_row][vc_row][vc_column width=&#8220;3\/5&#8243;][vc_column_text]Der Kohlekonzern RWE ist aktuell dabei,\u00a0L\u00fctzerath trotz Kohleausstieg endg\u00fcltig abzurei\u00dfen und den Tagebau Garzweiler massiv ausweiten. In den letzten Wochen waren Klimaaktivist:innen, aber auch zehntausende B\u00fcrger, mit ihren Protesten&hellip;<\/p>\n","protected":false},"author":2,"featured_media":86821,"comment_status":"closed","ping_status":"closed","sticky":false,"template":"","format":"standard","meta":{"_acf_changed":false,"footnotes":""},"categories":[6267,8,10,13,4587,752],"tags":[10287,15163,15176,15158,15172,15171,15166,15173,15161,15159,15164,15160,15174,15175,15165,4603,2355,15162,15170,15169,15168,15167],"class_list":["post-86820","post","type-post","status-publish","format-standard","has-post-thumbnail","hentry","category-dokumentarfilm","category-film","category-kino","category-news","category-nonfy-documentaries","category-verleih","tag-acud-kino","tag-aktivisten","tag-aktivisteninnen","tag-barrikade","tag-baumhaus","tag-baumhaeuser","tag-besetzung","tag-blockade","tag-dannenroeder-wald","tag-david-klammer","tag-fechenheimer-wald","tag-hambacher-forst","tag-klimaaktivisten","tag-klimaaktivisteninnen","tag-luetzerath","tag-nonfy-documentaries","tag-premiere","tag-protest","tag-proteste","tag-umwelt","tag-umweltaktivismus","tag-waldbesetzung","category-6267","category-8","category-10","category-13","category-4587","category-752","description-off"],"acf":[],"yoast_head":"<!-- This site is optimized with the Yoast SEO plugin v27.5 - https:\/\/yoast.com\/product\/yoast-seo-wordpress\/ -->\n<title>&quot;Barrikade&quot; startet bundesweit in den Kinos<\/title>\n<meta name=\"description\" content=\"Ab heute kann.der Dokumentarfilm &quot;Barrikade&quot; des preisgekr\u00f6nten K\u00f6lner Fotografen und Filmemachers David Klammer\u00a0bundesweit in Kinos angesehen werden.\" \/>\n<meta name=\"robots\" content=\"index, follow, max-snippet:-1, max-image-preview:large, max-video-preview:-1\" \/>\n<link rel=\"canonical\" href=\"https:\/\/ucm.one\/de\/barrikade-von-david-klammer-startet-bundesweit-in-den-kinos\/\" \/>\n<meta property=\"og:locale\" content=\"de_DE\" \/>\n<meta property=\"og:type\" content=\"article\" \/>\n<meta property=\"og:title\" content=\"&quot;Barrikade&quot; von David Klammer startet bundesweit in den Kinos\" \/>\n<meta property=\"og:description\" content=\"Ab heute kann.der Dokumentarfilm &quot;Barrikade&quot; des preisgekr\u00f6nten K\u00f6lner Fotografen und Filmemachers David Klammer\u00a0im Verleih der UCM.ONE auf dem label NONFY Documentaries bundesweiten in Kinos angesehen werden.\" \/>\n<meta property=\"og:url\" content=\"https:\/\/ucm.one\/de\/barrikade-von-david-klammer-startet-bundesweit-in-den-kinos\/\" \/>\n<meta property=\"og:site_name\" content=\"UCM.ONE\" \/>\n<meta property=\"article:published_time\" content=\"2023-02-02T11:34:44+00:00\" \/>\n<meta property=\"article:modified_time\" content=\"2023-03-25T22:15:52+00:00\" \/>\n<meta property=\"og:image\" content=\"https:\/\/ucm.one\/wp-content\/uploads\/2023\/02\/Barrikade-Premiere.jpg\" \/>\n<meta name=\"author\" content=\"Joachim Keil\" \/>\n<meta name=\"twitter:card\" content=\"summary_large_image\" \/>\n<meta name=\"twitter:title\" content=\"&quot;Barrikade&quot; von David Klammer startet bundesweit in den Kinos\" \/>\n<meta name=\"twitter:description\" content=\"Ab heute kann.der Dokumentarfilm &quot;Barrikade&quot; des preisgekr\u00f6nten K\u00f6lner Fotografen und Filmemachers David Klammer\u00a0im Verleih der UCM.ONE auf dem label NONFY Documentaries bundesweiten in Kinos angesehen werden.\" \/>\n<meta name=\"twitter:image\" content=\"https:\/\/ucm.one\/wp-content\/uploads\/2023\/02\/Barrikade-Premiere.jpg\" \/>\n<meta name=\"twitter:label1\" content=\"Verfasst von\" \/>\n\t<meta name=\"twitter:data1\" content=\"Joachim Keil\" \/>\n\t<meta name=\"twitter:label2\" content=\"Gesch\u00e4tzte Lesezeit\" \/>\n\t<meta name=\"twitter:data2\" content=\"4\u00a0Minuten\" \/>\n<!-- \/ Yoast SEO plugin. -->","yoast_head_json":{"title":"\"Barrikade\" startet bundesweit in den Kinos","description":"Ab heute kann.der Dokumentarfilm \"Barrikade\" des preisgekr\u00f6nten K\u00f6lner Fotografen und Filmemachers David Klammer\u00a0bundesweit in Kinos angesehen werden.","robots":{"index":"index","follow":"follow","max-snippet":"max-snippet:-1","max-image-preview":"max-image-preview:large","max-video-preview":"max-video-preview:-1"},"canonical":"https:\/\/ucm.one\/de\/barrikade-von-david-klammer-startet-bundesweit-in-den-kinos\/","og_locale":"de_DE","og_type":"article","og_title":"\"Barrikade\" von David Klammer startet bundesweit in den Kinos","og_description":"Ab heute kann.der Dokumentarfilm \"Barrikade\" des preisgekr\u00f6nten K\u00f6lner Fotografen und Filmemachers David Klammer\u00a0im Verleih der UCM.ONE auf dem label NONFY Documentaries bundesweiten in Kinos angesehen werden.","og_url":"https:\/\/ucm.one\/de\/barrikade-von-david-klammer-startet-bundesweit-in-den-kinos\/","og_site_name":"UCM.ONE","article_published_time":"2023-02-02T11:34:44+00:00","article_modified_time":"2023-03-25T22:15:52+00:00","og_image":[{"url":"https:\/\/ucm.one\/wp-content\/uploads\/2023\/02\/Barrikade-Premiere.jpg","type":"","width":"","height":""}],"author":"Joachim Keil","twitter_card":"summary_large_image","twitter_title":"\"Barrikade\" von David Klammer startet bundesweit in den Kinos","twitter_description":"Ab heute kann.der Dokumentarfilm \"Barrikade\" des preisgekr\u00f6nten K\u00f6lner Fotografen und Filmemachers David Klammer\u00a0im Verleih der UCM.ONE auf dem label NONFY Documentaries bundesweiten in Kinos angesehen werden.","twitter_image":"https:\/\/ucm.one\/wp-content\/uploads\/2023\/02\/Barrikade-Premiere.jpg","twitter_misc":{"Verfasst von":"Joachim Keil","Gesch\u00e4tzte Lesezeit":"4\u00a0Minuten"},"schema":{"@context":"https:\/\/schema.org","@graph":[{"@type":"Article","@id":"https:\/\/ucm.one\/de\/barrikade-von-david-klammer-startet-bundesweit-in-den-kinos\/#article","isPartOf":{"@id":"https:\/\/ucm.one\/de\/barrikade-von-david-klammer-startet-bundesweit-in-den-kinos\/"},"author":{"name":"Joachim Keil","@id":"https:\/\/ucm.one\/de\/#\/schema\/person\/4b959e467e8acc058836467a0ef8fa50"},"headline":"\ud83c\udfac &#8222;Barrikade&#8220; von David Klammer startet bundesweit in den Kinos","datePublished":"2023-02-02T11:34:44+00:00","dateModified":"2023-03-25T22:15:52+00:00","mainEntityOfPage":{"@id":"https:\/\/ucm.one\/de\/barrikade-von-david-klammer-startet-bundesweit-in-den-kinos\/"},"wordCount":839,"publisher":{"@id":"https:\/\/ucm.one\/de\/#organization"},"image":{"@id":"https:\/\/ucm.one\/de\/barrikade-von-david-klammer-startet-bundesweit-in-den-kinos\/#primaryimage"},"thumbnailUrl":"https:\/\/ucm.one\/wp-content\/uploads\/2023\/02\/B-Barrikade-Kinostart.jpg","keywords":["ACUD Kino","Aktivisten","Aktivisten:innen","Barrikade","Baumhaus","Baumh\u00e4user","Besetzung","Blockade","Dannenr\u00f6der Wald","David Klammer","Fechenheimer Wald","Hambacher Forst","Klimaaktivisten","Klimaaktivisten:innen","L\u00fctzerath","NONFY Documentaries","Premiere","Protest","Proteste","Umwelt","Umweltaktivismus","Waldbesetzung"],"articleSection":["Dokumentarfilm","Film","Kino","News","NONFY Documentaries","Verleih"],"inLanguage":"de"},{"@type":"WebPage","@id":"https:\/\/ucm.one\/de\/barrikade-von-david-klammer-startet-bundesweit-in-den-kinos\/","url":"https:\/\/ucm.one\/de\/barrikade-von-david-klammer-startet-bundesweit-in-den-kinos\/","name":"\"Barrikade\" startet bundesweit in den Kinos","isPartOf":{"@id":"https:\/\/ucm.one\/de\/#website"},"primaryImageOfPage":{"@id":"https:\/\/ucm.one\/de\/barrikade-von-david-klammer-startet-bundesweit-in-den-kinos\/#primaryimage"},"image":{"@id":"https:\/\/ucm.one\/de\/barrikade-von-david-klammer-startet-bundesweit-in-den-kinos\/#primaryimage"},"thumbnailUrl":"https:\/\/ucm.one\/wp-content\/uploads\/2023\/02\/B-Barrikade-Kinostart.jpg","datePublished":"2023-02-02T11:34:44+00:00","dateModified":"2023-03-25T22:15:52+00:00","description":"Ab heute kann.der Dokumentarfilm \"Barrikade\" des preisgekr\u00f6nten K\u00f6lner Fotografen und Filmemachers David Klammer\u00a0bundesweit in Kinos angesehen werden.","breadcrumb":{"@id":"https:\/\/ucm.one\/de\/barrikade-von-david-klammer-startet-bundesweit-in-den-kinos\/#breadcrumb"},"inLanguage":"de","potentialAction":[{"@type":"ReadAction","target":["https:\/\/ucm.one\/de\/barrikade-von-david-klammer-startet-bundesweit-in-den-kinos\/"]}]},{"@type":"ImageObject","inLanguage":"de","@id":"https:\/\/ucm.one\/de\/barrikade-von-david-klammer-startet-bundesweit-in-den-kinos\/#primaryimage","url":"https:\/\/ucm.one\/wp-content\/uploads\/2023\/02\/B-Barrikade-Kinostart.jpg","contentUrl":"https:\/\/ucm.one\/wp-content\/uploads\/2023\/02\/B-Barrikade-Kinostart.jpg","width":1920,"height":600},{"@type":"BreadcrumbList","@id":"https:\/\/ucm.one\/de\/barrikade-von-david-klammer-startet-bundesweit-in-den-kinos\/#breadcrumb","itemListElement":[{"@type":"ListItem","position":1,"name":"Home","item":"https:\/\/ucm.one\/de\/"},{"@type":"ListItem","position":2,"name":"\ud83c\udfac &#8222;Barrikade&#8220; von David Klammer startet bundesweit in den Kinos"}]},{"@type":"WebSite","@id":"https:\/\/ucm.one\/de\/#website","url":"https:\/\/ucm.one\/de\/","name":"UCM.ONE","description":"","publisher":{"@id":"https:\/\/ucm.one\/de\/#organization"},"potentialAction":[{"@type":"SearchAction","target":{"@type":"EntryPoint","urlTemplate":"https:\/\/ucm.one\/de\/?s={search_term_string}"},"query-input":{"@type":"PropertyValueSpecification","valueRequired":true,"valueName":"search_term_string"}}],"inLanguage":"de"},{"@type":"Organization","@id":"https:\/\/ucm.one\/de\/#organization","name":"UCM.ONE","url":"https:\/\/ucm.one\/de\/","logo":{"@type":"ImageObject","inLanguage":"de","@id":"https:\/\/ucm.one\/de\/#\/schema\/logo\/image\/","url":"https:\/\/ucm.one\/wp-content\/uploads\/2019\/10\/UCM.ONE-Logo-RGB.svg","contentUrl":"https:\/\/ucm.one\/wp-content\/uploads\/2019\/10\/UCM.ONE-Logo-RGB.svg","width":1,"height":1,"caption":"UCM.ONE"},"image":{"@id":"https:\/\/ucm.one\/de\/#\/schema\/logo\/image\/"}},{"@type":"Person","@id":"https:\/\/ucm.one\/de\/#\/schema\/person\/4b959e467e8acc058836467a0ef8fa50","name":"Joachim Keil","image":{"@type":"ImageObject","inLanguage":"de","@id":"https:\/\/secure.gravatar.com\/avatar\/10e1dfd05f2a7a7bc83cd44bae31e01c8ac15f974229211a2b1a49fa0a22fec0?s=96&d=mm&r=g","url":"https:\/\/secure.gravatar.com\/avatar\/10e1dfd05f2a7a7bc83cd44bae31e01c8ac15f974229211a2b1a49fa0a22fec0?s=96&d=mm&r=g","contentUrl":"https:\/\/secure.gravatar.com\/avatar\/10e1dfd05f2a7a7bc83cd44bae31e01c8ac15f974229211a2b1a49fa0a22fec0?s=96&d=mm&r=g","caption":"Joachim Keil"},"sameAs":["https:\/\/ucm.one"]}]}},"_links":{"self":[{"href":"https:\/\/ucm.one\/de\/wp-json\/wp\/v2\/posts\/86820","targetHints":{"allow":["GET"]}}],"collection":[{"href":"https:\/\/ucm.one\/de\/wp-json\/wp\/v2\/posts"}],"about":[{"href":"https:\/\/ucm.one\/de\/wp-json\/wp\/v2\/types\/post"}],"author":[{"embeddable":true,"href":"https:\/\/ucm.one\/de\/wp-json\/wp\/v2\/users\/2"}],"replies":[{"embeddable":true,"href":"https:\/\/ucm.one\/de\/wp-json\/wp\/v2\/comments?post=86820"}],"version-history":[{"count":0,"href":"https:\/\/ucm.one\/de\/wp-json\/wp\/v2\/posts\/86820\/revisions"}],"wp:featuredmedia":[{"embeddable":true,"href":"https:\/\/ucm.one\/de\/wp-json\/wp\/v2\/media\/86821"}],"wp:attachment":[{"href":"https:\/\/ucm.one\/de\/wp-json\/wp\/v2\/media?parent=86820"}],"wp:term":[{"taxonomy":"category","embeddable":true,"href":"https:\/\/ucm.one\/de\/wp-json\/wp\/v2\/categories?post=86820"},{"taxonomy":"post_tag","embeddable":true,"href":"https:\/\/ucm.one\/de\/wp-json\/wp\/v2\/tags?post=86820"}],"curies":[{"name":"wp","href":"https:\/\/api.w.org\/{rel}","templated":true}]}}