{"id":86766,"date":"2023-02-01T13:52:18","date_gmt":"2023-02-01T13:52:18","guid":{"rendered":"https:\/\/ucm.one\/?p=86766"},"modified":"2023-03-10T09:07:48","modified_gmt":"2023-03-10T09:07:48","slug":"kinostartpremiere-von-barrikade-nonfy-documentaries-im-berliner-acud-kino","status":"publish","type":"post","link":"https:\/\/ucm.one\/de\/kinostartpremiere-von-barrikade-nonfy-documentaries-im-berliner-acud-kino\/","title":{"rendered":"\ud83c\udfac Kinostartpremiere von &#8222;Barrikade&#8220; (NONFY Documentaries) im Berliner Acud Kino"},"content":{"rendered":"<div class=\"wpb-content-wrapper\"><p>[vc_row][vc_column width=&#8220;2\/3&#8243;][vc_column_text]Der Dokumentarfilm &#8222;<strong>Barrikade<\/strong>&#8220; des preisgekr\u00f6nten K\u00f6lner Fotografen und Filmemachers <strong>David Klammer<\/strong> feiert seinen bundesweiten Kinostart am Donnerstag den 02. Februar 2023 um 21:00 Uhr im <strong>Acud Kino<\/strong> in Berlin.[\/vc_column_text][vc_column_text]<\/p>\n<div>Der Kohlekonzern <strong>RWE<\/strong> ist dabei, <strong>L\u00fctzerath<\/strong> trotz Kohleausstieg endg\u00fcltig abzurei\u00dfen und den Tagebau <strong>Garzweiler<\/strong> massiv ausweiten. In den letzten Wochen waren Klimaaktivist:nnen, aber auch zehntausende B\u00fcrger mit ihren Protesten und Aktionen im Mittelpunkt der Aufmerksamkeit.<\/div>\n<p>[\/vc_column_text][vc_column_text]<\/p>\n<div><strong>David Klammer<\/strong> begleitet seit Jahren mit seinen Bildern die Proteste von Klimaaktivist:innen. \u00a0Als 2020 in Hessen die Autobahn A49 direkt durch einen lebendigen Forst geschlagen werden sollte, dokumentierte <strong>David Klammer<\/strong> mit einzigartigen Bildern die Proteste gegen die Rodung des <strong>Dannenr\u00f6der Forstes<\/strong> mit der Filmkamera.<\/div>\n<p>[\/vc_column_text][vc_column_text]<strong>David Klammer<\/strong> lebte wochenlang mit den Aktivist:nnen in deren Baumh\u00e4usern und konnte so eine beeindruckende emotionale N\u00e4he zu den Ereignissen mit seinen Bildern schaffen. Der Film taucht mit poetischen Bildern tief und vertrauensvoll in die Beweggr\u00fcnde, \u00c4ngste und Hoffnungen der Aktivist:innen ein, zeigt aber auch hautnah den massiven Polizeieinsatz.[\/vc_column_text][vc_column_text]Ein Szenario, das in den n\u00e4chsten Jahren den Alltag in Deutschland bestimmen k\u00f6nnte. Der Kampf von Aktivist:innen gegen beschleunigte Planungsverfahren f\u00fcr Autobahnen Eisenbahntrassen oder gar Windr\u00e4der, die den Umwelt und Landschaftsschutz hinten anstellen.[\/vc_column_text][\/vc_column][vc_column width=&#8220;1\/3&#8243;][vc_single_image image=&#8220;85316&#8243; img_size=&#8220;full&#8220; onclick=&#8220;link_image&#8220;][\/vc_column][\/vc_row][vc_row][vc_column width=&#8220;1\/2&#8243;][vc_single_image image=&#8220;85211&#8243; img_size=&#8220;full&#8220; onclick=&#8220;link_image&#8220;][\/vc_column][vc_column width=&#8220;1\/2&#8243;][vc_single_image image=&#8220;85202&#8243; img_size=&#8220;full&#8220; onclick=&#8220;link_image&#8220;][\/vc_column][\/vc_row][vc_row][vc_column][vc_column_text]&#8220;<strong>Barrikade<\/strong>&#8220; von <strong>David Klammer<\/strong> startet auf dem Filmlabel <strong>NONFY Documentaries<\/strong> am 02.02.2023 auch bundesweit in den Kinos.[\/vc_column_text][\/vc_column][\/vc_row][vc_row][vc_column width=&#8220;1\/2&#8243;][vc_video link=&#8220;https:\/\/youtu.be\/_AK-7_W5YR4&#8243; css=&#8220;.vc_custom_1673541021466{margin-top: -10px !important;}&#8220;][vc_empty_space height=&#8220;20px&#8220;][\/vc_column][vc_column width=&#8220;1\/2&#8243;][vc_video link=&#8220;https:\/\/www.youtube.com\/watch?v=yGRnqegicbc&#8220; css=&#8220;.vc_custom_1673541029701{margin-top: -10px !important;}&#8220;][vc_empty_space height=&#8220;20px&#8220;][\/vc_column][\/vc_row][vc_row][vc_column][vc_empty_space height=&#8220;30px&#8220;][vc_column_text css=&#8220;.vc_custom_1674508803565{margin-bottom: -20px !important;}&#8220;]<span style=\"font-size: 18pt;\">Pressestimmen<\/span>[\/vc_column_text][vc_empty_space height=&#8220;30px&#8220;][vc_column_text]<em>&#8222;Nicht zuletzt besticht der Dokumentarfilm durch seine visuelle Kraft. In zum Teil sehr sch\u00f6nen und sorgf\u00e4ltig komponierten Bildern illustriert er das Zusammenleben der Aktivisten, besticht aber auch durch atemberaubende, mit Drohnen aufgenommene Panoramaaufnahmen des Biotops, das es zu sch\u00fctzen gilt: den Wald &#8222;<\/em> (<strong>Filmdienst<\/strong>)<\/p>\n<p><em>&#8222;Ein Dokumentarfilm \u00fcber Widerstand: Der Klimawandel bedroht unser aller Leben und treibt Menschen auf die Barrikaden. Ein w\u00fctender Film &#8230;&#8220;<\/em> (<strong>Kino-Zeit<\/strong>)<\/p>\n<p><em>&#8222;Wie sich im Angesicht von Umwelt- und Klimazerst\u00f6rung, im Wissen um die Ohnmacht von Worten ganz neue Allianzen bilden, zeigt David Klammers Film.&#8220;<\/em> (<strong>Leipziger Zeitung<\/strong>)<\/p>\n<p><em>&#8222;Ganz nah dran sein am Protest&#8220;<\/em> (<strong>SWR2<\/strong>)<\/p>\n<p><em>&#8222;Barrikade ist eine Verneigung vor dem Protest und den Idealen der Besetzer:innen \u2013 und vor dem, was sie bewahren wollen.&#8220;<\/em> (<strong>Der Freitag<\/strong>)[\/vc_column_text][vc_separator][\/vc_column][\/vc_row][vc_row][vc_column width=&#8220;1\/2&#8243;][vc_column_text]Weitere Informationen \u00fcber den Film:\u00a0<a title=\"Barrikade (2020) von David Klammer | NONFY Documentaries\" href=\"https:\/\/ucm.one\/de\/barrikade\/\">Barrikade <\/a>[\/vc_column_text][\/vc_column][vc_column width=&#8220;1\/2&#8243;][vc_column_text]Weitere Informationen \u00fcber das Label: <a title=\"NONFY Documentaries\" href=\"https:\/\/ucm.one\/de\/film-labels\/nonfy-documentaries\/\">NONFY Documentaries<\/a>[\/vc_column_text][\/vc_column][\/vc_row]<\/p>\n<\/div>","protected":false},"excerpt":{"rendered":"<p>[vc_row][vc_column width=&#8220;2\/3&#8243;][vc_column_text]Der Dokumentarfilm &#8222;Barrikade&#8220; des preisgekr\u00f6nten K\u00f6lner Fotografen und Filmemachers David Klammer feiert seinen bundesweiten Kinostart am Donnerstag den 02. Februar 2023 um 21:00 Uhr im Acud Kino in Berlin.[\/vc_column_text][vc_column_text] Der Kohlekonzern RWE ist dabei, L\u00fctzerath trotz Kohleausstieg endg\u00fcltig abzurei\u00dfen und den Tagebau Garzweiler massiv ausweiten. In den letzten Wochen waren Klimaaktivist:nnen, aber auch zehntausende&hellip;<\/p>\n","protected":false},"author":2,"featured_media":86767,"comment_status":"closed","ping_status":"closed","sticky":false,"template":"","format":"standard","meta":{"_acf_changed":false,"footnotes":""},"categories":[6267,8,10,13,4587,752],"tags":[10287,15163,15176,15158,15172,15171,15166,15173,15161,15159,15164,15160,15174,15175,15165,4603,2355,15162,15170,15169,15168,15167],"class_list":["post-86766","post","type-post","status-publish","format-standard","has-post-thumbnail","hentry","category-dokumentarfilm","category-film","category-kino","category-news","category-nonfy-documentaries","category-verleih","tag-acud-kino","tag-aktivisten","tag-aktivisteninnen","tag-barrikade","tag-baumhaus","tag-baumhaeuser","tag-besetzung","tag-blockade","tag-dannenroeder-wald","tag-david-klammer","tag-fechenheimer-wald","tag-hambacher-forst","tag-klimaaktivisten","tag-klimaaktivisteninnen","tag-luetzerath","tag-nonfy-documentaries","tag-premiere","tag-protest","tag-proteste","tag-umwelt","tag-umweltaktivismus","tag-waldbesetzung","category-6267","category-8","category-10","category-13","category-4587","category-752","description-off"],"acf":[],"yoast_head":"<!-- This site is optimized with the Yoast SEO plugin v27.5 - https:\/\/yoast.com\/product\/yoast-seo-wordpress\/ -->\n<title>Kinostartpremiere von &quot;Barrikade&quot; im Berliner Acud Kino<\/title>\n<meta name=\"description\" content=\"Der Dokumentarfilm &quot;Barrikade&quot; des preisgekr\u00f6nten K\u00f6lner Fotografen und Filmemachers David Klammer feiert seinen bundesweiten Kinostart am Donnerstag den 02. Februar 2023 um 21:00 Uhr im Acud Kino in Berlin.\" \/>\n<meta name=\"robots\" content=\"index, follow, max-snippet:-1, max-image-preview:large, max-video-preview:-1\" \/>\n<link rel=\"canonical\" href=\"https:\/\/ucm.one\/de\/kinostartpremiere-von-barrikade-nonfy-documentaries-im-berliner-acud-kino\/\" \/>\n<meta property=\"og:locale\" content=\"de_DE\" \/>\n<meta property=\"og:type\" content=\"article\" \/>\n<meta property=\"og:title\" content=\"Kinostartpremiere von &quot;Barrikade&quot; im Berliner Acud Kino\" \/>\n<meta property=\"og:description\" content=\"Der Dokumentarfilm &quot;Barrikade&quot; des preisgekr\u00f6nten K\u00f6lner Fotografen und Filmemachers David Klammer feiert seinen bundesweiten Kinostart am Donnerstag den 02. Februar 2023 um 21:00 Uhr im Acud Kino in Berlin.\" \/>\n<meta property=\"og:url\" content=\"https:\/\/ucm.one\/de\/kinostartpremiere-von-barrikade-nonfy-documentaries-im-berliner-acud-kino\/\" \/>\n<meta property=\"og:site_name\" content=\"UCM.ONE\" \/>\n<meta property=\"article:published_time\" content=\"2023-02-01T13:52:18+00:00\" \/>\n<meta property=\"article:modified_time\" content=\"2023-03-10T09:07:48+00:00\" \/>\n<meta property=\"og:image\" content=\"https:\/\/ucm.one\/wp-content\/uploads\/2023\/01\/P-Barikade.jpg\" \/>\n<meta name=\"author\" content=\"Joachim Keil\" \/>\n<meta name=\"twitter:card\" content=\"summary_large_image\" \/>\n<meta name=\"twitter:title\" content=\"Kinostartpremiere von &quot;Barrikade&quot; im Berliner Acud Kino\" \/>\n<meta name=\"twitter:description\" content=\"Der Dokumentarfilm &quot;Barrikade&quot; des preisgekr\u00f6nten K\u00f6lner Fotografen und Filmemachers David Klammer feiert seinen bundesweiten Kinostart am Donnerstag den 02. Februar 2023 um 21:00 Uhr im Acud Kino in Berlin.\" \/>\n<meta name=\"twitter:image\" content=\"https:\/\/ucm.one\/wp-content\/uploads\/2023\/01\/P-Barikade.jpg\" \/>\n<meta name=\"twitter:label1\" content=\"Verfasst von\" \/>\n\t<meta name=\"twitter:data1\" content=\"Joachim Keil\" \/>\n\t<meta name=\"twitter:label2\" content=\"Gesch\u00e4tzte Lesezeit\" \/>\n\t<meta name=\"twitter:data2\" content=\"3\u00a0Minuten\" \/>\n<!-- \/ Yoast SEO plugin. -->","yoast_head_json":{"title":"Kinostartpremiere von \"Barrikade\" im Berliner Acud Kino","description":"Der Dokumentarfilm \"Barrikade\" des preisgekr\u00f6nten K\u00f6lner Fotografen und Filmemachers David Klammer feiert seinen bundesweiten Kinostart am Donnerstag den 02. Februar 2023 um 21:00 Uhr im Acud Kino in Berlin.","robots":{"index":"index","follow":"follow","max-snippet":"max-snippet:-1","max-image-preview":"max-image-preview:large","max-video-preview":"max-video-preview:-1"},"canonical":"https:\/\/ucm.one\/de\/kinostartpremiere-von-barrikade-nonfy-documentaries-im-berliner-acud-kino\/","og_locale":"de_DE","og_type":"article","og_title":"Kinostartpremiere von \"Barrikade\" im Berliner Acud Kino","og_description":"Der Dokumentarfilm \"Barrikade\" des preisgekr\u00f6nten K\u00f6lner Fotografen und Filmemachers David Klammer feiert seinen bundesweiten Kinostart am Donnerstag den 02. Februar 2023 um 21:00 Uhr im Acud Kino in Berlin.","og_url":"https:\/\/ucm.one\/de\/kinostartpremiere-von-barrikade-nonfy-documentaries-im-berliner-acud-kino\/","og_site_name":"UCM.ONE","article_published_time":"2023-02-01T13:52:18+00:00","article_modified_time":"2023-03-10T09:07:48+00:00","og_image":[{"url":"https:\/\/ucm.one\/wp-content\/uploads\/2023\/01\/P-Barikade.jpg","type":"","width":"","height":""}],"author":"Joachim Keil","twitter_card":"summary_large_image","twitter_title":"Kinostartpremiere von \"Barrikade\" im Berliner Acud Kino","twitter_description":"Der Dokumentarfilm \"Barrikade\" des preisgekr\u00f6nten K\u00f6lner Fotografen und Filmemachers David Klammer feiert seinen bundesweiten Kinostart am Donnerstag den 02. Februar 2023 um 21:00 Uhr im Acud Kino in Berlin.","twitter_image":"https:\/\/ucm.one\/wp-content\/uploads\/2023\/01\/P-Barikade.jpg","twitter_misc":{"Verfasst von":"Joachim Keil","Gesch\u00e4tzte Lesezeit":"3\u00a0Minuten"},"schema":{"@context":"https:\/\/schema.org","@graph":[{"@type":"Article","@id":"https:\/\/ucm.one\/de\/kinostartpremiere-von-barrikade-nonfy-documentaries-im-berliner-acud-kino\/#article","isPartOf":{"@id":"https:\/\/ucm.one\/de\/kinostartpremiere-von-barrikade-nonfy-documentaries-im-berliner-acud-kino\/"},"author":{"name":"Joachim Keil","@id":"https:\/\/ucm.one\/de\/#\/schema\/person\/4b959e467e8acc058836467a0ef8fa50"},"headline":"\ud83c\udfac Kinostartpremiere von &#8222;Barrikade&#8220; (NONFY Documentaries) im Berliner Acud Kino","datePublished":"2023-02-01T13:52:18+00:00","dateModified":"2023-03-10T09:07:48+00:00","mainEntityOfPage":{"@id":"https:\/\/ucm.one\/de\/kinostartpremiere-von-barrikade-nonfy-documentaries-im-berliner-acud-kino\/"},"wordCount":590,"publisher":{"@id":"https:\/\/ucm.one\/de\/#organization"},"image":{"@id":"https:\/\/ucm.one\/de\/kinostartpremiere-von-barrikade-nonfy-documentaries-im-berliner-acud-kino\/#primaryimage"},"thumbnailUrl":"https:\/\/ucm.one\/wp-content\/uploads\/2023\/02\/B-Barrikade-Kinostartpemiere.jpg","keywords":["ACUD Kino","Aktivisten","Aktivisten:innen","Barrikade","Baumhaus","Baumh\u00e4user","Besetzung","Blockade","Dannenr\u00f6der Wald","David Klammer","Fechenheimer Wald","Hambacher Forst","Klimaaktivisten","Klimaaktivisten:innen","L\u00fctzerath","NONFY Documentaries","Premiere","Protest","Proteste","Umwelt","Umweltaktivismus","Waldbesetzung"],"articleSection":["Dokumentarfilm","Film","Kino","News","NONFY Documentaries","Verleih"],"inLanguage":"de"},{"@type":"WebPage","@id":"https:\/\/ucm.one\/de\/kinostartpremiere-von-barrikade-nonfy-documentaries-im-berliner-acud-kino\/","url":"https:\/\/ucm.one\/de\/kinostartpremiere-von-barrikade-nonfy-documentaries-im-berliner-acud-kino\/","name":"Kinostartpremiere von \"Barrikade\" im Berliner Acud Kino","isPartOf":{"@id":"https:\/\/ucm.one\/de\/#website"},"primaryImageOfPage":{"@id":"https:\/\/ucm.one\/de\/kinostartpremiere-von-barrikade-nonfy-documentaries-im-berliner-acud-kino\/#primaryimage"},"image":{"@id":"https:\/\/ucm.one\/de\/kinostartpremiere-von-barrikade-nonfy-documentaries-im-berliner-acud-kino\/#primaryimage"},"thumbnailUrl":"https:\/\/ucm.one\/wp-content\/uploads\/2023\/02\/B-Barrikade-Kinostartpemiere.jpg","datePublished":"2023-02-01T13:52:18+00:00","dateModified":"2023-03-10T09:07:48+00:00","description":"Der Dokumentarfilm \"Barrikade\" des preisgekr\u00f6nten K\u00f6lner Fotografen und Filmemachers David Klammer feiert seinen bundesweiten Kinostart am Donnerstag den 02. Februar 2023 um 21:00 Uhr im Acud Kino in Berlin.","breadcrumb":{"@id":"https:\/\/ucm.one\/de\/kinostartpremiere-von-barrikade-nonfy-documentaries-im-berliner-acud-kino\/#breadcrumb"},"inLanguage":"de","potentialAction":[{"@type":"ReadAction","target":["https:\/\/ucm.one\/de\/kinostartpremiere-von-barrikade-nonfy-documentaries-im-berliner-acud-kino\/"]}]},{"@type":"ImageObject","inLanguage":"de","@id":"https:\/\/ucm.one\/de\/kinostartpremiere-von-barrikade-nonfy-documentaries-im-berliner-acud-kino\/#primaryimage","url":"https:\/\/ucm.one\/wp-content\/uploads\/2023\/02\/B-Barrikade-Kinostartpemiere.jpg","contentUrl":"https:\/\/ucm.one\/wp-content\/uploads\/2023\/02\/B-Barrikade-Kinostartpemiere.jpg","width":1920,"height":600},{"@type":"BreadcrumbList","@id":"https:\/\/ucm.one\/de\/kinostartpremiere-von-barrikade-nonfy-documentaries-im-berliner-acud-kino\/#breadcrumb","itemListElement":[{"@type":"ListItem","position":1,"name":"Home","item":"https:\/\/ucm.one\/de\/"},{"@type":"ListItem","position":2,"name":"\ud83c\udfac Kinostartpremiere von &#8222;Barrikade&#8220; (NONFY Documentaries) im Berliner Acud Kino"}]},{"@type":"WebSite","@id":"https:\/\/ucm.one\/de\/#website","url":"https:\/\/ucm.one\/de\/","name":"UCM.ONE","description":"","publisher":{"@id":"https:\/\/ucm.one\/de\/#organization"},"potentialAction":[{"@type":"SearchAction","target":{"@type":"EntryPoint","urlTemplate":"https:\/\/ucm.one\/de\/?s={search_term_string}"},"query-input":{"@type":"PropertyValueSpecification","valueRequired":true,"valueName":"search_term_string"}}],"inLanguage":"de"},{"@type":"Organization","@id":"https:\/\/ucm.one\/de\/#organization","name":"UCM.ONE","url":"https:\/\/ucm.one\/de\/","logo":{"@type":"ImageObject","inLanguage":"de","@id":"https:\/\/ucm.one\/de\/#\/schema\/logo\/image\/","url":"https:\/\/ucm.one\/wp-content\/uploads\/2019\/10\/UCM.ONE-Logo-RGB.svg","contentUrl":"https:\/\/ucm.one\/wp-content\/uploads\/2019\/10\/UCM.ONE-Logo-RGB.svg","width":1,"height":1,"caption":"UCM.ONE"},"image":{"@id":"https:\/\/ucm.one\/de\/#\/schema\/logo\/image\/"}},{"@type":"Person","@id":"https:\/\/ucm.one\/de\/#\/schema\/person\/4b959e467e8acc058836467a0ef8fa50","name":"Joachim Keil","image":{"@type":"ImageObject","inLanguage":"de","@id":"https:\/\/secure.gravatar.com\/avatar\/10e1dfd05f2a7a7bc83cd44bae31e01c8ac15f974229211a2b1a49fa0a22fec0?s=96&d=mm&r=g","url":"https:\/\/secure.gravatar.com\/avatar\/10e1dfd05f2a7a7bc83cd44bae31e01c8ac15f974229211a2b1a49fa0a22fec0?s=96&d=mm&r=g","contentUrl":"https:\/\/secure.gravatar.com\/avatar\/10e1dfd05f2a7a7bc83cd44bae31e01c8ac15f974229211a2b1a49fa0a22fec0?s=96&d=mm&r=g","caption":"Joachim Keil"},"sameAs":["https:\/\/ucm.one"]}]}},"_links":{"self":[{"href":"https:\/\/ucm.one\/de\/wp-json\/wp\/v2\/posts\/86766","targetHints":{"allow":["GET"]}}],"collection":[{"href":"https:\/\/ucm.one\/de\/wp-json\/wp\/v2\/posts"}],"about":[{"href":"https:\/\/ucm.one\/de\/wp-json\/wp\/v2\/types\/post"}],"author":[{"embeddable":true,"href":"https:\/\/ucm.one\/de\/wp-json\/wp\/v2\/users\/2"}],"replies":[{"embeddable":true,"href":"https:\/\/ucm.one\/de\/wp-json\/wp\/v2\/comments?post=86766"}],"version-history":[{"count":0,"href":"https:\/\/ucm.one\/de\/wp-json\/wp\/v2\/posts\/86766\/revisions"}],"wp:featuredmedia":[{"embeddable":true,"href":"https:\/\/ucm.one\/de\/wp-json\/wp\/v2\/media\/86767"}],"wp:attachment":[{"href":"https:\/\/ucm.one\/de\/wp-json\/wp\/v2\/media?parent=86766"}],"wp:term":[{"taxonomy":"category","embeddable":true,"href":"https:\/\/ucm.one\/de\/wp-json\/wp\/v2\/categories?post=86766"},{"taxonomy":"post_tag","embeddable":true,"href":"https:\/\/ucm.one\/de\/wp-json\/wp\/v2\/tags?post=86766"}],"curies":[{"name":"wp","href":"https:\/\/api.w.org\/{rel}","templated":true}]}}