{"id":86541,"date":"2023-01-27T08:26:49","date_gmt":"2023-01-27T08:26:49","guid":{"rendered":"https:\/\/ucm.one\/?p=86541"},"modified":"2023-04-01T15:50:41","modified_gmt":"2023-04-01T15:50:41","slug":"die-hand-am-colt","status":"publish","type":"post","link":"https:\/\/ucm.one\/de\/die-hand-am-colt\/","title":{"rendered":"\ud83c\udfac Western \u201eDie Hand am Colt\u201c von Nathan Juran (B-Spree-Classics) ab heute erh\u00e4ltlich"},"content":{"rendered":"<div class=\"wpb-content-wrapper\"><p>[vc_row][vc_column][vc_column_text]<\/p>\n<div class=\"\">\n<p><span style=\"font-family: 'arial black', sans-serif;\"><strong>UCM.ONE<\/strong><\/span> ver\u00f6ffentlicht den Western &#8222;<strong>Die Hand am Colt<\/strong>&#8220; (Original Titel: &#8222;<strong>Law and Order<\/strong>&#8222;) auf dem Label <strong>B-Spree Classics<\/strong> erstmalig in brandneuer 2K-Abtastung und Restaurierung vom Original-Kameranegativ in der ungeschnittenen Fassung als Mediabook sowie auf DVD &amp; BD in Deutschland, \u00d6sterreich und der Schweiz.<\/p>\n<\/div>\n<p>[\/vc_column_text][\/vc_column][\/vc_row][vc_row][vc_column width=&#8220;3\/4&#8243;][vc_row_inner][vc_column_inner][vc_column_text]<strong>Ronald Reagan<\/strong>, der von 1981 -1989 im US-Volksmund als der <em>\u201eLaw and Order- Pr\u00e4sident\u201c<\/em> bekannt war, soll seinen diesbez\u00fcglich untadeligen Ruf insbesondere auch auf diesen Film zur\u00fcckf\u00fchren, in der er seine Variante des legend\u00e4ren <strong>Wyatt Earp<\/strong> spielt.[\/vc_column_text][\/vc_column_inner][\/vc_row_inner][vc_column_text]<span style=\"font-size: 14pt;\">Inhalt<\/span><\/p>\n<p style=\"font-weight: 400;\">Marshall Frame Johnson (<strong>Ronald Reagan<\/strong>) ist in Tombstone zur Legende geworden, nachdem er dort mit eiserner Hand die Verbrecher aus der Stadt gejagt hat.<\/p>\n<p><span style=\"font-weight: 400;\">Deshalb beschlie\u00dft er, den Colt und den Job an den Nagel zu h\u00e4ngen und seinen Traum zu verwirklichen, Farmer zu werden. Au\u00dferdem will er endlich seine Verlobte Jeanny (<strong>Dorothy Malone<\/strong>) heiraten. Zusammen mit seinen Br\u00fcdern Jimmy und Lute ziehen sie nach Cottonwood. Doch dort gibt es \u00c4rger in Form von Kurt Durning (<strong>Preston Foster<\/strong>), der sich an Frame r\u00e4chen will, seit er bei einer fr\u00fcheren Begegnung mit ihm zum Kr\u00fcppel wurde. Als Frames Bruder Lute Marshall von Cottonwood wird, spitzt sich die Lage zu. In einem unfairen Duell wird Lute von einem von Durnings S\u00f6hnen get\u00f6tet, und Jimmy r\u00e4cht seinen Bruder in Notwehr. Frame ist nun gezwungen, selbst noch einmal den Colt in die Hand nehmen, um f\u00fcr Recht und Ordnung zu sorgen.<\/span>[\/vc_column_text][vc_column_text]<\/p>\n<div>&#8222;<strong>Die Hand am Colt<\/strong>&#8220; von <strong>Raymond M. Dryden<\/strong> war bereits die vierte Verfilmung des Romans &#8222;<strong>Saint Johnson<\/strong>&#8220;\u00a0von <strong>William Riley Burnett\u00a0<\/strong>nach 1932, 1937 und 1940.<\/div>\n<p>[\/vc_column_text][\/vc_column][vc_column width=&#8220;1\/4&#8243;][vc_single_image image=&#8220;81442&#8243; img_size=&#8220;full&#8220; onclick=&#8220;link_image&#8220;][\/vc_column][\/vc_row][vc_row][vc_column][vc_separator][\/vc_column][\/vc_row][vc_row][vc_column width=&#8220;1\/2&#8243;][vc_single_image image=&#8220;81393&#8243; img_size=&#8220;full&#8220; onclick=&#8220;link_image&#8220;][\/vc_column][vc_column width=&#8220;1\/2&#8243;][vc_single_image image=&#8220;81402&#8243; img_size=&#8220;full&#8220; onclick=&#8220;link_image&#8220;][\/vc_column][\/vc_row][vc_row css=&#8220;.vc_custom_1646580453070{margin-right: -10px !important;margin-left: -10px !important;border-right-width: -3px !important;border-left-width: -3px !important;padding-top: 5px !important;padding-right: 5px !important;padding-bottom: 5px !important;padding-left: 5px !important;background-color: #eaeaea !important;}&#8220;][vc_column][vc_empty_space height=&#8220;15px&#8220;][vc_column_text css=&#8220;.vc_custom_1675018701093{margin-bottom: -20px !important;border-bottom-width: -20px !important;padding-bottom: -20px !important;}&#8220;]<\/p>\n<div class=\"wpb_text_column wpb_content_element \">\n<p><span style=\"font-size: 14pt;\">Daten zum Film<\/span><\/p>\n<table style=\"border-collapse: collapse; width: 100%; height: 88px;\">\n<tbody>\n<tr style=\"height: 22px;\">\n<td style=\"width: 14.48703494926719%; height: 22px;\"><strong>Original Titel:<\/strong><\/td>\n<td style=\"width: 85.51296505073282%; height: 22px;\">\n<div>Law and Order<\/div>\n<\/td>\n<\/tr>\n<tr>\n<td style=\"width: 14.48703494926719%;\"><strong>Regie:<\/strong><\/td>\n<td style=\"width: 85.51296505073282%;\">Richard Garrick<\/td>\n<\/tr>\n<tr>\n<td style=\"width: 14.487035%;\"><strong>Buch:<\/strong><\/td>\n<td style=\"width: 85.512965%;\">W.R. Burnett<\/td>\n<\/tr>\n<tr style=\"height: 22px;\">\n<td style=\"width: 14.48703494926719%; height: 22px;\"><strong>Produzent:<\/strong><\/td>\n<td style=\"width: 85.51296505073282%; height: 22px;\">Raymond M. Dryden<\/td>\n<\/tr>\n<tr style=\"height: 22px;\">\n<td style=\"width: 14.48703494926719%; height: 22px; vertical-align: top;\"><strong>Darstellende:<\/strong><\/td>\n<td style=\"width: 85.51296505073282%; height: 22px;\"><span style=\"font-family: inherit; font-size: inherit;\">Ronald Reagan, Dorothy Malone, Preston Foster, Alex Nicol, Ruth Hampton, Russell Johnson, Barry Kelley, Chubby Johnson, Jack Kelly, Dennis Weaver, Wally Cassell, Richard Garrick<\/span><\/td>\n<\/tr>\n<tr>\n<td style=\"width: 14.48703494926719%;\"><strong>Produktionsland:<\/strong><\/td>\n<td style=\"width: 85.51296505073282%;\">USA<\/td>\n<\/tr>\n<tr style=\"height: 22px;\">\n<td style=\"width: 14.48703494926719%; height: 22px;\"><strong>Produktionsjahr:<\/strong><\/td>\n<td style=\"width: 85.51296505073282%; height: 22px;\">1953<\/td>\n<\/tr>\n<\/tbody>\n<\/table>\n<p>&nbsp;<\/p>\n<\/div>\n<p>[\/vc_column_text][vc_empty_space height=&#8220;-40px&#8220;][\/vc_column][\/vc_row][vc_row][vc_column][vc_empty_space height=&#8220;40px&#8220;][\/vc_column][\/vc_row][vc_row][vc_column][vc_single_image image=&#8220;86547&#8243; img_size=&#8220;full&#8220; onclick=&#8220;link_image&#8220;][\/vc_column][\/vc_row][vc_row][vc_column][vc_column_text]<\/p>\n<div class=\"wpb_text_column wpb_content_element \">\n<p><span style=\"font-size: 18pt;\">Stimmen zum Film<\/span><\/p>\n<p><em>\u201eEin guter, alter Western voller Saloons, Schie\u00dfereien, Romanzen und einer Schl\u00e4gerei in einer Scheune.\u201c <\/em>(<strong>Laura\u2019s Misc. Musings<\/strong>)<\/p>\n<p><em>\u201eDer Film zeigt, dass Ronald Reagan im Sattel und als Gesetzesh\u00fcter ein Naturtalent war.\u201c <\/em>(<strong>MysteryFiles.com<\/strong>)<\/p>\n<p><em>\u201eDie Hand am Colt ist ein Ronald-Reagan-Film. Man kann \u00fcber Reagan als Schauspieler sagen, was man will, aber wenn er in Western auftrat, war er sehr in seiner Komfortzone mit seinem nat\u00fcrlichen Charisma und seiner sympathischen Art, den Archetyp des hart arbeitenden guten Mannes zu spielen.\u201c <\/em>(<strong>www.themoviescene.co.uk<\/strong>)<\/p>\n<p><em>\u201eWunderbar geeignet f\u00fcr einen verregneten Samstagabend.\u201c <\/em>(<strong>JerryAtTheOldMovies<\/strong>)<\/p>\n<p><em>\u201eDie Kameraarbeit von Clifford Stine ist ziemlich gut und geh\u00f6rt zu den St\u00e4rken des Films.\u201c<\/em> (<strong>jeffarnoldswest.com<\/strong>)<\/p>\n<p><em><span style=\"font-weight: 400;\">\u201eDer routinem\u00e4\u00dfige Western war eine Nacherz\u00e4hlung der Wyatt-Earp-Legende, bei der nur die Namen ge\u00e4ndert wurden und eine Botschaft der Zur\u00fcckhaltung im Vordergrund stand.\u201c <\/span><\/em><span style=\"font-weight: 400;\">(<strong>dennisschwartzreviews.com<\/strong>)<\/span><\/p>\n<\/div>\n<p>[\/vc_column_text][\/vc_column][\/vc_row][vc_row][vc_column width=&#8220;1\/2&#8243;][vc_single_image image=&#8220;81417&#8243; img_size=&#8220;full&#8220; onclick=&#8220;link_image&#8220;][\/vc_column][vc_column width=&#8220;1\/2&#8243;][vc_single_image image=&#8220;81405&#8243; img_size=&#8220;full&#8220; onclick=&#8220;link_image&#8220;][\/vc_column][\/vc_row][vc_row][vc_column][vc_empty_space height=&#8220;15px&#8220;][vc_separator][vc_row_inner][vc_column_inner width=&#8220;1\/3&#8243;][vc_btn title=&#8220;Amazon&#8220; style=&#8220;classic&#8220; color=&#8220;orange&#8220; size=&#8220;sm&#8220; align=&#8220;center&#8220; i_icon_fontawesome=&#8220;fab fa-amazon&#8220; button_block=&#8220;true&#8220; add_icon=&#8220;true&#8220; link=&#8220;url:https%3A%2F%2Fwww.amazon.de%2FDie-Hand-Colt-Kinofassung-abgetastet%2Fdp%2FB0BHN76DTY|title:Amazon|target:_blank&#8220;][\/vc_column_inner][vc_column_inner width=&#8220;1\/3&#8243;][vc_btn title=&#8220;Mediamarkt&#8220; style=&#8220;classic&#8220; color=&#8220;danger&#8220; size=&#8220;sm&#8220; align=&#8220;center&#8220; i_icon_fontawesome=&#8220;far fa-dot-circle&#8220; button_block=&#8220;true&#8220; add_icon=&#8220;true&#8220; link=&#8220;url:https%3A%2F%2Fwww.mediamarkt.de%2Fde%2Fproduct%2F_die-hand-am-colt-limited-mediabook-blu-raydvd-blu-ray-dvd-2840523.html|title:Mediamarkt|target:_blank&#8220;][\/vc_column_inner][vc_column_inner width=&#8220;1\/3&#8243;][vc_btn title=&#8220;Shop&#8220; style=&#8220;classic&#8220; color=&#8220;juicy-pink&#8220; size=&#8220;sm&#8220; align=&#8220;center&#8220; i_icon_fontawesome=&#8220;fas fa-shopping-cart&#8220; button_block=&#8220;true&#8220; add_icon=&#8220;true&#8220; link=&#8220;url:https%3A%2F%2Fucm.one%2Fde%2Fprodukt%2Fdie-hand-am-colt%2F|title:Shop&#8220;][\/vc_column_inner][\/vc_row_inner][\/vc_column][\/vc_row][vc_row][vc_column][vc_empty_space height=&#8220;25px&#8220;][vc_column_text]<\/p>\n<div class=\"wpb_text_column wpb_content_element \">\n<div class=\"wpb_wrapper\">\n<p><span style=\"font-size: 18pt;\">Technische Daten<\/span><\/p>\n<p><strong>Mediabook<\/strong> |\u00a0Bildformat Blu-Ray: Vollbild 1.37:1 \/ 1080p 23,976; Bildformat DVD: Vollbild 1.37:1<span lang=\"EN-US\">\u00a0<\/span>| Laufzeit Blu-Ray: 80 Min. (79,51); Laufzeit DVD:\u00a077 Min.\u00a0| Tonformate Blu-Ray:\u00a0Deutsch DTS- HD Master Audio 2.0 (mono),\u00a0<span style=\"font-weight: 400;\">Englisch DTS- HD Master Audio 2.0 (mono); Tonformate DVD:\u00a0<\/span>Deutsch DD 2.0 (mono),\u00a0Englisch DD 2.0 (mono) |<span lang=\"EN-US\">\u00a0Extras: Original Trailer, Artworkgalerie<\/span><span lang=\"EN-US\">\u00a0|\u00a0<\/span>FSK 12<\/p>\n<p><strong>Blu-Ray<\/strong> | Bildformat: Vollbild 1.37:1 \/ 1080p 23,976<span lang=\"EN-US\">\u00a0<\/span>| Laufzeit: 80 Min. (79,51) | Tonformate:\u00a0Deutsch DTS- HD Master Audio 2.0 (mono),\u00a0<span style=\"font-weight: 400;\">Englisch DTS- HD Master Audio 2.0 (mono<\/span>\u00a0|<span lang=\"EN-US\">\u00a0 Extras: Original Trailer, Artworkgalerie<\/span><span lang=\"EN-US\">\u00a0|\u00a0<\/span>FSK 12<\/p>\n<p><strong>DVD<\/strong>\u00a0|\u00a0Bildformat: Vollbild 1.37:1<span lang=\"EN-US\">\u00a0<\/span>| Laufzeit: 77 Min.\u00a0| Tonformate<span style=\"font-weight: 400;\">:\u00a0<\/span>Deutsch DD 2.0 (mono),\u00a0Englisch DD 2.0 (mono) |<span lang=\"EN-US\">\u00a0Extras: Original Trailer, Artworkgalerie<\/span><span lang=\"EN-US\">\u00a0|\u00a0<\/span>FSK 12<\/p>\n<\/div>\n<\/div>\n<p>[\/vc_column_text][vc_separator css=&#8220;.vc_custom_1560377795279{margin-top: 15px !important;}&#8220;][\/vc_column][\/vc_row][vc_row][vc_column][vc_column_text]Weitere Informationen \u00fcber das Filmlabel: <a title=\"B-Spree Classics\" href=\"https:\/\/ucm.one\/de\/film-labels\/b-spree-pictures\/#b-spree-classics\">B-Spree Classics<\/a>[\/vc_column_text][\/vc_column][\/vc_row]<\/p>\n<\/div>","protected":false},"excerpt":{"rendered":"<p>[vc_row][vc_column][vc_column_text] UCM.ONE ver\u00f6ffentlicht den Western &#8222;Die Hand am Colt&#8220; (Original Titel: &#8222;Law and Order&#8222;) auf dem Label B-Spree Classics erstmalig in brandneuer 2K-Abtastung und Restaurierung vom Original-Kameranegativ in der ungeschnittenen Fassung als Mediabook sowie auf DVD &amp; BD in Deutschland, \u00d6sterreich und der Schweiz. [\/vc_column_text][\/vc_column][\/vc_row][vc_row][vc_column width=&#8220;3\/4&#8243;][vc_row_inner][vc_column_inner][vc_column_text]Ronald Reagan, der von 1981 -1989 im US-Volksmund als der&hellip;<\/p>\n","protected":false},"author":2,"featured_media":86544,"comment_status":"closed","ping_status":"closed","sticky":false,"template":"","format":"standard","meta":{"_acf_changed":false,"footnotes":""},"categories":[10894,9377,8,7004,13],"tags":[15346,12128,15340,15343,15341,15349,15344,15389,15348,15347,15345,9212],"class_list":["post-86541","post","type-post","status-publish","format-standard","has-post-thumbnail","hentry","category-b-spree-classics","category-b-spree-pictures","category-film","category-filmklassiker","category-news","tag-alex-nicol","tag-b-spree-classics","tag-die-hand-am-colt","tag-dorothy-malone","tag-law-and-order","tag-nathan-juran","tag-preston-foster","tag-ronald-reagan","tag-russell-johnson","tag-ruth-hampton","tag-w-r-burnett","tag-western","category-10894","category-9377","category-8","category-7004","category-13","description-off"],"acf":[],"yoast_head":"<!-- This site is optimized with the Yoast SEO plugin v27.5 - https:\/\/yoast.com\/product\/yoast-seo-wordpress\/ -->\n<title>Western \u201eDie Hand am Colt\u201c von Nathan Juran<\/title>\n<meta name=\"description\" content=\"UCM.ONE ver\u00f6ffentlicht den Western &quot;Die Hand am Colt&quot; (Original Titel: &quot;Law and Order&quot;) auf dem Label B-Spree Classics.\" \/>\n<meta name=\"robots\" content=\"index, follow, max-snippet:-1, max-image-preview:large, max-video-preview:-1\" \/>\n<link rel=\"canonical\" href=\"https:\/\/ucm.one\/de\/die-hand-am-colt\/\" \/>\n<meta property=\"og:locale\" content=\"de_DE\" \/>\n<meta property=\"og:type\" content=\"article\" \/>\n<meta property=\"og:title\" content=\"Western \u201eDie Hand am Colt\u201c von Nathan Juran\" \/>\n<meta property=\"og:description\" content=\"UCM.ONE ver\u00f6ffentlicht den Western &quot;Die Hand am Colt&quot; (Original Titel: &quot;Law and Order&quot;) auf dem Label B-Spree Classics.\" \/>\n<meta property=\"og:url\" content=\"https:\/\/ucm.one\/de\/die-hand-am-colt\/\" \/>\n<meta property=\"og:site_name\" content=\"UCM.ONE\" \/>\n<meta property=\"article:published_time\" content=\"2023-01-27T08:26:49+00:00\" \/>\n<meta property=\"article:modified_time\" content=\"2023-04-01T15:50:41+00:00\" \/>\n<meta property=\"og:image\" content=\"https:\/\/ucm.one\/wp-content\/uploads\/2022\/11\/P-Die-Hand-am-Cold.jpg\" \/>\n<meta name=\"author\" content=\"Joachim Keil\" \/>\n<meta name=\"twitter:card\" content=\"summary_large_image\" \/>\n<meta name=\"twitter:title\" content=\"Western \u201eDie Hand am Colt\u201c von Nathan Juran\" \/>\n<meta name=\"twitter:description\" content=\"UCM.ONE ver\u00f6ffentlicht den Western &quot;Die Hand am Colt&quot; (Original Titel: &quot;Law and Order&quot;) auf dem Label B-Spree Classics.\" \/>\n<meta name=\"twitter:image\" content=\"https:\/\/ucm.one\/wp-content\/uploads\/2022\/08\/P-Like-Dogs.jpg\" \/>\n<meta name=\"twitter:label1\" content=\"Verfasst von\" \/>\n\t<meta name=\"twitter:data1\" content=\"Joachim Keil\" \/>\n\t<meta name=\"twitter:label2\" content=\"Gesch\u00e4tzte Lesezeit\" \/>\n\t<meta name=\"twitter:data2\" content=\"5\u00a0Minuten\" \/>\n<!-- \/ Yoast SEO plugin. -->","yoast_head_json":{"title":"Western \u201eDie Hand am Colt\u201c von Nathan Juran","description":"UCM.ONE ver\u00f6ffentlicht den Western \"Die Hand am Colt\" (Original Titel: \"Law and Order\") auf dem Label B-Spree Classics.","robots":{"index":"index","follow":"follow","max-snippet":"max-snippet:-1","max-image-preview":"max-image-preview:large","max-video-preview":"max-video-preview:-1"},"canonical":"https:\/\/ucm.one\/de\/die-hand-am-colt\/","og_locale":"de_DE","og_type":"article","og_title":"Western \u201eDie Hand am Colt\u201c von Nathan Juran","og_description":"UCM.ONE ver\u00f6ffentlicht den Western \"Die Hand am Colt\" (Original Titel: \"Law and Order\") auf dem Label B-Spree Classics.","og_url":"https:\/\/ucm.one\/de\/die-hand-am-colt\/","og_site_name":"UCM.ONE","article_published_time":"2023-01-27T08:26:49+00:00","article_modified_time":"2023-04-01T15:50:41+00:00","og_image":[{"url":"https:\/\/ucm.one\/wp-content\/uploads\/2022\/11\/P-Die-Hand-am-Cold.jpg","type":"","width":"","height":""}],"author":"Joachim Keil","twitter_card":"summary_large_image","twitter_title":"Western \u201eDie Hand am Colt\u201c von Nathan Juran","twitter_description":"UCM.ONE ver\u00f6ffentlicht den Western \"Die Hand am Colt\" (Original Titel: \"Law and Order\") auf dem Label B-Spree Classics.","twitter_image":"https:\/\/ucm.one\/wp-content\/uploads\/2022\/08\/P-Like-Dogs.jpg","twitter_misc":{"Verfasst von":"Joachim Keil","Gesch\u00e4tzte Lesezeit":"5\u00a0Minuten"},"schema":{"@context":"https:\/\/schema.org","@graph":[{"@type":"Article","@id":"https:\/\/ucm.one\/de\/die-hand-am-colt\/#article","isPartOf":{"@id":"https:\/\/ucm.one\/de\/die-hand-am-colt\/"},"author":{"name":"Joachim Keil","@id":"https:\/\/ucm.one\/de\/#\/schema\/person\/4b959e467e8acc058836467a0ef8fa50"},"headline":"\ud83c\udfac Western \u201eDie Hand am Colt\u201c von Nathan Juran (B-Spree-Classics) ab heute erh\u00e4ltlich","datePublished":"2023-01-27T08:26:49+00:00","dateModified":"2023-04-01T15:50:41+00:00","mainEntityOfPage":{"@id":"https:\/\/ucm.one\/de\/die-hand-am-colt\/"},"wordCount":1031,"publisher":{"@id":"https:\/\/ucm.one\/de\/#organization"},"image":{"@id":"https:\/\/ucm.one\/de\/die-hand-am-colt\/#primaryimage"},"thumbnailUrl":"https:\/\/ucm.one\/wp-content\/uploads\/2023\/01\/B-Die-Hand-am-Colt.jpg","keywords":["Alex Nicol","B-Spree Classics","Die Hand am Colt","Dorothy Malone","Law and Order","Nathan Juran","Preston Foster","Ronald Reagan","Russell Johnson","Ruth Hampton","W.R. Burnett","Western"],"articleSection":["B-Spree Classics","B-Spree Pictures","Film","Filmklassiker","News"],"inLanguage":"de"},{"@type":"WebPage","@id":"https:\/\/ucm.one\/de\/die-hand-am-colt\/","url":"https:\/\/ucm.one\/de\/die-hand-am-colt\/","name":"Western \u201eDie Hand am Colt\u201c von Nathan Juran","isPartOf":{"@id":"https:\/\/ucm.one\/de\/#website"},"primaryImageOfPage":{"@id":"https:\/\/ucm.one\/de\/die-hand-am-colt\/#primaryimage"},"image":{"@id":"https:\/\/ucm.one\/de\/die-hand-am-colt\/#primaryimage"},"thumbnailUrl":"https:\/\/ucm.one\/wp-content\/uploads\/2023\/01\/B-Die-Hand-am-Colt.jpg","datePublished":"2023-01-27T08:26:49+00:00","dateModified":"2023-04-01T15:50:41+00:00","description":"UCM.ONE ver\u00f6ffentlicht den Western \"Die Hand am Colt\" (Original Titel: \"Law and Order\") auf dem Label B-Spree Classics.","breadcrumb":{"@id":"https:\/\/ucm.one\/de\/die-hand-am-colt\/#breadcrumb"},"inLanguage":"de","potentialAction":[{"@type":"ReadAction","target":["https:\/\/ucm.one\/de\/die-hand-am-colt\/"]}]},{"@type":"ImageObject","inLanguage":"de","@id":"https:\/\/ucm.one\/de\/die-hand-am-colt\/#primaryimage","url":"https:\/\/ucm.one\/wp-content\/uploads\/2023\/01\/B-Die-Hand-am-Colt.jpg","contentUrl":"https:\/\/ucm.one\/wp-content\/uploads\/2023\/01\/B-Die-Hand-am-Colt.jpg","width":1920,"height":600},{"@type":"BreadcrumbList","@id":"https:\/\/ucm.one\/de\/die-hand-am-colt\/#breadcrumb","itemListElement":[{"@type":"ListItem","position":1,"name":"Home","item":"https:\/\/ucm.one\/de\/"},{"@type":"ListItem","position":2,"name":"\ud83c\udfac Western \u201eDie Hand am Colt\u201c von Nathan Juran (B-Spree-Classics) ab heute erh\u00e4ltlich"}]},{"@type":"WebSite","@id":"https:\/\/ucm.one\/de\/#website","url":"https:\/\/ucm.one\/de\/","name":"UCM.ONE","description":"","publisher":{"@id":"https:\/\/ucm.one\/de\/#organization"},"potentialAction":[{"@type":"SearchAction","target":{"@type":"EntryPoint","urlTemplate":"https:\/\/ucm.one\/de\/?s={search_term_string}"},"query-input":{"@type":"PropertyValueSpecification","valueRequired":true,"valueName":"search_term_string"}}],"inLanguage":"de"},{"@type":"Organization","@id":"https:\/\/ucm.one\/de\/#organization","name":"UCM.ONE","url":"https:\/\/ucm.one\/de\/","logo":{"@type":"ImageObject","inLanguage":"de","@id":"https:\/\/ucm.one\/de\/#\/schema\/logo\/image\/","url":"https:\/\/ucm.one\/wp-content\/uploads\/2019\/10\/UCM.ONE-Logo-RGB.svg","contentUrl":"https:\/\/ucm.one\/wp-content\/uploads\/2019\/10\/UCM.ONE-Logo-RGB.svg","width":1,"height":1,"caption":"UCM.ONE"},"image":{"@id":"https:\/\/ucm.one\/de\/#\/schema\/logo\/image\/"}},{"@type":"Person","@id":"https:\/\/ucm.one\/de\/#\/schema\/person\/4b959e467e8acc058836467a0ef8fa50","name":"Joachim Keil","image":{"@type":"ImageObject","inLanguage":"de","@id":"https:\/\/secure.gravatar.com\/avatar\/10e1dfd05f2a7a7bc83cd44bae31e01c8ac15f974229211a2b1a49fa0a22fec0?s=96&d=mm&r=g","url":"https:\/\/secure.gravatar.com\/avatar\/10e1dfd05f2a7a7bc83cd44bae31e01c8ac15f974229211a2b1a49fa0a22fec0?s=96&d=mm&r=g","contentUrl":"https:\/\/secure.gravatar.com\/avatar\/10e1dfd05f2a7a7bc83cd44bae31e01c8ac15f974229211a2b1a49fa0a22fec0?s=96&d=mm&r=g","caption":"Joachim Keil"},"sameAs":["https:\/\/ucm.one"]}]}},"_links":{"self":[{"href":"https:\/\/ucm.one\/de\/wp-json\/wp\/v2\/posts\/86541","targetHints":{"allow":["GET"]}}],"collection":[{"href":"https:\/\/ucm.one\/de\/wp-json\/wp\/v2\/posts"}],"about":[{"href":"https:\/\/ucm.one\/de\/wp-json\/wp\/v2\/types\/post"}],"author":[{"embeddable":true,"href":"https:\/\/ucm.one\/de\/wp-json\/wp\/v2\/users\/2"}],"replies":[{"embeddable":true,"href":"https:\/\/ucm.one\/de\/wp-json\/wp\/v2\/comments?post=86541"}],"version-history":[{"count":0,"href":"https:\/\/ucm.one\/de\/wp-json\/wp\/v2\/posts\/86541\/revisions"}],"wp:featuredmedia":[{"embeddable":true,"href":"https:\/\/ucm.one\/de\/wp-json\/wp\/v2\/media\/86544"}],"wp:attachment":[{"href":"https:\/\/ucm.one\/de\/wp-json\/wp\/v2\/media?parent=86541"}],"wp:term":[{"taxonomy":"category","embeddable":true,"href":"https:\/\/ucm.one\/de\/wp-json\/wp\/v2\/categories?post=86541"},{"taxonomy":"post_tag","embeddable":true,"href":"https:\/\/ucm.one\/de\/wp-json\/wp\/v2\/tags?post=86541"}],"curies":[{"name":"wp","href":"https:\/\/api.w.org\/{rel}","templated":true}]}}