{"id":85526,"date":"2023-01-12T19:16:52","date_gmt":"2023-01-12T19:16:52","guid":{"rendered":"https:\/\/ucm.one\/?p=85526"},"modified":"2023-03-10T09:07:47","modified_gmt":"2023-03-10T09:07:47","slug":"barrikade-von-david-klammer-nonfy-documentaries-startet-am-02-02-2023-in-den-kinos","status":"publish","type":"post","link":"https:\/\/ucm.one\/de\/barrikade-von-david-klammer-nonfy-documentaries-startet-am-02-02-2023-in-den-kinos\/","title":{"rendered":"\ud83c\udfac &#8222;Barrikade&#8220; von David Klammer (NONFY Documentaries) startet am 02.02.2023 in den Kinos"},"content":{"rendered":"<div class=\"wpb-content-wrapper\"><p>[vc_row][vc_column width=&#8220;2\/3&#8243;][vc_column_text]Seit dieser Woche versuchen Klimaaktivisten:innen in <strong>L\u00fctzerath<\/strong> (Nordrhein-Westfalen) den endg\u00fcltigen Abriss des Dorfes durch <strong>RWE<\/strong> f\u00fcr den rheinischen Braunkohle-Tagebau Garzweiler zu verhindern. <span style=\"font-family: 'arial black', sans-serif;\"><strong>UCM.ONE<\/strong><\/span> thematisiert im Kino die Klima-Proteste mit der Doku &#8222;<strong>Barrikade<\/strong>&#8222;. Der Film stammt vom weltweit ausgezeichneten K\u00f6lner Fotografen <strong>David Klammer<\/strong>, der zur Zeit in L\u00fctzerath den Kampf gegen den Abriss begleitet.[\/vc_column_text][vc_column_text]Als 2020 in Hessen die Autobahn A49 direkt durch einen lebendigen Forst geschlagen werden sollte, dokumentierte David Klammer mit einzigartigen Bildern die Proteste \u00a0gegen die Rodung des Dannenr\u00f6der Forstes mit der Filmkamera. Sein Dokumentarfilm &#8222;<strong>Barrikade<\/strong>&#8220; wurde auf zahlreiche Festivals eingeladen und ausgezeichnet,[\/vc_column_text][vc_column_text]<strong>David Klammer<\/strong> lebte wochenlang mit den Aktivisten:innen in deren Baumh\u00e4usern und konnte so eine beeindruckende emotionale N\u00e4he zu den Ereignissen mit seinen Bildern schaffen. Der Film taucht mit poetischen Bildern tief und vertrauensvoll in die Beweggr\u00fcnde, \u00c4ngste und Hoffnungen der Aktivisten ein, zeigt aber auch hautnah den massiven Polizeieinsatz gegen die Aktivisten:innen.[\/vc_column_text][vc_column_text]Ein Szenario, das in den n\u00e4chsten Jahren zum Alltag in Deutschland bestimmen k\u00f6nnte. Der Kampf von Aktivisten gegen beschleunigte Planungsverfahren f\u00fcr Autobahnen Eisenbahntrassen oder gar Windr\u00e4der, die den Umwelt und Landschaftsschutz hinten anstellen.[\/vc_column_text][vc_column_text]Weitere Informationen \u00fcber den Film:\u00a0<a title=\"Barrikade (2020) von David Klammer | NONFY Documentaries\" href=\"https:\/\/ucm.one\/de\/barrikade\/\">Barrikade <\/a>[\/vc_column_text][\/vc_column][vc_column width=&#8220;1\/3&#8243;][vc_single_image image=&#8220;85316&#8243; img_size=&#8220;full&#8220; onclick=&#8220;link_image&#8220;][\/vc_column][\/vc_row][vc_row][vc_column width=&#8220;1\/2&#8243;][vc_single_image image=&#8220;85040&#8243; img_size=&#8220;full&#8220; onclick=&#8220;link_image&#8220;][\/vc_column][vc_column width=&#8220;1\/2&#8243;][vc_single_image image=&#8220;85037&#8243; img_size=&#8220;full&#8220; onclick=&#8220;link_image&#8220;][\/vc_column][\/vc_row][vc_row][vc_column][vc_column_text]&#8220;<strong>Barrikade<\/strong>&#8220; von <strong>David Klammer<\/strong> startet auf dem Filmlabel <strong>NONFY Documentaries<\/strong> am 2. Februar 2023 bundesweit in den Kinos.[\/vc_column_text][\/vc_column][\/vc_row][vc_row][vc_column width=&#8220;1\/2&#8243;][vc_video link=&#8220;https:\/\/youtu.be\/_AK-7_W5YR4&#8243; title=&#8220;Barrikade | Trailer \u1d34\u1d30&#8220;][\/vc_column][vc_column width=&#8220;1\/2&#8243;][vc_video link=&#8220;https:\/\/youtu.be\/yGRnqegicbc&#8220; title=&#8220;David Klammer \u00fcber &#8222;Barrikade&#8222;&#8220;][\/vc_column][\/vc_row][vc_row][vc_column][vc_column_text]Weitere Informationen \u00fcber das Label: <a title=\"NONFY Documentaries\" href=\"https:\/\/ucm.one\/de\/film-labels\/nonfy-documentaries\/\">NONFY Documentaries<\/a>[\/vc_column_text][\/vc_column][\/vc_row]<\/p>\n<\/div>","protected":false},"excerpt":{"rendered":"<p>[vc_row][vc_column width=&#8220;2\/3&#8243;][vc_column_text]Seit dieser Woche versuchen Klimaaktivisten:innen in L\u00fctzerath (Nordrhein-Westfalen) den endg\u00fcltigen Abriss des Dorfes durch RWE f\u00fcr den rheinischen Braunkohle-Tagebau Garzweiler zu verhindern. UCM.ONE thematisiert im Kino die Klima-Proteste mit der Doku &#8222;Barrikade&#8222;. Der Film stammt vom weltweit ausgezeichneten K\u00f6lner Fotografen David Klammer, der zur Zeit in L\u00fctzerath den Kampf gegen den Abriss begleitet.[\/vc_column_text][vc_column_text]Als 2020&hellip;<\/p>\n","protected":false},"author":2,"featured_media":85527,"comment_status":"closed","ping_status":"closed","sticky":false,"template":"","format":"standard","meta":{"_acf_changed":false,"footnotes":""},"categories":[6267,8,10,13,4587,752],"tags":[15163,15176,15158,15172,15171,15166,15173,15161,15159,15164,15160,15174,15175,15165,4603,15162,15170,15169,15168,15167],"class_list":["post-85526","post","type-post","status-publish","format-standard","has-post-thumbnail","hentry","category-dokumentarfilm","category-film","category-kino","category-news","category-nonfy-documentaries","category-verleih","tag-aktivisten","tag-aktivisteninnen","tag-barrikade","tag-baumhaus","tag-baumhaeuser","tag-besetzung","tag-blockade","tag-dannenroeder-wald","tag-david-klammer","tag-fechenheimer-wald","tag-hambacher-forst","tag-klimaaktivisten","tag-klimaaktivisteninnen","tag-luetzerath","tag-nonfy-documentaries","tag-protest","tag-proteste","tag-umwelt","tag-umweltaktivismus","tag-waldbesetzung","category-6267","category-8","category-10","category-13","category-4587","category-752","description-off"],"acf":[],"yoast_head":"<!-- This site is optimized with the Yoast SEO plugin v27.5 - https:\/\/yoast.com\/product\/yoast-seo-wordpress\/ -->\n<title>&quot;Barrikade&quot; von David Klammer (NONFY Documentaries)<\/title>\n<meta name=\"description\" content=\"David Klammer lebte wochenlang mit Aktivisten:innen in deren Baumh\u00e4usern und konnte so eine beeindruckende N\u00e4he zu den Ereignissen schaffen.\" \/>\n<meta name=\"robots\" content=\"index, follow, max-snippet:-1, max-image-preview:large, max-video-preview:-1\" \/>\n<link rel=\"canonical\" href=\"https:\/\/ucm.one\/de\/barrikade-von-david-klammer-nonfy-documentaries-startet-am-02-02-2023-in-den-kinos\/\" \/>\n<meta property=\"og:locale\" content=\"de_DE\" \/>\n<meta property=\"og:type\" content=\"article\" \/>\n<meta property=\"og:title\" content=\"&quot;Barrikade&quot; von David Klammer (NONFY Documentaries)\" \/>\n<meta property=\"og:description\" content=\"David Klammer lebte wochenlang mit Aktivisten:innen in deren Baumh\u00e4usern und konnte so eine beeindruckende N\u00e4he zu den Ereignissen schaffen.\" \/>\n<meta property=\"og:url\" content=\"https:\/\/ucm.one\/de\/barrikade-von-david-klammer-nonfy-documentaries-startet-am-02-02-2023-in-den-kinos\/\" \/>\n<meta property=\"og:site_name\" content=\"UCM.ONE\" \/>\n<meta property=\"article:published_time\" content=\"2023-01-12T19:16:52+00:00\" \/>\n<meta property=\"article:modified_time\" content=\"2023-03-10T09:07:47+00:00\" \/>\n<meta property=\"og:image\" content=\"https:\/\/ucm.one\/wp-content\/uploads\/2023\/01\/P-Barikade.jpg\" \/>\n<meta name=\"author\" content=\"Joachim Keil\" \/>\n<meta name=\"twitter:card\" content=\"summary_large_image\" \/>\n<meta name=\"twitter:title\" content=\"&quot;Barrikade&quot; von David Klammer (NONFY Documentaries)\" \/>\n<meta name=\"twitter:description\" content=\"David Klammer lebte wochenlang mit Aktivisten:innen in deren Baumh\u00e4usern und konnte so eine beeindruckende N\u00e4he zu den Ereignissen schaffen.\" \/>\n<meta name=\"twitter:image\" content=\"https:\/\/ucm.one\/wp-content\/uploads\/2023\/01\/P-Barikade.jpg\" \/>\n<meta name=\"twitter:label1\" content=\"Verfasst von\" \/>\n\t<meta name=\"twitter:data1\" content=\"Joachim Keil\" \/>\n\t<meta name=\"twitter:label2\" content=\"Gesch\u00e4tzte Lesezeit\" \/>\n\t<meta name=\"twitter:data2\" content=\"2\u00a0Minuten\" \/>\n<!-- \/ Yoast SEO plugin. -->","yoast_head_json":{"title":"\"Barrikade\" von David Klammer (NONFY Documentaries)","description":"David Klammer lebte wochenlang mit Aktivisten:innen in deren Baumh\u00e4usern und konnte so eine beeindruckende N\u00e4he zu den Ereignissen schaffen.","robots":{"index":"index","follow":"follow","max-snippet":"max-snippet:-1","max-image-preview":"max-image-preview:large","max-video-preview":"max-video-preview:-1"},"canonical":"https:\/\/ucm.one\/de\/barrikade-von-david-klammer-nonfy-documentaries-startet-am-02-02-2023-in-den-kinos\/","og_locale":"de_DE","og_type":"article","og_title":"\"Barrikade\" von David Klammer (NONFY Documentaries)","og_description":"David Klammer lebte wochenlang mit Aktivisten:innen in deren Baumh\u00e4usern und konnte so eine beeindruckende N\u00e4he zu den Ereignissen schaffen.","og_url":"https:\/\/ucm.one\/de\/barrikade-von-david-klammer-nonfy-documentaries-startet-am-02-02-2023-in-den-kinos\/","og_site_name":"UCM.ONE","article_published_time":"2023-01-12T19:16:52+00:00","article_modified_time":"2023-03-10T09:07:47+00:00","og_image":[{"url":"https:\/\/ucm.one\/wp-content\/uploads\/2023\/01\/P-Barikade.jpg","type":"","width":"","height":""}],"author":"Joachim Keil","twitter_card":"summary_large_image","twitter_title":"\"Barrikade\" von David Klammer (NONFY Documentaries)","twitter_description":"David Klammer lebte wochenlang mit Aktivisten:innen in deren Baumh\u00e4usern und konnte so eine beeindruckende N\u00e4he zu den Ereignissen schaffen.","twitter_image":"https:\/\/ucm.one\/wp-content\/uploads\/2023\/01\/P-Barikade.jpg","twitter_misc":{"Verfasst von":"Joachim Keil","Gesch\u00e4tzte Lesezeit":"2\u00a0Minuten"},"schema":{"@context":"https:\/\/schema.org","@graph":[{"@type":"Article","@id":"https:\/\/ucm.one\/de\/barrikade-von-david-klammer-nonfy-documentaries-startet-am-02-02-2023-in-den-kinos\/#article","isPartOf":{"@id":"https:\/\/ucm.one\/de\/barrikade-von-david-klammer-nonfy-documentaries-startet-am-02-02-2023-in-den-kinos\/"},"author":{"name":"Joachim Keil","@id":"https:\/\/ucm.one\/de\/#\/schema\/person\/4b959e467e8acc058836467a0ef8fa50"},"headline":"\ud83c\udfac &#8222;Barrikade&#8220; von David Klammer (NONFY Documentaries) startet am 02.02.2023 in den Kinos","datePublished":"2023-01-12T19:16:52+00:00","dateModified":"2023-03-10T09:07:47+00:00","mainEntityOfPage":{"@id":"https:\/\/ucm.one\/de\/barrikade-von-david-klammer-nonfy-documentaries-startet-am-02-02-2023-in-den-kinos\/"},"wordCount":390,"publisher":{"@id":"https:\/\/ucm.one\/de\/#organization"},"image":{"@id":"https:\/\/ucm.one\/de\/barrikade-von-david-klammer-nonfy-documentaries-startet-am-02-02-2023-in-den-kinos\/#primaryimage"},"thumbnailUrl":"https:\/\/ucm.one\/wp-content\/uploads\/2023\/01\/B-Barrikade.jpg","keywords":["Aktivisten","Aktivisten:innen","Barrikade","Baumhaus","Baumh\u00e4user","Besetzung","Blockade","Dannenr\u00f6der Wald","David Klammer","Fechenheimer Wald","Hambacher Forst","Klimaaktivisten","Klimaaktivisten:innen","L\u00fctzerath","NONFY Documentaries","Protest","Proteste","Umwelt","Umweltaktivismus","Waldbesetzung"],"articleSection":["Dokumentarfilm","Film","Kino","News","NONFY Documentaries","Verleih"],"inLanguage":"de"},{"@type":"WebPage","@id":"https:\/\/ucm.one\/de\/barrikade-von-david-klammer-nonfy-documentaries-startet-am-02-02-2023-in-den-kinos\/","url":"https:\/\/ucm.one\/de\/barrikade-von-david-klammer-nonfy-documentaries-startet-am-02-02-2023-in-den-kinos\/","name":"\"Barrikade\" von David Klammer (NONFY Documentaries)","isPartOf":{"@id":"https:\/\/ucm.one\/de\/#website"},"primaryImageOfPage":{"@id":"https:\/\/ucm.one\/de\/barrikade-von-david-klammer-nonfy-documentaries-startet-am-02-02-2023-in-den-kinos\/#primaryimage"},"image":{"@id":"https:\/\/ucm.one\/de\/barrikade-von-david-klammer-nonfy-documentaries-startet-am-02-02-2023-in-den-kinos\/#primaryimage"},"thumbnailUrl":"https:\/\/ucm.one\/wp-content\/uploads\/2023\/01\/B-Barrikade.jpg","datePublished":"2023-01-12T19:16:52+00:00","dateModified":"2023-03-10T09:07:47+00:00","description":"David Klammer lebte wochenlang mit Aktivisten:innen in deren Baumh\u00e4usern und konnte so eine beeindruckende N\u00e4he zu den Ereignissen schaffen.","breadcrumb":{"@id":"https:\/\/ucm.one\/de\/barrikade-von-david-klammer-nonfy-documentaries-startet-am-02-02-2023-in-den-kinos\/#breadcrumb"},"inLanguage":"de","potentialAction":[{"@type":"ReadAction","target":["https:\/\/ucm.one\/de\/barrikade-von-david-klammer-nonfy-documentaries-startet-am-02-02-2023-in-den-kinos\/"]}]},{"@type":"ImageObject","inLanguage":"de","@id":"https:\/\/ucm.one\/de\/barrikade-von-david-klammer-nonfy-documentaries-startet-am-02-02-2023-in-den-kinos\/#primaryimage","url":"https:\/\/ucm.one\/wp-content\/uploads\/2023\/01\/B-Barrikade.jpg","contentUrl":"https:\/\/ucm.one\/wp-content\/uploads\/2023\/01\/B-Barrikade.jpg","width":1920,"height":600},{"@type":"BreadcrumbList","@id":"https:\/\/ucm.one\/de\/barrikade-von-david-klammer-nonfy-documentaries-startet-am-02-02-2023-in-den-kinos\/#breadcrumb","itemListElement":[{"@type":"ListItem","position":1,"name":"Home","item":"https:\/\/ucm.one\/de\/"},{"@type":"ListItem","position":2,"name":"\ud83c\udfac &#8222;Barrikade&#8220; von David Klammer (NONFY Documentaries) startet am 02.02.2023 in den Kinos"}]},{"@type":"WebSite","@id":"https:\/\/ucm.one\/de\/#website","url":"https:\/\/ucm.one\/de\/","name":"UCM.ONE","description":"","publisher":{"@id":"https:\/\/ucm.one\/de\/#organization"},"potentialAction":[{"@type":"SearchAction","target":{"@type":"EntryPoint","urlTemplate":"https:\/\/ucm.one\/de\/?s={search_term_string}"},"query-input":{"@type":"PropertyValueSpecification","valueRequired":true,"valueName":"search_term_string"}}],"inLanguage":"de"},{"@type":"Organization","@id":"https:\/\/ucm.one\/de\/#organization","name":"UCM.ONE","url":"https:\/\/ucm.one\/de\/","logo":{"@type":"ImageObject","inLanguage":"de","@id":"https:\/\/ucm.one\/de\/#\/schema\/logo\/image\/","url":"https:\/\/ucm.one\/wp-content\/uploads\/2019\/10\/UCM.ONE-Logo-RGB.svg","contentUrl":"https:\/\/ucm.one\/wp-content\/uploads\/2019\/10\/UCM.ONE-Logo-RGB.svg","width":1,"height":1,"caption":"UCM.ONE"},"image":{"@id":"https:\/\/ucm.one\/de\/#\/schema\/logo\/image\/"}},{"@type":"Person","@id":"https:\/\/ucm.one\/de\/#\/schema\/person\/4b959e467e8acc058836467a0ef8fa50","name":"Joachim Keil","image":{"@type":"ImageObject","inLanguage":"de","@id":"https:\/\/secure.gravatar.com\/avatar\/10e1dfd05f2a7a7bc83cd44bae31e01c8ac15f974229211a2b1a49fa0a22fec0?s=96&d=mm&r=g","url":"https:\/\/secure.gravatar.com\/avatar\/10e1dfd05f2a7a7bc83cd44bae31e01c8ac15f974229211a2b1a49fa0a22fec0?s=96&d=mm&r=g","contentUrl":"https:\/\/secure.gravatar.com\/avatar\/10e1dfd05f2a7a7bc83cd44bae31e01c8ac15f974229211a2b1a49fa0a22fec0?s=96&d=mm&r=g","caption":"Joachim Keil"},"sameAs":["https:\/\/ucm.one"]}]}},"_links":{"self":[{"href":"https:\/\/ucm.one\/de\/wp-json\/wp\/v2\/posts\/85526","targetHints":{"allow":["GET"]}}],"collection":[{"href":"https:\/\/ucm.one\/de\/wp-json\/wp\/v2\/posts"}],"about":[{"href":"https:\/\/ucm.one\/de\/wp-json\/wp\/v2\/types\/post"}],"author":[{"embeddable":true,"href":"https:\/\/ucm.one\/de\/wp-json\/wp\/v2\/users\/2"}],"replies":[{"embeddable":true,"href":"https:\/\/ucm.one\/de\/wp-json\/wp\/v2\/comments?post=85526"}],"version-history":[{"count":0,"href":"https:\/\/ucm.one\/de\/wp-json\/wp\/v2\/posts\/85526\/revisions"}],"wp:featuredmedia":[{"embeddable":true,"href":"https:\/\/ucm.one\/de\/wp-json\/wp\/v2\/media\/85527"}],"wp:attachment":[{"href":"https:\/\/ucm.one\/de\/wp-json\/wp\/v2\/media?parent=85526"}],"wp:term":[{"taxonomy":"category","embeddable":true,"href":"https:\/\/ucm.one\/de\/wp-json\/wp\/v2\/categories?post=85526"},{"taxonomy":"post_tag","embeddable":true,"href":"https:\/\/ucm.one\/de\/wp-json\/wp\/v2\/tags?post=85526"}],"curies":[{"name":"wp","href":"https:\/\/api.w.org\/{rel}","templated":true}]}}