{"id":82681,"date":"2022-11-29T12:54:38","date_gmt":"2022-11-29T12:54:38","guid":{"rendered":"https:\/\/ucm.one\/?p=82681"},"modified":"2023-03-10T08:44:42","modified_gmt":"2023-03-10T08:44:42","slug":"swansong-kuendigen-neuen-schlagzeuger-an-und-veroeffentlichen-video-zu-winter-maiden","status":"publish","type":"post","link":"https:\/\/ucm.one\/de\/swansong-kuendigen-neuen-schlagzeuger-an-und-veroeffentlichen-video-zu-winter-maiden\/","title":{"rendered":"\ud83c\udfb5 Swansong k\u00fcndigen neuen Schlagzeuger an und ver\u00f6ffentlichen Video zu &#8222;Winter Maiden&#8220;"},"content":{"rendered":"<div class=\"wpb-content-wrapper\"><p>[vc_row][vc_column][vc_column_text]<strong>Swansong<\/strong> haben erst k\u00fcrzlich ihr Signing bei <strong>Noble Demon<\/strong> f\u00fcr die Ver\u00f6ffentlichung des Deb\u00fctalbums der Band bekannt gegeben. Mit vollem Fokus auf das bevorstehende Werk, das im Jahr 2023 erscheinen soll, hat die Band nun auch einen neuen Schlagzeuger mit\u00a0<strong>Jimi My\u00f6h\u00e4nen<\/strong> bekannt gegeben, der <strong>Markus Tikkanen<\/strong> ab sofort ersetzen wird.[\/vc_column_text][\/vc_column][\/vc_row][vc_row][vc_column width=&#8220;4\/5&#8243;][vc_column_text]Die Band kommentiert:\u00a0&#8222;<em>Unser Schlagzeuger Markus Tikkanen ist aus pers\u00f6nlichen und zeitlichen Gr\u00fcnden bei Swansong ausgestiegen. Wir w\u00fcnschen ihm alles Gute. Er war ein wichtiger Teil unserer Geschichte und wir sind ihm sehr dankbar! Gl\u00fccklicherweise haben wir Jimi gefunden, der auch bei Bands wie Sadistik Forest, Se, josta ei puhuta und Kaera spielt. Er ist professionell und top qualifiziert! Viele kenne ihn und wir sind sehr froh ihn von nun an dabei zu haben!<\/em>&#8222;[\/vc_column_text][vc_column_text]Gegr\u00fcndet 2020 in Kuopio, Finnland, bringen <strong>Swansong<\/strong> mit ihrer Mischung aus Melodic Death, Heavy und Folk Metal &#8211; um nur einige zu nennen &#8211; ihre ganz eigene Note in die Metalszene. Kraftvolle Melodien und druckvolle Riffs lassen die 80er und 90er Jahre aufleben und gleichzeitig bekommen die Oldschool-Elemente mit den weiblichen Death Growls und Screams einen frischen und modernen Twist! Das aktuelle Video der Band ist vom Titel &#8222;<strong>Winter Maiden<\/strong>&#8222;.[\/vc_column_text][vc_column_text]<\/p>\n<div>\n<p><strong>Swansong<\/strong> sind <strong>Jemiina<\/strong> (Gesang), <strong>Topi Pitk\u00e4nen<\/strong> &amp; <strong>Tuomas Leskinen<\/strong> (Gitarren) und <strong>Jimi My\u00f6h\u00e4nen<\/strong>\u00a0(Schlagzeug).<\/p>\n<\/div>\n<div><\/div>\n<p>[\/vc_column_text][\/vc_column][vc_column width=&#8220;1\/5&#8243;][vc_single_image image=&#8220;82682&#8243; img_size=&#8220;full&#8220; onclick=&#8220;link_image&#8220;][\/vc_column][\/vc_row][vc_row][vc_column][vc_separator][vc_video link=&#8220;https:\/\/youtu.be\/z9JUSa7T3sY&#8220; title=&#8220;Swansong &#8211; Winter Maiden (Official Music Video) | Noble Demon&#8220;][\/vc_column][\/vc_row][vc_row][vc_column][\/vc_column][\/vc_row][vc_row][vc_column width=&#8220;1\/2&#8243;][vc_column_text]Weitere Informationen \u00fcber die Band: <a title=\"Swansong | Noble Demon\" href=\"https:\/\/ucm.one\/de\/swansong\/\">Swansong<\/a>[\/vc_column_text][\/vc_column][vc_column width=&#8220;1\/2&#8243;][vc_column_text]Weitere Informationen \u00fcber das Label: <a title=\"Noble Demon\" href=\"https:\/\/ucm.one\/de\/musik-labels\/noble-demon\/\">Noble Demon<\/a>[\/vc_column_text][\/vc_column][\/vc_row]<\/p>\n<\/div>","protected":false},"excerpt":{"rendered":"<p>[vc_row][vc_column][vc_column_text]Swansong haben erst k\u00fcrzlich ihr Signing bei Noble Demon f\u00fcr die Ver\u00f6ffentlichung des Deb\u00fctalbums der Band bekannt gegeben. Mit vollem Fokus auf das bevorstehende Werk, das im Jahr 2023 erscheinen soll, hat die Band nun auch einen neuen Schlagzeuger mit\u00a0Jimi My\u00f6h\u00e4nen bekannt gegeben, der Markus Tikkanen ab sofort ersetzen wird.[\/vc_column_text][\/vc_column][\/vc_row][vc_row][vc_column width=&#8220;4\/5&#8243;][vc_column_text]Die Band kommentiert:\u00a0&#8222;Unser Schlagzeuger Markus&hellip;<\/p>\n","protected":false},"author":2,"featured_media":82692,"comment_status":"closed","ping_status":"closed","sticky":false,"template":"","format":"standard","meta":{"_acf_changed":false,"footnotes":""},"categories":[9,13,7077],"tags":[7092,8017,14551,14861,14547,8383,14545,14548,14549,14546],"class_list":["post-82681","post","type-post","status-publish","format-standard","has-post-thumbnail","hentry","category-musik","category-news","category-noble-demon","tag-death-metal","tag-finnland","tag-jemiina","tag-jimi-myoehaenen-2","tag-lovely-bones","tag-melodic-death-metal","tag-swansong","tag-topi-pitkaenen","tag-tuomas-leskinen","tag-winter-maiden","category-9","category-13","category-7077","description-off"],"acf":[],"yoast_head":"<!-- This site is optimized with the Yoast SEO plugin v27.5 - https:\/\/yoast.com\/product\/yoast-seo-wordpress\/ -->\n<title>Swansong k\u00fcndigen neuen Schlagzeuger an<\/title>\n<meta name=\"description\" content=\"Swansong haben erst k\u00fcrzlich ihr Signing bei Noble Demon f\u00fcr die Ver\u00f6ffentlichung des Deb\u00fctalbums der Band bekannt gegeben.\" \/>\n<meta name=\"robots\" content=\"index, follow, max-snippet:-1, max-image-preview:large, max-video-preview:-1\" \/>\n<link rel=\"canonical\" href=\"https:\/\/ucm.one\/de\/swansong-kuendigen-neuen-schlagzeuger-an-und-veroeffentlichen-video-zu-winter-maiden\/\" \/>\n<meta property=\"og:locale\" content=\"de_DE\" \/>\n<meta property=\"og:type\" content=\"article\" \/>\n<meta property=\"og:title\" content=\"Die Band &quot;Swangsong&quot; unterschreibt bei Noble Demon\" \/>\n<meta property=\"og:description\" content=\"Swansong haben erst k\u00fcrzlich ihr Signing bei Noble Demon f\u00fcr die Ver\u00f6ffentlichung des Deb\u00fctalbums der Band bekannt gegeben.\" \/>\n<meta property=\"og:url\" content=\"https:\/\/ucm.one\/de\/swansong-kuendigen-neuen-schlagzeuger-an-und-veroeffentlichen-video-zu-winter-maiden\/\" \/>\n<meta property=\"og:site_name\" content=\"UCM.ONE\" \/>\n<meta property=\"article:published_time\" content=\"2022-11-29T12:54:38+00:00\" \/>\n<meta property=\"article:modified_time\" content=\"2023-03-10T08:44:42+00:00\" \/>\n<meta property=\"og:image\" content=\"https:\/\/ucm.one\/wp-content\/uploads\/2022\/11\/TN-Swansong-Winter-Maiden.jpg\" \/>\n<meta name=\"author\" content=\"Joachim Keil\" \/>\n<meta name=\"twitter:card\" content=\"summary_large_image\" \/>\n<meta name=\"twitter:title\" content=\"Die Band &quot;Swangsong&quot; unterschreibt bei Noble Demon\" \/>\n<meta name=\"twitter:description\" content=\"Swansong haben erst k\u00fcrzlich ihr Signing bei Noble Demon f\u00fcr die Ver\u00f6ffentlichung des Deb\u00fctalbums der Band bekannt gegeben.\" \/>\n<meta name=\"twitter:image\" content=\"https:\/\/ucm.one\/wp-content\/uploads\/2022\/11\/TN-Swansong-Winter-Maiden.jpg\" \/>\n<meta name=\"twitter:label1\" content=\"Verfasst von\" \/>\n\t<meta name=\"twitter:data1\" content=\"Joachim Keil\" \/>\n\t<meta name=\"twitter:label2\" content=\"Gesch\u00e4tzte Lesezeit\" \/>\n\t<meta name=\"twitter:data2\" content=\"2\u00a0Minuten\" \/>\n<!-- \/ Yoast SEO plugin. -->","yoast_head_json":{"title":"Swansong k\u00fcndigen neuen Schlagzeuger an","description":"Swansong haben erst k\u00fcrzlich ihr Signing bei Noble Demon f\u00fcr die Ver\u00f6ffentlichung des Deb\u00fctalbums der Band bekannt gegeben.","robots":{"index":"index","follow":"follow","max-snippet":"max-snippet:-1","max-image-preview":"max-image-preview:large","max-video-preview":"max-video-preview:-1"},"canonical":"https:\/\/ucm.one\/de\/swansong-kuendigen-neuen-schlagzeuger-an-und-veroeffentlichen-video-zu-winter-maiden\/","og_locale":"de_DE","og_type":"article","og_title":"Die Band \"Swangsong\" unterschreibt bei Noble Demon","og_description":"Swansong haben erst k\u00fcrzlich ihr Signing bei Noble Demon f\u00fcr die Ver\u00f6ffentlichung des Deb\u00fctalbums der Band bekannt gegeben.","og_url":"https:\/\/ucm.one\/de\/swansong-kuendigen-neuen-schlagzeuger-an-und-veroeffentlichen-video-zu-winter-maiden\/","og_site_name":"UCM.ONE","article_published_time":"2022-11-29T12:54:38+00:00","article_modified_time":"2023-03-10T08:44:42+00:00","og_image":[{"url":"https:\/\/ucm.one\/wp-content\/uploads\/2022\/11\/TN-Swansong-Winter-Maiden.jpg","type":"","width":"","height":""}],"author":"Joachim Keil","twitter_card":"summary_large_image","twitter_title":"Die Band \"Swangsong\" unterschreibt bei Noble Demon","twitter_description":"Swansong haben erst k\u00fcrzlich ihr Signing bei Noble Demon f\u00fcr die Ver\u00f6ffentlichung des Deb\u00fctalbums der Band bekannt gegeben.","twitter_image":"https:\/\/ucm.one\/wp-content\/uploads\/2022\/11\/TN-Swansong-Winter-Maiden.jpg","twitter_misc":{"Verfasst von":"Joachim Keil","Gesch\u00e4tzte Lesezeit":"2\u00a0Minuten"},"schema":{"@context":"https:\/\/schema.org","@graph":[{"@type":"Article","@id":"https:\/\/ucm.one\/de\/swansong-kuendigen-neuen-schlagzeuger-an-und-veroeffentlichen-video-zu-winter-maiden\/#article","isPartOf":{"@id":"https:\/\/ucm.one\/de\/swansong-kuendigen-neuen-schlagzeuger-an-und-veroeffentlichen-video-zu-winter-maiden\/"},"author":{"name":"Joachim Keil","@id":"https:\/\/ucm.one\/de\/#\/schema\/person\/4b959e467e8acc058836467a0ef8fa50"},"headline":"\ud83c\udfb5 Swansong k\u00fcndigen neuen Schlagzeuger an und ver\u00f6ffentlichen Video zu &#8222;Winter Maiden&#8220;","datePublished":"2022-11-29T12:54:38+00:00","dateModified":"2023-03-10T08:44:42+00:00","mainEntityOfPage":{"@id":"https:\/\/ucm.one\/de\/swansong-kuendigen-neuen-schlagzeuger-an-und-veroeffentlichen-video-zu-winter-maiden\/"},"wordCount":367,"publisher":{"@id":"https:\/\/ucm.one\/de\/#organization"},"image":{"@id":"https:\/\/ucm.one\/de\/swansong-kuendigen-neuen-schlagzeuger-an-und-veroeffentlichen-video-zu-winter-maiden\/#primaryimage"},"thumbnailUrl":"https:\/\/ucm.one\/wp-content\/uploads\/2022\/11\/B-Swansong-Winter-Maiden-News.jpg","keywords":["Death Metal","Finnland","Jemiina","Jimi My\u00f6h\u00e4nen","Lovely Bones","Melodic Death Metal","Swansong","Topi Pitk\u00e4nen","Tuomas Leskinen","Winter Maiden"],"articleSection":["Musik","News","Noble Demon"],"inLanguage":"de"},{"@type":"WebPage","@id":"https:\/\/ucm.one\/de\/swansong-kuendigen-neuen-schlagzeuger-an-und-veroeffentlichen-video-zu-winter-maiden\/","url":"https:\/\/ucm.one\/de\/swansong-kuendigen-neuen-schlagzeuger-an-und-veroeffentlichen-video-zu-winter-maiden\/","name":"Swansong k\u00fcndigen neuen Schlagzeuger an","isPartOf":{"@id":"https:\/\/ucm.one\/de\/#website"},"primaryImageOfPage":{"@id":"https:\/\/ucm.one\/de\/swansong-kuendigen-neuen-schlagzeuger-an-und-veroeffentlichen-video-zu-winter-maiden\/#primaryimage"},"image":{"@id":"https:\/\/ucm.one\/de\/swansong-kuendigen-neuen-schlagzeuger-an-und-veroeffentlichen-video-zu-winter-maiden\/#primaryimage"},"thumbnailUrl":"https:\/\/ucm.one\/wp-content\/uploads\/2022\/11\/B-Swansong-Winter-Maiden-News.jpg","datePublished":"2022-11-29T12:54:38+00:00","dateModified":"2023-03-10T08:44:42+00:00","description":"Swansong haben erst k\u00fcrzlich ihr Signing bei Noble Demon f\u00fcr die Ver\u00f6ffentlichung des Deb\u00fctalbums der Band bekannt gegeben.","breadcrumb":{"@id":"https:\/\/ucm.one\/de\/swansong-kuendigen-neuen-schlagzeuger-an-und-veroeffentlichen-video-zu-winter-maiden\/#breadcrumb"},"inLanguage":"de","potentialAction":[{"@type":"ReadAction","target":["https:\/\/ucm.one\/de\/swansong-kuendigen-neuen-schlagzeuger-an-und-veroeffentlichen-video-zu-winter-maiden\/"]}]},{"@type":"ImageObject","inLanguage":"de","@id":"https:\/\/ucm.one\/de\/swansong-kuendigen-neuen-schlagzeuger-an-und-veroeffentlichen-video-zu-winter-maiden\/#primaryimage","url":"https:\/\/ucm.one\/wp-content\/uploads\/2022\/11\/B-Swansong-Winter-Maiden-News.jpg","contentUrl":"https:\/\/ucm.one\/wp-content\/uploads\/2022\/11\/B-Swansong-Winter-Maiden-News.jpg","width":1920,"height":600},{"@type":"BreadcrumbList","@id":"https:\/\/ucm.one\/de\/swansong-kuendigen-neuen-schlagzeuger-an-und-veroeffentlichen-video-zu-winter-maiden\/#breadcrumb","itemListElement":[{"@type":"ListItem","position":1,"name":"Home","item":"https:\/\/ucm.one\/de\/"},{"@type":"ListItem","position":2,"name":"\ud83c\udfb5 Swansong k\u00fcndigen neuen Schlagzeuger an und ver\u00f6ffentlichen Video zu &#8222;Winter Maiden&#8220;"}]},{"@type":"WebSite","@id":"https:\/\/ucm.one\/de\/#website","url":"https:\/\/ucm.one\/de\/","name":"UCM.ONE","description":"","publisher":{"@id":"https:\/\/ucm.one\/de\/#organization"},"potentialAction":[{"@type":"SearchAction","target":{"@type":"EntryPoint","urlTemplate":"https:\/\/ucm.one\/de\/?s={search_term_string}"},"query-input":{"@type":"PropertyValueSpecification","valueRequired":true,"valueName":"search_term_string"}}],"inLanguage":"de"},{"@type":"Organization","@id":"https:\/\/ucm.one\/de\/#organization","name":"UCM.ONE","url":"https:\/\/ucm.one\/de\/","logo":{"@type":"ImageObject","inLanguage":"de","@id":"https:\/\/ucm.one\/de\/#\/schema\/logo\/image\/","url":"https:\/\/ucm.one\/wp-content\/uploads\/2019\/10\/UCM.ONE-Logo-RGB.svg","contentUrl":"https:\/\/ucm.one\/wp-content\/uploads\/2019\/10\/UCM.ONE-Logo-RGB.svg","width":1,"height":1,"caption":"UCM.ONE"},"image":{"@id":"https:\/\/ucm.one\/de\/#\/schema\/logo\/image\/"}},{"@type":"Person","@id":"https:\/\/ucm.one\/de\/#\/schema\/person\/4b959e467e8acc058836467a0ef8fa50","name":"Joachim Keil","image":{"@type":"ImageObject","inLanguage":"de","@id":"https:\/\/secure.gravatar.com\/avatar\/10e1dfd05f2a7a7bc83cd44bae31e01c8ac15f974229211a2b1a49fa0a22fec0?s=96&d=mm&r=g","url":"https:\/\/secure.gravatar.com\/avatar\/10e1dfd05f2a7a7bc83cd44bae31e01c8ac15f974229211a2b1a49fa0a22fec0?s=96&d=mm&r=g","contentUrl":"https:\/\/secure.gravatar.com\/avatar\/10e1dfd05f2a7a7bc83cd44bae31e01c8ac15f974229211a2b1a49fa0a22fec0?s=96&d=mm&r=g","caption":"Joachim Keil"},"sameAs":["https:\/\/ucm.one"]}]}},"_links":{"self":[{"href":"https:\/\/ucm.one\/de\/wp-json\/wp\/v2\/posts\/82681","targetHints":{"allow":["GET"]}}],"collection":[{"href":"https:\/\/ucm.one\/de\/wp-json\/wp\/v2\/posts"}],"about":[{"href":"https:\/\/ucm.one\/de\/wp-json\/wp\/v2\/types\/post"}],"author":[{"embeddable":true,"href":"https:\/\/ucm.one\/de\/wp-json\/wp\/v2\/users\/2"}],"replies":[{"embeddable":true,"href":"https:\/\/ucm.one\/de\/wp-json\/wp\/v2\/comments?post=82681"}],"version-history":[{"count":0,"href":"https:\/\/ucm.one\/de\/wp-json\/wp\/v2\/posts\/82681\/revisions"}],"wp:featuredmedia":[{"embeddable":true,"href":"https:\/\/ucm.one\/de\/wp-json\/wp\/v2\/media\/82692"}],"wp:attachment":[{"href":"https:\/\/ucm.one\/de\/wp-json\/wp\/v2\/media?parent=82681"}],"wp:term":[{"taxonomy":"category","embeddable":true,"href":"https:\/\/ucm.one\/de\/wp-json\/wp\/v2\/categories?post=82681"},{"taxonomy":"post_tag","embeddable":true,"href":"https:\/\/ucm.one\/de\/wp-json\/wp\/v2\/tags?post=82681"}],"curies":[{"name":"wp","href":"https:\/\/api.w.org\/{rel}","templated":true}]}}