{"id":80306,"date":"2022-11-11T15:37:16","date_gmt":"2022-11-11T15:37:16","guid":{"rendered":"https:\/\/ucm.one\/?p=80306"},"modified":"2023-03-10T09:29:19","modified_gmt":"2023-03-10T09:29:19","slug":"die-wahre-schoenheit-von-krishna-ashu-bhati-mit-eva-habermann-ab-heute-erhaeltlich","status":"publish","type":"post","link":"https:\/\/ucm.one\/de\/die-wahre-schoenheit-von-krishna-ashu-bhati-mit-eva-habermann-ab-heute-erhaeltlich\/","title":{"rendered":"\ud83c\udfac &#8222;Die wahre Sch\u00f6nheit&#8220; von Krishna Ashu Bhati mit Eva Habermann ab heute erh\u00e4ltlich"},"content":{"rendered":"<div class=\"wpb-content-wrapper\"><p>[vc_row][vc_column][vc_column_text]Heute erscheint die\u00a0<b>Familientragikom\u00f6die &#8218;Die Wahre Sch\u00f6nheit&#8216;<\/b>\u00a0von<b>\u00a0Eva Habermann<\/b>\u00a0in Deutschland auf DVD und Blu Ray sowie international auf VoD-Portalen. Ihr\u00a0<b>4. selbstproduzierter Film<\/b>\u00a0die &#8222;<strong>Die wahre Sch\u00f6nheit<\/strong>&#8220;\u00a0wurde<b>\u00a0<\/b>in diesem Jahr bereits\u00a0<b>weltweit auf Film-Festivals<\/b>\u00a0mit mehr als\u00a0<b>54 Awards<\/b>\u00a0ausgezeichnet, davon\u00a0<b>19 St\u00fcck<\/b>\u00a0in der\u00a0<b>Kategorie \u201aBester Film\u2018<\/b>.\u00a0Besonders gefeiert wurde der Film \u201a<strong>Die wahre Sch\u00f6nheit\u2018<\/strong>, der unter dem englischen Titel \u201a<strong>The Ugly Truth<\/strong>\u2018 in den internationalen Wettbewerben l\u00e4uft, in den USA.[\/vc_column_text][\/vc_column][\/vc_row][vc_row][vc_column width=&#8220;3\/4&#8243;][vc_column_text]<span style=\"font-size: 14pt;\">Inhaltsangabe:<\/span><\/p>\n<div>\n<div class=\"wpb_text_column wpb_content_element \">\n<div class=\"wpb_wrapper\">\n<p>Theo (<strong>Marcus Gr\u00fcsser<\/strong>) tr\u00e4umte immer von einer Karriere als Schriftsteller, scheiterte jedoch stets an seiner Angst zu versagen. Nach dem tragischen Freitod seiner ersten Frau vor dreizehn Jahren fand er Halt bei ihrer Schwester Mona (<strong>Eva Habermann<\/strong>). Doch ein schwerer Unfall hinterl\u00e4sst Mona mit einem verkr\u00fcppelten Bein. Sie bet\u00e4ubt ihr Leid mit Medikamenten und Alkohol.<\/p>\n<\/div>\n<\/div>\n<div class=\"wpb_text_column wpb_content_element \">\n<div class=\"wpb_wrapper\">\n<p>Als Alina (<strong>Caroline Hartig<\/strong>), die bezaubernde Tochter einer Freundin von Mona, vor\u00fcbergehend bei der Familie einzieht, bricht das wackelige Konstrukt in sich zusammen. Theo fl\u00fcchtet sich in romantische Phantasien mit der jungen Alina. Je mehr Theo aufbl\u00fcht, desto mehr gleitet Mona in eine tiefe Depression. Theos pubertierende Tochter Hanna (<strong>Lilly Liefers<\/strong>) erkennt als Einzige den Ernst der Lage und steht hilflos daneben, wie ihre Stiefmutter Mona immer mehr Richtung Abgrund gleitet.<\/p>\n<\/div>\n<\/div>\n<\/div>\n<p>[\/vc_column_text][vc_column_text]<strong>Eva Habermann<\/strong> spielt mit str\u00e4hnigem Haar, tr\u00e4nenverschmiertem Maku up, aufgedunsenem K\u00f6rper die\u00a0depressive, alkoholkranke Mona, die immer mehr die Kontrolle \u00fcber ihr Leben verliert. So hat man <strong>Eva Habermann<\/strong> noch nie gesehen. Und noch nie hat ein Produzent sie so hart am psychischen Abgrund, so fern jeglicher \u00e4u\u00dferlichen Attraktivit\u00e4t besetzt. Sie tat es selbst &#8211; als Produzentin von &#8218;<strong>Die wahre Sch\u00f6nheit<\/strong>&#8218;.\u00a0Ihr Erscheinungsbild ist oft unschmeichelhaft bis zur Schmerzgrenze. 15 Kilo nahm sie extra zu, um die Rolle auszuf\u00fcllen.[\/vc_column_text][\/vc_column][vc_column width=&#8220;1\/4&#8243;][vc_single_image image=&#8220;79180&#8243; img_size=&#8220;full&#8220; onclick=&#8220;link_image&#8220;][\/vc_column][\/vc_row][vc_row][vc_column][vc_column_text]Mit ihrer Filmproduktionsfirma <strong>Fantomfilm<\/strong>\u00a0verpflichtete <strong>Eva Habermann<\/strong> f\u00fcr die \u201a<strong>Die wahre Sch\u00f6nheit<\/strong>\u2018 weitere namhafte Schauspielkollegen wie\u00a0<b>Marcus Gr\u00fcsser<\/b>\u00a0und\u00a0<b>Simon B\u00f6er<\/b>\u00a0sowie eine Reihe talentierter Jungschauspieler wie\u00a0<b>Lilly Liefers<\/b>,\u00a0<b>Emma Schweiger<\/b>\u00a0sowie\u00a0<b>Caroline Hartig<\/b>.[\/vc_column_text][\/vc_column][\/vc_row][vc_row][vc_column width=&#8220;1\/2&#8243;][vc_single_image image=&#8220;79221&#8243; img_size=&#8220;full&#8220; onclick=&#8220;link_image&#8220;][\/vc_column][vc_column width=&#8220;1\/2&#8243;][vc_single_image image=&#8220;79248&#8243; img_size=&#8220;full&#8220; onclick=&#8220;link_image&#8220;][\/vc_column][\/vc_row][vc_row][vc_column][vc_column_text]Als pers\u00f6nlich Betroffene setzt sich <strong>Eva Habermann<\/strong> daf\u00fcr ein, dass das Thema Depressionen aus der \u00f6ffentlichen Tabu-Ecke herauskommt: <em>&#8222;Ich hoffe, dass der Film &#8218;Die Wahre Sch\u00f6nheit&#8216; der ganzen Welt vor Augen f\u00fchrt, wie es ist, eine Person zu sein, die geistig ersch\u00f6pft und an Depressionen erkrankt ist. Ich m\u00f6chte, dass Menschen, die unter Depressionen leiden, sich verstanden f\u00fchlen und ich m\u00f6chte zeigen, wie schwer es f\u00fcr die Angeh\u00f6rigen ist, damit umzugehen.&#8220;<\/em>[\/vc_column_text][\/vc_column][\/vc_row][vc_row][vc_column][vc_single_image image=&#8220;80218&#8243; img_size=&#8220;full&#8220; onclick=&#8220;link_image&#8220;][vc_empty_space height=&#8220;12px&#8220;][vc_row_inner][vc_column_inner width=&#8220;1\/5&#8243;][vc_btn title=&#8220;Amazon&#8220; style=&#8220;flat&#8220; color=&#8220;orange&#8220; size=&#8220;sm&#8220; align=&#8220;center&#8220; i_icon_fontawesome=&#8220;fab fa-amazon&#8220; button_block=&#8220;true&#8220; add_icon=&#8220;true&#8220; link=&#8220;url:https%3A%2F%2Fwww.amazon.de%2FDie-wahre-Sch%C3%B6nheit-Eva-Habermann%2Fdp%2FB0BHLC77WF|title:Amazon|target:_blank&#8220;][\/vc_column_inner][vc_column_inner width=&#8220;1\/5&#8243;][vc_btn title=&#8220;Mediamarkt&#8220; style=&#8220;flat&#8220; color=&#8220;danger&#8220; size=&#8220;sm&#8220; align=&#8220;center&#8220; i_icon_fontawesome=&#8220;far fa-dot-circle&#8220; button_block=&#8220;true&#8220; add_icon=&#8220;true&#8220; link=&#8220;url:https%3A%2F%2Fwww.mediamarkt.de%2Fde%2Fproduct%2F_die-wahre-schonheit-kinofassung-blu-ray-2839375.html|title:Mediamarkt|target:_blank&#8220;][\/vc_column_inner][vc_column_inner width=&#8220;1\/5&#8243;][vc_btn title=&#8220;Shop&#8220; style=&#8220;flat&#8220; color=&#8220;juicy-pink&#8220; size=&#8220;sm&#8220; align=&#8220;center&#8220; i_icon_fontawesome=&#8220;fas fa-shopping-cart&#8220; button_block=&#8220;true&#8220; add_icon=&#8220;true&#8220; link=&#8220;url:https%3A%2F%2Fucm.one%2Fprodukt%2Fdie-wahre-schoenheit%2F|title:Shop&#8220;][\/vc_column_inner][vc_column_inner width=&#8220;1\/5&#8243;][vc_btn title=&#8220;Vimeo&#8220; style=&#8220;flat&#8220; color=&#8220;sky&#8220; size=&#8220;sm&#8220; align=&#8220;center&#8220; i_icon_fontawesome=&#8220;fab fa-vimeo-v&#8220; button_block=&#8220;true&#8220; add_icon=&#8220;true&#8220; link=&#8220;url:https%3A%2F%2Fvimeo.com%2Fondemand%2Fdiewahreschonheit|title:Vimeo|target:_blank&#8220;][\/vc_column_inner][vc_column_inner width=&#8220;1\/5&#8243;][vc_btn title=&#8220;Wer Streamt Es?&#8220; style=&#8220;flat&#8220; color=&#8220;blue&#8220; size=&#8220;sm&#8220; align=&#8220;center&#8220; i_icon_fontawesome=&#8220;far fa-question-circle&#8220; button_block=&#8220;true&#8220; add_icon=&#8220;true&#8220; link=&#8220;url:https%3A%2F%2Fwww.werstreamt.es%2Ffilm%2Fdetails%2F2940506%2Fdie-wahre-schoenheit%2F|title:Wer%20streamt%20es%3F|target:_blank&#8220;][\/vc_column_inner][\/vc_row_inner][vc_empty_space height=&#8220;24px&#8220;][vc_column_text]<span style=\"font-size: 14pt;\">Ausstattungen und technische Daten der physischen Auflagen:<\/span><\/p>\n<p><strong>Blu-Ray<\/strong> | Bildformat: WS 1:1,85 \/ 1080p 23.976 | Gesamtlaufzeit Film: 101 Min | Tonformat: Deutsch Dolby Surround 5.1 und 2.0 | Untertitel: Englisch | Bonus: Trailer 1 \u201eTheos Perspektive\u201c und Trailer 2 \u201eHannas Perspektive\u201c | Verpackung: Scanavo-Box | Wendecover ohne FSK-Logo | FSK 16<\/p>\n<p><strong>DVD<\/strong> | Bildformat: WS 1:1,85 \/ 1080p 23.976 | Gesamtlaufzeit Film: 101 Min | Tonformat: Deutsch Dolby Surround 5.1 und 2.0 | Untertitel: Englisch | Bonus: Trailer 1 \u201eTheos Perspektive\u201c und Trailer 2 \u201eHannas Perspektive\u201c | Verpackung: Amaray (transparent)\u00a0| Wendecover ohne FSK-Logo | FSK 16[\/vc_column_text][\/vc_column][\/vc_row][vc_row][vc_column][vc_separator][\/vc_column][\/vc_row][vc_row][vc_column width=&#8220;1\/2&#8243;][vc_video link=&#8220;https:\/\/youtu.be\/W5VrbTnIt4A&#8220; title=&#8220;Die Wahre Sch\u00f6nheit | Trailer &#8211; Theos Perspektive&#8220;][\/vc_column][vc_column width=&#8220;1\/2&#8243;][vc_video link=&#8220;https:\/\/youtu.be\/mcQ6SakxNQs&#8220; title=&#8220;Die Wahre Sch\u00f6nheit | Trailer &#8211; Hannas Perspektive&#8220;][\/vc_column][\/vc_row][vc_row][vc_column][vc_column_text]Weitere Informationen \u00fcber den Film: <a title=\"Die wahre Sch\u00f6nheit (2021) von Krishna Ashu Bhati | B-Spree Pictures\" href=\"https:\/\/ucm.one\/de\/die-wahre-schoenheit\/\">Die wahre Sch\u00f6nheit<\/a>[\/vc_column_text][\/vc_column][\/vc_row]<\/p>\n<\/div>","protected":false},"excerpt":{"rendered":"<p>[vc_row][vc_column][vc_column_text]Heute erscheint die\u00a0Familientragikom\u00f6die &#8218;Die Wahre Sch\u00f6nheit&#8216;\u00a0von\u00a0Eva Habermann\u00a0in Deutschland auf DVD und Blu Ray sowie international auf VoD-Portalen. Ihr\u00a04. selbstproduzierter Film\u00a0die &#8222;Die wahre Sch\u00f6nheit&#8220;\u00a0wurde\u00a0in diesem Jahr bereits\u00a0weltweit auf Film-Festivals\u00a0mit mehr als\u00a054 Awards\u00a0ausgezeichnet, davon\u00a019 St\u00fcck\u00a0in der\u00a0Kategorie \u201aBester Film\u2018.\u00a0Besonders gefeiert wurde der Film \u201aDie wahre Sch\u00f6nheit\u2018, der unter dem englischen Titel \u201aThe Ugly Truth\u2018 in den internationalen Wettbewerben&hellip;<\/p>\n","protected":false},"author":2,"featured_media":80260,"comment_status":"closed","ping_status":"closed","sticky":false,"template":"","format":"standard","meta":{"_acf_changed":false,"footnotes":""},"categories":[9377,8,10,13,752],"tags":[14588,14582,14578,14586,14585,10479,14587,14583,14580,14584,14589,14581,8001,14579,14590],"class_list":["post-80306","post","type-post","status-publish","format-standard","has-post-thumbnail","hentry","category-b-spree-pictures","category-film","category-kino","category-news","category-verleih","tag-arved-friese","tag-caroline-hartig","tag-die-wahre-schoenheit","tag-elias-eisold","tag-emma-schweiger","tag-eva-habermann","tag-hussein-eliraqui","tag-lilly-liefers","tag-marcus-gruesser","tag-mascha-paul","tag-nicolai-tegeler","tag-simon-boeer","tag-tom-boettcher","tag-ugly-truth","tag-wolfgang-s-zechmayer","category-9377","category-8","category-10","category-13","category-752","description-off"],"acf":[],"yoast_head":"<!-- This site is optimized with the Yoast SEO plugin v27.5 - https:\/\/yoast.com\/product\/yoast-seo-wordpress\/ -->\n<title>&quot;Die wahre Sch\u00f6nheit&quot; mit Eva Habermann<\/title>\n<meta name=\"description\" content=\"Heute erscheint die\u00a0Familientragikom\u00f6die &#039;Die Wahre Sch\u00f6nheit&#039;\u00a0von\u00a0Eva Habermann in Deutschland auf DVD und Blu Ray sowie auf VoD-Portalen.\" \/>\n<meta name=\"robots\" content=\"index, follow, max-snippet:-1, max-image-preview:large, max-video-preview:-1\" \/>\n<link rel=\"canonical\" href=\"https:\/\/ucm.one\/de\/die-wahre-schoenheit-von-krishna-ashu-bhati-mit-eva-habermann-ab-heute-erhaeltlich\/\" \/>\n<meta property=\"og:locale\" content=\"de_DE\" \/>\n<meta property=\"og:type\" content=\"article\" \/>\n<meta property=\"og:title\" content=\"&quot;Die wahre Sch\u00f6nheit&quot; mit Eva Habermann\" \/>\n<meta property=\"og:description\" content=\"Heute erscheint die\u00a0Familientragikom\u00f6die &#039;Die Wahre Sch\u00f6nheit&#039;\u00a0von\u00a0Eva Habermann in Deutschland auf DVD und Blu Ray sowie auf VoD-Portalen.\" \/>\n<meta property=\"og:url\" content=\"https:\/\/ucm.one\/de\/die-wahre-schoenheit-von-krishna-ashu-bhati-mit-eva-habermann-ab-heute-erhaeltlich\/\" \/>\n<meta property=\"og:site_name\" content=\"UCM.ONE\" \/>\n<meta property=\"article:published_time\" content=\"2022-11-11T15:37:16+00:00\" \/>\n<meta property=\"article:modified_time\" content=\"2023-03-10T09:29:19+00:00\" \/>\n<meta property=\"og:image\" content=\"https:\/\/ucm.one\/wp-content\/uploads\/2022\/10\/P-Die-wahre-Schoenheit.jpg\" \/>\n<meta name=\"author\" content=\"Joachim Keil\" \/>\n<meta name=\"twitter:card\" content=\"summary_large_image\" \/>\n<meta name=\"twitter:title\" content=\"&quot;Die wahre Sch\u00f6nheit&quot; mit Eva Habermann\" \/>\n<meta name=\"twitter:description\" content=\"Heute erscheint die\u00a0Familientragikom\u00f6die &#039;Die Wahre Sch\u00f6nheit&#039;\u00a0von\u00a0Eva Habermann in Deutschland auf DVD und Blu Ray sowie auf VoD-Portalen.\" \/>\n<meta name=\"twitter:image\" content=\"https:\/\/ucm.one\/wp-content\/uploads\/2022\/10\/P-Die-wahre-Schoenheit.jpg\" \/>\n<meta name=\"twitter:label1\" content=\"Verfasst von\" \/>\n\t<meta name=\"twitter:data1\" content=\"Joachim Keil\" \/>\n\t<meta name=\"twitter:label2\" content=\"Gesch\u00e4tzte Lesezeit\" \/>\n\t<meta name=\"twitter:data2\" content=\"5\u00a0Minuten\" \/>\n<!-- \/ Yoast SEO plugin. -->","yoast_head_json":{"title":"\"Die wahre Sch\u00f6nheit\" mit Eva Habermann","description":"Heute erscheint die\u00a0Familientragikom\u00f6die 'Die Wahre Sch\u00f6nheit'\u00a0von\u00a0Eva Habermann in Deutschland auf DVD und Blu Ray sowie auf VoD-Portalen.","robots":{"index":"index","follow":"follow","max-snippet":"max-snippet:-1","max-image-preview":"max-image-preview:large","max-video-preview":"max-video-preview:-1"},"canonical":"https:\/\/ucm.one\/de\/die-wahre-schoenheit-von-krishna-ashu-bhati-mit-eva-habermann-ab-heute-erhaeltlich\/","og_locale":"de_DE","og_type":"article","og_title":"\"Die wahre Sch\u00f6nheit\" mit Eva Habermann","og_description":"Heute erscheint die\u00a0Familientragikom\u00f6die 'Die Wahre Sch\u00f6nheit'\u00a0von\u00a0Eva Habermann in Deutschland auf DVD und Blu Ray sowie auf VoD-Portalen.","og_url":"https:\/\/ucm.one\/de\/die-wahre-schoenheit-von-krishna-ashu-bhati-mit-eva-habermann-ab-heute-erhaeltlich\/","og_site_name":"UCM.ONE","article_published_time":"2022-11-11T15:37:16+00:00","article_modified_time":"2023-03-10T09:29:19+00:00","og_image":[{"url":"https:\/\/ucm.one\/wp-content\/uploads\/2022\/10\/P-Die-wahre-Schoenheit.jpg","type":"","width":"","height":""}],"author":"Joachim Keil","twitter_card":"summary_large_image","twitter_title":"\"Die wahre Sch\u00f6nheit\" mit Eva Habermann","twitter_description":"Heute erscheint die\u00a0Familientragikom\u00f6die 'Die Wahre Sch\u00f6nheit'\u00a0von\u00a0Eva Habermann in Deutschland auf DVD und Blu Ray sowie auf VoD-Portalen.","twitter_image":"https:\/\/ucm.one\/wp-content\/uploads\/2022\/10\/P-Die-wahre-Schoenheit.jpg","twitter_misc":{"Verfasst von":"Joachim Keil","Gesch\u00e4tzte Lesezeit":"5\u00a0Minuten"},"schema":{"@context":"https:\/\/schema.org","@graph":[{"@type":"Article","@id":"https:\/\/ucm.one\/de\/die-wahre-schoenheit-von-krishna-ashu-bhati-mit-eva-habermann-ab-heute-erhaeltlich\/#article","isPartOf":{"@id":"https:\/\/ucm.one\/de\/die-wahre-schoenheit-von-krishna-ashu-bhati-mit-eva-habermann-ab-heute-erhaeltlich\/"},"author":{"name":"Joachim Keil","@id":"https:\/\/ucm.one\/de\/#\/schema\/person\/4b959e467e8acc058836467a0ef8fa50"},"headline":"\ud83c\udfac &#8222;Die wahre Sch\u00f6nheit&#8220; von Krishna Ashu Bhati mit Eva Habermann ab heute erh\u00e4ltlich","datePublished":"2022-11-11T15:37:16+00:00","dateModified":"2023-03-10T09:29:19+00:00","mainEntityOfPage":{"@id":"https:\/\/ucm.one\/de\/die-wahre-schoenheit-von-krishna-ashu-bhati-mit-eva-habermann-ab-heute-erhaeltlich\/"},"wordCount":964,"publisher":{"@id":"https:\/\/ucm.one\/de\/#organization"},"image":{"@id":"https:\/\/ucm.one\/de\/die-wahre-schoenheit-von-krishna-ashu-bhati-mit-eva-habermann-ab-heute-erhaeltlich\/#primaryimage"},"thumbnailUrl":"https:\/\/ucm.one\/wp-content\/uploads\/2022\/11\/B-Die-Wahre-Schaenheit.jpg","keywords":["Arved Friese","Caroline Hartig","Die wahre Sch\u00f6nheit","Elias Eisold","Emma Schweiger","Eva Habermann","Hussein Eliraqui","Lilly Liefers","Marcus Gr\u00fcsser","Mascha Paul","Nicolai Tegeler","Simon B\u00f6er","Tom B\u00f6ttcher","Ugly Truth","Wolfgang S. Zechmayer."],"articleSection":["B-Spree Pictures","Film","Kino","News","Verleih"],"inLanguage":"de"},{"@type":"WebPage","@id":"https:\/\/ucm.one\/de\/die-wahre-schoenheit-von-krishna-ashu-bhati-mit-eva-habermann-ab-heute-erhaeltlich\/","url":"https:\/\/ucm.one\/de\/die-wahre-schoenheit-von-krishna-ashu-bhati-mit-eva-habermann-ab-heute-erhaeltlich\/","name":"\"Die wahre Sch\u00f6nheit\" mit Eva Habermann","isPartOf":{"@id":"https:\/\/ucm.one\/de\/#website"},"primaryImageOfPage":{"@id":"https:\/\/ucm.one\/de\/die-wahre-schoenheit-von-krishna-ashu-bhati-mit-eva-habermann-ab-heute-erhaeltlich\/#primaryimage"},"image":{"@id":"https:\/\/ucm.one\/de\/die-wahre-schoenheit-von-krishna-ashu-bhati-mit-eva-habermann-ab-heute-erhaeltlich\/#primaryimage"},"thumbnailUrl":"https:\/\/ucm.one\/wp-content\/uploads\/2022\/11\/B-Die-Wahre-Schaenheit.jpg","datePublished":"2022-11-11T15:37:16+00:00","dateModified":"2023-03-10T09:29:19+00:00","description":"Heute erscheint die\u00a0Familientragikom\u00f6die 'Die Wahre Sch\u00f6nheit'\u00a0von\u00a0Eva Habermann in Deutschland auf DVD und Blu Ray sowie auf VoD-Portalen.","breadcrumb":{"@id":"https:\/\/ucm.one\/de\/die-wahre-schoenheit-von-krishna-ashu-bhati-mit-eva-habermann-ab-heute-erhaeltlich\/#breadcrumb"},"inLanguage":"de","potentialAction":[{"@type":"ReadAction","target":["https:\/\/ucm.one\/de\/die-wahre-schoenheit-von-krishna-ashu-bhati-mit-eva-habermann-ab-heute-erhaeltlich\/"]}]},{"@type":"ImageObject","inLanguage":"de","@id":"https:\/\/ucm.one\/de\/die-wahre-schoenheit-von-krishna-ashu-bhati-mit-eva-habermann-ab-heute-erhaeltlich\/#primaryimage","url":"https:\/\/ucm.one\/wp-content\/uploads\/2022\/11\/B-Die-Wahre-Schaenheit.jpg","contentUrl":"https:\/\/ucm.one\/wp-content\/uploads\/2022\/11\/B-Die-Wahre-Schaenheit.jpg","width":1920,"height":600},{"@type":"BreadcrumbList","@id":"https:\/\/ucm.one\/de\/die-wahre-schoenheit-von-krishna-ashu-bhati-mit-eva-habermann-ab-heute-erhaeltlich\/#breadcrumb","itemListElement":[{"@type":"ListItem","position":1,"name":"Home","item":"https:\/\/ucm.one\/de\/"},{"@type":"ListItem","position":2,"name":"\ud83c\udfac &#8222;Die wahre Sch\u00f6nheit&#8220; von Krishna Ashu Bhati mit Eva Habermann ab heute erh\u00e4ltlich"}]},{"@type":"WebSite","@id":"https:\/\/ucm.one\/de\/#website","url":"https:\/\/ucm.one\/de\/","name":"UCM.ONE","description":"","publisher":{"@id":"https:\/\/ucm.one\/de\/#organization"},"potentialAction":[{"@type":"SearchAction","target":{"@type":"EntryPoint","urlTemplate":"https:\/\/ucm.one\/de\/?s={search_term_string}"},"query-input":{"@type":"PropertyValueSpecification","valueRequired":true,"valueName":"search_term_string"}}],"inLanguage":"de"},{"@type":"Organization","@id":"https:\/\/ucm.one\/de\/#organization","name":"UCM.ONE","url":"https:\/\/ucm.one\/de\/","logo":{"@type":"ImageObject","inLanguage":"de","@id":"https:\/\/ucm.one\/de\/#\/schema\/logo\/image\/","url":"https:\/\/ucm.one\/wp-content\/uploads\/2019\/10\/UCM.ONE-Logo-RGB.svg","contentUrl":"https:\/\/ucm.one\/wp-content\/uploads\/2019\/10\/UCM.ONE-Logo-RGB.svg","width":1,"height":1,"caption":"UCM.ONE"},"image":{"@id":"https:\/\/ucm.one\/de\/#\/schema\/logo\/image\/"}},{"@type":"Person","@id":"https:\/\/ucm.one\/de\/#\/schema\/person\/4b959e467e8acc058836467a0ef8fa50","name":"Joachim Keil","image":{"@type":"ImageObject","inLanguage":"de","@id":"https:\/\/secure.gravatar.com\/avatar\/10e1dfd05f2a7a7bc83cd44bae31e01c8ac15f974229211a2b1a49fa0a22fec0?s=96&d=mm&r=g","url":"https:\/\/secure.gravatar.com\/avatar\/10e1dfd05f2a7a7bc83cd44bae31e01c8ac15f974229211a2b1a49fa0a22fec0?s=96&d=mm&r=g","contentUrl":"https:\/\/secure.gravatar.com\/avatar\/10e1dfd05f2a7a7bc83cd44bae31e01c8ac15f974229211a2b1a49fa0a22fec0?s=96&d=mm&r=g","caption":"Joachim Keil"},"sameAs":["https:\/\/ucm.one"]}]}},"_links":{"self":[{"href":"https:\/\/ucm.one\/de\/wp-json\/wp\/v2\/posts\/80306","targetHints":{"allow":["GET"]}}],"collection":[{"href":"https:\/\/ucm.one\/de\/wp-json\/wp\/v2\/posts"}],"about":[{"href":"https:\/\/ucm.one\/de\/wp-json\/wp\/v2\/types\/post"}],"author":[{"embeddable":true,"href":"https:\/\/ucm.one\/de\/wp-json\/wp\/v2\/users\/2"}],"replies":[{"embeddable":true,"href":"https:\/\/ucm.one\/de\/wp-json\/wp\/v2\/comments?post=80306"}],"version-history":[{"count":0,"href":"https:\/\/ucm.one\/de\/wp-json\/wp\/v2\/posts\/80306\/revisions"}],"wp:featuredmedia":[{"embeddable":true,"href":"https:\/\/ucm.one\/de\/wp-json\/wp\/v2\/media\/80260"}],"wp:attachment":[{"href":"https:\/\/ucm.one\/de\/wp-json\/wp\/v2\/media?parent=80306"}],"wp:term":[{"taxonomy":"category","embeddable":true,"href":"https:\/\/ucm.one\/de\/wp-json\/wp\/v2\/categories?post=80306"},{"taxonomy":"post_tag","embeddable":true,"href":"https:\/\/ucm.one\/de\/wp-json\/wp\/v2\/tags?post=80306"}],"curies":[{"name":"wp","href":"https:\/\/api.w.org\/{rel}","templated":true}]}}