{"id":74841,"date":"2022-08-26T15:01:11","date_gmt":"2022-08-26T15:01:11","guid":{"rendered":"https:\/\/ucm.one\/?p=74841"},"modified":"2023-03-09T16:19:39","modified_gmt":"2023-03-09T16:19:39","slug":"der-arzt-von-st-pauli-mit-curd-juergens-als-mediabook-blu-ray-dvd-und-bei-vod-portalen-erhaeltlich","status":"publish","type":"post","link":"https:\/\/ucm.one\/de\/der-arzt-von-st-pauli-mit-curd-juergens-als-mediabook-blu-ray-dvd-und-bei-vod-portalen-erhaeltlich\/","title":{"rendered":"\ud83c\udfac &#8222;Der Arzt von St. Pauli&#8220; mit Curd J\u00fcrgens als Mediabook, Blu-Ray, DVD und bei VoD-Portalen erh\u00e4ltlich"},"content":{"rendered":"<div class=\"wpb-content-wrapper\"><p>[vc_row][vc_column][vc_column_text]<\/p>\n<div class=\"\">\n<p>Der Film &#8222;<strong>Der Arzt von St. Pauli<\/strong>&#8220; von Regisseur <strong>Rolf Olsen<\/strong> ist ab heute in der neuen in 4K abgetasteten und in Full-HD restaurierten Fassung auf den Label <strong><span style=\"font-family: 'arial black', sans-serif;\">U8<\/span> Films Berlin<\/strong>\u00a0von <span style=\"font-family: 'arial black', sans-serif;\"><strong>UCM.ONE<\/strong><\/span> in Kooperation mit \u00a0<strong>moviemax\u00a0<\/strong>erh\u00e4ltlich. Der starbesetzte Film mit <strong>Curd J\u00fcrgens<\/strong> (&#8222;<strong>Der Spion, der mich liebte<\/strong>&#8222;), <strong>Fritz Wepper<\/strong> (&#8222;<strong>Derrick<\/strong>&#8222;, &#8222;<strong>Der Kommissar<\/strong>&#8222;), <strong>Dieter Borsche<\/strong> (&#8222;<strong>Das Halstuch<\/strong>&#8222;); <strong>Heinz Reincke<\/strong> (&#8222;<strong>Es muss nicht immer Kaviar sein<\/strong>&#8222;) und <strong>Christiane R\u00fccker<\/strong> (&#8222;<strong>Die Schlangengrube und das Pendel<\/strong>&#8222;, &#8222;<strong>Kottan ermittelt<\/strong>&#8222;) wurde urspr\u00fcnglich vom Kinoverleih <strong>Constantin<\/strong> 1968 in Westdeutschland in die Kinos gebracht und wurde von \u00fcber 3.000.000 Kinobesuchen gesehen.<\/p>\n<\/div>\n<p>[\/vc_column_text][\/vc_column][\/vc_row][vc_row][vc_column width=&#8220;1\/3&#8243;][vc_single_image image=&#8220;74637&#8243; img_size=&#8220;full&#8220; onclick=&#8220;link_image&#8220;][\/vc_column][vc_column width=&#8220;1\/3&#8243;][vc_single_image image=&#8220;74658&#8243; img_size=&#8220;full&#8220; onclick=&#8220;link_image&#8220;][\/vc_column][vc_column width=&#8220;1\/3&#8243;][vc_single_image image=&#8220;74655&#8243; img_size=&#8220;full&#8220; onclick=&#8220;link_image&#8220;][\/vc_column][\/vc_row][vc_row][vc_column][vc_column_text]<span style=\"font-size: 14pt;\">Inhalt<\/span><\/p>\n<p style=\"font-weight: 400;\">Dr. Jan Diffring (<strong>Curd J\u00fcrgens<\/strong>) praktiziert als Arzt an der Reeperbahn und besitzt das volle Vertrauen der hier arbeitenden und lebenden Menschen. Niemals w\u00fcrde er der Polizei Informationen geben und wegsehen, wenn sich jemand in Not befindet. Als er in den fr\u00fchen Morgenstunden auf der Reeperbahn unterwegs ist, kommt er einer jungen Frau zu Hilfe, die von ein paar M\u00e4nnern zusammen geschlagen wird.\u00a0Er ahnt nicht, dass dieser \u00dcberfall im Zusammenhang mit Sex-Partys steht, die f\u00fcr eine Klientel reicher Gesch\u00e4ftsm\u00e4nner veranstaltet werden und an denen sein Bruder Klaus (<strong>Horst Naumann<\/strong>) beteiligt ist. Obwohl dieser ein angesehener Gyn\u00e4kologe ist, hat er hohe Schulden und ist gezwungen, reiche verheiratete Damen, die bei ihm eine ungewollte Schwangerschaft beseitigen lassen wollen, f\u00fcr diese Partys gef\u00fcgig zu machen.<\/p>\n<p>[\/vc_column_text][vc_single_image image=&#8220;74570&#8243; img_size=&#8220;full&#8220;][vc_column_text]<\/p>\n<p style=\"font-weight: 400;\">Als sich dann der junge Seemann Hein (<strong>Fritz Wepper<\/strong>) an Jan wendet, und ihn bittet, ihm bei der Suche nach seiner spurlos verschwundenen Verlobten Margot (<strong>Christiane R\u00fccker<\/strong>) zu helfen, eskaliert die Lage\u2026<\/p>\n<p>[\/vc_column_text][\/vc_column][\/vc_row][vc_row][vc_column width=&#8220;1\/2&#8243;][vc_video link=&#8220;https:\/\/youtu.be\/hofgLA9uqjQ&#8220; title=&#8220;Der Arzt von St. Pauli | Trailer (deutsch) \u1d34\u1d30&#8220;][\/vc_column][vc_column width=&#8220;1\/2&#8243;][vc_video link=&#8220;https:\/\/youtu.be\/VqO2eh703aE&#8220; title=&#8220;Unboxing: Der Arzt von St. Pauli&#8220;][\/vc_column][\/vc_row][vc_row][vc_column][vc_empty_space height=&#8220;15px&#8220;][vc_separator][vc_column_inner width=&#8220;1\/4&#8243;][\/vc_column_inner][\/vc_column][\/vc_row][vc_row][vc_column][vc_empty_space height=&#8220;15px&#8220;][vc_column_text css=&#8220;.vc_custom_1653175289726{margin-bottom: -5px !important;}&#8220;]<span style=\"font-size: 18pt;\">Erh\u00e4ltlichen Formate und Ausstattungen<\/span>[\/vc_column_text][vc_empty_space][vc_row_inner][vc_column_inner width=&#8220;1\/6&#8243;][vc_single_image image=&#8220;74686&#8243; img_size=&#8220;full&#8220;][\/vc_column_inner][vc_column_inner width=&#8220;5\/6&#8243;][vc_column_text]<strong>Limitiertes Mediabook (Blu-Ray + DVD):<\/strong><\/p>\n<p>Kinofassung erstmalig in 4K neu abgetastet und in Full-HD restauriert<\/p>\n<p>Bildformat Blu-Ray:\u00a0<span lang=\"EN-US\">WS 1.66:1 \/ 1080p 24; Bildformat DVD:\u00a0<\/span><span lang=\"EN-US\">WS 1.66:1 (anamorph) | Gesamtlaufzeit Blu-Ray: 101 Min (Deutsche Kinofassung);\u00a0Gesamtlaufzeit DVD: 96 Min<\/span><\/p>\n<p><span lang=\"EN-US\">Tonformat Blu-Ray: Deutsch DTS-HD Master Audio 2.0 (mono); Tonformat DVD: Deutsch DD 2.0 (mono)<\/span><\/p>\n<p><span lang=\"EN-US\">Bonusmaterial: Deutscher Trailer, Artwork-Galerie, Mediabook mit 16 seitigem Buchteil mit vielen Bildern und Informationen. Erstauflage mit exklusivem Miniatur-Nachdruck des 12-seitigen Filmprogramms von 1968, Trailer zu \u201c<\/span><i>Der Pfarrer von St. Pauli\u201d u<\/i>nd\u201d<i>K\u00e4pt\u2019n <\/i><i>Rauhbein aus St. Pauli\u201d.<\/i><\/p>\n<p><span lang=\"EN-US\">FSK 12 | FSK-Sticker abziehbar \u00a0 \u00a0 \u00a0<\/span>[\/vc_column_text][\/vc_column_inner][\/vc_row_inner][vc_separator css=&#8220;.vc_custom_1653175357110{margin-top: -5px !important;}&#8220;][vc_empty_space height=&#8220;10px&#8220;][vc_row_inner][vc_column_inner width=&#8220;1\/6&#8243;][vc_single_image image=&#8220;74553&#8243; img_size=&#8220;full&#8220;][\/vc_column_inner][vc_column_inner width=&#8220;5\/6&#8243;][vc_column_text]<strong>Blu-Ray:<\/strong><\/p>\n<p>Kinofassung erstmalig in 4K neu abgetastet und in Full-HD restauriert<\/p>\n<p>Bildformat:\u00a0<span lang=\"EN-US\">WS 1.66:1 \/ 1080p 24<\/span><span lang=\"EN-US\">\u00a0| Gesamtlaufzeit: 101 Min<\/span><\/p>\n<p><span lang=\"EN-US\">Tonformat : Deutsch DTS-HD Master Audio 2.0 (mono)<\/span><\/p>\n<p><span lang=\"EN-US\">Bonusmat<\/span><span lang=\"EN-US\">erial: Deutscher Trailer, Artwork-Galerie, Trailer zu \u201c<\/span><i>Der Pfarrer von St. Pauli\u201d u<\/i>nd\u201d<i>K\u00e4pt\u2019n <\/i><i>Rauhbein aus St. Pauli\u201d.<\/i><\/p>\n<p><span lang=\"EN-US\">FSK 12 | Wendecover ohne FSK-Logo<\/span>[\/vc_column_text][\/vc_column_inner][\/vc_row_inner][vc_separator css=&#8220;.vc_custom_1653175357110{margin-top: -5px !important;}&#8220;][vc_empty_space height=&#8220;10px&#8220;][vc_row_inner][vc_column_inner width=&#8220;1\/6&#8243;][vc_single_image image=&#8220;74555&#8243; img_size=&#8220;full&#8220;][\/vc_column_inner][vc_column_inner width=&#8220;5\/6&#8243;][vc_column_text]<strong>DVD:<\/strong><\/p>\n<p>Kinofassung erstmalig in 4K neu abgetastet und in Full-HD restauriert<\/p>\n<p>Bildformat<span lang=\"EN-US\">:\u00a0<\/span><span lang=\"EN-US\">WS 1.66:1 (anamorph) | Gesamtlaufzeit: 96 Min<\/span><\/p>\n<p><span lang=\"EN-US\">Tonformat: Deutsch DD 2.0 (mono)<\/span><\/p>\n<p><span lang=\"EN-US\">Bonusmaterial: Deutscher Trailer, Artwork-Galerie, Trailer zu \u201c<\/span><i>Der Pfarrer von St. Pauli\u201d u<\/i>nd\u201d<i>K\u00e4pt\u2019n <\/i><i>Rauhbein aus St. Pauli\u201d.<\/i><\/p>\n<p><span lang=\"EN-US\">FSK 12 | Wendecover ohne FSK-Logo \u00a0 \u00a0 \u00a0<\/span>[\/vc_column_text][\/vc_column_inner][\/vc_row_inner][\/vc_column][\/vc_row][vc_row][vc_column][vc_empty_space height=&#8220;15px&#8220;][vc_separator css=&#8220;.vc_custom_1653175357110{margin-top: -5px !important;}&#8220;][vc_row_inner][vc_column_inner width=&#8220;1\/4&#8243;][vc_btn title=&#8220;Amazon&#8220; style=&#8220;flat&#8220; color=&#8220;orange&#8220; size=&#8220;sm&#8220; align=&#8220;center&#8220; i_icon_fontawesome=&#8220;fab fa-amazon&#8220; button_block=&#8220;true&#8220; add_icon=&#8220;true&#8220; link=&#8220;url:https%3A%2F%2Fwww.amazon.de%2FArzt-von-St-Pauli-Mediabook%2Fdp%2FB0B1HXTXRG|title:Amazon|target:_blank&#8220;][\/vc_column_inner][vc_column_inner width=&#8220;1\/4&#8243;][vc_btn title=&#8220;M\u00fcller&#8220; style=&#8220;flat&#8220; color=&#8220;warning&#8220; size=&#8220;sm&#8220; align=&#8220;center&#8220; i_icon_fontawesome=&#8220;fab fa-medium&#8220; button_block=&#8220;true&#8220; add_icon=&#8220;true&#8220; link=&#8220;url:https%3A%2F%2Fwww.mueller.de%2Fp%2Fder-arzt-von-st-pauli-mediabook-dvd-2846571%2F|title:M%C3%BCller|target:_blank&#8220;][\/vc_column_inner][vc_column_inner width=&#8220;1\/4&#8243;][vc_btn title=&#8220;Shop&#8220; style=&#8220;flat&#8220; color=&#8220;juicy-pink&#8220; size=&#8220;sm&#8220; align=&#8220;center&#8220; i_icon_fontawesome=&#8220;fas fa-shopping-cart&#8220; button_block=&#8220;true&#8220; add_icon=&#8220;true&#8220; link=&#8220;url:https%3A%2F%2Fucm.one%2Fprodukt%2Fder-arzt-von-st-pauli|title:Shop&#8220;][\/vc_column_inner][vc_column_inner width=&#8220;1\/4&#8243;][vc_btn title=&#8220;Wer Streamt Es?&#8220; style=&#8220;flat&#8220; color=&#8220;blue&#8220; size=&#8220;sm&#8220; align=&#8220;center&#8220; i_icon_fontawesome=&#8220;fas fa-question-circle&#8220; button_block=&#8220;true&#8220; add_icon=&#8220;true&#8220; link=&#8220;url:https%3A%2F%2Fwww.werstreamt.es%2Ffilm%2Fdetails%2F13461%2Fder-arzt-von-st-pauli%2F|title:Wer%20Streamt%20Es%3F|target:_blank&#8220;][\/vc_column_inner][\/vc_row_inner][vc_empty_space height=&#8220;10px&#8220;][vc_separator][vc_empty_space height=&#8220;15px&#8220;][\/vc_column][\/vc_row][vc_row][vc_column][vc_column_text]<\/p>\n<div class=\"wpb_text_column wpb_content_element \">\n<p><span style=\"font-size: 18pt;\">Stimmen zum Film<\/span><\/p>\n<div class=\"wpb_text_column wpb_content_element \">\n<div class=\"wpb_wrapper\">\n<div class=\"wpb_text_column wpb_content_element \">\n<div class=\"wpb_wrapper\">\n<p><em>\u201eKlischee ahoi: Hier wartet ein echter Nostalgietrip \u00fcber die Reeperbahn!\u201c (<strong>Cinema.de<\/strong>)<\/em><\/p>\n<p><em>\u201ePrima Kiezkolorit, aber flache Story.\u201c <\/em>(<strong>Cinema.de<\/strong>)<\/p>\n<p><em>\u201eArmenarzt Curd J\u00fcrgens bek\u00e4mpft ohne Furcht und Tadel das Verbrechen auf der Reeperbahn.\u201c<\/em> (<strong>kino.de<\/strong>)<\/p>\n<p><em>\u201eGewalt und Nudit\u00e4ten, sind die wichtigsten Schauwerte des Films, sollen offenbar die Erwartungen des Zuschauers befriedigen, der etwas vom verruchten Viertel der Hansestadt sehen will.\u201c (<\/em><strong>powermetal.de<\/strong>)<\/p>\n<p><em>\u201eWer sich f\u00fcr h\u00e4rtere, klassische Krimiware aus Deutschland mit hohem Unterhaltungswert interessiert, sollte einen Blick in diese Geschichte von der roten Meile werfen.\u201c <\/em>(<strong>wicked-vision.com<\/strong>)<\/p>\n<p><em>\u201eDufter deutscher Crime-Pulp, der am Schluss action- und ballerm\u00e4\u00dfig steil geht\u2026\u201c <\/em>(<strong>Review: letterboxd.com<\/strong>)<\/p>\n<p><em>\u201eDer Arzt von St. Pauli ist mit geradezu t\u00f6dlicher Sicherheit das emotional ungez\u00fcgelteste Fest, welches das deutsche Genre- Kino je in Szene gesetzt hat.\u201c <\/em>(<strong>film.terrorverlag.de<\/strong>)<\/p>\n<\/div>\n<\/div>\n<\/div>\n<\/div>\n<\/div>\n<p>[\/vc_column_text][vc_single_image image=&#8220;74591&#8243; img_size=&#8220;full&#8220;][\/vc_column][\/vc_row][vc_row][vc_column width=&#8220;1\/2&#8243;][vc_column_text]Weitere Informationen \u00fcber den Film: <a title=\"Der Arzt von St. Pauli (1968) von Rolf Olsen | U8 Films Berlin\" href=\"https:\/\/ucm.one\/de\/der-arzt-von-st-pauli\/\">Der Arzt von St. Pauli <\/a>[\/vc_column_text][\/vc_column][vc_column width=&#8220;1\/2&#8243;][vc_column_text]Weitere Informationen \u00fcber das Filmlabel: <a title=\"U8 Films Berlin\" href=\"https:\/\/ucm.one\/de\/film-labels\/u1-films-berlin\/#u8-films-berlin\">U8 Films Berlin<\/a>[\/vc_column_text][\/vc_column][\/vc_row]<\/p>\n<\/div>","protected":false},"excerpt":{"rendered":"<p>[vc_row][vc_column][vc_column_text] Der Film &#8222;Der Arzt von St. Pauli&#8220; von Regisseur Rolf Olsen ist ab heute in der neuen in 4K abgetasteten und in Full-HD restaurierten Fassung auf den Label U8 Films Berlin\u00a0von UCM.ONE in Kooperation mit \u00a0moviemax\u00a0erh\u00e4ltlich. Der starbesetzte Film mit Curd J\u00fcrgens (&#8222;Der Spion, der mich liebte&#8222;), Fritz Wepper (&#8222;Derrick&#8222;, &#8222;Der Kommissar&#8222;), Dieter Borsche&hellip;<\/p>\n","protected":false},"author":2,"featured_media":74843,"comment_status":"closed","ping_status":"closed","sticky":false,"template":"","format":"standard","meta":{"_acf_changed":false,"footnotes":""},"categories":[8,7004,13,8294,8304],"tags":[5866,5493,13796,13797,13792,5156,13790,13793,4952,8836,13798,13795,10435,8324,13794,13791],"class_list":["post-74841","post","type-post","status-publish","format-standard","has-post-thumbnail","hentry","category-film","category-filmklassiker","category-news","category-u1-films-berlin","category-u8-films-berlin","tag-barbara-lass","tag-carl-lange","tag-christian-engelmann","tag-christine-diersch","tag-corny-collins","tag-curd-juergens","tag-der-pfarrer-von-st-pauli","tag-gunther-stoll","tag-heinz-reincke","tag-horst-naumann","tag-jean","tag-klaus-hagen-latwesen","tag-rolf-olsen","tag-u8-films-berlin-de","tag-walter-buschhof","tag-werner-bruhns","category-8","category-7004","category-13","category-8294","category-8304","description-off"],"acf":[],"yoast_head":"<!-- This site is optimized with the Yoast SEO plugin v27.5 - https:\/\/yoast.com\/product\/yoast-seo-wordpress\/ -->\n<title>&quot;Der Arzt von St. Pauli&quot; von Rolf Olsen mit Curd J\u00fcrgens<\/title>\n<meta name=\"description\" content=\"Der Film &quot;Der Arzt von St. Pauli&quot; von Regisseur Rolf Olsen ist in der neu abgetasteten und in Full-HD restaurierten Fassung\u00a0erh\u00e4ltlich.\" \/>\n<meta name=\"robots\" content=\"index, follow, max-snippet:-1, max-image-preview:large, max-video-preview:-1\" \/>\n<link rel=\"canonical\" href=\"https:\/\/ucm.one\/de\/der-arzt-von-st-pauli-mit-curd-juergens-als-mediabook-blu-ray-dvd-und-bei-vod-portalen-erhaeltlich\/\" \/>\n<meta property=\"og:locale\" content=\"de_DE\" \/>\n<meta property=\"og:type\" content=\"article\" \/>\n<meta property=\"og:title\" content=\"&quot;Der Arzt von St. Pauli&quot; von Rolf Olsen mit Curd J\u00fcrgens\" \/>\n<meta property=\"og:description\" content=\"Der Film &quot;Der Arzt von St. Pauli&quot; von Regisseur Rolf Olsen ist in der neu abgetasteten und in Full-HD restaurierten Fassung\u00a0erh\u00e4ltlich.\" \/>\n<meta property=\"og:url\" content=\"https:\/\/ucm.one\/de\/der-arzt-von-st-pauli-mit-curd-juergens-als-mediabook-blu-ray-dvd-und-bei-vod-portalen-erhaeltlich\/\" \/>\n<meta property=\"og:site_name\" content=\"UCM.ONE\" \/>\n<meta property=\"article:published_time\" content=\"2022-08-26T15:01:11+00:00\" \/>\n<meta property=\"article:modified_time\" content=\"2023-03-09T16:19:39+00:00\" \/>\n<meta property=\"og:image\" content=\"https:\/\/ucm.one\/wp-content\/uploads\/2022\/08\/Der-Arzt-von-St.-Pauli-Banner-Artwork-1920x1080-1.jpg\" \/>\n<meta name=\"author\" content=\"Joachim Keil\" \/>\n<meta name=\"twitter:card\" content=\"summary_large_image\" \/>\n<meta name=\"twitter:title\" content=\"&quot;Der Arzt von St. Pauli&quot; von Rolf Olsen mit Curd J\u00fcrgens\" \/>\n<meta name=\"twitter:description\" content=\"Der Film &quot;Der Arzt von St. Pauli&quot; von Regisseur Rolf Olsen ist in der neu abgetasteten und in Full-HD restaurierten Fassung\u00a0erh\u00e4ltlich.\" \/>\n<meta name=\"twitter:image\" content=\"https:\/\/ucm.one\/wp-content\/uploads\/2022\/08\/Der-Arzt-von-St.-Pauli-Artwork-quadratisch.jpg\" \/>\n<meta name=\"twitter:label1\" content=\"Verfasst von\" \/>\n\t<meta name=\"twitter:data1\" content=\"Joachim Keil\" \/>\n\t<meta name=\"twitter:label2\" content=\"Gesch\u00e4tzte Lesezeit\" \/>\n\t<meta name=\"twitter:data2\" content=\"6\u00a0Minuten\" \/>\n<!-- \/ Yoast SEO plugin. -->","yoast_head_json":{"title":"\"Der Arzt von St. Pauli\" von Rolf Olsen mit Curd J\u00fcrgens","description":"Der Film \"Der Arzt von St. Pauli\" von Regisseur Rolf Olsen ist in der neu abgetasteten und in Full-HD restaurierten Fassung\u00a0erh\u00e4ltlich.","robots":{"index":"index","follow":"follow","max-snippet":"max-snippet:-1","max-image-preview":"max-image-preview:large","max-video-preview":"max-video-preview:-1"},"canonical":"https:\/\/ucm.one\/de\/der-arzt-von-st-pauli-mit-curd-juergens-als-mediabook-blu-ray-dvd-und-bei-vod-portalen-erhaeltlich\/","og_locale":"de_DE","og_type":"article","og_title":"\"Der Arzt von St. Pauli\" von Rolf Olsen mit Curd J\u00fcrgens","og_description":"Der Film \"Der Arzt von St. Pauli\" von Regisseur Rolf Olsen ist in der neu abgetasteten und in Full-HD restaurierten Fassung\u00a0erh\u00e4ltlich.","og_url":"https:\/\/ucm.one\/de\/der-arzt-von-st-pauli-mit-curd-juergens-als-mediabook-blu-ray-dvd-und-bei-vod-portalen-erhaeltlich\/","og_site_name":"UCM.ONE","article_published_time":"2022-08-26T15:01:11+00:00","article_modified_time":"2023-03-09T16:19:39+00:00","og_image":[{"url":"https:\/\/ucm.one\/wp-content\/uploads\/2022\/08\/Der-Arzt-von-St.-Pauli-Banner-Artwork-1920x1080-1.jpg","type":"","width":"","height":""}],"author":"Joachim Keil","twitter_card":"summary_large_image","twitter_title":"\"Der Arzt von St. Pauli\" von Rolf Olsen mit Curd J\u00fcrgens","twitter_description":"Der Film \"Der Arzt von St. Pauli\" von Regisseur Rolf Olsen ist in der neu abgetasteten und in Full-HD restaurierten Fassung\u00a0erh\u00e4ltlich.","twitter_image":"https:\/\/ucm.one\/wp-content\/uploads\/2022\/08\/Der-Arzt-von-St.-Pauli-Artwork-quadratisch.jpg","twitter_misc":{"Verfasst von":"Joachim Keil","Gesch\u00e4tzte Lesezeit":"6\u00a0Minuten"},"schema":{"@context":"https:\/\/schema.org","@graph":[{"@type":"Article","@id":"https:\/\/ucm.one\/de\/der-arzt-von-st-pauli-mit-curd-juergens-als-mediabook-blu-ray-dvd-und-bei-vod-portalen-erhaeltlich\/#article","isPartOf":{"@id":"https:\/\/ucm.one\/de\/der-arzt-von-st-pauli-mit-curd-juergens-als-mediabook-blu-ray-dvd-und-bei-vod-portalen-erhaeltlich\/"},"author":{"name":"Joachim Keil","@id":"https:\/\/ucm.one\/de\/#\/schema\/person\/4b959e467e8acc058836467a0ef8fa50"},"headline":"\ud83c\udfac &#8222;Der Arzt von St. Pauli&#8220; mit Curd J\u00fcrgens als Mediabook, Blu-Ray, DVD und bei VoD-Portalen erh\u00e4ltlich","datePublished":"2022-08-26T15:01:11+00:00","dateModified":"2023-03-09T16:19:39+00:00","mainEntityOfPage":{"@id":"https:\/\/ucm.one\/de\/der-arzt-von-st-pauli-mit-curd-juergens-als-mediabook-blu-ray-dvd-und-bei-vod-portalen-erhaeltlich\/"},"wordCount":1203,"publisher":{"@id":"https:\/\/ucm.one\/de\/#organization"},"image":{"@id":"https:\/\/ucm.one\/de\/der-arzt-von-st-pauli-mit-curd-juergens-als-mediabook-blu-ray-dvd-und-bei-vod-portalen-erhaeltlich\/#primaryimage"},"thumbnailUrl":"https:\/\/ucm.one\/wp-content\/uploads\/2022\/08\/Der-Arzt-von-St.-Pauli-Banner-Artwork.jpg","keywords":["Barbara Lass","Carl Lange","Christian Engelmann","Christine Diersch","Corny Collins","Curd J\u00fcrgens","Der Pfarrer von St. Pauli","Gunther Stoll","Heinz Reincke","Horst Naumann","Jean","Klaus-Hagen Latwesen","Rolf Olsen","U8 Films Berlin","Walter Buschhof","Werner Bruhns"],"articleSection":["Film","Filmklassiker","News","U1 Films Berlin","U8 Films Berlin"],"inLanguage":"de"},{"@type":"WebPage","@id":"https:\/\/ucm.one\/de\/der-arzt-von-st-pauli-mit-curd-juergens-als-mediabook-blu-ray-dvd-und-bei-vod-portalen-erhaeltlich\/","url":"https:\/\/ucm.one\/de\/der-arzt-von-st-pauli-mit-curd-juergens-als-mediabook-blu-ray-dvd-und-bei-vod-portalen-erhaeltlich\/","name":"\"Der Arzt von St. Pauli\" von Rolf Olsen mit Curd J\u00fcrgens","isPartOf":{"@id":"https:\/\/ucm.one\/de\/#website"},"primaryImageOfPage":{"@id":"https:\/\/ucm.one\/de\/der-arzt-von-st-pauli-mit-curd-juergens-als-mediabook-blu-ray-dvd-und-bei-vod-portalen-erhaeltlich\/#primaryimage"},"image":{"@id":"https:\/\/ucm.one\/de\/der-arzt-von-st-pauli-mit-curd-juergens-als-mediabook-blu-ray-dvd-und-bei-vod-portalen-erhaeltlich\/#primaryimage"},"thumbnailUrl":"https:\/\/ucm.one\/wp-content\/uploads\/2022\/08\/Der-Arzt-von-St.-Pauli-Banner-Artwork.jpg","datePublished":"2022-08-26T15:01:11+00:00","dateModified":"2023-03-09T16:19:39+00:00","description":"Der Film \"Der Arzt von St. Pauli\" von Regisseur Rolf Olsen ist in der neu abgetasteten und in Full-HD restaurierten Fassung\u00a0erh\u00e4ltlich.","breadcrumb":{"@id":"https:\/\/ucm.one\/de\/der-arzt-von-st-pauli-mit-curd-juergens-als-mediabook-blu-ray-dvd-und-bei-vod-portalen-erhaeltlich\/#breadcrumb"},"inLanguage":"de","potentialAction":[{"@type":"ReadAction","target":["https:\/\/ucm.one\/de\/der-arzt-von-st-pauli-mit-curd-juergens-als-mediabook-blu-ray-dvd-und-bei-vod-portalen-erhaeltlich\/"]}]},{"@type":"ImageObject","inLanguage":"de","@id":"https:\/\/ucm.one\/de\/der-arzt-von-st-pauli-mit-curd-juergens-als-mediabook-blu-ray-dvd-und-bei-vod-portalen-erhaeltlich\/#primaryimage","url":"https:\/\/ucm.one\/wp-content\/uploads\/2022\/08\/Der-Arzt-von-St.-Pauli-Banner-Artwork.jpg","contentUrl":"https:\/\/ucm.one\/wp-content\/uploads\/2022\/08\/Der-Arzt-von-St.-Pauli-Banner-Artwork.jpg","width":1920,"height":600},{"@type":"BreadcrumbList","@id":"https:\/\/ucm.one\/de\/der-arzt-von-st-pauli-mit-curd-juergens-als-mediabook-blu-ray-dvd-und-bei-vod-portalen-erhaeltlich\/#breadcrumb","itemListElement":[{"@type":"ListItem","position":1,"name":"Home","item":"https:\/\/ucm.one\/de\/"},{"@type":"ListItem","position":2,"name":"\ud83c\udfac &#8222;Der Arzt von St. Pauli&#8220; mit Curd J\u00fcrgens als Mediabook, Blu-Ray, DVD und bei VoD-Portalen erh\u00e4ltlich"}]},{"@type":"WebSite","@id":"https:\/\/ucm.one\/de\/#website","url":"https:\/\/ucm.one\/de\/","name":"UCM.ONE","description":"","publisher":{"@id":"https:\/\/ucm.one\/de\/#organization"},"potentialAction":[{"@type":"SearchAction","target":{"@type":"EntryPoint","urlTemplate":"https:\/\/ucm.one\/de\/?s={search_term_string}"},"query-input":{"@type":"PropertyValueSpecification","valueRequired":true,"valueName":"search_term_string"}}],"inLanguage":"de"},{"@type":"Organization","@id":"https:\/\/ucm.one\/de\/#organization","name":"UCM.ONE","url":"https:\/\/ucm.one\/de\/","logo":{"@type":"ImageObject","inLanguage":"de","@id":"https:\/\/ucm.one\/de\/#\/schema\/logo\/image\/","url":"https:\/\/ucm.one\/wp-content\/uploads\/2019\/10\/UCM.ONE-Logo-RGB.svg","contentUrl":"https:\/\/ucm.one\/wp-content\/uploads\/2019\/10\/UCM.ONE-Logo-RGB.svg","width":1,"height":1,"caption":"UCM.ONE"},"image":{"@id":"https:\/\/ucm.one\/de\/#\/schema\/logo\/image\/"}},{"@type":"Person","@id":"https:\/\/ucm.one\/de\/#\/schema\/person\/4b959e467e8acc058836467a0ef8fa50","name":"Joachim Keil","image":{"@type":"ImageObject","inLanguage":"de","@id":"https:\/\/secure.gravatar.com\/avatar\/10e1dfd05f2a7a7bc83cd44bae31e01c8ac15f974229211a2b1a49fa0a22fec0?s=96&d=mm&r=g","url":"https:\/\/secure.gravatar.com\/avatar\/10e1dfd05f2a7a7bc83cd44bae31e01c8ac15f974229211a2b1a49fa0a22fec0?s=96&d=mm&r=g","contentUrl":"https:\/\/secure.gravatar.com\/avatar\/10e1dfd05f2a7a7bc83cd44bae31e01c8ac15f974229211a2b1a49fa0a22fec0?s=96&d=mm&r=g","caption":"Joachim Keil"},"sameAs":["https:\/\/ucm.one"]}]}},"_links":{"self":[{"href":"https:\/\/ucm.one\/de\/wp-json\/wp\/v2\/posts\/74841","targetHints":{"allow":["GET"]}}],"collection":[{"href":"https:\/\/ucm.one\/de\/wp-json\/wp\/v2\/posts"}],"about":[{"href":"https:\/\/ucm.one\/de\/wp-json\/wp\/v2\/types\/post"}],"author":[{"embeddable":true,"href":"https:\/\/ucm.one\/de\/wp-json\/wp\/v2\/users\/2"}],"replies":[{"embeddable":true,"href":"https:\/\/ucm.one\/de\/wp-json\/wp\/v2\/comments?post=74841"}],"version-history":[{"count":0,"href":"https:\/\/ucm.one\/de\/wp-json\/wp\/v2\/posts\/74841\/revisions"}],"wp:featuredmedia":[{"embeddable":true,"href":"https:\/\/ucm.one\/de\/wp-json\/wp\/v2\/media\/74843"}],"wp:attachment":[{"href":"https:\/\/ucm.one\/de\/wp-json\/wp\/v2\/media?parent=74841"}],"wp:term":[{"taxonomy":"category","embeddable":true,"href":"https:\/\/ucm.one\/de\/wp-json\/wp\/v2\/categories?post=74841"},{"taxonomy":"post_tag","embeddable":true,"href":"https:\/\/ucm.one\/de\/wp-json\/wp\/v2\/tags?post=74841"}],"curies":[{"name":"wp","href":"https:\/\/api.w.org\/{rel}","templated":true}]}}