{"id":70384,"date":"2022-06-10T17:56:52","date_gmt":"2022-06-10T17:56:52","guid":{"rendered":"https:\/\/ucm.one\/?p=70384"},"modified":"2025-02-01T15:15:43","modified_gmt":"2025-02-01T15:15:43","slug":"ucm-one-und-noom-records-trauern-um-thomas-weyer-aka-commander-tom","status":"publish","type":"post","link":"https:\/\/ucm.one\/de\/ucm-one-und-noom-records-trauern-um-thomas-weyer-aka-commander-tom\/","title":{"rendered":"\ud83c\udfb5 UCM.ONE und Noom Records trauern um Thomas Weyer aka Commander Tom"},"content":{"rendered":"<div class=\"wpb-content-wrapper\"><p>[vc_row][vc_column][vc_column_text]<span style=\"font-family: 'arial black', sans-serif;\"><strong>UCM.ONE<\/strong><\/span> und <strong>Noom Records<\/strong> trauern um <strong>Thomas Weyer<\/strong> aka<strong> Commander Tom<\/strong>, der gestern im Alter von 59 Jahren in der N\u00e4he seines Geburtsorts Kehl an der franz\u00f6sischen Grenze bei Stra\u00dfburg verstorben ist.[\/vc_column_text][vc_column_text]<strong>Thomas Weyer<\/strong> begann Mitte der 80er Jahre mit dem Deejaying. Seine ersten Releases waren Dance mit Rap- und Pop-Einlagen auf <strong>CBS<\/strong> und bei <strong>Warner<\/strong>. In den 1990er Jahren wandte er sich jedoch dem Rave-Sound bzw. Hardtrance mit Acid-Einsch\u00fcben zu. Seine 1995er Single \u201c<strong>Are Am Eye?<\/strong>\u201d wurde zu einem riesigen Hit. Seine von ihm als Resident-DJ beschallten Clubn\u00e4chte in Location wie dem <strong>Rheinpark<\/strong> in Germersheim, \u00a0dem <strong>OZ<\/strong> in Stuttgart oder dem <strong>Nexus 6<\/strong> in Schorndorf sind noch heute legend\u00e4r.[\/vc_column_text][vc_column_text css=&#8220;&#8220;]Zusammen mit dem heutigen <span style=\"font-family: 'arial black', sans-serif;\"><strong>UCM.ONE<\/strong><\/span> Gesch\u00e4ftsf\u00fchrer <strong>Joachim Keil<\/strong> baute er <strong>Noom Records<\/strong> auf. Das Label geh\u00f6rte weltweit zu den angesagtesten Techno-Brands \u00fcberhaupt. Der Musik auf dem Label wurde sogar von den Engl\u00e4ndern ein eigener Name gegeben: <em>\u201e<strong>Hoover-Sound<\/strong>\u201c<\/em>. Joachim Keil zeigte sich best\u00fcrzt \u00fcber den Tod von <strong>Thomas Weyer<\/strong>: <em>\u201eTom war \u00fcber lange Jahre ein treuer Weggef\u00e4hrte, mit dem ich zusammen das Label &#8218;Noom Records&#8216; aufbauen durfte. Daneben war er aber auch privat ein Typ, mit dem man &#8218;Pferde stehlen konnte&#8216; . Tom, ich werde Dich vermissen \u2026\u201c<\/em>[\/vc_column_text][vc_column_text]<strong>Thomas Weyer<\/strong> war an vielen Projekten beteiligt. So war er mit <strong>Andy Faisst<\/strong> zusammen u.a. <strong>The Freaquez<\/strong> und <strong>Traumatix<\/strong>, mit <strong>Gregor Dietz<\/strong> und <strong>Ray Boy\u00e9<\/strong> produzierte er den bei <strong>Sony<\/strong> erscheinenden \u201e<strong>Der Tanzbefehl<\/strong>\u201d. Am erfolgreichsten war jedoch seine Zusammenarbeit mit <strong>Ray Boy\u00e9<\/strong>, aus welcher die ersten Singles auf <strong>Noom Records<\/strong> von <strong>Commander Tom<\/strong> sowie die Ver\u00f6ffentichungen der gemeinsamen Projekte <strong>Mandela<\/strong> und <strong>Nexus 6<\/strong> stammten.[\/vc_column_text][vc_column_text]<span style=\"font-family: 'arial black', sans-serif;\"><span style=\"font-family: arial, helvetica, sans-serif;\">Das Team<\/span> <span style=\"font-family: arial, helvetica, sans-serif;\">von <\/span><strong>UCM.ONE<\/strong><\/span>\u00a0und <strong>Noom Records<\/strong> ist in Gedanken bei seiner Familie und seinen Freunden.[\/vc_column_text][vc_separator][vc_column_text]<span style=\"font-size: 14pt;\">Einige unvergessliche Titel von Commander Tom:<\/span>[\/vc_column_text][\/vc_column][\/vc_row][vc_row][vc_column width=&#8220;1\/2&#8243;][vc_video link=&#8220;https:\/\/youtu.be\/k4cTQ7ClW5I&#8220; title=&#8220;Commander Tom &#8211; Are Am Eye? (Brainstorm Cut) | Noom Records&#8220;][vc_column_text css=&#8220;.vc_custom_1655238579887{margin-top: -30px !important;}&#8220;]<\/p>\n<p style=\"text-align: center;\"><span style=\"font-size: 8pt;\">produziert 1995 von Commander Tom und Ray Boy\u00e9, remixed 1997 von Ray Boy\u00e9<\/span><\/p>\n<p>[\/vc_column_text][\/vc_column][vc_column width=&#8220;1\/2&#8243;][vc_video link=&#8220;https:\/\/youtu.be\/4DS-zTUt5m4&#8243; title=&#8220;Commander Tom &#8211; Sweet Thang | Noom Records&#8220;][vc_column_text css=&#8220;.vc_custom_1655238418863{margin-top: -30px !important;}&#8220;]<\/p>\n<p style=\"text-align: center;\"><span style=\"font-size: 8pt;\">produziert 2002 von Commander Tom<\/span><\/p>\n<p>[\/vc_column_text][\/vc_column][\/vc_row][vc_row][vc_column width=&#8220;1\/2&#8243;][vc_video link=&#8220;https:\/\/youtu.be\/8GwV_IPkxVM&#8220; title=&#8220;Mandala &#8211; The Encore | Noom Records&#8220;][vc_column_text css=&#8220;.vc_custom_1655238434946{margin-top: -30px !important;}&#8220;]<\/p>\n<p style=\"text-align: center;\"><span style=\"font-size: 8pt;\">produziert 1993 von Commander Tom und Ray Boy\u00e9<\/span><\/p>\n<p>[\/vc_column_text][\/vc_column][vc_column width=&#8220;1\/2&#8243;][vc_video link=&#8220;https:\/\/youtu.be\/PEFpV-MA6AA&#8220; title=&#8220;Nexus 6 &#8211; Tr\u00e8s Chic | Noom Records&#8220;][vc_column_text css=&#8220;.vc_custom_1655238446331{margin-top: -30px !important;}&#8220;]<\/p>\n<p style=\"text-align: center;\"><span style=\"font-size: 8pt;\">produziert 1994 von Commander Tom und Ray Boy\u00e9<\/span><\/p>\n<p>[\/vc_column_text][\/vc_column][\/vc_row][vc_row][vc_column][vc_column_text]<span style=\"font-size: 14pt;\">Discografie (Auswahl):<\/span>[\/vc_column_text][vc_row_inner][vc_column_inner][vc_column_text]<span style=\"font-size: 12pt;\"><strong>Alben<\/strong><\/span>[\/vc_column_text][\/vc_column_inner][\/vc_row_inner][\/vc_column][\/vc_row][vc_row][vc_column width=&#8220;1\/2&#8243; height=&#8220;28px&#8220;][vc_column_text css=&#8220;.vc_custom_1655235711369{margin-bottom: -5px !important;padding-bottom: 5px !important;}&#8220;]<\/p>\n<table class=\" alignleft\" style=\"height: 32px; width: 100%; border-collapse: collapse;\">\n<tbody>\n<tr style=\"height: 22px;\">\n<td style=\"height: 10px; width: 50%;\">Commander Tom &#8211; Eyes<\/td>\n<td style=\"height: 10px; width: 50%;\">1997 Noom Records<\/td>\n<\/tr>\n<tr style=\"height: 22px;\">\n<td style=\"height: 22px; width: 50%;\">Andy Trex versus Commander Tom &#8211; Pulse Fiction<\/td>\n<td style=\"height: 22px; width: 50%;\">1998 Noom Records<\/td>\n<\/tr>\n<\/tbody>\n<\/table>\n<p>[\/vc_column_text][\/vc_column][vc_column width=&#8220;1\/2&#8243;][vc_column_text css=&#8220;.vc_custom_1655235691204{margin-bottom: -5px !important;padding-bottom: 5px !important;}&#8220;]<\/p>\n<table class=\" alignleft\" style=\"height: 32px; width: 100%; border-collapse: collapse;\">\n<tbody>\n<tr>\n<td style=\"width: 50%;\">Commander Tom &#8211; Jetlag<\/td>\n<td style=\"width: 50%;\">2002 Noom Records<\/td>\n<\/tr>\n<\/tbody>\n<\/table>\n<p>[\/vc_column_text][\/vc_column][\/vc_row][vc_row][vc_column][vc_empty_space][vc_row_inner][vc_column_inner][vc_column_text]<span style=\"font-size: 12pt;\"><strong>Singles<\/strong><\/span>[\/vc_column_text][\/vc_column_inner][\/vc_row_inner][\/vc_column][\/vc_row][vc_row][vc_column width=&#8220;1\/2&#8243; height=&#8220;28px&#8220;][vc_column_text css=&#8220;.vc_custom_1655245717324{margin-bottom: -5px !important;padding-bottom: 5px !important;}&#8220;]<\/p>\n<table class=\" alignleft\" style=\"height: 240px; width: 100%; border-collapse: collapse;\">\n<tbody>\n<tr style=\"height: 22px;\">\n<td style=\"height: 10px; width: 50%;\">Commander Tom &#8211; And the Beat Goes on<\/td>\n<td style=\"height: 10px; width: 50%;\">1987 CBS \/ Sony Music<\/td>\n<\/tr>\n<tr style=\"height: 22px;\">\n<td style=\"height: 22px; width: 50%;\">Commander Tom &#8211; Last Night Rap<\/td>\n<td style=\"height: 22px; width: 50%;\">1989 Club Culture \/ Warner Music<\/td>\n<\/tr>\n<tr style=\"height: 22px;\">\n<td style=\"width: 50%; height: 22px;\">Der Tanzbefehl &#8211; Der Tanzbefehl<\/td>\n<td style=\"width: 50%; height: 22px;\">1993 Dance Pool \/ Sony Music<\/td>\n<\/tr>\n<tr style=\"height: 22px;\">\n<td style=\"width: 50%; height: 22px;\">Mandala &#8211; The Encore<\/td>\n<td style=\"width: 50%; height: 22px;\">1993 Noom Records \/ UCMG<\/td>\n<\/tr>\n<tr style=\"height: 22px;\">\n<td style=\"width: 50%; height: 22px;\">Nexus 6 &#8211; Tr\u00e8s Chic<\/td>\n<td style=\"width: 50%; height: 22px;\">1994 Noom Records \/ UCMG<\/td>\n<\/tr>\n<tr>\n<td style=\"width: 50%;\">Mandala &#8211; Astralia<\/td>\n<td style=\"width: 50%;\">1994 Noom Records \/ UCMG<\/td>\n<\/tr>\n<tr style=\"height: 22px;\">\n<td style=\"width: 50%; height: 22px;\">Commander Tom &#8211; Are Am Eye?<\/td>\n<td style=\"width: 50%; height: 22px;\">1995 Noom Records \/ UCMG<\/td>\n<\/tr>\n<tr style=\"height: 22px;\">\n<td style=\"width: 50%; height: 22px;\">Commander Tom &#8211; Eye C Red<\/td>\n<td style=\"width: 50%; height: 22px;\">1996 Noom Records \/ UCMG<\/td>\n<\/tr>\n<tr>\n<td style=\"width: 50%;\">Tom De L\u00fbxe presents Waterhouse &#8211; Ma&#8216; Definition of House<\/td>\n<td style=\"width: 50%;\">1996 Noom Records \/ UCMG<\/td>\n<\/tr>\n<tr style=\"height: 22px;\">\n<td style=\"width: 50%; height: 22px;\">Commander Tom &#8211; Eye Bee M<\/td>\n<td style=\"width: 50%; height: 22px;\">1997 Noom Records \/ UCMG<\/td>\n<\/tr>\n<tr>\n<td style=\"width: 50%;\">Phantom &#8211; Dancefloor<\/td>\n<td style=\"width: 50%;\">1997 Plastic City Suburbia \/ UCMG<\/td>\n<\/tr>\n<tr style=\"height: 22px;\">\n<td style=\"width: 50%; height: 22px;\">Commander Tom &#8211; Kiss Myself<\/td>\n<td style=\"width: 50%; height: 22px;\">1998 Noom Records \/ UCMG<\/td>\n<\/tr>\n<tr style=\"height: 22px;\">\n<td style=\"width: 50%; height: 22px;\">Monkey II<\/td>\n<td style=\"width: 50%; height: 22px;\">1998 12 Inch Monkeys \/ UCMG<\/td>\n<\/tr>\n<tr>\n<td style=\"width: 50%;\">Phantom &#8211; Ready!?!<\/td>\n<td style=\"width: 50%;\">1998 Phantom Recordings \/ UCMG<\/td>\n<\/tr>\n<tr>\n<td style=\"width: 50%;\">Tom De L\u00fbxe presents Waterhouse &#8211; Burning \/ Is it Right<\/td>\n<td style=\"width: 50%;\">1998 Noom Records \/ UCMG<\/td>\n<\/tr>\n<tr>\n<td style=\"width: 50%;\">Atahualpa vs. Commander Tom<\/td>\n<td style=\"width: 50%;\">1999 Progressive Motion Records<\/td>\n<\/tr>\n<tr style=\"height: 22px;\">\n<td style=\"width: 50%; height: 22px;\">Commander Tom vs Marco D\u00fcx Baby &#8211; The Cow<\/td>\n<td style=\"width: 50%; height: 22px;\">1999 Noom Records \/ UCMG<\/td>\n<\/tr>\n<\/tbody>\n<\/table>\n<p>[\/vc_column_text][\/vc_column][vc_column width=&#8220;1\/2&#8243;][vc_column_text css=&#8220;.vc_custom_1655240016969{margin-bottom: -5px !important;padding-bottom: 5px !important;}&#8220;]<\/p>\n<table class=\" alignleft\" style=\"height: 330px; width: 100%; border-collapse: collapse;\">\n<tbody>\n<tr style=\"height: 22px;\">\n<td style=\"width: 50%; height: 22px;\">Broth Inc. &#8211; Love<\/td>\n<td style=\"width: 50%; height: 22px;\">1999 Deep Blue Recordings \/ UCMG<\/td>\n<\/tr>\n<tr style=\"height: 22px;\">\n<td style=\"width: 50%; height: 22px;\">Commander Tom &#8211; Are Am Eye? &#8217;99<\/td>\n<td style=\"width: 50%; height: 22px;\">1999 Noom Records \/ UCMG<\/td>\n<\/tr>\n<tr style=\"height: 22px;\">\n<td style=\"width: 50%; height: 22px;\">Tom De L\u00fbxe &#8211; Doin It Right<\/td>\n<td style=\"width: 50%; height: 22px;\">2000 UCA Records \/ UCMG<\/td>\n<\/tr>\n<tr style=\"height: 22px;\">\n<td style=\"width: 50%; height: 22px;\">Commander Tom &amp; Walter Ercolino &#8211; Monkey IX<\/td>\n<td style=\"width: 50%; height: 22px;\">2001 12 Inch Monkeys \/ UCMG<\/td>\n<\/tr>\n<tr style=\"height: 22px;\">\n<td style=\"width: 50%; height: 22px;\">Commander Tom &#8211; Sweet Thang<\/td>\n<td style=\"width: 50%; height: 22px;\">2002 Noom Records \/ UCMG<\/td>\n<\/tr>\n<tr style=\"height: 22px;\">\n<td style=\"width: 50%; height: 22px;\">Nexus 6 &#8211; Time Chic<\/td>\n<td style=\"width: 50%; height: 22px;\">2002 Noom Records \/ UCMG<\/td>\n<\/tr>\n<tr style=\"height: 22px;\">\n<td style=\"width: 50%; height: 22px;\">Chef New Yorker aka Commander Tom &#8211; The Vulcan 2003<\/td>\n<td style=\"width: 50%; height: 22px;\">2003 Bush<\/td>\n<\/tr>\n<tr style=\"height: 22px;\">\n<td style=\"width: 50%; height: 22px;\">Commander Tom &#8211; &#8230; Next 1000 Years<\/td>\n<td style=\"width: 50%; height: 22px;\">2003 Noom Records \/ UCMG<\/td>\n<\/tr>\n<tr style=\"height: 22px;\">\n<td style=\"width: 50%; height: 22px;\">Commander Tom &#8211; Attention!<\/td>\n<td style=\"width: 50%; height: 22px;\">2004 Pulsive<\/td>\n<\/tr>\n<tr style=\"height: 22px;\">\n<td style=\"width: 50%; height: 22px;\">Chef New Yorker aka Commander Tom &#8211; Blast<\/td>\n<td style=\"width: 50%; height: 22px;\">2004 Bush<\/td>\n<\/tr>\n<tr style=\"height: 22px;\">\n<td style=\"width: 50%; height: 22px;\">Commander Tom vs. Oliver Cats &#8211; I Can&#8217;t Sleep<\/td>\n<td style=\"width: 50%; height: 22px;\">2006 Pulsive<\/td>\n<\/tr>\n<tr style=\"height: 22px;\">\n<td style=\"width: 50%; height: 22px;\">Tom De L\u00fbxe &#8211; Toyz<\/td>\n<td style=\"width: 50%; height: 22px;\">2009 Elektrax Progressive<\/td>\n<\/tr>\n<tr style=\"height: 22px;\">\n<td style=\"width: 50%; height: 22px;\">Sakin Bozkurt &amp; Commander Tom &#8211; Fear The Walking Dead<\/td>\n<td style=\"width: 50%; height: 22px;\">2019 Clone 2.1 Records<\/td>\n<\/tr>\n<tr style=\"height: 22px;\">\n<td style=\"width: 50%; height: 22px;\">Nexus 6 &#8211; Ab Chic<\/td>\n<td style=\"width: 50%; height: 22px;\">2021 Noom Records \/ UCM.ONE<\/td>\n<\/tr>\n<tr>\n<td style=\"width: 50%;\">Commander Tom &#8211; Are Am Eye? (Roger Shah &amp; Cores Remix)<\/td>\n<td style=\"width: 50%;\">2022 Noom Records \/ UCM.ONE<\/td>\n<\/tr>\n<\/tbody>\n<\/table>\n<p>[\/vc_column_text][\/vc_column][\/vc_row][vc_row][vc_column][vc_empty_space][vc_column_text]Weitere Informationen \u00fcber das Label: <a title=\"Noom Records\" href=\"https:\/\/ucm.one\/de\/musik-labels\/noom-records\/\">Noom Records<\/a>[\/vc_column_text][\/vc_column][\/vc_row]<\/p>\n<\/div>","protected":false},"excerpt":{"rendered":"<p>[vc_row][vc_column][vc_column_text]UCM.ONE und Noom Records trauern um Thomas Weyer aka Commander Tom, der gestern im Alter von 59 Jahren in der N\u00e4he seines Geburtsorts Kehl an der franz\u00f6sischen Grenze bei Stra\u00dfburg verstorben ist.[\/vc_column_text][vc_column_text]Thomas Weyer begann Mitte der 80er Jahre mit dem Deejaying. Seine ersten Releases waren Dance mit Rap- und Pop-Einlagen auf CBS und bei Warner.&hellip;<\/p>\n","protected":false},"author":2,"featured_media":70386,"comment_status":"closed","ping_status":"closed","sticky":false,"template":"","format":"standard","meta":{"_acf_changed":false,"footnotes":""},"categories":[9,13,4960],"tags":[4967,12760,4962,12756,5006,5027,4968,4971,4985,12758,12759,2361,12757],"class_list":["post-70384","post","type-post","status-publish","format-standard","has-post-thumbnail","hentry","category-musik","category-news","category-noom-records","tag-are-am-eye","tag-attention","tag-commander-tom","tag-gestorben","tag-hardtrance","tag-hoover-sound","tag-mandala","tag-nexus-6","tag-noom-records","tag-oz","tag-stuttgart","tag-techno","tag-tod","category-9","category-13","category-4960","description-off"],"acf":[],"yoast_head":"<!-- This site is optimized with the Yoast SEO plugin v27.5 - https:\/\/yoast.com\/product\/yoast-seo-wordpress\/ -->\n<title>UCM.ONE und Noom Records trauern um Commander Tom<\/title>\n<meta name=\"description\" content=\"UCM.ONE und Noom Records trauert um Thomas Weyer aka Commander Tom, der gestern im Alter von 59 Jahren verstorben ist.\" \/>\n<meta name=\"robots\" content=\"index, follow, max-snippet:-1, max-image-preview:large, max-video-preview:-1\" \/>\n<link rel=\"canonical\" href=\"https:\/\/ucm.one\/de\/ucm-one-und-noom-records-trauern-um-thomas-weyer-aka-commander-tom\/\" \/>\n<meta property=\"og:locale\" content=\"de_DE\" \/>\n<meta property=\"og:type\" content=\"article\" \/>\n<meta property=\"og:title\" content=\"UCM.ONE und Noom Records trauern um Commander Tom\" \/>\n<meta property=\"og:description\" content=\"UCM.ONE und Noom Records trauert um Thomas Weyer aka Commander Tom, der gestern im Alter von 59 Jahren verstorben ist.\" \/>\n<meta property=\"og:url\" content=\"https:\/\/ucm.one\/de\/ucm-one-und-noom-records-trauern-um-thomas-weyer-aka-commander-tom\/\" \/>\n<meta property=\"og:site_name\" content=\"UCM.ONE\" \/>\n<meta property=\"article:published_time\" content=\"2022-06-10T17:56:52+00:00\" \/>\n<meta property=\"article:modified_time\" content=\"2025-02-01T15:15:43+00:00\" \/>\n<meta property=\"og:image\" content=\"https:\/\/ucm.one\/wp-content\/uploads\/2022\/06\/Commander-Tom-Trauerbanner-1920x1080-1.jpg\" \/>\n<meta name=\"author\" content=\"Joachim Keil\" \/>\n<meta name=\"twitter:card\" content=\"summary_large_image\" \/>\n<meta name=\"twitter:title\" content=\"UCM.ONE und Noom Records trauern um Commander Tom\" \/>\n<meta name=\"twitter:description\" content=\"UCM.ONE und Noom Records trauert um Thomas Weyer aka Commander Tom, der gestern im Alter von 59 Jahren verstorben ist.\" \/>\n<meta name=\"twitter:image\" content=\"https:\/\/ucm.one\/wp-content\/uploads\/2022\/06\/Commander-Tom-Trauerbanner-1920x1080-1.jpg\" \/>\n<meta name=\"twitter:label1\" content=\"Verfasst von\" \/>\n\t<meta name=\"twitter:data1\" content=\"Joachim Keil\" \/>\n\t<meta name=\"twitter:label2\" content=\"Gesch\u00e4tzte Lesezeit\" \/>\n\t<meta name=\"twitter:data2\" content=\"5\u00a0Minuten\" \/>\n<!-- \/ Yoast SEO plugin. -->","yoast_head_json":{"title":"UCM.ONE und Noom Records trauern um Commander Tom","description":"UCM.ONE und Noom Records trauert um Thomas Weyer aka Commander Tom, der gestern im Alter von 59 Jahren verstorben ist.","robots":{"index":"index","follow":"follow","max-snippet":"max-snippet:-1","max-image-preview":"max-image-preview:large","max-video-preview":"max-video-preview:-1"},"canonical":"https:\/\/ucm.one\/de\/ucm-one-und-noom-records-trauern-um-thomas-weyer-aka-commander-tom\/","og_locale":"de_DE","og_type":"article","og_title":"UCM.ONE und Noom Records trauern um Commander Tom","og_description":"UCM.ONE und Noom Records trauert um Thomas Weyer aka Commander Tom, der gestern im Alter von 59 Jahren verstorben ist.","og_url":"https:\/\/ucm.one\/de\/ucm-one-und-noom-records-trauern-um-thomas-weyer-aka-commander-tom\/","og_site_name":"UCM.ONE","article_published_time":"2022-06-10T17:56:52+00:00","article_modified_time":"2025-02-01T15:15:43+00:00","og_image":[{"url":"https:\/\/ucm.one\/wp-content\/uploads\/2022\/06\/Commander-Tom-Trauerbanner-1920x1080-1.jpg","type":"","width":"","height":""}],"author":"Joachim Keil","twitter_card":"summary_large_image","twitter_title":"UCM.ONE und Noom Records trauern um Commander Tom","twitter_description":"UCM.ONE und Noom Records trauert um Thomas Weyer aka Commander Tom, der gestern im Alter von 59 Jahren verstorben ist.","twitter_image":"https:\/\/ucm.one\/wp-content\/uploads\/2022\/06\/Commander-Tom-Trauerbanner-1920x1080-1.jpg","twitter_misc":{"Verfasst von":"Joachim Keil","Gesch\u00e4tzte Lesezeit":"5\u00a0Minuten"},"schema":{"@context":"https:\/\/schema.org","@graph":[{"@type":"Article","@id":"https:\/\/ucm.one\/de\/ucm-one-und-noom-records-trauern-um-thomas-weyer-aka-commander-tom\/#article","isPartOf":{"@id":"https:\/\/ucm.one\/de\/ucm-one-und-noom-records-trauern-um-thomas-weyer-aka-commander-tom\/"},"author":{"name":"Joachim Keil","@id":"https:\/\/ucm.one\/de\/#\/schema\/person\/4b959e467e8acc058836467a0ef8fa50"},"headline":"\ud83c\udfb5 UCM.ONE und Noom Records trauern um Thomas Weyer aka Commander Tom","datePublished":"2022-06-10T17:56:52+00:00","dateModified":"2025-02-01T15:15:43+00:00","mainEntityOfPage":{"@id":"https:\/\/ucm.one\/de\/ucm-one-und-noom-records-trauern-um-thomas-weyer-aka-commander-tom\/"},"wordCount":1030,"publisher":{"@id":"https:\/\/ucm.one\/de\/#organization"},"image":{"@id":"https:\/\/ucm.one\/de\/ucm-one-und-noom-records-trauern-um-thomas-weyer-aka-commander-tom\/#primaryimage"},"thumbnailUrl":"https:\/\/ucm.one\/wp-content\/uploads\/2022\/06\/Commander-Tom-Trauerbanner.jpg","keywords":["Are Am Eye?","Attention!","Commander Tom","gestorben","Hardtrance","Hoover-Sound","Mandala","Nexus 6","Noom Records","OZ","Stuttgart","Techno","Tod"],"articleSection":["Musik","News","Noom Records"],"inLanguage":"de"},{"@type":"WebPage","@id":"https:\/\/ucm.one\/de\/ucm-one-und-noom-records-trauern-um-thomas-weyer-aka-commander-tom\/","url":"https:\/\/ucm.one\/de\/ucm-one-und-noom-records-trauern-um-thomas-weyer-aka-commander-tom\/","name":"UCM.ONE und Noom Records trauern um Commander Tom","isPartOf":{"@id":"https:\/\/ucm.one\/de\/#website"},"primaryImageOfPage":{"@id":"https:\/\/ucm.one\/de\/ucm-one-und-noom-records-trauern-um-thomas-weyer-aka-commander-tom\/#primaryimage"},"image":{"@id":"https:\/\/ucm.one\/de\/ucm-one-und-noom-records-trauern-um-thomas-weyer-aka-commander-tom\/#primaryimage"},"thumbnailUrl":"https:\/\/ucm.one\/wp-content\/uploads\/2022\/06\/Commander-Tom-Trauerbanner.jpg","datePublished":"2022-06-10T17:56:52+00:00","dateModified":"2025-02-01T15:15:43+00:00","description":"UCM.ONE und Noom Records trauert um Thomas Weyer aka Commander Tom, der gestern im Alter von 59 Jahren verstorben ist.","breadcrumb":{"@id":"https:\/\/ucm.one\/de\/ucm-one-und-noom-records-trauern-um-thomas-weyer-aka-commander-tom\/#breadcrumb"},"inLanguage":"de","potentialAction":[{"@type":"ReadAction","target":["https:\/\/ucm.one\/de\/ucm-one-und-noom-records-trauern-um-thomas-weyer-aka-commander-tom\/"]}]},{"@type":"ImageObject","inLanguage":"de","@id":"https:\/\/ucm.one\/de\/ucm-one-und-noom-records-trauern-um-thomas-weyer-aka-commander-tom\/#primaryimage","url":"https:\/\/ucm.one\/wp-content\/uploads\/2022\/06\/Commander-Tom-Trauerbanner.jpg","contentUrl":"https:\/\/ucm.one\/wp-content\/uploads\/2022\/06\/Commander-Tom-Trauerbanner.jpg","width":1920,"height":600},{"@type":"BreadcrumbList","@id":"https:\/\/ucm.one\/de\/ucm-one-und-noom-records-trauern-um-thomas-weyer-aka-commander-tom\/#breadcrumb","itemListElement":[{"@type":"ListItem","position":1,"name":"Home","item":"https:\/\/ucm.one\/de\/"},{"@type":"ListItem","position":2,"name":"\ud83c\udfb5 UCM.ONE und Noom Records trauern um Thomas Weyer aka Commander Tom"}]},{"@type":"WebSite","@id":"https:\/\/ucm.one\/de\/#website","url":"https:\/\/ucm.one\/de\/","name":"UCM.ONE","description":"","publisher":{"@id":"https:\/\/ucm.one\/de\/#organization"},"potentialAction":[{"@type":"SearchAction","target":{"@type":"EntryPoint","urlTemplate":"https:\/\/ucm.one\/de\/?s={search_term_string}"},"query-input":{"@type":"PropertyValueSpecification","valueRequired":true,"valueName":"search_term_string"}}],"inLanguage":"de"},{"@type":"Organization","@id":"https:\/\/ucm.one\/de\/#organization","name":"UCM.ONE","url":"https:\/\/ucm.one\/de\/","logo":{"@type":"ImageObject","inLanguage":"de","@id":"https:\/\/ucm.one\/de\/#\/schema\/logo\/image\/","url":"https:\/\/ucm.one\/wp-content\/uploads\/2019\/10\/UCM.ONE-Logo-RGB.svg","contentUrl":"https:\/\/ucm.one\/wp-content\/uploads\/2019\/10\/UCM.ONE-Logo-RGB.svg","width":1,"height":1,"caption":"UCM.ONE"},"image":{"@id":"https:\/\/ucm.one\/de\/#\/schema\/logo\/image\/"}},{"@type":"Person","@id":"https:\/\/ucm.one\/de\/#\/schema\/person\/4b959e467e8acc058836467a0ef8fa50","name":"Joachim Keil","image":{"@type":"ImageObject","inLanguage":"de","@id":"https:\/\/secure.gravatar.com\/avatar\/10e1dfd05f2a7a7bc83cd44bae31e01c8ac15f974229211a2b1a49fa0a22fec0?s=96&d=mm&r=g","url":"https:\/\/secure.gravatar.com\/avatar\/10e1dfd05f2a7a7bc83cd44bae31e01c8ac15f974229211a2b1a49fa0a22fec0?s=96&d=mm&r=g","contentUrl":"https:\/\/secure.gravatar.com\/avatar\/10e1dfd05f2a7a7bc83cd44bae31e01c8ac15f974229211a2b1a49fa0a22fec0?s=96&d=mm&r=g","caption":"Joachim Keil"},"sameAs":["https:\/\/ucm.one"]}]}},"_links":{"self":[{"href":"https:\/\/ucm.one\/de\/wp-json\/wp\/v2\/posts\/70384","targetHints":{"allow":["GET"]}}],"collection":[{"href":"https:\/\/ucm.one\/de\/wp-json\/wp\/v2\/posts"}],"about":[{"href":"https:\/\/ucm.one\/de\/wp-json\/wp\/v2\/types\/post"}],"author":[{"embeddable":true,"href":"https:\/\/ucm.one\/de\/wp-json\/wp\/v2\/users\/2"}],"replies":[{"embeddable":true,"href":"https:\/\/ucm.one\/de\/wp-json\/wp\/v2\/comments?post=70384"}],"version-history":[{"count":1,"href":"https:\/\/ucm.one\/de\/wp-json\/wp\/v2\/posts\/70384\/revisions"}],"predecessor-version":[{"id":174429,"href":"https:\/\/ucm.one\/de\/wp-json\/wp\/v2\/posts\/70384\/revisions\/174429"}],"wp:featuredmedia":[{"embeddable":true,"href":"https:\/\/ucm.one\/de\/wp-json\/wp\/v2\/media\/70386"}],"wp:attachment":[{"href":"https:\/\/ucm.one\/de\/wp-json\/wp\/v2\/media?parent=70384"}],"wp:term":[{"taxonomy":"category","embeddable":true,"href":"https:\/\/ucm.one\/de\/wp-json\/wp\/v2\/categories?post=70384"},{"taxonomy":"post_tag","embeddable":true,"href":"https:\/\/ucm.one\/de\/wp-json\/wp\/v2\/tags?post=70384"}],"curies":[{"name":"wp","href":"https:\/\/api.w.org\/{rel}","templated":true}]}}