{"id":69563,"date":"2022-05-27T21:17:23","date_gmt":"2022-05-27T21:17:23","guid":{"rendered":"https:\/\/ucm.one\/?p=69563"},"modified":"2023-03-10T09:20:38","modified_gmt":"2023-03-10T09:20:38","slug":"trio-infernal-mit-romy-schneider-ab-heute-als-mediabook-blu-ray-dvd-und-bei-vod-portalen-erhaeltlich","status":"publish","type":"post","link":"https:\/\/ucm.one\/de\/trio-infernal-mit-romy-schneider-ab-heute-als-mediabook-blu-ray-dvd-und-bei-vod-portalen-erhaeltlich\/","title":{"rendered":"\ud83c\udfac &#8222;Trio Infernal&#8220; mit Romy Schneider ab heute als Mediabook, Blu-Ray, DVD und bei VoD-Portalen erh\u00e4ltlich"},"content":{"rendered":"<div class=\"wpb-content-wrapper\"><p>[vc_row][vc_column][vc_column_text]<\/p>\n<div class=\"\">\n<p>Der Film &#8222;<strong>Trio Infernal<\/strong>&#8220; von Regisseur <strong>Francis Girod<\/strong> ist ab heute in der neuen in 4K abgetasteten und in Full-HD restaurierten Fassung im Rahmen der <strong>\u00c9dition ParaSol Videoth\u00e8que<\/strong> auf dem Label <strong>Artkeim\u00b2<\/strong>\u00a0von <span style=\"font-family: 'arial black', sans-serif;\"><strong>UCM.ONE<\/strong><\/span> in Kooperation mit \u00a0<strong>moviemax\u00a0<\/strong>erh\u00e4ltlich.<\/p>\n<\/div>\n<p>[\/vc_column_text][vc_column_text]Romy Schneider, deren <b>Todestag<\/b> sich am 29. Mai 2022 zum <b>40. Mal<\/b> j\u00e4hrt, hat sp\u00e4testens mit &#8222;<strong>Trio Infernal<\/strong>&#8220; bewiesen, dass sie sich schon lange aus der Zuckerwattewelt der Sissi-Filme herausgespielt hatte. Sie arbeitete damals, Mitte der 1970er Jahre, bereits seit 15 Jahren \u00fcberwiegend in Frankreich, wo sie bis heute zu den <b>Grandes Dames<\/b> des Kinos gez\u00e4hlt wird.[\/vc_column_text][\/vc_column][\/vc_row][vc_row][vc_column width=&#8220;1\/3&#8243;][vc_single_image image=&#8220;69008&#8243; img_size=&#8220;full&#8220; onclick=&#8220;link_image&#8220;][\/vc_column][vc_column width=&#8220;1\/3&#8243;][vc_single_image image=&#8220;68963&#8243; img_size=&#8220;full&#8220; onclick=&#8220;link_image&#8220;][\/vc_column][vc_column width=&#8220;1\/3&#8243;][vc_single_image image=&#8220;69032&#8243; img_size=&#8220;full&#8220; onclick=&#8220;link_image&#8220;][\/vc_column][\/vc_row][vc_row][vc_column][vc_column_text]<span style=\"font-size: 14pt;\">Inhalt<\/span><\/p>\n<p style=\"font-weight: 400;\">Marseille 1931: Philomene Schmidt (<strong>Romy Schneider<\/strong>), eine bildsch\u00f6ne junge Deutsche, die als Pflegerin einer Greisin arbeitet, steht nach deren Tod auf der Stra\u00dfe. Als jedoch der selbstverliebte und extrem skrupellose Anwalt Georges Sarret (<strong>Michel Piccoli<\/strong>) in das Leben von Philomene und ihrer Schwester Catherine (<strong>Mascha Gonska<\/strong>) tritt, wird alles anders. Die jungen Frauen werden nicht nur Sarrets Geliebte, sondern auch seine Komplizinnen bei zahlreichen Versicherungsbetr\u00fcgereien. Er vermittelt den beiden wohlhabende \u00e4ltere M\u00e4nner, die schon bald nach der Hochzeit spurlos verschwinden oder pl\u00f6tzlich zu Tode kommen. Das \u201eTrio Infernal\u201c kassiert sodann die hohen Versicherungssummen, die ihre Opfer zuvor noch f\u00fcr ihren Todesfall mit ihren Ehefrauen als Beg\u00fcnstigte abgeschlossen haben\u2026<\/p>\n<p>[\/vc_column_text][vc_single_image image=&#8220;69574&#8243; img_size=&#8220;full&#8220;][vc_column_text]<\/p>\n<p style=\"font-weight: 400;\">\u201e<strong>Trio Infernal<\/strong>\u201c schildert die bizarre Geschichte eines m\u00f6rderischen Terzetts, glanzvoll besetzt mit <strong>Michel Piccoli<\/strong>, <strong>Romy Schneider<\/strong> und <strong>Mascha Gonska<\/strong>.\u00a0In diesem Film beweist Romy Schneider einmal mehr, warum sie ihr fr\u00fcherer Filmpartner <strong>Jean-Louis Trintignant<\/strong> <em>\u201edie erotischste Frau, die ich kenne&#8220;<\/em> nannte.\u00a0<span style=\"font-weight: 400;\">Sie gibt sich verwerflich und unwiderstehlich zugleich. <\/span><\/p>\n<p>[\/vc_column_text][vc_column_text]<\/p>\n<p style=\"font-weight: 400;\">Den Soundtrack zum Film komponierte kein Geringerer als\u00a0<strong>Ennio Morricone<\/strong>\u00a0(\u201c<strong>Spiel mir das Lied vom Tod<\/strong>\u201c, \u201c<strong>Todesmelodie<\/strong>\u201c, \u201c<strong>Angst \u00fcber der Stadt<\/strong>\u201c, \u201c<strong>Der Profi<\/strong>\u201c, \u201c<strong>Frantic\u201d<\/strong>, \u201c<strong>The Untouchables<\/strong>\u201c).<\/p>\n<p>[\/vc_column_text][\/vc_column][\/vc_row][vc_row][vc_column width=&#8220;1\/2&#8243;][vc_video link=&#8220;https:\/\/youtu.be\/yOhBNWoIzjA&#8220; title=&#8220;Trio Infernal | Teaser `{`2022`}` (deutsch) \u1d34\u1d30&#8220;][\/vc_column][vc_column width=&#8220;1\/2&#8243;][vc_video link=&#8220;https:\/\/youtu.be\/WLdMFp9OT-k&#8220; title=&#8220;Trio Infernal | Trailer `{`2022`}` (deutsch) \u1d34\u1d30&#8220;][\/vc_column][\/vc_row][vc_row][vc_column][vc_empty_space height=&#8220;15px&#8220;][vc_separator][vc_column_inner width=&#8220;1\/4&#8243;][\/vc_column_inner][\/vc_column][\/vc_row][vc_row][vc_column][vc_empty_space height=&#8220;15px&#8220;][vc_column_text css=&#8220;.vc_custom_1653175289726{margin-bottom: -5px !important;}&#8220;]<span style=\"font-size: 18pt;\">Erh\u00e4ltlichen Formate und Ausstattungen<\/span>[\/vc_column_text][vc_empty_space][vc_row_inner][vc_column_inner width=&#8220;1\/6&#8243;][vc_single_image image=&#8220;69093&#8243; img_size=&#8220;full&#8220;][\/vc_column_inner][vc_column_inner width=&#8220;5\/6&#8243;][vc_column_text]<strong>Limitiertes Mediabook (Blu-Ray + DVD):<\/strong><\/p>\n<p>Kinofassung erstmalig in 4K neu abgetastet und in Full-HD restauriert + Langfassung in Full-HD restauriert<\/p>\n<p>Bildformat Blu-Ray:\u00a0<span lang=\"EN-US\">WS 1.66:1 \/ 1080p 24; Bildformat DVD:\u00a0<\/span><span lang=\"EN-US\">WS 1.66:1 (anamorph) | Gesamtlaufzeit Blu-Ray 101 Min (Deutsche Kinofassung) &amp; 105 Min (Langfassung);\u00a0Gesamtlaufzeit DVD 101 Min (Langfassung)\u00a0<\/span><\/p>\n<p><span lang=\"EN-US\">Tonformate Blu-Ray: Deutsch DTS-HD Master Audio 2.0 (mono), Franz\u00f6sisch DTS-HD Master Audio 2.0 (mono); Tonformate DVD: Deutsch DD 2.0 (mono); Franz\u00f6sisch DD 2.0 (mono) | Untertitel: deutsch <\/span><\/p>\n<p><span lang=\"EN-US\">Bonusmaterial: Deutsche SUPER 8-Fassung,\u00a0<\/span>32-seitiges Booklet u.a. mit Texten von Publizist &amp; Medienwissenschaftler Stefan Jung, Diplom-Theaterwissenschaftler Lars Johansen, Regisseur, Cutter und Schauspieldozent Andreas Ullrich, Original Trailer, Deutscher Trailer, Artwork-Galerie<\/p>\n<p><span lang=\"EN-US\">FSK 18 \u00a0 \u00a0 \u00a0 \u00a0 \u00a0\u00a0<\/span>[\/vc_column_text][\/vc_column_inner][\/vc_row_inner][vc_separator css=&#8220;.vc_custom_1653175357110{margin-top: -5px !important;}&#8220;][vc_empty_space height=&#8220;10px&#8220;][vc_row_inner][vc_column_inner width=&#8220;1\/6&#8243;][vc_single_image image=&#8220;69100&#8243; img_size=&#8220;full&#8220;][\/vc_column_inner][vc_column_inner width=&#8220;5\/6&#8243;][vc_column_text]<strong>Blu-Ray:<\/strong><\/p>\n<p>Kinofassung erstmalig in 4K neu abgetastet und in Full-HD restauriert + Langfassung in Full-HD restauriert<\/p>\n<p>Bildformat:\u00a0<span lang=\"EN-US\">WS 1.66:1 \/ 1080p 24<\/span><span lang=\"EN-US\">\u00a0| Gesamtlaufzeit: 101 Min (Deutsche Kinofassung) &amp; 105 Min (Langfassung)<\/span><\/p>\n<p><span lang=\"EN-US\">Tonformate: Deutsch DTS-HD Master Audio 2.0 (mono), Franz\u00f6sisch DTS-HD Master Audio 2.0 (mono) <\/span><\/p>\n<p><span lang=\"EN-US\">Untertitel: deutsch <\/span><\/p>\n<p><span lang=\"EN-US\">Bonusmaterial: Deutsche SUPER 8-Fassung,\u00a0<\/span>Original Trailer, Deutscher Trailer, Artwork-Galerie<\/p>\n<p><span lang=\"EN-US\">FSK 18 \u00a0 \u00a0 \u00a0 \u00a0 \u00a0\u00a0<\/span>[\/vc_column_text][\/vc_column_inner][\/vc_row_inner][vc_separator css=&#8220;.vc_custom_1653175357110{margin-top: -5px !important;}&#8220;][vc_empty_space height=&#8220;10px&#8220;][vc_row_inner][vc_column_inner width=&#8220;1\/6&#8243;][vc_single_image image=&#8220;69108&#8243; img_size=&#8220;full&#8220;][\/vc_column_inner][vc_column_inner width=&#8220;5\/6&#8243;][vc_column_text]<strong>DVD:<\/strong><\/p>\n<p>Erstmalig in 4K neu abgetastet und in in Full-HD restauriert<\/p>\n<p>Bildformat:\u00a0<span lang=\"EN-US\">WS 1.66:1 \/ 1080p 24<\/span><span lang=\"EN-US\">\u00a0| Gesamtlaufzeit 101 Min<\/span><\/p>\n<p><span lang=\"EN-US\">Tonformate: Deutsch\u00a0<\/span>DD 2.0 (mono)<span lang=\"EN-US\">, Franz\u00f6sisch\u00a0<\/span>DD 2.0 (mono)<\/p>\n<p><span lang=\"EN-US\">Untertitel: deutsch <\/span><\/p>\n<p><span lang=\"EN-US\">Bonusmaterial: Deutsche SUPER 8-Fassung,\u00a0<\/span>Original Trailer, Deutscher Trailer, Artwork-Galerie<\/p>\n<p><span lang=\"EN-US\">FSK 18 \u00a0 \u00a0 \u00a0 \u00a0 \u00a0\u00a0<\/span>[\/vc_column_text][\/vc_column_inner][\/vc_row_inner][\/vc_column][\/vc_row][vc_row][vc_column][vc_empty_space height=&#8220;15px&#8220;][vc_separator css=&#8220;.vc_custom_1653175357110{margin-top: -5px !important;}&#8220;][vc_row_inner][vc_column_inner width=&#8220;1\/4&#8243;][vc_btn title=&#8220;Amazon&#8220; style=&#8220;flat&#8220; color=&#8220;orange&#8220; size=&#8220;sm&#8220; align=&#8220;center&#8220; i_icon_fontawesome=&#8220;fab fa-amazon&#8220; button_block=&#8220;true&#8220; add_icon=&#8220;true&#8220; link=&#8220;url:https%3A%2F%2Fwww.amazon.de%2FTrio-Infernal-Kinofassung-Langfassung-abgetastet%2Fdp%2FB09Y4TF4CV|title:Amazon|target:_blank&#8220;][\/vc_column_inner][vc_column_inner width=&#8220;1\/4&#8243;][vc_btn title=&#8220;M\u00fcller&#8220; style=&#8220;flat&#8220; color=&#8220;warning&#8220; size=&#8220;sm&#8220; align=&#8220;center&#8220; i_icon_fontawesome=&#8220;fab fa-medium&#8220; button_block=&#8220;true&#8220; add_icon=&#8220;true&#8220; link=&#8220;url:https%3A%2F%2Fwww.mueller.de%2Fp%2Ftrio-infernal-uncut-limited-mediabook-kinofassung-langfassung-in-hd-neu-abgetastet-32-seitiges-booklet-blu-ray-dvd-2825810%2F|title:M%C3%BCller|target:_blank&#8220;][\/vc_column_inner][vc_column_inner width=&#8220;1\/4&#8243;][vc_btn title=&#8220;Shop&#8220; style=&#8220;flat&#8220; color=&#8220;juicy-pink&#8220; size=&#8220;sm&#8220; align=&#8220;center&#8220; i_icon_fontawesome=&#8220;fas fa-shopping-cart&#8220; button_block=&#8220;true&#8220; add_icon=&#8220;true&#8220; link=&#8220;url:https%3A%2F%2Fucm.one%2Fprodukt%2Ftrio-infernal|title:Shop&#8220;][\/vc_column_inner][vc_column_inner width=&#8220;1\/4&#8243;][vc_btn title=&#8220;Wer Streamt Es?&#8220; style=&#8220;flat&#8220; color=&#8220;blue&#8220; size=&#8220;sm&#8220; align=&#8220;center&#8220; i_icon_fontawesome=&#8220;fas fa-play-circle&#8220; button_block=&#8220;true&#8220; add_icon=&#8220;true&#8220; link=&#8220;url:https%3A%2F%2Fwww.werstreamt.es%2Ffilm%2Fdetails%2F21430%2Ftrio-infernal%2F|title:Wer%20Streamt%20Es%3F|target:_blank&#8220;][\/vc_column_inner][\/vc_row_inner][vc_empty_space height=&#8220;10px&#8220;][vc_separator][vc_empty_space height=&#8220;15px&#8220;][\/vc_column][\/vc_row][vc_row][vc_column][vc_column_text]<\/p>\n<div class=\"wpb_text_column wpb_content_element \">\n<p><span style=\"font-size: 18pt;\">Stimmen zum Film<\/span><\/p>\n<div class=\"wpb_text_column wpb_content_element \">\n<div class=\"wpb_wrapper\">\n<p><em><strong>\u201e<\/strong>Zu seiner Zeit sicher interessant und mutig, heute ein zum Teil eher m\u00fchsames Unterfangen, dass ein Trio geldgieriger Lumpenhunde verfolgt und sich im Slapstick verheddert. Michel Piccoli und Romy Schneider bei der Arbeit zuzusehen, sorgt aber immer noch f\u00fcr gute Unterhaltung.\u201c\u00a0<\/em>(<strong>moviebreak.de<\/strong>)<\/p>\n<p><em><strong>\u201e<\/strong>Die Produktion ist filmhistorisch interessant und sehenswert, sie dokumentiert die Bem\u00fchungen Romy Schneiders, sich mit radikalen Filmen und drastischen Rollen vom verhassten Sissi-Image zu verabschieden \u2013 was ihr nachhaltig gelang.\u201c<\/em>\u00a0(<strong>Filmreporter.de<\/strong>)<\/p>\n<p><em>\u201eStilvoll inszenierter Erotik-Horror\u201d<\/em>\u00a0(<strong>kino-zeit.de \/ Marie Anderson<\/strong>)<\/p>\n<p><em><strong>\u201e<\/strong>Michel Piccoli, Romy Schneider und Mascha Gonska als H\u00f6llentrio, das mordend durch Frankreich zieht und die Leichen ihrer Opfer in Schwefels\u00e4ure aufl\u00f6st. Die grelle Satire mit der wohl witzigsten musikalischen Komposition Ennio Morricones war der Skandalfilm des Jahres 1974.\u201c<\/em>\u00a0(<strong>vivasvanpictures.wordpress.com<\/strong>)<\/p>\n<p><em><strong>\u201e<\/strong>Der Film ist ein drastisches Vergn\u00fcgen, \u00e4hnlich dem gro\u00dfen Fressen. Michel Piccoli, Romy Schneider und Mascha Gonska, die die urspr\u00fcnglich f\u00fcr Uschi Glas geplante Rolle \u00fcbernahm, hatten sichtbar ihren Spa\u00df mit dieser Farce.\u201c<\/em>\u00a0(<strong>verfuehrungzumfilm.wixsite.com<\/strong>)<\/p>\n<p><em><strong>\u201e<\/strong>Es sind vor allem die Pers\u00f6nlichkeiten der Schauspieler, die Trio Infernal zum Erfolg verhelfen. Der Stoff an sich tendiert zum Guignol, aber selbst die schrecklichsten Szenen gewinnen durch den Stil, den Piccoli und Schneider ihnen verleihen, eine gewisse Distanziertheit.\u201c\u00a0<\/em>(<strong>rogerebert.com)<\/strong><\/p>\n<p><em><strong>\u201e<\/strong>Das streckenweise krass naturalistische Schauerst\u00fcck ist weit entfernt von Parodie und Satire: ein eiskalt inszeniertes Spiel mit Blut und Ekel, Gewalt und vielfacher Perversion, das nur ansatzweise ein ernstzunehmendes Abbild moderner Lebensformen und Gesellschaftsmechanismen ist.\u201c<\/em>\u00a0(<strong>Lexikon des Internationalen Films<\/strong>)<\/p>\n<p><em><strong>\u201e<\/strong><\/em><em>Durch pr\u00e4gnante Charakterzeichnungen gelingt Regiedeb\u00fctant Francis Girod (\u201eDie Bankiersfrau\u201c) mit seinem prachtvoll ausgestatteten Schauerst\u00fcck eine furiose Gratwanderung zwischen makabrem Realismus und bitterb\u00f6ser Ironie. Neben dem unwiderstehlichen Michel Piccoli brilliert in der Rolle der skrupellosen, lebenshungrigen Luxusfrau eine enthemmte und entfesselte Romy Schneider, die hier endg\u00fcltig mit ihrem \u201eSissi\u201c-Image aufr\u00e4umt, die \u201cSissi\u201d-Fans schockte und von der franz\u00f6sischen Presse als das \u201echarmante Monster\u201c gefeiert wurde.\u201c<\/em>\u00a0(<strong>prisma-online<\/strong>)<\/p>\n<\/div>\n<\/div>\n<\/div>\n<p>[\/vc_column_text][vc_single_image image=&#8220;68921&#8243; img_size=&#8220;full&#8220;][\/vc_column][\/vc_row][vc_row][vc_column width=&#8220;1\/2&#8243;][vc_column_text]Weitere Informationen \u00fcber den Film: <a title=\"Trio Infernal (1974) von Francis Girod | Artkeim\u00b2\" href=\"https:\/\/ucm.one\/de\/trio-infernal\/\">Trio Infernal<\/a>[\/vc_column_text][\/vc_column][vc_column width=&#8220;1\/2&#8243;][vc_column_text]Weitere Informationen \u00fcber das Filmlabel: <a title=\"Artkeim\u00b2\" href=\"https:\/\/ucm.one\/de\/film-labels\/artkeim\/\">Artkeim\u00b2<\/a>[\/vc_column_text][\/vc_column][\/vc_row][vc_row][vc_column][vc_separator][\/vc_column][\/vc_row][vc_row][vc_column][vc_column_text]<span style=\"font-size: 18pt;\">Drei Filmklassiker mit Romy Schneider<\/span><\/p>\n<p>Der Film &#8222;<strong>Trio Infernal<\/strong>&#8220; ist Teil von gleich drei Filmklassikern aus den 1970er Jahren mit <b>Romy Schneider <\/b>in der Hauptrolle, die aktuell in neu angetasteten und restaurierten Fassungen ver\u00f6ffentlicht werden:<\/p>\n<ul>\n<li><strong>Nachtblende<\/strong> <em>(OT: Le trio infernal; Spielfilm, Frankreich\/Italien\/BRD 1974, ca. 105 min, Regie: Francis Girod, mit Michel Piccoli, Romy Schneider, Mascha Gonska, Philippe Brizard, Jean Rigaux)<\/em><\/li>\n<li><strong>Trio Infernal<\/strong> <em>(OT: Le vieux fusil; Spielfilm, Frankreich\/BRD 1975, ca. 103 min, Regie: Robert Enrico, mit Romy Schneider, Philippe Noiret, Jean Bouise, Joachim Hansen, Catherine Delaporte)<\/em><\/li>\n<li><strong>Abschied in der Nacht<\/strong> <em>(OT: Le vieux fusil; Spielfilm, Frankreich\/BRD 1975, ca. 103 min, Regie: Robert Enrico, mit Romy Schneider, Philippe Noiret, Jean Bouise, Joachim Hansen, Catherine Delaporte)<\/em><\/li>\n<\/ul>\n<p>Die neben den Blu-Rays und DVDs hochwertig gestalteten, auf je 1.000 Exemplare limitierten <b>Mediabooks<\/b> enthalten zus\u00e4tzlich zu dem Film auf Blu-ray und DVD \u00a0weiteres exklusives <b>Bonusmaterial\u00a0<\/b>bestehend aus einem 32-seitigen Booklet und weiteren Bonusmaterialien.[\/vc_column_text][vc_column_text]Fast alle namhaften Regisseure hatten <strong>Romy Schneider<\/strong> vor der Kamera und ihre Filmparter:innen in dieser Periode,\u00a0aus\u00a0welcher\u00a0diese drei Filme stammen, sind das &#8222;Who is Who&#8220; des franz\u00f6sischen Films. F\u00fcr den Film &#8222;<strong>Nachtblende<\/strong>&#8220; wurde sie 1975 mit ihrem ersten <strong>C\u00e9sar<\/strong> ausgezeichnet.[\/vc_column_text][\/vc_column][\/vc_row][vc_row][vc_column][vc_single_image image=&#8220;69583&#8243; img_size=&#8220;full&#8220;][\/vc_column][\/vc_row][vc_row][vc_column][vc_column_text]Weitere Informationen \u00fcber die drei Filme: <a title=\"www.ucm.one\/romy-schneider\" href=\"https:\/\/ucm.one\/de\/tag\/romy-schneider\/\">www.ucm.one\/romy-schneider<\/a>[\/vc_column_text][\/vc_column][\/vc_row]<\/p>\n<\/div>","protected":false},"excerpt":{"rendered":"<p>[vc_row][vc_column][vc_column_text] Der Film &#8222;Trio Infernal&#8220; von Regisseur Francis Girod ist ab heute in der neuen in 4K abgetasteten und in Full-HD restaurierten Fassung im Rahmen der \u00c9dition ParaSol Videoth\u00e8que auf dem Label Artkeim\u00b2\u00a0von UCM.ONE in Kooperation mit \u00a0moviemax\u00a0erh\u00e4ltlich. [\/vc_column_text][vc_column_text]Romy Schneider, deren Todestag sich am 29. Mai 2022 zum 40. Mal j\u00e4hrt, hat sp\u00e4testens mit &#8222;Trio&hellip;<\/p>\n","protected":false},"author":2,"featured_media":69566,"comment_status":"closed","ping_status":"closed","sticky":false,"template":"","format":"standard","meta":{"_acf_changed":false,"footnotes":""},"categories":[828,4658,8,7004,13],"tags":[4669,12507,4685,8434,4665,7913,4667,4666,4668,4663,4659,12506],"class_list":["post-69563","post","type-post","status-publish","format-standard","has-post-thumbnail","hentry","category-artkeim","category-edition-parasol-videotheque","category-film","category-filmklassiker","category-news","tag-andrea-ferreol","tag-artheim","tag-edition-parasol-videotheque","tag-ennio-morricone","tag-francis-girod","tag-le-trio-infernal-de","tag-mascha-gonska","tag-michel-piccoli","tag-philippe-brizard","tag-romy-schneider","tag-trio-infernal","tag-wolfdieter-von-stein","category-828","category-4658","category-8","category-7004","category-13","description-off"],"acf":[],"yoast_head":"<!-- This site is optimized with the Yoast SEO plugin v27.5 - https:\/\/yoast.com\/product\/yoast-seo-wordpress\/ -->\n<title>&quot;Trio Infernal&quot; mit Romy Schneider ab heute erh\u00e4ltlich<\/title>\n<meta name=\"description\" content=\"Der Film &quot;Trio Infernal&quot; von Regisseur Francis Girod ist ab heute in der neu abgetasteten und in Full-HD restaurierten Fassung erh\u00e4ltlich.\" \/>\n<meta name=\"robots\" content=\"index, follow, max-snippet:-1, max-image-preview:large, max-video-preview:-1\" \/>\n<link rel=\"canonical\" href=\"https:\/\/ucm.one\/de\/trio-infernal-mit-romy-schneider-ab-heute-als-mediabook-blu-ray-dvd-und-bei-vod-portalen-erhaeltlich\/\" \/>\n<meta property=\"og:locale\" content=\"de_DE\" \/>\n<meta property=\"og:type\" content=\"article\" \/>\n<meta property=\"og:title\" content=\"&quot;Trio Infernal&quot; mit Romy Schneider ab heute erh\u00e4ltlich\" \/>\n<meta property=\"og:description\" content=\"Der Film &quot;Trio Infernal&quot; von Regisseur Francis Girod ist ab heute in der neu abgetasteten und in Full-HD restaurierten Fassung erh\u00e4ltlich.\" \/>\n<meta property=\"og:url\" content=\"https:\/\/ucm.one\/de\/trio-infernal-mit-romy-schneider-ab-heute-als-mediabook-blu-ray-dvd-und-bei-vod-portalen-erhaeltlich\/\" \/>\n<meta property=\"og:site_name\" content=\"UCM.ONE\" \/>\n<meta property=\"article:published_time\" content=\"2022-05-27T21:17:23+00:00\" \/>\n<meta property=\"article:modified_time\" content=\"2023-03-10T09:20:38+00:00\" \/>\n<meta property=\"og:image\" content=\"https:\/\/ucm.one\/wp-content\/uploads\/2022\/05\/C-Trio-Infernal-Q.jpg\" \/>\n<meta name=\"author\" content=\"Joachim Keil\" \/>\n<meta name=\"twitter:card\" content=\"summary_large_image\" \/>\n<meta name=\"twitter:title\" content=\"&quot;Trio Infernal&quot; mit Romy Schneider ab heute erh\u00e4ltlich\" \/>\n<meta name=\"twitter:description\" content=\"Der Film &quot;Trio Infernal&quot; von Regisseur Francis Girod ist ab heute in der neu abgetasteten und in Full-HD restaurierten Fassung erh\u00e4ltlich.\" \/>\n<meta name=\"twitter:image\" content=\"https:\/\/ucm.one\/wp-content\/uploads\/2022\/05\/C-Trio-Infernal-Q.jpg\" \/>\n<meta name=\"twitter:label1\" content=\"Verfasst von\" \/>\n\t<meta name=\"twitter:data1\" content=\"Joachim Keil\" \/>\n\t<meta name=\"twitter:label2\" content=\"Gesch\u00e4tzte Lesezeit\" \/>\n\t<meta name=\"twitter:data2\" content=\"8\u00a0Minuten\" \/>\n<!-- \/ Yoast SEO plugin. -->","yoast_head_json":{"title":"\"Trio Infernal\" mit Romy Schneider ab heute erh\u00e4ltlich","description":"Der Film \"Trio Infernal\" von Regisseur Francis Girod ist ab heute in der neu abgetasteten und in Full-HD restaurierten Fassung erh\u00e4ltlich.","robots":{"index":"index","follow":"follow","max-snippet":"max-snippet:-1","max-image-preview":"max-image-preview:large","max-video-preview":"max-video-preview:-1"},"canonical":"https:\/\/ucm.one\/de\/trio-infernal-mit-romy-schneider-ab-heute-als-mediabook-blu-ray-dvd-und-bei-vod-portalen-erhaeltlich\/","og_locale":"de_DE","og_type":"article","og_title":"\"Trio Infernal\" mit Romy Schneider ab heute erh\u00e4ltlich","og_description":"Der Film \"Trio Infernal\" von Regisseur Francis Girod ist ab heute in der neu abgetasteten und in Full-HD restaurierten Fassung erh\u00e4ltlich.","og_url":"https:\/\/ucm.one\/de\/trio-infernal-mit-romy-schneider-ab-heute-als-mediabook-blu-ray-dvd-und-bei-vod-portalen-erhaeltlich\/","og_site_name":"UCM.ONE","article_published_time":"2022-05-27T21:17:23+00:00","article_modified_time":"2023-03-10T09:20:38+00:00","og_image":[{"url":"https:\/\/ucm.one\/wp-content\/uploads\/2022\/05\/C-Trio-Infernal-Q.jpg","type":"","width":"","height":""}],"author":"Joachim Keil","twitter_card":"summary_large_image","twitter_title":"\"Trio Infernal\" mit Romy Schneider ab heute erh\u00e4ltlich","twitter_description":"Der Film \"Trio Infernal\" von Regisseur Francis Girod ist ab heute in der neu abgetasteten und in Full-HD restaurierten Fassung erh\u00e4ltlich.","twitter_image":"https:\/\/ucm.one\/wp-content\/uploads\/2022\/05\/C-Trio-Infernal-Q.jpg","twitter_misc":{"Verfasst von":"Joachim Keil","Gesch\u00e4tzte Lesezeit":"8\u00a0Minuten"},"schema":{"@context":"https:\/\/schema.org","@graph":[{"@type":"Article","@id":"https:\/\/ucm.one\/de\/trio-infernal-mit-romy-schneider-ab-heute-als-mediabook-blu-ray-dvd-und-bei-vod-portalen-erhaeltlich\/#article","isPartOf":{"@id":"https:\/\/ucm.one\/de\/trio-infernal-mit-romy-schneider-ab-heute-als-mediabook-blu-ray-dvd-und-bei-vod-portalen-erhaeltlich\/"},"author":{"name":"Joachim Keil","@id":"https:\/\/ucm.one\/de\/#\/schema\/person\/4b959e467e8acc058836467a0ef8fa50"},"headline":"\ud83c\udfac &#8222;Trio Infernal&#8220; mit Romy Schneider ab heute als Mediabook, Blu-Ray, DVD und bei VoD-Portalen erh\u00e4ltlich","datePublished":"2022-05-27T21:17:23+00:00","dateModified":"2023-03-10T09:20:38+00:00","mainEntityOfPage":{"@id":"https:\/\/ucm.one\/de\/trio-infernal-mit-romy-schneider-ab-heute-als-mediabook-blu-ray-dvd-und-bei-vod-portalen-erhaeltlich\/"},"wordCount":1684,"publisher":{"@id":"https:\/\/ucm.one\/de\/#organization"},"image":{"@id":"https:\/\/ucm.one\/de\/trio-infernal-mit-romy-schneider-ab-heute-als-mediabook-blu-ray-dvd-und-bei-vod-portalen-erhaeltlich\/#primaryimage"},"thumbnailUrl":"https:\/\/ucm.one\/wp-content\/uploads\/2022\/05\/C-Trio-Infernal-DVDBD.jpg","keywords":["Andr\u00e9a Ferr\u00e9ol","Artheim\u00b2","\u00c9dition ParaSol Videoth\u00e8que","Ennio Morricone","Francis Girod","Le Trio Infernal","Mascha Gonska","Michel Piccoli","Philippe Brizard","Romy Schneider","Trio Infernal","Wolfdieter von Stein"],"articleSection":["Artkeim\u00b2","\u00c9dition ParaSol Videoth\u00e8que","Film","Filmklassiker","News"],"inLanguage":"de"},{"@type":"WebPage","@id":"https:\/\/ucm.one\/de\/trio-infernal-mit-romy-schneider-ab-heute-als-mediabook-blu-ray-dvd-und-bei-vod-portalen-erhaeltlich\/","url":"https:\/\/ucm.one\/de\/trio-infernal-mit-romy-schneider-ab-heute-als-mediabook-blu-ray-dvd-und-bei-vod-portalen-erhaeltlich\/","name":"\"Trio Infernal\" mit Romy Schneider ab heute erh\u00e4ltlich","isPartOf":{"@id":"https:\/\/ucm.one\/de\/#website"},"primaryImageOfPage":{"@id":"https:\/\/ucm.one\/de\/trio-infernal-mit-romy-schneider-ab-heute-als-mediabook-blu-ray-dvd-und-bei-vod-portalen-erhaeltlich\/#primaryimage"},"image":{"@id":"https:\/\/ucm.one\/de\/trio-infernal-mit-romy-schneider-ab-heute-als-mediabook-blu-ray-dvd-und-bei-vod-portalen-erhaeltlich\/#primaryimage"},"thumbnailUrl":"https:\/\/ucm.one\/wp-content\/uploads\/2022\/05\/C-Trio-Infernal-DVDBD.jpg","datePublished":"2022-05-27T21:17:23+00:00","dateModified":"2023-03-10T09:20:38+00:00","description":"Der Film \"Trio Infernal\" von Regisseur Francis Girod ist ab heute in der neu abgetasteten und in Full-HD restaurierten Fassung erh\u00e4ltlich.","breadcrumb":{"@id":"https:\/\/ucm.one\/de\/trio-infernal-mit-romy-schneider-ab-heute-als-mediabook-blu-ray-dvd-und-bei-vod-portalen-erhaeltlich\/#breadcrumb"},"inLanguage":"de","potentialAction":[{"@type":"ReadAction","target":["https:\/\/ucm.one\/de\/trio-infernal-mit-romy-schneider-ab-heute-als-mediabook-blu-ray-dvd-und-bei-vod-portalen-erhaeltlich\/"]}]},{"@type":"ImageObject","inLanguage":"de","@id":"https:\/\/ucm.one\/de\/trio-infernal-mit-romy-schneider-ab-heute-als-mediabook-blu-ray-dvd-und-bei-vod-portalen-erhaeltlich\/#primaryimage","url":"https:\/\/ucm.one\/wp-content\/uploads\/2022\/05\/C-Trio-Infernal-DVDBD.jpg","contentUrl":"https:\/\/ucm.one\/wp-content\/uploads\/2022\/05\/C-Trio-Infernal-DVDBD.jpg","width":1920,"height":600},{"@type":"BreadcrumbList","@id":"https:\/\/ucm.one\/de\/trio-infernal-mit-romy-schneider-ab-heute-als-mediabook-blu-ray-dvd-und-bei-vod-portalen-erhaeltlich\/#breadcrumb","itemListElement":[{"@type":"ListItem","position":1,"name":"Home","item":"https:\/\/ucm.one\/de\/"},{"@type":"ListItem","position":2,"name":"\ud83c\udfac &#8222;Trio Infernal&#8220; mit Romy Schneider ab heute als Mediabook, Blu-Ray, DVD und bei VoD-Portalen erh\u00e4ltlich"}]},{"@type":"WebSite","@id":"https:\/\/ucm.one\/de\/#website","url":"https:\/\/ucm.one\/de\/","name":"UCM.ONE","description":"","publisher":{"@id":"https:\/\/ucm.one\/de\/#organization"},"potentialAction":[{"@type":"SearchAction","target":{"@type":"EntryPoint","urlTemplate":"https:\/\/ucm.one\/de\/?s={search_term_string}"},"query-input":{"@type":"PropertyValueSpecification","valueRequired":true,"valueName":"search_term_string"}}],"inLanguage":"de"},{"@type":"Organization","@id":"https:\/\/ucm.one\/de\/#organization","name":"UCM.ONE","url":"https:\/\/ucm.one\/de\/","logo":{"@type":"ImageObject","inLanguage":"de","@id":"https:\/\/ucm.one\/de\/#\/schema\/logo\/image\/","url":"https:\/\/ucm.one\/wp-content\/uploads\/2019\/10\/UCM.ONE-Logo-RGB.svg","contentUrl":"https:\/\/ucm.one\/wp-content\/uploads\/2019\/10\/UCM.ONE-Logo-RGB.svg","width":1,"height":1,"caption":"UCM.ONE"},"image":{"@id":"https:\/\/ucm.one\/de\/#\/schema\/logo\/image\/"}},{"@type":"Person","@id":"https:\/\/ucm.one\/de\/#\/schema\/person\/4b959e467e8acc058836467a0ef8fa50","name":"Joachim Keil","image":{"@type":"ImageObject","inLanguage":"de","@id":"https:\/\/secure.gravatar.com\/avatar\/10e1dfd05f2a7a7bc83cd44bae31e01c8ac15f974229211a2b1a49fa0a22fec0?s=96&d=mm&r=g","url":"https:\/\/secure.gravatar.com\/avatar\/10e1dfd05f2a7a7bc83cd44bae31e01c8ac15f974229211a2b1a49fa0a22fec0?s=96&d=mm&r=g","contentUrl":"https:\/\/secure.gravatar.com\/avatar\/10e1dfd05f2a7a7bc83cd44bae31e01c8ac15f974229211a2b1a49fa0a22fec0?s=96&d=mm&r=g","caption":"Joachim Keil"},"sameAs":["https:\/\/ucm.one"]}]}},"_links":{"self":[{"href":"https:\/\/ucm.one\/de\/wp-json\/wp\/v2\/posts\/69563","targetHints":{"allow":["GET"]}}],"collection":[{"href":"https:\/\/ucm.one\/de\/wp-json\/wp\/v2\/posts"}],"about":[{"href":"https:\/\/ucm.one\/de\/wp-json\/wp\/v2\/types\/post"}],"author":[{"embeddable":true,"href":"https:\/\/ucm.one\/de\/wp-json\/wp\/v2\/users\/2"}],"replies":[{"embeddable":true,"href":"https:\/\/ucm.one\/de\/wp-json\/wp\/v2\/comments?post=69563"}],"version-history":[{"count":0,"href":"https:\/\/ucm.one\/de\/wp-json\/wp\/v2\/posts\/69563\/revisions"}],"wp:featuredmedia":[{"embeddable":true,"href":"https:\/\/ucm.one\/de\/wp-json\/wp\/v2\/media\/69566"}],"wp:attachment":[{"href":"https:\/\/ucm.one\/de\/wp-json\/wp\/v2\/media?parent=69563"}],"wp:term":[{"taxonomy":"category","embeddable":true,"href":"https:\/\/ucm.one\/de\/wp-json\/wp\/v2\/categories?post=69563"},{"taxonomy":"post_tag","embeddable":true,"href":"https:\/\/ucm.one\/de\/wp-json\/wp\/v2\/tags?post=69563"}],"curies":[{"name":"wp","href":"https:\/\/api.w.org\/{rel}","templated":true}]}}