{"id":68344,"date":"2022-05-10T11:51:17","date_gmt":"2022-05-10T11:51:17","guid":{"rendered":"https:\/\/ucm.one\/?p=68344"},"modified":"2023-03-09T16:12:23","modified_gmt":"2023-03-09T16:12:23","slug":"sara-fazilat-fuer-ihre-rolle-in-nico-den-deutschen-filmpreis-nominiert","status":"publish","type":"post","link":"https:\/\/ucm.one\/de\/sara-fazilat-fuer-ihre-rolle-in-nico-den-deutschen-filmpreis-nominiert\/","title":{"rendered":"\ud83c\udfac In diesen Kinos startet &#8222;Nico&#8220; von Eline Gehring am 12. Mai 2022"},"content":{"rendered":"<div class=\"wpb-content-wrapper\"><p>[vc_row][vc_column][vc_column_text]Wir freuen uns, heute die Kinos bekanntgeben zu k\u00f6nnen, die ab dem 12. Mai 2022 &#8222;<strong>Nico<\/strong>&#8220; spielen werden! Der bewegende Spielfilm von Regisseurin <strong>Eline Gehring<\/strong> wird <span style=\"font-family: 'arial black', sans-serif;\"><strong>UCM.ONE<\/strong><\/span> auf dem Label <strong>Darling Berlin<\/strong> in die Kinos gebracht.[\/vc_column_text][vc_column_text]<\/p>\n<p style=\"font-weight: 400;\">&#8222;<strong>Nico<\/strong>&#8222;, f\u00fcr den <strong>Eline Gehring<\/strong> zusammen mit Kamerafrau <strong>Francy Fabritz<\/strong> und Produzentin und Hauptdarstellerin <strong>Sara Fazilat<\/strong> das Drehbuch geschrieben hat, feierte im Januar 2021 beim <strong>Filmfestival Max Oph\u00fcls Preis<\/strong> seine Deutschlandpremiere. Seitdem hat &#8222;<strong>Nico<\/strong>&#8220; eine beeindruckende Festivalkarriere absolviert mit \u00fcber 40 internationalen Festivalteilnahmen und vielen Auszeichnungen. Er hat es au\u00dferdem in die Vorauswahl f\u00fcr den <strong>Deutschen Filmpreis<\/strong> geschafft \u2013 am Tag des Kinostarts werden die finalen Nominierungen verk\u00fcndet, also Daumen dr\u00fccken!<\/p>\n<p>[\/vc_column_text][vc_row_inner][vc_column_inner width=&#8220;1\/2&#8243;][vc_single_image image=&#8220;59041&#8243; img_size=&#8220;full&#8220; onclick=&#8220;link_image&#8220;][\/vc_column_inner][vc_column_inner width=&#8220;1\/2&#8243;][vc_single_image image=&#8220;57356&#8243; img_size=&#8220;full&#8220; onclick=&#8220;link_image&#8220;][\/vc_column_inner][\/vc_row_inner][\/vc_column][\/vc_row][vc_row][vc_column][vc_column_text css=&#8220;.vc_custom_1652188493888{margin-bottom: 7px !important;}&#8220;]<\/p>\n<p style=\"text-align: left;\"><span style=\"font-size: 12pt;\">&#8222;<strong>Nico<\/strong>&#8220; l\u00e4uft in der Startwoche (12.-18. Mai 2022) in folgenden Kinos:<\/span><\/p>\n<p>[\/vc_column_text][vc_empty_space height=&#8220;-7px&#8220;][vc_row_inner css=&#8220;.vc_custom_1652177293014{border-top-width: 5px !important;border-bottom-width: 5px !important;background-color: #efefef !important;border-radius: 5px !important;}&#8220;][vc_column_inner width=&#8220;1\/3&#8243;][vc_column_text css=&#8220;.vc_custom_1652178001062{margin-right: 5px !important;margin-bottom: -2px !important;margin-left: 5px !important;padding-top: 12px !important;padding-bottom: 12px !important;}&#8220;]<\/p>\n<table style=\"border-collapse: collapse; width: 100.22286545066459%; height: 256px;\">\n<tbody>\n<tr style=\"height: 20px;\">\n<td style=\"height: 10px; width: 35.45968050176855%;\" scope=\"col\"><strong>Aachen:<\/strong><\/td>\n<td style=\"width: 5321.602091915534%; height: 10px;\">Apollo Kino + Bar<\/td>\n<\/tr>\n<tr style=\"height: 20px;\">\n<td style=\"height: 114px; width: 35.45968050176855%; vertical-align: top;\" rowspan=\"9\" scope=\"col\"><strong>Berlin:<\/strong><\/td>\n<td style=\"width: 5321.602091915534%; height: 10px;\">Moviemento<\/td>\n<\/tr>\n<tr style=\"height: 20px;\">\n<td style=\"width: 5321.602091915534%; height: 10px;\">Ladenkino<\/td>\n<\/tr>\n<tr style=\"height: 20px;\">\n<td style=\"width: 5321.602091915534%; height: 10px;\">Delphi Lux<\/td>\n<\/tr>\n<tr style=\"height: 20px;\">\n<td style=\"width: 5321.602091915534%; height: 10px;\">Passage<\/td>\n<\/tr>\n<tr style=\"height: 20px;\">\n<td style=\"width: 5321.602091915534%; height: 10px;\">Wolf Kino<\/td>\n<\/tr>\n<tr style=\"height: 20px;\">\n<td style=\"width: 5321.602091915534%; height: 10px;\">iL Kino<\/td>\n<\/tr>\n<tr style=\"height: 20px;\">\n<td style=\"width: 5321.602091915534%; height: 10px;\">Kino in der Kulturbrauerei<\/td>\n<\/tr>\n<tr style=\"height: 20px;\">\n<td style=\"width: 5321.602091915534%; height: 22px;\">Kino Zukunft am Ostkreuz<\/td>\n<\/tr>\n<tr style=\"height: 20px;\">\n<td style=\"width: 5321.602091915534%; height: 22px;\">Central Kino<\/td>\n<\/tr>\n<tr style=\"height: 20px;\">\n<td style=\"width: 35.45968050176855%; height: 22px;\"><strong>Bochum:<\/strong><\/td>\n<td style=\"width: 5321.602091915534%; height: 22px;\">Capitol<\/td>\n<\/tr>\n<tr style=\"height: 20px;\">\n<td style=\"width: 35.45968050176855%; height: 22px;\"><strong>Bremen:<\/strong><\/td>\n<td style=\"width: 5321.602091915534%; height: 22px;\">Cinema Ostertor<\/td>\n<\/tr>\n<tr style=\"height: 20px;\">\n<td style=\"width: 35.45968050176855%; height: 44px; vertical-align: top;\" rowspan=\"2\"><strong>Dresden:<\/strong><\/td>\n<td style=\"width: 5321.602091915534%; height: 22px;\">Schauburg<\/td>\n<\/tr>\n<tr style=\"height: 20px;\">\n<td style=\"width: 5321.602091915534%; height: 22px;\">Zentralkino<\/td>\n<\/tr>\n<tr style=\"height: 20px;\">\n<td style=\"width: 35.45968050176855%; height: 22px;\"><strong>D\u00fcsseldorf:<\/strong><\/td>\n<td style=\"width: 5321.602091915534%; height: 22px;\">Metropol<\/td>\n<\/tr>\n<tr style=\"height: 22px;\">\n<td style=\"width: 35.45968050176855%; height: 22px;\"><strong>Essen:<\/strong><strong><br \/>\n<\/strong><\/td>\n<td style=\"width: 5321.602091915534%; height: 22px;\">Galerie-Cinema<\/td>\n<\/tr>\n<\/tbody>\n<\/table>\n<p>[\/vc_column_text][\/vc_column_inner][vc_column_inner width=&#8220;1\/3&#8243;][vc_column_text css=&#8220;.vc_custom_1652178732429{margin-right: 5px !important;margin-bottom: -2px !important;margin-left: 5px !important;padding-top: 12px !important;padding-bottom: 12px !important;}&#8220;]<\/p>\n<table style=\"height: 152px; width: 100%; border-collapse: collapse;\">\n<tbody>\n<tr style=\"height: 20px;\">\n<td style=\"height: 10px; width: 35.72555205047319%;\" scope=\"col\"><b>Frankfurt\/Main:<\/b><\/td>\n<td style=\"width: 64.23219229726027%; height: 10px;\">Harmonie Kinos<\/td>\n<\/tr>\n<tr style=\"height: 20px;\">\n<td style=\"height: 10px; width: 35.72555205047319%;\" scope=\"col\"><strong>Freiburg i. Br.:<\/strong><\/td>\n<td style=\"width: 64.23219229726027%; height: 10px;\">Friedrichsbau-Apollo<\/td>\n<\/tr>\n<tr style=\"height: 20px;\">\n<td style=\"height: 10px; width: 35.72555205047319%;\" scope=\"col\"><strong>Halle\/Saale:<\/strong><\/td>\n<td style=\"width: 64.23219229726027%; height: 10px;\">PUSCHKINo<\/td>\n<\/tr>\n<tr style=\"height: 20px;\">\n<td style=\"height: 20px; width: 35.72555205047319%; vertical-align: top;\" rowspan=\"2\" scope=\"col\"><strong>Hamburg: <\/strong><\/td>\n<td style=\"width: 64.23219229726027%; height: 10px;\">3001 Kino<\/td>\n<\/tr>\n<tr style=\"height: 20px;\">\n<td style=\"width: 64.23219229726027%; height: 10px;\">Zeise Kinos<\/td>\n<\/tr>\n<tr style=\"height: 20px;\">\n<td style=\"height: 10px; width: 35.72555205047319%; vertical-align: top;\" rowspan=\"2\" scope=\"col\"><strong>Heidelberg:<\/strong><\/td>\n<td style=\"width: 64.23219229726027%; height: 10px;\">Gloria<\/td>\n<\/tr>\n<tr style=\"height: 20px;\">\n<td style=\"width: 64.23219229726027%; height: 10px;\">Die Kamera<\/td>\n<\/tr>\n<tr style=\"height: 20px;\">\n<td style=\"width: 35.72555205047319%; height: 10px;\" scope=\"col\"><strong>Heilbronn:<\/strong><\/td>\n<td style=\"width: 64.23219229726027%; height: 10px;\">Kinostar Arthaus<\/td>\n<\/tr>\n<tr style=\"height: 20px;\">\n<td style=\"width: 35.72555205047319%; height: 10px;\" scope=\"col\"><strong>Karlsruhe:<\/strong><\/td>\n<td style=\"width: 64.23219229726027%; height: 10px;\">Schauburg<\/td>\n<\/tr>\n<tr style=\"height: 20px;\">\n<td style=\"width: 35.72555205047319%; height: 10px;\" scope=\"col\"><strong>Kassel:<\/strong><\/td>\n<td style=\"width: 64.23219229726027%; height: 10px;\">Filmladen<\/td>\n<\/tr>\n<tr style=\"height: 20px;\">\n<td style=\"width: 35.72555205047319%; height: 10px; vertical-align: top;\" scope=\"col\"><strong>Kiel:<\/strong><\/td>\n<td style=\"width: 64.23219229726027%; height: 10px;\">Studio Filmtheater am Dreiecksplatz<\/td>\n<\/tr>\n<tr style=\"height: 20px;\">\n<td style=\"width: 35.72555205047319%; height: 10px;\" scope=\"col\"><strong>K\u00f6ln:<\/strong><\/td>\n<td style=\"width: 64.23219229726027%; height: 10px;\">Cinenova<\/td>\n<\/tr>\n<tr style=\"height: 20px;\">\n<td style=\"width: 35.72555205047319%; height: 10px;\" scope=\"col\"><strong>Leipzig:<\/strong><\/td>\n<td style=\"width: 64.23219229726027%; height: 10px;\">Passage Kinos<\/td>\n<\/tr>\n<tr style=\"height: 22px;\">\n<td style=\"width: 35.72555205047319%; height: 22px;\"><strong>Magdeburg:<\/strong><strong><br \/>\n<\/strong><\/td>\n<td style=\"width: 64.23219229726027%; height: 22px;\">ARTist!<\/td>\n<\/tr>\n<tr>\n<td style=\"width: 35.72555205047319%;\"><strong>Mainz:<\/strong><strong><br \/>\n<\/strong><\/td>\n<td style=\"width: 64.23219229726027%;\">Palatin<\/td>\n<\/tr>\n<\/tbody>\n<\/table>\n<p>[\/vc_column_text][\/vc_column_inner][vc_column_inner width=&#8220;1\/3&#8243;][vc_column_text css=&#8220;.vc_custom_1652178749395{margin-right: 5px !important;margin-bottom: -2px !important;margin-left: 5px !important;padding-top: 12px !important;padding-right: 0px !important;padding-bottom: 12px !important;padding-left: 0px !important;}&#8220;]<\/p>\n<table style=\"height: 152px; width: 100%; border-collapse: collapse;\">\n<tbody>\n<tr style=\"height: 20px;\">\n<td style=\"height: 10px; width: 35.883280757097786%;\"><strong>Mannheim:<\/strong><\/td>\n<td style=\"width: 64.0744635906357%; height: 10px;\">Atlantis<\/td>\n<\/tr>\n<tr style=\"height: 20px;\">\n<td style=\"height: 10px; width: 35.883280757097786%;\"><strong>M\u00fcnster\/Westfalen:<\/strong><\/td>\n<td style=\"width: 64.0744635906357%; height: 10px;\">Cinema<\/td>\n<\/tr>\n<tr style=\"height: 20px;\">\n<td style=\"height: 20px; width: 35.883280757097786%; vertical-align: top;\" rowspan=\"2\"><strong>N\u00fcrnberg:<\/strong><\/td>\n<td style=\"width: 64.0744635906357%; height: 10px;\">Cinecitta&#8216;<\/td>\n<\/tr>\n<tr style=\"height: 20px;\">\n<td style=\"width: 64.0744635906357%; height: 10px;\">Casablanca Filmkunsttheater<\/td>\n<\/tr>\n<tr style=\"height: 20px;\">\n<td style=\"height: 10px; width: 35.883280757097786%;\"><strong>Oldenburg\/Old.:<\/strong><\/td>\n<td style=\"width: 64.0744635906357%; height: 10px;\">Casablanca Kino<\/td>\n<\/tr>\n<tr style=\"height: 20px;\">\n<td style=\"height: 10px; width: 35.883280757097786%;\"><strong>Osnabr\u00fcck:<\/strong><\/td>\n<td style=\"width: 64.0744635906357%; height: 10px;\">Cimena-Arthouse<\/td>\n<\/tr>\n<tr style=\"height: 20px;\">\n<td style=\"height: 10px; width: 35.883280757097786%;\"><strong>Pforzheim:<\/strong><\/td>\n<td style=\"width: 64.0744635906357%; height: 10px;\">Kommunales Kino<\/td>\n<\/tr>\n<tr style=\"height: 20px;\">\n<td style=\"height: 10px; width: 35.883280757097786%;\"><strong>Potsdam:<\/strong><\/td>\n<td style=\"width: 64.0744635906357%; height: 10px;\">Thalia Filmtheater<\/td>\n<\/tr>\n<tr style=\"height: 20px;\">\n<td style=\"width: 35.883280757097786%; height: 10px; vertical-align: top;\"><strong>Regensburg:<\/strong><\/td>\n<td style=\"width: 64.0744635906357%; height: 10px;\">Wintergarten im Andreasstadel<\/td>\n<\/tr>\n<tr style=\"height: 20px;\">\n<td style=\"width: 35.883280757097786%; height: 10px;\"><strong>Saarbr\u00fccken:<\/strong><\/td>\n<td style=\"width: 64.0744635906357%; height: 10px;\">camera zwo<\/td>\n<\/tr>\n<tr style=\"height: 20px;\">\n<td style=\"width: 35.883280757097786%; height: 10px;\"><strong>Stuttgart:<\/strong><\/td>\n<td style=\"width: 64.0744635906357%; height: 10px;\">Delphi<\/td>\n<\/tr>\n<tr style=\"height: 20px;\">\n<td style=\"width: 35.883280757097786%; height: 10px;\"><strong>T\u00fcbingen:<\/strong><\/td>\n<td style=\"width: 64.0744635906357%; height: 10px;\">Arsenal<\/td>\n<\/tr>\n<tr style=\"height: 20px;\">\n<td style=\"width: 35.883280757097786%; height: 10px;\"><strong>Ulm:<\/strong><\/td>\n<td style=\"width: 64.0744635906357%; height: 10px;\">Obscura<\/td>\n<\/tr>\n<\/tbody>\n<\/table>\n<p>[\/vc_column_text][\/vc_column_inner][\/vc_row_inner][\/vc_column][\/vc_row][vc_row][vc_column][vc_empty_space][vc_column_text css=&#8220;.vc_custom_1653032166867{margin-bottom: 7px !important;}&#8220;]<\/p>\n<p style=\"text-align: left;\"><span style=\"font-size: 12pt;\">Ab 19. Mai l\u00e4uft &#8222;<strong>Nico<\/strong>&#8220; dann in folgenden Kinos:<\/span><\/p>\n<p>[\/vc_column_text][vc_empty_space height=&#8220;-7px&#8220;][vc_row_inner css=&#8220;.vc_custom_1652177293014{border-top-width: 5px !important;border-bottom-width: 5px !important;background-color: #efefef !important;border-radius: 5px !important;}&#8220;][vc_column_inner width=&#8220;1\/3&#8243;][vc_column_text css=&#8220;.vc_custom_1652178001062{margin-right: 5px !important;margin-bottom: -2px !important;margin-left: 5px !important;padding-top: 12px !important;padding-bottom: 12px !important;}&#8220;]<\/p>\n<table style=\"border-collapse: collapse; width: 100.22286545066459%; height: 190px;\">\n<tbody>\n<tr style=\"height: 20px;\">\n<td style=\"height: 10px; width: 35.45968050176855%;\" scope=\"col\"><strong>Augsburg:<\/strong><\/td>\n<td style=\"width: 5321.602091915534%; height: 10px;\">Mephisto<\/td>\n<\/tr>\n<tr style=\"height: 20px;\">\n<td style=\"height: 70px; width: 35.45968050176855%; vertical-align: top;\" rowspan=\"7\" scope=\"col\"><strong>Berlin:<\/strong><\/td>\n<td style=\"width: 5321.602091915534%; height: 10px;\">Moviemento<\/td>\n<\/tr>\n<tr style=\"height: 20px;\">\n<td style=\"width: 5321.602091915534%; height: 10px;\">Ladenkino<\/td>\n<\/tr>\n<tr style=\"height: 20px;\">\n<td style=\"width: 5321.602091915534%; height: 10px;\">Delphi Lux<\/td>\n<\/tr>\n<tr style=\"height: 20px;\">\n<td style=\"width: 5321.602091915534%; height: 10px;\">Passage<\/td>\n<\/tr>\n<tr style=\"height: 20px;\">\n<td style=\"width: 5321.602091915534%; height: 10px;\">Wolf Kino<\/td>\n<\/tr>\n<tr style=\"height: 20px;\">\n<td style=\"width: 5321.602091915534%; height: 10px;\">iL Kino<\/td>\n<\/tr>\n<tr style=\"height: 20px;\">\n<td style=\"width: 5321.602091915534%; height: 10px;\">Kino in der Kulturbrauerei<\/td>\n<\/tr>\n<tr style=\"height: 20px;\">\n<td style=\"width: 35.45968050176855%; height: 22px;\"><strong>Bremen:<\/strong><\/td>\n<td style=\"width: 5321.602091915534%; height: 22px;\">Cinema Ostertor<\/td>\n<\/tr>\n<tr style=\"height: 20px;\">\n<td style=\"width: 35.45968050176855%; height: 44px; vertical-align: top;\" rowspan=\"2\"><strong>Dresden:<\/strong><\/td>\n<td style=\"width: 5321.602091915534%; height: 22px;\">Schauburg<\/td>\n<\/tr>\n<tr style=\"height: 20px;\">\n<td style=\"width: 5321.602091915534%; height: 22px;\">Zentralkino<\/td>\n<\/tr>\n<tr>\n<td style=\"width: 35.45968050176855%; vertical-align: top;\"><b>Frankfurt\/Main:<\/b><strong><br \/>\n<\/strong><\/td>\n<td style=\"width: 5321.602091915534%;\">Harmonie Kinos<\/td>\n<\/tr>\n<tr>\n<td style=\"width: 35.45968050176855%; vertical-align: top;\"><strong>Freiburg i. Br.:<\/strong><\/td>\n<td style=\"width: 5321.602091915534%;\">Friedrichsbau-Apollo<\/td>\n<\/tr>\n<\/tbody>\n<\/table>\n<p>[\/vc_column_text][\/vc_column_inner][vc_column_inner width=&#8220;1\/3&#8243;][vc_column_text css=&#8220;.vc_custom_1653031709842{margin-right: 5px !important;margin-bottom: -2px !important;margin-left: 5px !important;padding-top: 12px !important;padding-bottom: 12px !important;}&#8220;]<\/p>\n<table style=\"height: 230px; width: 100%; border-collapse: collapse;\">\n<tbody>\n<tr style=\"height: 22px;\">\n<td style=\"width: 35.72555205047319%; height: 22px;\"><strong>Gauting:<\/strong><\/td>\n<td style=\"width: 64.23219229726027%; height: 22px;\">Kino Breitwand<\/td>\n<\/tr>\n<tr style=\"height: 20px;\">\n<td style=\"height: 10px; width: 35.72555205047319%;\" scope=\"col\"><strong>Halle\/Saale:<\/strong><\/td>\n<td style=\"width: 64.23219229726027%; height: 10px;\">PUSCHKINo<\/td>\n<\/tr>\n<tr style=\"height: 20px;\">\n<td style=\"height: 20px; width: 35.72555205047319%; vertical-align: top;\" rowspan=\"2\" scope=\"col\"><strong>Hamburg: <\/strong><\/td>\n<td style=\"width: 64.23219229726027%; height: 10px;\">3001 Kino<\/td>\n<\/tr>\n<tr style=\"height: 20px;\">\n<td style=\"width: 64.23219229726027%; height: 10px;\">Zeise Kinos<\/td>\n<\/tr>\n<tr style=\"height: 22px;\">\n<td style=\"width: 35.72555205047319%; vertical-align: top; height: 22px;\"><strong>Hannover:<\/strong><\/td>\n<td style=\"width: 64.23219229726027%; height: 22px;\">Kino am Raschplatz<\/td>\n<\/tr>\n<tr style=\"height: 20px;\">\n<td style=\"height: 10px; width: 35.72555205047319%; vertical-align: top;\" scope=\"col\"><strong>Heidelberg:<\/strong><\/td>\n<td style=\"width: 64.23219229726027%; height: 10px;\">Die Kamera<\/td>\n<\/tr>\n<tr style=\"height: 20px;\">\n<td style=\"width: 35.72555205047319%; height: 10px;\" scope=\"col\"><strong>Heilbronn:<\/strong><\/td>\n<td style=\"width: 64.23219229726027%; height: 10px;\">Kinostar Arthaus<\/td>\n<\/tr>\n<tr style=\"height: 20px;\">\n<td style=\"width: 35.72555205047319%; height: 10px;\" scope=\"col\"><strong>Hemsbach:<\/strong><\/td>\n<td style=\"width: 64.23219229726027%; height: 10px;\">Brennnessel Programmkino<\/td>\n<\/tr>\n<tr style=\"height: 22px;\">\n<td style=\"width: 35.72555205047319%; height: 22px;\"><strong>Karlsruhe:<\/strong><\/td>\n<td style=\"width: 64.23219229726027%; height: 22px;\">Schauburg<\/td>\n<\/tr>\n<tr style=\"height: 20px;\">\n<td style=\"width: 35.72555205047319%; height: 10px; vertical-align: top;\" scope=\"col\"><strong>Kiel:<\/strong><\/td>\n<td style=\"width: 64.23219229726027%; height: 10px;\">Studio Filmtheater am Dreiecksplatz<\/td>\n<\/tr>\n<tr style=\"height: 20px;\">\n<td style=\"width: 35.72555205047319%; height: 10px;\" scope=\"col\"><strong>K\u00f6ln:<\/strong><\/td>\n<td style=\"width: 64.23219229726027%; height: 10px;\">Cinenova<\/td>\n<\/tr>\n<tr style=\"height: 20px;\">\n<td style=\"width: 35.72555205047319%; height: 10px;\" scope=\"col\"><strong>L\u00fcneburg:<\/strong><\/td>\n<td style=\"width: 64.23219229726027%; height: 10px;\">Scala<\/td>\n<\/tr>\n<\/tbody>\n<\/table>\n<p>[\/vc_column_text][\/vc_column_inner][vc_column_inner width=&#8220;1\/3&#8243;][vc_column_text css=&#8220;.vc_custom_1653088000713{margin-right: 5px !important;margin-bottom: -2px !important;margin-left: 5px !important;padding-top: 12px !important;padding-right: 0px !important;padding-bottom: 12px !important;padding-left: 0px !important;}&#8220;]<\/p>\n<table style=\"height: 152px; width: 100%; border-collapse: collapse;\">\n<tbody>\n<tr>\n<td style=\"width: 35.883280757097786%;\"><strong>Magdeburg:<\/strong><strong><br \/>\n<\/strong><\/td>\n<td style=\"width: 64.0744635906357%;\">ARTist!<\/td>\n<\/tr>\n<tr>\n<td style=\"width: 35.883280757097786%;\"><strong>Mainz:<\/strong><\/td>\n<td style=\"width: 64.0744635906357%;\">Palatin<\/td>\n<\/tr>\n<tr style=\"height: 20px;\">\n<td style=\"height: 10px; width: 35.883280757097786%;\"><strong>Mannheim:<\/strong><\/td>\n<td style=\"width: 64.0744635906357%; height: 10px;\">Atlantis<\/td>\n<\/tr>\n<tr style=\"height: 20px;\">\n<td style=\"height: 10px; width: 35.883280757097786%;\"><strong>M\u00fcnchen:<\/strong><\/td>\n<td style=\"width: 64.0744635906357%; height: 10px;\">Neues Maxim<\/td>\n<\/tr>\n<tr>\n<td style=\"width: 35.883280757097786%;\"><strong>M\u00fcnster:<\/strong><\/td>\n<td style=\"width: 64.0744635906357%;\">Cinema<\/td>\n<\/tr>\n<tr style=\"height: 20px;\">\n<td style=\"height: 20px; width: 35.883280757097786%; vertical-align: top;\"><strong>N\u00fcrnberg:<\/strong><\/td>\n<td style=\"width: 64.0744635906357%; height: 10px;\">Casablanca Filmkunsttheater<\/td>\n<\/tr>\n<tr style=\"height: 20px;\">\n<td style=\"height: 10px; width: 35.883280757097786%;\"><strong>Oldenburg:<\/strong><\/td>\n<td style=\"width: 64.0744635906357%; height: 10px;\">Casablanca Kino<\/td>\n<\/tr>\n<tr style=\"height: 20px;\">\n<td style=\"height: 10px; width: 35.883280757097786%;\"><strong>Pforzheim:<\/strong><\/td>\n<td style=\"width: 64.0744635906357%; height: 10px;\">Kommunales Kino<\/td>\n<\/tr>\n<tr style=\"height: 20px;\">\n<td style=\"height: 10px; width: 35.883280757097786%;\"><strong>Potsdam:<\/strong><\/td>\n<td style=\"width: 64.0744635906357%; height: 10px;\">Thalia Filmtheater<\/td>\n<\/tr>\n<tr style=\"height: 20px;\">\n<td style=\"width: 35.883280757097786%; height: 10px; vertical-align: top;\"><strong>Regensburg:<\/strong><\/td>\n<td style=\"width: 64.0744635906357%; height: 10px;\">Wintergarten im Andreasstadel<\/td>\n<\/tr>\n<tr style=\"height: 20px;\">\n<td style=\"width: 35.883280757097786%; height: 10px;\"><strong>Saarbr\u00fccken:<\/strong><\/td>\n<td style=\"width: 64.0744635906357%; height: 10px;\">camera zwo<\/td>\n<\/tr>\n<tr style=\"height: 20px;\">\n<td style=\"width: 35.883280757097786%; height: 10px;\"><strong>Ulm:<\/strong><\/td>\n<td style=\"width: 64.0744635906357%; height: 10px;\">Obscura<\/td>\n<\/tr>\n<\/tbody>\n<\/table>\n<p>[\/vc_column_text][\/vc_column_inner][\/vc_row_inner][\/vc_column][\/vc_row][vc_row][vc_column][vc_empty_space][vc_column_text]<\/p>\n<p><span style=\"font-size: 14pt;\">Inhalt des Films:<\/span><\/p>\n<p>Die selbstbewusste und lebensbejahende Deutsch-Perserin Nico (Sara Fazilat) liebt ihren Job als Altenpflegerin und ist wegen ihrer lockeren und verst\u00e4ndnisvollen Art bei allen beliebt. Mit ihrer besten Freundin Rosa (Javeh Asefdjah) genie\u00dft sie den Berliner Sommer, bis ein rassistisch motivierter \u00dcberfall sie pl\u00f6tzlich aus ihrem unbeschwerten Alltag rei\u00dft. Nico wird bewusst, dass sie doch nicht so selbstverst\u00e4ndlich dazugeh\u00f6rt, wie sie immer dachte, und wie viel Rassismus sie tats\u00e4chlich umgibt.<\/p>\n<p>Geplagt von Erinnerungsfetzen an den schrecklichen \u00dcberfall, zieht sich Nico immer mehr in sich selbst zur\u00fcck. Nicht nur Rosa verliert den Bezug zu ihr, auch ihre Patient:innen erkennen die einst so fr\u00f6hliche junge Frau nicht wieder. Nico sp\u00fcrt, dass es so nicht weitergehen kann, und wendet sich an den schroffen Karate-Weltmeister Andy (Andreas Marquardt). Bei ihm beginnt sie ein hartes Trainingsprogramm und schafft es dadurch, ihre Wut zu kanalisieren und ihre eigene St\u00e4rke zu erfahren, doch verliert sie auch die Verbindung zu sich selbst und ihrem alten Leben. Als Nico dann auf die Mazedonierin Ronny trifft, entwickelt sich eine Verbindung zwischen den beiden Frauen, die Nico dazu veranlasst, den eingeschlagenen Weg in Frage zu stellen.[\/vc_column_text][vc_separator][\/vc_column][\/vc_row][vc_row][vc_column][vc_video link=&#8220;https:\/\/youtu.be\/cvksoOnRxoo&#8220; title=&#8220;Nico | Trailer (deutsch) `{`mit englischen Untertiteln`}` \u1d34\u1d30&#8220;][\/vc_column][\/vc_row][vc_row][vc_column][vc_column_text]Mehr Informationen \u00fcber den Film: <a title=\"\" href=\"https:\/\/ucm.one\/de\/nico\/\">Nico<\/a>[\/vc_column_text][\/vc_column][\/vc_row]<\/p>\n<\/div>","protected":false},"excerpt":{"rendered":"<p>[vc_row][vc_column][vc_column_text]Wir freuen uns, heute die Kinos bekanntgeben zu k\u00f6nnen, die ab dem 12. Mai 2022 &#8222;Nico&#8220; spielen werden! Der bewegende Spielfilm von Regisseurin Eline Gehring wird UCM.ONE auf dem Label Darling Berlin in die Kinos gebracht.[\/vc_column_text][vc_column_text] &#8222;Nico&#8222;, f\u00fcr den Eline Gehring zusammen mit Kamerafrau Francy Fabritz und Produzentin und Hauptdarstellerin Sara Fazilat das Drehbuch geschrieben&hellip;<\/p>\n","protected":false},"author":2,"featured_media":68355,"comment_status":"closed","ping_status":"closed","sticky":false,"template":"","format":"standard","meta":{"_acf_changed":false,"footnotes":""},"categories":[830,8,10,13,752],"tags":[12329,12340,12343,12338,12342,12330,12438,12341,2266,7617,10515,12437,9670,9671,12436,9672,3009,12331,12333,6502,12339,6932,9474,9669,12328,12346,12345,12332,10285],"class_list":["post-68344","post","type-post","status-publish","format-standard","has-post-thumbnail","hentry","category-darling-berlin","category-film","category-kino","category-news","category-verleih","tag-3001-kino","tag-apollo-kino","tag-arsenal","tag-artist","tag-camera-zwo","tag-central-kino","tag-cinema-ostertor","tag-cinenova","tag-darling-berlin","tag-delphi-lux","tag-dffb","tag-die-kamera","tag-eline-gehring","tag-francy-fabritz","tag-gloria","tag-javeh-asefdja","tag-kino","tag-kino-in-der-kulturbrauerei","tag-kino-zukunft-am-ostkreuz","tag-ladenkino","tag-metropol","tag-moviemento","tag-nico","tag-sara-fazilat","tag-schauburg","tag-thalia-filmtheater","tag-wintergarten-im-andreasstadel","tag-wolf-kino","tag-zeise-kinos","category-830","category-8","category-10","category-13","category-752","description-off"],"acf":[],"yoast_head":"<!-- This site is optimized with the Yoast SEO plugin v27.5 - https:\/\/yoast.com\/product\/yoast-seo-wordpress\/ -->\n<title>In diesen Kinos startet &quot;Nico&quot; von Eline Gehring am 12. Mai<\/title>\n<meta name=\"description\" content=\"Wir freuen uns, heute die Kinos bekanntgeben zu k\u00f6nnen, die ab dem 12. Mai 2022 &quot;Nico&quot; spielen werden!\" \/>\n<meta name=\"robots\" content=\"index, follow, max-snippet:-1, max-image-preview:large, max-video-preview:-1\" \/>\n<link rel=\"canonical\" href=\"https:\/\/ucm.one\/de\/sara-fazilat-fuer-ihre-rolle-in-nico-den-deutschen-filmpreis-nominiert\/\" \/>\n<meta property=\"og:locale\" content=\"de_DE\" \/>\n<meta property=\"og:type\" content=\"article\" \/>\n<meta property=\"og:title\" content=\"In diesen Kinos startet &quot;Nico&quot; von Eline Gehring am 12. Mai\" \/>\n<meta property=\"og:description\" content=\"Wir freuen uns, heute die Kinos bekanntgeben zu k\u00f6nnen, die ab dem 12. Mai 2022 &quot;Nico&quot; spielen werden!\" \/>\n<meta property=\"og:url\" content=\"https:\/\/ucm.one\/de\/sara-fazilat-fuer-ihre-rolle-in-nico-den-deutschen-filmpreis-nominiert\/\" \/>\n<meta property=\"og:site_name\" content=\"UCM.ONE\" \/>\n<meta property=\"article:published_time\" content=\"2022-05-10T11:51:17+00:00\" \/>\n<meta property=\"article:modified_time\" content=\"2023-03-09T16:12:23+00:00\" \/>\n<meta property=\"og:image\" content=\"https:\/\/ucm.one\/wp-content\/uploads\/2022\/02\/NICO_ThumbnailYT.jpg\" \/>\n<meta name=\"author\" content=\"Joachim Keil\" \/>\n<meta name=\"twitter:card\" content=\"summary_large_image\" \/>\n<meta name=\"twitter:title\" content=\"In diesen Kinos startet &quot;Nico&quot; von Eline Gehring am 12. Mai\" \/>\n<meta name=\"twitter:description\" content=\"Wir freuen uns, heute die Kinos bekanntgeben zu k\u00f6nnen, die ab dem 12. Mai 2022 &quot;Nico&quot; spielen werden!\" \/>\n<meta name=\"twitter:image\" content=\"https:\/\/ucm.one\/wp-content\/uploads\/2022\/02\/NICO_ThumbnailYT.jpg\" \/>\n<meta name=\"twitter:label1\" content=\"Verfasst von\" \/>\n\t<meta name=\"twitter:data1\" content=\"Joachim Keil\" \/>\n\t<meta name=\"twitter:label2\" content=\"Gesch\u00e4tzte Lesezeit\" \/>\n\t<meta name=\"twitter:data2\" content=\"5\u00a0Minuten\" \/>\n<!-- \/ Yoast SEO plugin. -->","yoast_head_json":{"title":"In diesen Kinos startet \"Nico\" von Eline Gehring am 12. Mai","description":"Wir freuen uns, heute die Kinos bekanntgeben zu k\u00f6nnen, die ab dem 12. Mai 2022 \"Nico\" spielen werden!","robots":{"index":"index","follow":"follow","max-snippet":"max-snippet:-1","max-image-preview":"max-image-preview:large","max-video-preview":"max-video-preview:-1"},"canonical":"https:\/\/ucm.one\/de\/sara-fazilat-fuer-ihre-rolle-in-nico-den-deutschen-filmpreis-nominiert\/","og_locale":"de_DE","og_type":"article","og_title":"In diesen Kinos startet \"Nico\" von Eline Gehring am 12. Mai","og_description":"Wir freuen uns, heute die Kinos bekanntgeben zu k\u00f6nnen, die ab dem 12. Mai 2022 \"Nico\" spielen werden!","og_url":"https:\/\/ucm.one\/de\/sara-fazilat-fuer-ihre-rolle-in-nico-den-deutschen-filmpreis-nominiert\/","og_site_name":"UCM.ONE","article_published_time":"2022-05-10T11:51:17+00:00","article_modified_time":"2023-03-09T16:12:23+00:00","og_image":[{"url":"https:\/\/ucm.one\/wp-content\/uploads\/2022\/02\/NICO_ThumbnailYT.jpg","type":"","width":"","height":""}],"author":"Joachim Keil","twitter_card":"summary_large_image","twitter_title":"In diesen Kinos startet \"Nico\" von Eline Gehring am 12. Mai","twitter_description":"Wir freuen uns, heute die Kinos bekanntgeben zu k\u00f6nnen, die ab dem 12. Mai 2022 \"Nico\" spielen werden!","twitter_image":"https:\/\/ucm.one\/wp-content\/uploads\/2022\/02\/NICO_ThumbnailYT.jpg","twitter_misc":{"Verfasst von":"Joachim Keil","Gesch\u00e4tzte Lesezeit":"5\u00a0Minuten"},"schema":{"@context":"https:\/\/schema.org","@graph":[{"@type":"Article","@id":"https:\/\/ucm.one\/de\/sara-fazilat-fuer-ihre-rolle-in-nico-den-deutschen-filmpreis-nominiert\/#article","isPartOf":{"@id":"https:\/\/ucm.one\/de\/sara-fazilat-fuer-ihre-rolle-in-nico-den-deutschen-filmpreis-nominiert\/"},"author":{"name":"Joachim Keil","@id":"https:\/\/ucm.one\/de\/#\/schema\/person\/4b959e467e8acc058836467a0ef8fa50"},"headline":"\ud83c\udfac In diesen Kinos startet &#8222;Nico&#8220; von Eline Gehring am 12. Mai 2022","datePublished":"2022-05-10T11:51:17+00:00","dateModified":"2023-03-09T16:12:23+00:00","mainEntityOfPage":{"@id":"https:\/\/ucm.one\/de\/sara-fazilat-fuer-ihre-rolle-in-nico-den-deutschen-filmpreis-nominiert\/"},"wordCount":980,"publisher":{"@id":"https:\/\/ucm.one\/de\/#organization"},"image":{"@id":"https:\/\/ucm.one\/de\/sara-fazilat-fuer-ihre-rolle-in-nico-den-deutschen-filmpreis-nominiert\/#primaryimage"},"thumbnailUrl":"https:\/\/ucm.one\/wp-content\/uploads\/2022\/05\/B-NICO-Startkinos-DE.jpg","keywords":["3001 Kino","Apollo Kino","Arsenal","ARTist!","camera zwo","Central Kino","Cinema Ostertor","Cinenova","Darling Berlin","Delphi Lux","DFFB","Die Kamera","Eline Gehring","Francy Fabritz","Gloria","Javeh Asefdja","Kino","Kino in der Kulturbrauerei","Kino Zukunft am Ostkreuz","Ladenkino","Metropol","Moviemento","Nico","Sara Fazilat","Schauburg","Thalia Filmtheater","Wintergarten im Andreasstadel","Wolf Kino","Zeise Kinos"],"articleSection":["Darling Berlin","Film","Kino","News","Verleih"],"inLanguage":"de"},{"@type":"WebPage","@id":"https:\/\/ucm.one\/de\/sara-fazilat-fuer-ihre-rolle-in-nico-den-deutschen-filmpreis-nominiert\/","url":"https:\/\/ucm.one\/de\/sara-fazilat-fuer-ihre-rolle-in-nico-den-deutschen-filmpreis-nominiert\/","name":"In diesen Kinos startet \"Nico\" von Eline Gehring am 12. Mai","isPartOf":{"@id":"https:\/\/ucm.one\/de\/#website"},"primaryImageOfPage":{"@id":"https:\/\/ucm.one\/de\/sara-fazilat-fuer-ihre-rolle-in-nico-den-deutschen-filmpreis-nominiert\/#primaryimage"},"image":{"@id":"https:\/\/ucm.one\/de\/sara-fazilat-fuer-ihre-rolle-in-nico-den-deutschen-filmpreis-nominiert\/#primaryimage"},"thumbnailUrl":"https:\/\/ucm.one\/wp-content\/uploads\/2022\/05\/B-NICO-Startkinos-DE.jpg","datePublished":"2022-05-10T11:51:17+00:00","dateModified":"2023-03-09T16:12:23+00:00","description":"Wir freuen uns, heute die Kinos bekanntgeben zu k\u00f6nnen, die ab dem 12. Mai 2022 \"Nico\" spielen werden!","breadcrumb":{"@id":"https:\/\/ucm.one\/de\/sara-fazilat-fuer-ihre-rolle-in-nico-den-deutschen-filmpreis-nominiert\/#breadcrumb"},"inLanguage":"de","potentialAction":[{"@type":"ReadAction","target":["https:\/\/ucm.one\/de\/sara-fazilat-fuer-ihre-rolle-in-nico-den-deutschen-filmpreis-nominiert\/"]}]},{"@type":"ImageObject","inLanguage":"de","@id":"https:\/\/ucm.one\/de\/sara-fazilat-fuer-ihre-rolle-in-nico-den-deutschen-filmpreis-nominiert\/#primaryimage","url":"https:\/\/ucm.one\/wp-content\/uploads\/2022\/05\/B-NICO-Startkinos-DE.jpg","contentUrl":"https:\/\/ucm.one\/wp-content\/uploads\/2022\/05\/B-NICO-Startkinos-DE.jpg","width":1920,"height":600},{"@type":"BreadcrumbList","@id":"https:\/\/ucm.one\/de\/sara-fazilat-fuer-ihre-rolle-in-nico-den-deutschen-filmpreis-nominiert\/#breadcrumb","itemListElement":[{"@type":"ListItem","position":1,"name":"Home","item":"https:\/\/ucm.one\/de\/"},{"@type":"ListItem","position":2,"name":"\ud83c\udfac In diesen Kinos startet &#8222;Nico&#8220; von Eline Gehring am 12. Mai 2022"}]},{"@type":"WebSite","@id":"https:\/\/ucm.one\/de\/#website","url":"https:\/\/ucm.one\/de\/","name":"UCM.ONE","description":"","publisher":{"@id":"https:\/\/ucm.one\/de\/#organization"},"potentialAction":[{"@type":"SearchAction","target":{"@type":"EntryPoint","urlTemplate":"https:\/\/ucm.one\/de\/?s={search_term_string}"},"query-input":{"@type":"PropertyValueSpecification","valueRequired":true,"valueName":"search_term_string"}}],"inLanguage":"de"},{"@type":"Organization","@id":"https:\/\/ucm.one\/de\/#organization","name":"UCM.ONE","url":"https:\/\/ucm.one\/de\/","logo":{"@type":"ImageObject","inLanguage":"de","@id":"https:\/\/ucm.one\/de\/#\/schema\/logo\/image\/","url":"https:\/\/ucm.one\/wp-content\/uploads\/2019\/10\/UCM.ONE-Logo-RGB.svg","contentUrl":"https:\/\/ucm.one\/wp-content\/uploads\/2019\/10\/UCM.ONE-Logo-RGB.svg","width":1,"height":1,"caption":"UCM.ONE"},"image":{"@id":"https:\/\/ucm.one\/de\/#\/schema\/logo\/image\/"}},{"@type":"Person","@id":"https:\/\/ucm.one\/de\/#\/schema\/person\/4b959e467e8acc058836467a0ef8fa50","name":"Joachim Keil","image":{"@type":"ImageObject","inLanguage":"de","@id":"https:\/\/secure.gravatar.com\/avatar\/10e1dfd05f2a7a7bc83cd44bae31e01c8ac15f974229211a2b1a49fa0a22fec0?s=96&d=mm&r=g","url":"https:\/\/secure.gravatar.com\/avatar\/10e1dfd05f2a7a7bc83cd44bae31e01c8ac15f974229211a2b1a49fa0a22fec0?s=96&d=mm&r=g","contentUrl":"https:\/\/secure.gravatar.com\/avatar\/10e1dfd05f2a7a7bc83cd44bae31e01c8ac15f974229211a2b1a49fa0a22fec0?s=96&d=mm&r=g","caption":"Joachim Keil"},"sameAs":["https:\/\/ucm.one"]}]}},"_links":{"self":[{"href":"https:\/\/ucm.one\/de\/wp-json\/wp\/v2\/posts\/68344","targetHints":{"allow":["GET"]}}],"collection":[{"href":"https:\/\/ucm.one\/de\/wp-json\/wp\/v2\/posts"}],"about":[{"href":"https:\/\/ucm.one\/de\/wp-json\/wp\/v2\/types\/post"}],"author":[{"embeddable":true,"href":"https:\/\/ucm.one\/de\/wp-json\/wp\/v2\/users\/2"}],"replies":[{"embeddable":true,"href":"https:\/\/ucm.one\/de\/wp-json\/wp\/v2\/comments?post=68344"}],"version-history":[{"count":0,"href":"https:\/\/ucm.one\/de\/wp-json\/wp\/v2\/posts\/68344\/revisions"}],"wp:featuredmedia":[{"embeddable":true,"href":"https:\/\/ucm.one\/de\/wp-json\/wp\/v2\/media\/68355"}],"wp:attachment":[{"href":"https:\/\/ucm.one\/de\/wp-json\/wp\/v2\/media?parent=68344"}],"wp:term":[{"taxonomy":"category","embeddable":true,"href":"https:\/\/ucm.one\/de\/wp-json\/wp\/v2\/categories?post=68344"},{"taxonomy":"post_tag","embeddable":true,"href":"https:\/\/ucm.one\/de\/wp-json\/wp\/v2\/tags?post=68344"}],"curies":[{"name":"wp","href":"https:\/\/api.w.org\/{rel}","templated":true}]}}