{"id":66464,"date":"2022-04-08T14:20:23","date_gmt":"2022-04-08T14:20:23","guid":{"rendered":"https:\/\/ucm.one\/?p=66464"},"modified":"2023-03-09T16:26:50","modified_gmt":"2023-03-09T16:26:50","slug":"boris-brejcha-die-maschinen-sind-gestrandet-ab-heute-erhaeltlich","status":"publish","type":"post","link":"https:\/\/ucm.one\/de\/boris-brejcha-die-maschinen-sind-gestrandet-ab-heute-erhaeltlich\/","title":{"rendered":"\ud83c\udfb5 &#8222;Boris Brejcha &#8211; Die Maschinen sind gestrandet&#8220; (Harthouse) ab heute erh\u00e4ltlich"},"content":{"rendered":"<div class=\"wpb-content-wrapper\"><p>[vc_row css=&#8220;.vc_custom_1608340212440{margin-top: -15px !important;}&#8220;][vc_column width=&#8220;3\/4&#8243;][vc_column_text]<\/p>\n<div class=\"wpb_text_column wpb_content_element \">\n<div class=\"wpb_wrapper\">\n<p>Kontinuierlich auf konventionelle Kl\u00e4nge, Gitarren und klassische Instrumente verzichtend, besch\u00e4ftigt er sich stets mit der Erforschung von Elementen, die man noch nie zuvor geh\u00f6rt hatte. Er begann sein Talent auf mehreren B\u00fchnen und Online-Labels zu zeigen.<\/p>\n<\/div>\n<\/div>\n<p>[\/vc_column_text][vc_column_text]<\/p>\n<div class=\"wpb_text_column wpb_content_element \">\n<div class=\"wpb_wrapper\">\n<p>Seine ersten undenkbaren digitalen Ver\u00f6ffentlichungen erreichten schnell die Spitze mehrerer Online-Charts und nachdem er mit Harthouse verbunden wurde, ver\u00f6ffentlichte er gleich mehrere Singles mit gro\u00dfem Einfluss auf die europ\u00e4ische Elektronikszene.<\/p>\n<\/div>\n<\/div>\n<p>[\/vc_column_text][vc_column_text]Tats\u00e4chlich findet man seitdem den Namen <strong>Boris Brejcha<\/strong> in den Playlists der bekanntesten DJs &#8211; und das schon seit der Ver\u00f6ffentlichung seiner ersten beiden Alben \u201e<strong>Die Maschinen sind gestrandet<\/strong>\u201c und \u201e<strong>Die Maschinen\u00a0kontrollieren uns<\/strong>\u201c 2007 auf dem deutschen Label <strong>Harthouse<\/strong>. Das Label fungiert dabei als Plattform f\u00fcr seine extrem zukunftsweisenden Arbeiten. Die Zukunft ist jetzt und die Hauptbotschaft von diesem Ausnahmek\u00fcnstler &#8211; <strong>Boris Brejcha<\/strong> wie vor unberechenbar und dennoch weitreichend &#8230;[\/vc_column_text][vc_column_text]Nun erscheinen 15 Jahre sp\u00e4ter noch einmal 8 Titel des Albums \u201e<strong>Die Maschinen sind gestrandet<\/strong>\u201c in neu gemasterten Versionen &#8211; wieder auf dem Label <strong>Harthouse<\/strong>.[\/vc_column_text][\/vc_column][vc_column width=&#8220;1\/4&#8243;][vc_single_image image=&#8220;66353&#8243; img_size=&#8220;full&#8220; onclick=&#8220;link_image&#8220;][vc_btn title=&#8220;Boris Brejcha<br \/>\nDie Maschinen sind gestandet<br \/>\n<small>2022\u30fbAlbum<\/small>&#8220; shape=&#8220;square&#8220; color=&#8220;white&#8220; size=&#8220;xs&#8220; align=&#8220;center&#8220; button_block=&#8220;true&#8220; css=&#8220;.vc_custom_1649513708612{margin-top: -35px !important;}&#8220;][vc_btn title=&#8220;Download \/ Streaming&#8220; style=&#8220;flat&#8220; color=&#8220;sky&#8220; size=&#8220;xs&#8220; align=&#8220;center&#8220; i_icon_fontawesome=&#8220;fas fa-external-link-alt&#8220; button_block=&#8220;true&#8220; add_icon=&#8220;true&#8220; link=&#8220;url:https%3A%2F%2Fsnd.click%2FDieMaschSind|title:Download%20%2F%20Streaming|target:_blank&#8220; css=&#8220;.vc_custom_1649514225100{margin-top: -20px !important;}&#8220;][vc_empty_space height=&#8220;15px&#8220;][\/vc_column][\/vc_row][vc_row][vc_column][vc_separator][vc_column_text]<\/p>\n<h3>Im Vorverkauf: 2xLP-Splatter Vinyl Edition im Gatefolder:<\/h3>\n<p>[\/vc_column_text][\/vc_column][\/vc_row][vc_row css=&#8220;.vc_custom_1613576814303{margin-right: -3px !important;margin-bottom: -30px !important;margin-left: -3px !important;border-top-width: -3px !important;border-right-width: -3px !important;border-bottom-width: -3px !important;border-left-width: -3px !important;padding-top: 45px !important;padding-right: -3px !important;padding-bottom: -60px !important;padding-left: -3px !important;background-color: #e6e6e6 !important;border-radius: 3px !important;}&#8220;][vc_column width=&#8220;1\/2&#8243;][vc_single_image image=&#8220;66344&#8243; img_size=&#8220;full&#8220; onclick=&#8220;custom_link&#8220; link=&#8220;https:\/\/ucm.one\/produkt\/boris-brejcha-die-maschinen-sind-gestrandet\/&#8220;][\/vc_column][vc_column width=&#8220;1\/2&#8243;][vc_column_text css=&#8220;.vc_custom_1649105316463{margin-bottom: -1px !important;}&#8220;]<\/p>\n<h3>Boris Brejcha &#8211; Die Maschinen sind gestrandet<\/h3>\n<p>(Limitierte 2&#215;12&#8243; auf goldenem Vinyl mit schwarzen Splatter im Gatefolder)<\/p>\n<p>&nbsp;<\/p>\n<p><strong>Titelliste:<\/strong>[\/vc_column_text][vc_empty_space height=&#8220;22px&#8220;][vc_row_inner css=&#8220;.vc_custom_1615935867648{margin-top: -10px !important;}&#8220;][vc_column_inner width=&#8220;1\/2&#8243;][vc_column_text]A1 Verstaubter Fruchtzucker (Remastered)<\/p>\n<p>A2 Shikora (Remastered)<\/p>\n<p>&nbsp;<\/p>\n<p>B1 Push to Play (Remastered)<\/p>\n<p>B2 Anabella (Remastered)[\/vc_column_text][\/vc_column_inner][vc_column_inner width=&#8220;1\/2&#8243;][vc_column_text]C1 N\u00e4hrmedium (Remastered)<\/p>\n<p>C2 Pfefferbad (Remastered)<\/p>\n<p>&nbsp;<\/p>\n<p>D1 Ein Sonniger Tag (Remastered)<\/p>\n<p>D2 Die Maschinen sind Gestrandet (Remastered)[\/vc_column_text][\/vc_column_inner][\/vc_row_inner][vc_column_text]\u00a9 <strong>Harthouse<\/strong> \/ <span style=\"font-family: 'arial black', sans-serif;\"><strong>UCM.ONE<\/strong><\/span>[\/vc_column_text][\/vc_column][\/vc_row][vc_row][vc_column][vc_empty_space height=&#8220;50px&#8220;][vc_row_inner][vc_column_inner width=&#8220;3\/4&#8243;][vc_column_text]Erstmalig auf Vinyl werden diese 8 Titel \u00a0in komplett neu gemasterten Versionen auf Vinyl zu erwerben sein. Das streng limitierte Vinyl-Album &#8222;<b>Die Maschinen sind\u00a0gestrandet<\/b>&#8220; kann u.a. bei <a title=\"\" href=\"https:\/\/borisbrejcha.bandcamp.com\/album\/die-maschinen-sind-gestrandet\" target=\"_blank\" rel=\"noopener\">Bandcamp<\/a>\u00a0oder unserem <a title=\"\" href=\"https:\/\/ucm.one\/de\/produkt\/boris-brejcha-die-maschinen-sind-gestrandet\/\">Shop<\/a> vorbestellt werden und wird voraussichtlich ab dem 30. September 2022 versendet.[\/vc_column_text][\/vc_column_inner][vc_column_inner width=&#8220;1\/4&#8243;][vc_btn title=&#8220;Shop&#8220; style=&#8220;flat&#8220; color=&#8220;juicy-pink&#8220; size=&#8220;xs&#8220; align=&#8220;center&#8220; i_icon_fontawesome=&#8220;fas fa-shopping-cart&#8220; button_block=&#8220;true&#8220; add_icon=&#8220;true&#8220; link=&#8220;url:https%3A%2F%2Fucm.one%2Fprodukt%2Fboris-brejcha-die-maschinen-sind-gestrandet%2F|title:UCM.ONE&#8220;][vc_btn title=&#8220;Bandcamp&#8220; style=&#8220;flat&#8220; color=&#8220;inverse&#8220; size=&#8220;xs&#8220; align=&#8220;center&#8220; i_icon_fontawesome=&#8220;fab fa-bandcamp&#8220; button_block=&#8220;true&#8220; add_icon=&#8220;true&#8220; link=&#8220;url:https%3A%2F%2Fborisbrejcha.bandcamp.com%2Falbum%2Fdie-maschinen-sind-gestrandet|title:bandcamp|target:_blank&#8220; css=&#8220;.vc_custom_1649104351545{margin-top: -15px !important;}&#8220;][\/vc_column_inner][\/vc_row_inner][vc_separator][\/vc_column][\/vc_row][vc_row][vc_column][vc_video link=&#8220;https:\/\/www.youtube.com\/watch?v=I-BBNQSa-Kc&#8220;][\/vc_column][\/vc_row][vc_row][vc_column width=&#8220;1\/2&#8243;][vc_column_text]Weitere Informationen \u00fcber den K\u00fcnstler:\u00a0<a title=\"Boris Brejcha\" href=\"https:\/\/www.borisbrejcha.de\" target=\"_blank\" rel=\"noopener\">Boris Brejcha<\/a>[\/vc_column_text][\/vc_column][vc_column width=&#8220;1\/2&#8243;][vc_column_text]Weitere Informationen \u00fcber das Label:\u00a0<a title=\"Harthouse\" href=\"https:\/\/ucm.one\/de\/musik-labels\/harthouse\/\">Harthouse<\/a>[\/vc_column_text][\/vc_column][\/vc_row]<\/p>\n<\/div>","protected":false},"excerpt":{"rendered":"<p>[vc_row css=&#8220;.vc_custom_1608340212440{margin-top: -15px !important;}&#8220;][vc_column width=&#8220;3\/4&#8243;][vc_column_text] Kontinuierlich auf konventionelle Kl\u00e4nge, Gitarren und klassische Instrumente verzichtend, besch\u00e4ftigt er sich stets mit der Erforschung von Elementen, die man noch nie zuvor geh\u00f6rt hatte. Er begann sein Talent auf mehreren B\u00fchnen und Online-Labels zu zeigen. [\/vc_column_text][vc_column_text] Seine ersten undenkbaren digitalen Ver\u00f6ffentlichungen erreichten schnell die Spitze mehrerer Online-Charts und nachdem&hellip;<\/p>\n","protected":false},"author":2,"featured_media":66465,"comment_status":"closed","ping_status":"closed","sticky":false,"template":"","format":"standard","meta":{"_acf_changed":false,"footnotes":""},"categories":[793,9,13],"tags":[3132,10198,2359,3231,2361,6066],"class_list":["post-66464","post","type-post","status-publish","format-standard","has-post-thumbnail","hentry","category-harthouse-de","category-musik","category-news","tag-boris-brejcha","tag-die-maschinen-sind-gestrandet","tag-harthouse","tag-minimal","tag-techno","tag-vinyl","category-793","category-9","category-13","description-off"],"acf":[],"yoast_head":"<!-- This site is optimized with the Yoast SEO plugin v27.5 - https:\/\/yoast.com\/product\/yoast-seo-wordpress\/ -->\n<title>Boris Brejcha - Die Maschinen sind gestrandet (Harthouse)<\/title>\n<meta name=\"description\" content=\"Das Album &quot;Die Maschinen sind gestrandet&quot; von Boris Brejcha kann ab heute \u00fcberall erworben und angeh\u00f6rt werden.\" \/>\n<meta name=\"robots\" content=\"index, follow, max-snippet:-1, max-image-preview:large, max-video-preview:-1\" \/>\n<link rel=\"canonical\" href=\"https:\/\/ucm.one\/de\/boris-brejcha-die-maschinen-sind-gestrandet-ab-heute-erhaeltlich\/\" \/>\n<meta property=\"og:locale\" content=\"de_DE\" \/>\n<meta property=\"og:type\" content=\"article\" \/>\n<meta property=\"og:title\" content=\"Boris Brejcha - Die Maschinen sind gestrandet (Harthouse)\" \/>\n<meta property=\"og:description\" content=\"Das Album &quot;Die Maschinen sind gestrandet&quot; von Boris Brejcha kann ab heute \u00fcberall erworben und angeh\u00f6rt werden.\" \/>\n<meta property=\"og:url\" content=\"https:\/\/ucm.one\/de\/boris-brejcha-die-maschinen-sind-gestrandet-ab-heute-erhaeltlich\/\" \/>\n<meta property=\"og:site_name\" content=\"UCM.ONE\" \/>\n<meta property=\"article:published_time\" content=\"2022-04-08T14:20:23+00:00\" \/>\n<meta property=\"article:modified_time\" content=\"2023-03-09T16:26:50+00:00\" \/>\n<meta property=\"og:image\" content=\"https:\/\/ucm.one\/wp-content\/uploads\/2022\/04\/C-Boris-Brejcha-Die-Maschinen-sind-gestranded.jpg\" \/>\n<meta name=\"author\" content=\"Joachim Keil\" \/>\n<meta name=\"twitter:card\" content=\"summary_large_image\" \/>\n<meta name=\"twitter:title\" content=\"Boris Brejcha - Die Maschinen sind gestrandet (Harthouse)\" \/>\n<meta name=\"twitter:description\" content=\"Das Album &quot;Die Maschinen sind gestrandet&quot; von Boris Brejcha kann ab heute \u00fcberall erworben und angeh\u00f6rt werden.\" \/>\n<meta name=\"twitter:image\" content=\"https:\/\/ucm.one\/wp-content\/uploads\/2022\/04\/C-Boris-Brejcha-Die-Maschinen-sind-gestranded.jpg\" \/>\n<meta name=\"twitter:label1\" content=\"Verfasst von\" \/>\n\t<meta name=\"twitter:data1\" content=\"Joachim Keil\" \/>\n\t<meta name=\"twitter:label2\" content=\"Gesch\u00e4tzte Lesezeit\" \/>\n\t<meta name=\"twitter:data2\" content=\"4\u00a0Minuten\" \/>\n<!-- \/ Yoast SEO plugin. -->","yoast_head_json":{"title":"Boris Brejcha - Die Maschinen sind gestrandet (Harthouse)","description":"Das Album \"Die Maschinen sind gestrandet\" von Boris Brejcha kann ab heute \u00fcberall erworben und angeh\u00f6rt werden.","robots":{"index":"index","follow":"follow","max-snippet":"max-snippet:-1","max-image-preview":"max-image-preview:large","max-video-preview":"max-video-preview:-1"},"canonical":"https:\/\/ucm.one\/de\/boris-brejcha-die-maschinen-sind-gestrandet-ab-heute-erhaeltlich\/","og_locale":"de_DE","og_type":"article","og_title":"Boris Brejcha - Die Maschinen sind gestrandet (Harthouse)","og_description":"Das Album \"Die Maschinen sind gestrandet\" von Boris Brejcha kann ab heute \u00fcberall erworben und angeh\u00f6rt werden.","og_url":"https:\/\/ucm.one\/de\/boris-brejcha-die-maschinen-sind-gestrandet-ab-heute-erhaeltlich\/","og_site_name":"UCM.ONE","article_published_time":"2022-04-08T14:20:23+00:00","article_modified_time":"2023-03-09T16:26:50+00:00","og_image":[{"url":"https:\/\/ucm.one\/wp-content\/uploads\/2022\/04\/C-Boris-Brejcha-Die-Maschinen-sind-gestranded.jpg","type":"","width":"","height":""}],"author":"Joachim Keil","twitter_card":"summary_large_image","twitter_title":"Boris Brejcha - Die Maschinen sind gestrandet (Harthouse)","twitter_description":"Das Album \"Die Maschinen sind gestrandet\" von Boris Brejcha kann ab heute \u00fcberall erworben und angeh\u00f6rt werden.","twitter_image":"https:\/\/ucm.one\/wp-content\/uploads\/2022\/04\/C-Boris-Brejcha-Die-Maschinen-sind-gestranded.jpg","twitter_misc":{"Verfasst von":"Joachim Keil","Gesch\u00e4tzte Lesezeit":"4\u00a0Minuten"},"schema":{"@context":"https:\/\/schema.org","@graph":[{"@type":"Article","@id":"https:\/\/ucm.one\/de\/boris-brejcha-die-maschinen-sind-gestrandet-ab-heute-erhaeltlich\/#article","isPartOf":{"@id":"https:\/\/ucm.one\/de\/boris-brejcha-die-maschinen-sind-gestrandet-ab-heute-erhaeltlich\/"},"author":{"name":"Joachim Keil","@id":"https:\/\/ucm.one\/de\/#\/schema\/person\/4b959e467e8acc058836467a0ef8fa50"},"headline":"\ud83c\udfb5 &#8222;Boris Brejcha &#8211; Die Maschinen sind gestrandet&#8220; (Harthouse) ab heute erh\u00e4ltlich","datePublished":"2022-04-08T14:20:23+00:00","dateModified":"2023-03-09T16:26:50+00:00","mainEntityOfPage":{"@id":"https:\/\/ucm.one\/de\/boris-brejcha-die-maschinen-sind-gestrandet-ab-heute-erhaeltlich\/"},"wordCount":763,"publisher":{"@id":"https:\/\/ucm.one\/de\/#organization"},"image":{"@id":"https:\/\/ucm.one\/de\/boris-brejcha-die-maschinen-sind-gestrandet-ab-heute-erhaeltlich\/#primaryimage"},"thumbnailUrl":"https:\/\/ucm.one\/wp-content\/uploads\/2022\/04\/HHD002-3-Boris-Brejcha-Die-Maschinen-Banner.jpg","keywords":["Boris Brejcha","Die Maschinen sind gestrandet","Harthouse","Minimal","Techno","Vinyl"],"articleSection":["Harthouse","Musik","News"],"inLanguage":"de"},{"@type":"WebPage","@id":"https:\/\/ucm.one\/de\/boris-brejcha-die-maschinen-sind-gestrandet-ab-heute-erhaeltlich\/","url":"https:\/\/ucm.one\/de\/boris-brejcha-die-maschinen-sind-gestrandet-ab-heute-erhaeltlich\/","name":"Boris Brejcha - Die Maschinen sind gestrandet (Harthouse)","isPartOf":{"@id":"https:\/\/ucm.one\/de\/#website"},"primaryImageOfPage":{"@id":"https:\/\/ucm.one\/de\/boris-brejcha-die-maschinen-sind-gestrandet-ab-heute-erhaeltlich\/#primaryimage"},"image":{"@id":"https:\/\/ucm.one\/de\/boris-brejcha-die-maschinen-sind-gestrandet-ab-heute-erhaeltlich\/#primaryimage"},"thumbnailUrl":"https:\/\/ucm.one\/wp-content\/uploads\/2022\/04\/HHD002-3-Boris-Brejcha-Die-Maschinen-Banner.jpg","datePublished":"2022-04-08T14:20:23+00:00","dateModified":"2023-03-09T16:26:50+00:00","description":"Das Album \"Die Maschinen sind gestrandet\" von Boris Brejcha kann ab heute \u00fcberall erworben und angeh\u00f6rt werden.","breadcrumb":{"@id":"https:\/\/ucm.one\/de\/boris-brejcha-die-maschinen-sind-gestrandet-ab-heute-erhaeltlich\/#breadcrumb"},"inLanguage":"de","potentialAction":[{"@type":"ReadAction","target":["https:\/\/ucm.one\/de\/boris-brejcha-die-maschinen-sind-gestrandet-ab-heute-erhaeltlich\/"]}]},{"@type":"ImageObject","inLanguage":"de","@id":"https:\/\/ucm.one\/de\/boris-brejcha-die-maschinen-sind-gestrandet-ab-heute-erhaeltlich\/#primaryimage","url":"https:\/\/ucm.one\/wp-content\/uploads\/2022\/04\/HHD002-3-Boris-Brejcha-Die-Maschinen-Banner.jpg","contentUrl":"https:\/\/ucm.one\/wp-content\/uploads\/2022\/04\/HHD002-3-Boris-Brejcha-Die-Maschinen-Banner.jpg","width":1920,"height":600},{"@type":"BreadcrumbList","@id":"https:\/\/ucm.one\/de\/boris-brejcha-die-maschinen-sind-gestrandet-ab-heute-erhaeltlich\/#breadcrumb","itemListElement":[{"@type":"ListItem","position":1,"name":"Home","item":"https:\/\/ucm.one\/de\/"},{"@type":"ListItem","position":2,"name":"\ud83c\udfb5 &#8222;Boris Brejcha &#8211; Die Maschinen sind gestrandet&#8220; (Harthouse) ab heute erh\u00e4ltlich"}]},{"@type":"WebSite","@id":"https:\/\/ucm.one\/de\/#website","url":"https:\/\/ucm.one\/de\/","name":"UCM.ONE","description":"","publisher":{"@id":"https:\/\/ucm.one\/de\/#organization"},"potentialAction":[{"@type":"SearchAction","target":{"@type":"EntryPoint","urlTemplate":"https:\/\/ucm.one\/de\/?s={search_term_string}"},"query-input":{"@type":"PropertyValueSpecification","valueRequired":true,"valueName":"search_term_string"}}],"inLanguage":"de"},{"@type":"Organization","@id":"https:\/\/ucm.one\/de\/#organization","name":"UCM.ONE","url":"https:\/\/ucm.one\/de\/","logo":{"@type":"ImageObject","inLanguage":"de","@id":"https:\/\/ucm.one\/de\/#\/schema\/logo\/image\/","url":"https:\/\/ucm.one\/wp-content\/uploads\/2019\/10\/UCM.ONE-Logo-RGB.svg","contentUrl":"https:\/\/ucm.one\/wp-content\/uploads\/2019\/10\/UCM.ONE-Logo-RGB.svg","width":1,"height":1,"caption":"UCM.ONE"},"image":{"@id":"https:\/\/ucm.one\/de\/#\/schema\/logo\/image\/"}},{"@type":"Person","@id":"https:\/\/ucm.one\/de\/#\/schema\/person\/4b959e467e8acc058836467a0ef8fa50","name":"Joachim Keil","image":{"@type":"ImageObject","inLanguage":"de","@id":"https:\/\/secure.gravatar.com\/avatar\/10e1dfd05f2a7a7bc83cd44bae31e01c8ac15f974229211a2b1a49fa0a22fec0?s=96&d=mm&r=g","url":"https:\/\/secure.gravatar.com\/avatar\/10e1dfd05f2a7a7bc83cd44bae31e01c8ac15f974229211a2b1a49fa0a22fec0?s=96&d=mm&r=g","contentUrl":"https:\/\/secure.gravatar.com\/avatar\/10e1dfd05f2a7a7bc83cd44bae31e01c8ac15f974229211a2b1a49fa0a22fec0?s=96&d=mm&r=g","caption":"Joachim Keil"},"sameAs":["https:\/\/ucm.one"]}]}},"_links":{"self":[{"href":"https:\/\/ucm.one\/de\/wp-json\/wp\/v2\/posts\/66464","targetHints":{"allow":["GET"]}}],"collection":[{"href":"https:\/\/ucm.one\/de\/wp-json\/wp\/v2\/posts"}],"about":[{"href":"https:\/\/ucm.one\/de\/wp-json\/wp\/v2\/types\/post"}],"author":[{"embeddable":true,"href":"https:\/\/ucm.one\/de\/wp-json\/wp\/v2\/users\/2"}],"replies":[{"embeddable":true,"href":"https:\/\/ucm.one\/de\/wp-json\/wp\/v2\/comments?post=66464"}],"version-history":[{"count":0,"href":"https:\/\/ucm.one\/de\/wp-json\/wp\/v2\/posts\/66464\/revisions"}],"wp:featuredmedia":[{"embeddable":true,"href":"https:\/\/ucm.one\/de\/wp-json\/wp\/v2\/media\/66465"}],"wp:attachment":[{"href":"https:\/\/ucm.one\/de\/wp-json\/wp\/v2\/media?parent=66464"}],"wp:term":[{"taxonomy":"category","embeddable":true,"href":"https:\/\/ucm.one\/de\/wp-json\/wp\/v2\/categories?post=66464"},{"taxonomy":"post_tag","embeddable":true,"href":"https:\/\/ucm.one\/de\/wp-json\/wp\/v2\/tags?post=66464"}],"curies":[{"name":"wp","href":"https:\/\/api.w.org\/{rel}","templated":true}]}}