{"id":66433,"date":"2022-04-07T12:35:03","date_gmt":"2022-04-07T12:35:03","guid":{"rendered":"https:\/\/ucm.one\/?p=66433"},"modified":"2023-03-09T16:13:58","modified_gmt":"2023-03-09T16:13:58","slug":"heikos-welt-von-dominik-galizia-startet-am-vatertag-26-mai-2022-bundesweit-in-den-kinos","status":"publish","type":"post","link":"https:\/\/ucm.one\/de\/heikos-welt-von-dominik-galizia-startet-am-vatertag-26-mai-2022-bundesweit-in-den-kinos\/","title":{"rendered":"\ud83c\udfac &#8222;Heikos Welt&#8220; von Dominik Galizia startet am Vatertag (26. Mai 2022) bundesweit in den Kinos"},"content":{"rendered":"<div class=\"wpb-content-wrapper\"><p>[vc_row][vc_column][vc_column_text]<\/p>\n<p style=\"font-weight: 400;\">Es ist offiziell: &#8222;<strong>Heikos Welt<\/strong>&#8222;, <strong>Dominik Galizia<\/strong>s Kom\u00f6die mit melancholischen T\u00f6nen \u00fcber die Berliner Kultatze Heiko aus der gleichnamigen <strong>YouTube<\/strong>-Serie, kommt p\u00fcnktlich zum Vatertag am 26. Mai 2022 bundesweit ins Kino!<\/p>\n<p>[\/vc_column_text][\/vc_column][\/vc_row][vc_row][vc_column width=&#8220;3\/4&#8243;][vc_column_text]<\/p>\n<p style=\"font-weight: 400;\">Die durchgedrehte, liebevolle Ode an \u2013 und Odyssee durch \u2013 die Berliner Eckkneipen mit ihrer ganz eigenen Fauna aus originellen Charakteren startet, wo auch sonst, auf dem <span style=\"font-family: 'arial black', sans-serif;\"><strong>UCM.ONE<\/strong><\/span>-Label <strong>Darling Berlin<\/strong>.<\/p>\n<p>[\/vc_column_text][vc_column_text]<\/p>\n<p style=\"font-weight: 400;\">Im Zentrum von <strong>Dominik Galizia<\/strong>s Film <em>\u201e\u00fcber Bier, Darts und Mutterliebe\u201c<\/em> steht nat\u00fcrlich Heiko, verk\u00f6rpert von <strong>Martin Rohde<\/strong>, den Fans erstmals im Musikvideo \u201e<a title=\"Nettelbeckplatz\" href=\"https:\/\/www.youtube.com\/watch?v=qcoHHWFt7Zk\" target=\"_blank\" rel=\"noopener\">Nettelbeckplatz<\/a>\u201c von <strong>Shacke One<\/strong> kennen &#8211; und lieben lernen konnten. Die Figur wurde bei den Fans so popul\u00e4r, dass er eine eigene <strong>YouTube<\/strong>-Serie bekam, durch die er sich \u00fcber die Jahre zu einer Kultfigur mit gro\u00dfer Anh\u00e4ngerschaft entwickelte.<\/p>\n<p>[\/vc_column_text][vc_column_text]<\/p>\n<p style=\"font-weight: 400;\">Es musste, so der Regisseur\u00a0<strong>Dominik Galizia<\/strong>, etwas Gr\u00f6\u00dferes her: <em>&#8222;Ein Spielfilm, der die charmante Welt von Heiko mit all ihren bunten Facetten zu einem gro\u00dfen Ganzen werden l\u00e4sst&#8220;.<\/em><\/p>\n<p>[\/vc_column_text][vc_column_text]<\/p>\n<p style=\"font-weight: 400;\">Nach der Premiere 2021 beim <strong>Filmfest M\u00fcnchen<\/strong>\u00a0&#8211; <strong>Martin Rohde<\/strong>, der Heiko verk\u00f6rpert, wurde hier f\u00fcr seine <em>&#8222;schauspielerische Leistung&#8220;<\/em> mit dem <strong>F\u00f6rderpreis Neues Deutsches Kino<\/strong> ausgezeichnet \u2013 und gefeierten Vorstellungen beim <strong>achtung berlin Filmfestival<\/strong> 2021 und beim <strong>FILMZ Mainz<\/strong> kommt <strong>Heikos Welt<\/strong> nun am Vatertag auf die gro\u00dfen Leinw\u00e4nde der Republik und wird damit viele Fanherzen gl\u00fccklich machen.<\/p>\n<p>[\/vc_column_text][\/vc_column][vc_column width=&#8220;1\/4&#8243;][vc_single_image image=&#8220;63877&#8243; img_size=&#8220;full&#8220; onclick=&#8220;custom_link&#8220; link=&#8220;https:\/\/ucm.one\/heikos-welt\/&#8220;][\/vc_column][\/vc_row][vc_row][vc_column][vc_separator][\/vc_column][\/vc_row][vc_row][vc_column width=&#8220;1\/2&#8243;][vc_single_image image=&#8220;63785&#8243; img_size=&#8220;full&#8220; onclick=&#8220;link_image&#8220;][\/vc_column][vc_column width=&#8220;1\/2&#8243;][vc_single_image image=&#8220;63807&#8243; img_size=&#8220;full&#8220; onclick=&#8220;link_image&#8220;][\/vc_column][\/vc_row][vc_row][vc_column][vc_separator][vc_video link=&#8220;https:\/\/youtu.be\/EPWCrHaij_k&#8220; title=&#8220;Heikos Welt | Trailer (deutsch) \u1d34\u1d30&#8220;][\/vc_column][\/vc_row][vc_row][vc_column width=&#8220;1\/2&#8243;][vc_column_text]Weitere Informationen \u00fcber den Film: <a title=\"Heikos Welt (2021) von Dominik Galizia | Darling Berlin\" href=\"https:\/\/ucm.one\/de\/heikos-welt\/\">Heikos Welt<\/a>[\/vc_column_text][\/vc_column][vc_column width=&#8220;1\/2&#8243;][vc_column_text]Weitere Informationen \u00fcber das Filmlabel: <a title=\"Darling Berlin\" href=\"https:\/\/ucm.one\/de\/film-labels\/darling-berlin\/\">Darling Berlin<\/a>[\/vc_column_text][\/vc_column][\/vc_row]<\/p>\n<\/div>","protected":false},"excerpt":{"rendered":"<p>[vc_row][vc_column][vc_column_text] Es ist offiziell: &#8222;Heikos Welt&#8222;, Dominik Galizias Kom\u00f6die mit melancholischen T\u00f6nen \u00fcber die Berliner Kultatze Heiko aus der gleichnamigen YouTube-Serie, kommt p\u00fcnktlich zum Vatertag am 26. Mai 2022 bundesweit ins Kino! [\/vc_column_text][\/vc_column][\/vc_row][vc_row][vc_column width=&#8220;3\/4&#8243;][vc_column_text] Die durchgedrehte, liebevolle Ode an \u2013 und Odyssee durch \u2013 die Berliner Eckkneipen mit ihrer ganz eigenen Fauna aus originellen Charakteren&hellip;<\/p>\n","protected":false},"author":2,"featured_media":66450,"comment_status":"closed","ping_status":"closed","sticky":false,"template":"","format":"standard","meta":{"_acf_changed":false,"footnotes":""},"categories":[830,8,10,13,752,7528],"tags":[2498,11435,2266,11436,11434,2366,7568,11433,11427,8262,11432,11429,11431,11430,11428],"class_list":["post-66433","post","type-post","status-publish","format-standard","has-post-thumbnail","hentry","category-darling-berlin","category-film","category-kino","category-news","category-verleih","category-weltvertrieb","tag-achtung-berlin","tag-currywurst","tag-darling-berlin","tag-darts","tag-dominik-galizia","tag-filmfest-muenchen","tag-foerderpreis-neues-deutsches-kino","tag-heiko","tag-heikos-welt","tag-hip-hop","tag-kultatze-heiko","tag-nettebeckplatz","tag-nordachse","tag-shacke-one","tag-wedding","category-830","category-8","category-10","category-13","category-752","category-7528","description-off"],"acf":[],"yoast_head":"<!-- This site is optimized with the Yoast SEO plugin v27.5 - https:\/\/yoast.com\/product\/yoast-seo-wordpress\/ -->\n<title>&quot;Heikos Welt&quot; startet am Vatertag (26.05.2022) in den Kinos<\/title>\n<meta name=\"description\" content=\"&quot;Heikos Welt, Dominik Galizias Kom\u00f6die \u00fcber die Berliner Kultatze Heiko, kommt p\u00fcnktlich zum Vatertag am 26. Mai 2022 bundesweit ins Kino!\" \/>\n<meta name=\"robots\" content=\"index, follow, max-snippet:-1, max-image-preview:large, max-video-preview:-1\" \/>\n<link rel=\"canonical\" href=\"https:\/\/ucm.one\/de\/heikos-welt-von-dominik-galizia-startet-am-vatertag-26-mai-2022-bundesweit-in-den-kinos\/\" \/>\n<meta property=\"og:locale\" content=\"de_DE\" \/>\n<meta property=\"og:type\" content=\"article\" \/>\n<meta property=\"og:title\" content=\"&quot;Heikos Welt&quot; startet am Vatertag (26.05.2022) in den Kinos\" \/>\n<meta property=\"og:description\" content=\"&quot;Heikos Welt, Dominik Galizias Kom\u00f6die \u00fcber die Berliner Kultatze Heiko, kommt p\u00fcnktlich zum Vatertag am 26. Mai 2022 bundesweit ins Kino!\" \/>\n<meta property=\"og:url\" content=\"https:\/\/ucm.one\/de\/heikos-welt-von-dominik-galizia-startet-am-vatertag-26-mai-2022-bundesweit-in-den-kinos\/\" \/>\n<meta property=\"og:site_name\" content=\"UCM.ONE\" \/>\n<meta property=\"article:published_time\" content=\"2022-04-07T12:35:03+00:00\" \/>\n<meta property=\"article:modified_time\" content=\"2023-03-09T16:13:58+00:00\" \/>\n<meta property=\"og:image\" content=\"https:\/\/ucm.one\/wp-content\/uploads\/2022\/02\/HeikosWelt_Thumbnail.jpg\" \/>\n<meta name=\"author\" content=\"Joachim Keil\" \/>\n<meta name=\"twitter:card\" content=\"summary_large_image\" \/>\n<meta name=\"twitter:title\" content=\"&quot;Heikos Welt&quot; startet am Vatertag (26.05.2022) in den Kinos\" \/>\n<meta name=\"twitter:description\" content=\"&quot;Heikos Welt, Dominik Galizias Kom\u00f6die \u00fcber die Berliner Kultatze Heiko, kommt p\u00fcnktlich zum Vatertag am 26. Mai 2022 bundesweit ins Kino!\" \/>\n<meta name=\"twitter:image\" content=\"https:\/\/ucm.one\/wp-content\/uploads\/2022\/02\/HeikosWelt_Thumbnail.jpg\" \/>\n<meta name=\"twitter:label1\" content=\"Verfasst von\" \/>\n\t<meta name=\"twitter:data1\" content=\"Joachim Keil\" \/>\n\t<meta name=\"twitter:label2\" content=\"Gesch\u00e4tzte Lesezeit\" \/>\n\t<meta name=\"twitter:data2\" content=\"2\u00a0Minuten\" \/>\n<!-- \/ Yoast SEO plugin. -->","yoast_head_json":{"title":"\"Heikos Welt\" startet am Vatertag (26.05.2022) in den Kinos","description":"\"Heikos Welt, Dominik Galizias Kom\u00f6die \u00fcber die Berliner Kultatze Heiko, kommt p\u00fcnktlich zum Vatertag am 26. Mai 2022 bundesweit ins Kino!","robots":{"index":"index","follow":"follow","max-snippet":"max-snippet:-1","max-image-preview":"max-image-preview:large","max-video-preview":"max-video-preview:-1"},"canonical":"https:\/\/ucm.one\/de\/heikos-welt-von-dominik-galizia-startet-am-vatertag-26-mai-2022-bundesweit-in-den-kinos\/","og_locale":"de_DE","og_type":"article","og_title":"\"Heikos Welt\" startet am Vatertag (26.05.2022) in den Kinos","og_description":"\"Heikos Welt, Dominik Galizias Kom\u00f6die \u00fcber die Berliner Kultatze Heiko, kommt p\u00fcnktlich zum Vatertag am 26. Mai 2022 bundesweit ins Kino!","og_url":"https:\/\/ucm.one\/de\/heikos-welt-von-dominik-galizia-startet-am-vatertag-26-mai-2022-bundesweit-in-den-kinos\/","og_site_name":"UCM.ONE","article_published_time":"2022-04-07T12:35:03+00:00","article_modified_time":"2023-03-09T16:13:58+00:00","og_image":[{"url":"https:\/\/ucm.one\/wp-content\/uploads\/2022\/02\/HeikosWelt_Thumbnail.jpg","type":"","width":"","height":""}],"author":"Joachim Keil","twitter_card":"summary_large_image","twitter_title":"\"Heikos Welt\" startet am Vatertag (26.05.2022) in den Kinos","twitter_description":"\"Heikos Welt, Dominik Galizias Kom\u00f6die \u00fcber die Berliner Kultatze Heiko, kommt p\u00fcnktlich zum Vatertag am 26. Mai 2022 bundesweit ins Kino!","twitter_image":"https:\/\/ucm.one\/wp-content\/uploads\/2022\/02\/HeikosWelt_Thumbnail.jpg","twitter_misc":{"Verfasst von":"Joachim Keil","Gesch\u00e4tzte Lesezeit":"2\u00a0Minuten"},"schema":{"@context":"https:\/\/schema.org","@graph":[{"@type":"Article","@id":"https:\/\/ucm.one\/de\/heikos-welt-von-dominik-galizia-startet-am-vatertag-26-mai-2022-bundesweit-in-den-kinos\/#article","isPartOf":{"@id":"https:\/\/ucm.one\/de\/heikos-welt-von-dominik-galizia-startet-am-vatertag-26-mai-2022-bundesweit-in-den-kinos\/"},"author":{"name":"Joachim Keil","@id":"https:\/\/ucm.one\/de\/#\/schema\/person\/4b959e467e8acc058836467a0ef8fa50"},"headline":"\ud83c\udfac &#8222;Heikos Welt&#8220; von Dominik Galizia startet am Vatertag (26. Mai 2022) bundesweit in den Kinos","datePublished":"2022-04-07T12:35:03+00:00","dateModified":"2023-03-09T16:13:58+00:00","mainEntityOfPage":{"@id":"https:\/\/ucm.one\/de\/heikos-welt-von-dominik-galizia-startet-am-vatertag-26-mai-2022-bundesweit-in-den-kinos\/"},"wordCount":409,"publisher":{"@id":"https:\/\/ucm.one\/de\/#organization"},"image":{"@id":"https:\/\/ucm.one\/de\/heikos-welt-von-dominik-galizia-startet-am-vatertag-26-mai-2022-bundesweit-in-den-kinos\/#primaryimage"},"thumbnailUrl":"https:\/\/ucm.one\/wp-content\/uploads\/2022\/04\/B-Heikos-Welt-Kinoankuendigung.jpg","keywords":["achtung berlin","Currywurst","Darling Berlin","Darts","Dominik Galizia","Filmfest M\u00fcnchen","F\u00f6rderpreis Neues Deutsches Kino","Heiko","Heikos Welt","Hip-Hop","Kultatze Heiko","Nettebeckplatz","Nordachse","Shacke One","Wedding"],"articleSection":["Darling Berlin","Film","Kino","News","Verleih","Weltvertrieb"],"inLanguage":"de"},{"@type":"WebPage","@id":"https:\/\/ucm.one\/de\/heikos-welt-von-dominik-galizia-startet-am-vatertag-26-mai-2022-bundesweit-in-den-kinos\/","url":"https:\/\/ucm.one\/de\/heikos-welt-von-dominik-galizia-startet-am-vatertag-26-mai-2022-bundesweit-in-den-kinos\/","name":"\"Heikos Welt\" startet am Vatertag (26.05.2022) in den Kinos","isPartOf":{"@id":"https:\/\/ucm.one\/de\/#website"},"primaryImageOfPage":{"@id":"https:\/\/ucm.one\/de\/heikos-welt-von-dominik-galizia-startet-am-vatertag-26-mai-2022-bundesweit-in-den-kinos\/#primaryimage"},"image":{"@id":"https:\/\/ucm.one\/de\/heikos-welt-von-dominik-galizia-startet-am-vatertag-26-mai-2022-bundesweit-in-den-kinos\/#primaryimage"},"thumbnailUrl":"https:\/\/ucm.one\/wp-content\/uploads\/2022\/04\/B-Heikos-Welt-Kinoankuendigung.jpg","datePublished":"2022-04-07T12:35:03+00:00","dateModified":"2023-03-09T16:13:58+00:00","description":"\"Heikos Welt, Dominik Galizias Kom\u00f6die \u00fcber die Berliner Kultatze Heiko, kommt p\u00fcnktlich zum Vatertag am 26. Mai 2022 bundesweit ins Kino!","breadcrumb":{"@id":"https:\/\/ucm.one\/de\/heikos-welt-von-dominik-galizia-startet-am-vatertag-26-mai-2022-bundesweit-in-den-kinos\/#breadcrumb"},"inLanguage":"de","potentialAction":[{"@type":"ReadAction","target":["https:\/\/ucm.one\/de\/heikos-welt-von-dominik-galizia-startet-am-vatertag-26-mai-2022-bundesweit-in-den-kinos\/"]}]},{"@type":"ImageObject","inLanguage":"de","@id":"https:\/\/ucm.one\/de\/heikos-welt-von-dominik-galizia-startet-am-vatertag-26-mai-2022-bundesweit-in-den-kinos\/#primaryimage","url":"https:\/\/ucm.one\/wp-content\/uploads\/2022\/04\/B-Heikos-Welt-Kinoankuendigung.jpg","contentUrl":"https:\/\/ucm.one\/wp-content\/uploads\/2022\/04\/B-Heikos-Welt-Kinoankuendigung.jpg","width":1920,"height":600},{"@type":"BreadcrumbList","@id":"https:\/\/ucm.one\/de\/heikos-welt-von-dominik-galizia-startet-am-vatertag-26-mai-2022-bundesweit-in-den-kinos\/#breadcrumb","itemListElement":[{"@type":"ListItem","position":1,"name":"Home","item":"https:\/\/ucm.one\/de\/"},{"@type":"ListItem","position":2,"name":"\ud83c\udfac &#8222;Heikos Welt&#8220; von Dominik Galizia startet am Vatertag (26. Mai 2022) bundesweit in den Kinos"}]},{"@type":"WebSite","@id":"https:\/\/ucm.one\/de\/#website","url":"https:\/\/ucm.one\/de\/","name":"UCM.ONE","description":"","publisher":{"@id":"https:\/\/ucm.one\/de\/#organization"},"potentialAction":[{"@type":"SearchAction","target":{"@type":"EntryPoint","urlTemplate":"https:\/\/ucm.one\/de\/?s={search_term_string}"},"query-input":{"@type":"PropertyValueSpecification","valueRequired":true,"valueName":"search_term_string"}}],"inLanguage":"de"},{"@type":"Organization","@id":"https:\/\/ucm.one\/de\/#organization","name":"UCM.ONE","url":"https:\/\/ucm.one\/de\/","logo":{"@type":"ImageObject","inLanguage":"de","@id":"https:\/\/ucm.one\/de\/#\/schema\/logo\/image\/","url":"https:\/\/ucm.one\/wp-content\/uploads\/2019\/10\/UCM.ONE-Logo-RGB.svg","contentUrl":"https:\/\/ucm.one\/wp-content\/uploads\/2019\/10\/UCM.ONE-Logo-RGB.svg","width":1,"height":1,"caption":"UCM.ONE"},"image":{"@id":"https:\/\/ucm.one\/de\/#\/schema\/logo\/image\/"}},{"@type":"Person","@id":"https:\/\/ucm.one\/de\/#\/schema\/person\/4b959e467e8acc058836467a0ef8fa50","name":"Joachim Keil","image":{"@type":"ImageObject","inLanguage":"de","@id":"https:\/\/secure.gravatar.com\/avatar\/10e1dfd05f2a7a7bc83cd44bae31e01c8ac15f974229211a2b1a49fa0a22fec0?s=96&d=mm&r=g","url":"https:\/\/secure.gravatar.com\/avatar\/10e1dfd05f2a7a7bc83cd44bae31e01c8ac15f974229211a2b1a49fa0a22fec0?s=96&d=mm&r=g","contentUrl":"https:\/\/secure.gravatar.com\/avatar\/10e1dfd05f2a7a7bc83cd44bae31e01c8ac15f974229211a2b1a49fa0a22fec0?s=96&d=mm&r=g","caption":"Joachim Keil"},"sameAs":["https:\/\/ucm.one"]}]}},"_links":{"self":[{"href":"https:\/\/ucm.one\/de\/wp-json\/wp\/v2\/posts\/66433","targetHints":{"allow":["GET"]}}],"collection":[{"href":"https:\/\/ucm.one\/de\/wp-json\/wp\/v2\/posts"}],"about":[{"href":"https:\/\/ucm.one\/de\/wp-json\/wp\/v2\/types\/post"}],"author":[{"embeddable":true,"href":"https:\/\/ucm.one\/de\/wp-json\/wp\/v2\/users\/2"}],"replies":[{"embeddable":true,"href":"https:\/\/ucm.one\/de\/wp-json\/wp\/v2\/comments?post=66433"}],"version-history":[{"count":0,"href":"https:\/\/ucm.one\/de\/wp-json\/wp\/v2\/posts\/66433\/revisions"}],"wp:featuredmedia":[{"embeddable":true,"href":"https:\/\/ucm.one\/de\/wp-json\/wp\/v2\/media\/66450"}],"wp:attachment":[{"href":"https:\/\/ucm.one\/de\/wp-json\/wp\/v2\/media?parent=66433"}],"wp:term":[{"taxonomy":"category","embeddable":true,"href":"https:\/\/ucm.one\/de\/wp-json\/wp\/v2\/categories?post=66433"},{"taxonomy":"post_tag","embeddable":true,"href":"https:\/\/ucm.one\/de\/wp-json\/wp\/v2\/tags?post=66433"}],"curies":[{"name":"wp","href":"https:\/\/api.w.org\/{rel}","templated":true}]}}