{"id":66004,"date":"2022-03-23T15:28:45","date_gmt":"2022-03-23T15:28:45","guid":{"rendered":"https:\/\/ucm.one\/?p=66004"},"modified":"2023-03-10T09:33:24","modified_gmt":"2023-03-10T09:33:24","slug":"kinostartpremiere-und-special-screening-truemmermaedchen-die-geschichte-der-charlotte-schumann-in-berlin","status":"publish","type":"post","link":"https:\/\/ucm.one\/de\/kinostartpremiere-und-special-screening-truemmermaedchen-die-geschichte-der-charlotte-schumann-in-berlin\/","title":{"rendered":"\ud83c\udfac Kinostartpremiere und Special Screening \u201eTr\u00fcmmerm\u00e4dchen &#8211; Die Geschichte der Charlotte Schumann\u201c in Berlin"},"content":{"rendered":"<div class=\"wpb-content-wrapper\"><p>[vc_row][vc_column][vc_column_text]<\/p>\n<p style=\"font-weight: 400;\">Bevor er morgen im Verleih von <span style=\"font-family: 'arial black', sans-serif;\"><strong>UCM.ONE<\/strong><\/span>\u00a0\u00fcber das Filmlabel <strong>Artkeim\u00b2<\/strong> bundesweit in die Kinos kommt, feiert der au\u00dfergew\u00f6hnliche Spielfilm \u201e<strong>Tr\u00fcmmerm\u00e4dchen &#8211; Die Geschichte der Charlotte Schumann<\/strong>\u201c von Regisseur <strong>Oliver Kracht<\/strong> heute Abend um 20:00 Uhr im Kino in der <strong>KulturBrauerei<\/strong> in Berlin seine Kinostartpremiere. Viele der Darsteller:innen, unter anderem die Hauptdarstellerin <strong>Laura Balzer<\/strong>, und das Filmteam werden dabei sein. Im Anschluss an den Film gibt es ein Filmgespr\u00e4ch mit Q&amp;A.<\/p>\n<p>[\/vc_column_text][\/vc_column][\/vc_row][vc_row][vc_column width=&#8220;2\/3&#8243;][vc_column_text]<\/p>\n<p style=\"font-weight: 400;\">Tickets f\u00fcr die Veranstaltung k\u00f6nnen auch im regul\u00e4ren Verkauf erworben werden: <a href=\"https:\/\/ucm.one\/de\/tm-dgdcs-kauftickets\/\">www.ucm.one\/tm-dgdcs-kauftickets<\/a><\/p>\n<p>[\/vc_column_text][vc_column_text]<\/p>\n<p style=\"font-weight: 400;\">F\u00fcr alle, die heute keine Zeit haben: Am Samstag, 26.03.2022, sind Regisseur <strong>Oliver Kracht<\/strong> und Hauptdarstellerin <strong>Laura Balzer<\/strong> im <strong>Ladenkino<\/strong> in Berlin bei einem Special Screening zu Gast.<\/p>\n<p>[\/vc_column_text][vc_column_text]<\/p>\n<p style=\"font-weight: 400;\">Der Film, f\u00fcr dessen Drehbuch <strong>Oliver Kracht<\/strong> bereits 2019 w\u00e4hrend der <strong>Berlinale<\/strong> mit dem <strong>Thomas Strittmatter Preis<\/strong> ausgezeichnet wurde, feierte 2021 seine Weltpremiere bei den<strong> 55. Hofer Filmtagen<\/strong>, wo er neben dem <strong>Bild-Kunst-F\u00f6rderpreis<\/strong> f\u00fcr das <em>&#8222;Beste Kost\u00fcmbild&#8220;<\/em> und das <em>&#8222;Beste Szenenbild&#8220;<\/em> eine Lobenden Erw\u00e4hnung der Jury des <strong>F\u00f6rderpreises Neues Deutsches Kino<\/strong> erhielt.<\/p>\n<p>[\/vc_column_text][vc_column_text]<\/p>\n<p style=\"font-weight: 400;\">Die lang nachhallende, provokante Emanzipationsgeschichte vor dem Hintergrund des Neuanfangs in den Tr\u00fcmmern des 2. Weltkriegs zeigt in der Hauptrolle eine beeindruckende <strong>Laura Balzer<\/strong> (nominiert f\u00fcr den <strong>G\u00f6tz-George-Nachwuchspreis<\/strong> bei den <strong>First Steps Awards<\/strong>), die uns mit Unterst\u00fctzung eines grandiosen, vorwiegend weiblichen Ensembles (unter anderem V<strong>alery Tscheplanowa<\/strong>, <strong>Lena Urzendowsky<\/strong>) mitnimmt auf die emotionale Reise der von Traumata und Unterdr\u00fcckung gezeichneten Figur.<\/p>\n<p>[\/vc_column_text][vc_column_text]&#8220;<strong>Tr\u00fcmmerm\u00e4dchen &#8211; Die Geschichte der Charlotte Schumann<\/strong>&#8220; erz\u00e4hlt in intensiven, au\u00dfergew\u00f6hnlichen Bildern von der Selbsterm\u00e4chtigung junger Frauen vor dem Hintergrund der Ruinen des 2. Weltkriegs und ist ein flammendes Pl\u00e4doyer f\u00fcr Zusammenhalt und Schwesternschaft.[\/vc_column_text][\/vc_column][vc_column width=&#8220;1\/3&#8243;][vc_single_image image=&#8220;62993&#8243; img_size=&#8220;full&#8220; onclick=&#8220;link_image&#8220;][\/vc_column][\/vc_row][vc_row][vc_column][vc_column_text]<\/p>\n<p style=\"font-weight: 400;\"><span style=\"font-size: 14pt;\">Ein paar Stimmen zum Film:<\/span><\/p>\n<p style=\"font-weight: 400;\">\u201e<em>,Tr\u00fcmmerm\u00e4dchen \u2013 Die Geschichte der Charlotte Schumann\u2018 zeigt knallharten Feminismus im Nachkriegsdeutschland \u2013 nicht selten grotesk, gewaltbereit und gew\u00f6hnungsbed\u00fcrftig, aber vor allem: genial. <\/em>(<strong>Indiekino<\/strong>)<\/p>\n<p style=\"font-weight: 400;\"><em>\u201eEine vielschichtige Reflexion \u00fcber die sexuelle Unterdr\u00fcckung der Frau und ein spannendes Pl\u00e4doyer f\u00fcr die Gleichberechtigung der Geschlechter.\u201c <\/em>(<strong>Film-rezensionen.de<\/strong>)<\/p>\n<p style=\"font-weight: 400;\"><em>\u201eNicht nur, aber vor allem im deutschen Kino sind sie selten geworden: Filme, die zertr\u00fcmmern. Die mit Erz\u00e4hlkonventionen und Sehgewohnheiten brechen und das Publikum mit den Scherben zur\u00fccklassen. Im besten Fall entsteht aus den Bruchst\u00fccken etwas Neues. Oliver Krachts Langfilmdeb\u00fct z\u00e4hlt dazu.\u201c<\/em> (<strong>kino-zeit.de<\/strong>)<\/p>\n<p>[\/vc_column_text][\/vc_column][\/vc_row][vc_row][vc_column width=&#8220;1\/2&#8243;][vc_single_image image=&#8220;66010&#8243; img_size=&#8220;full&#8220; onclick=&#8220;link_image&#8220;][\/vc_column][vc_column width=&#8220;1\/2&#8243;][vc_single_image image=&#8220;66013&#8243; img_size=&#8220;full&#8220; onclick=&#8220;link_image&#8220;][\/vc_column][\/vc_row][vc_row][vc_column][vc_separator][\/vc_column][\/vc_row][vc_row][vc_column][vc_video link=&#8220;https:\/\/youtu.be\/sAo18&#8211;cIqE&#8220; title=&#8220;Tr\u00fcmmerm\u00e4dchen &#8211; Die Geschichte der Charlotte Schumann | Trailer (deutsch)\u1d34\u1d30&#8220;][\/vc_column][\/vc_row][vc_row][vc_column][vc_column_text]Weitere Informationen \u00fcber den Film: <a title=\"Tr\u00fcmmerm\u00e4dchen \u2013 Die Geschichte der Charlotte Schumann\" href=\"https:\/\/ucm.one\/de\/truemmermaedchen-die-geschichte-der-charlotte-schumann\/\">Tr\u00fcmmerm\u00e4dchen \u2013 Die Geschichte der Charlotte Schumann<\/a>[\/vc_column_text][\/vc_column][\/vc_row]<\/p>\n<\/div>","protected":false},"excerpt":{"rendered":"<p>[vc_row][vc_column][vc_column_text] Bevor er morgen im Verleih von UCM.ONE\u00a0\u00fcber das Filmlabel Artkeim\u00b2 bundesweit in die Kinos kommt, feiert der au\u00dfergew\u00f6hnliche Spielfilm \u201eTr\u00fcmmerm\u00e4dchen &#8211; Die Geschichte der Charlotte Schumann\u201c von Regisseur Oliver Kracht heute Abend um 20:00 Uhr im Kino in der KulturBrauerei in Berlin seine Kinostartpremiere. Viele der Darsteller:innen, unter anderem die Hauptdarstellerin Laura Balzer, und&hellip;<\/p>\n","protected":false},"author":2,"featured_media":66005,"comment_status":"closed","ping_status":"closed","sticky":false,"template":"","format":"standard","meta":{"_acf_changed":false,"footnotes":""},"categories":[828,8,10,13,752,7528],"tags":[11770,2311,11763,5721,12102,6502,11769,9655,11768,5664,9658,9656,11766,9657,6396,2816,9653,11767],"class_list":["post-66004","post","type-post","status-publish","format-standard","has-post-thumbnail","hentry","category-artkeim","category-film","category-kino","category-news","category-verleih","category-weltvertrieb","tag-anna-gesa-raija","tag-artkeim","tag-die-geschichte-der-charlotte-schumann","tag-internationale-hofer-filmtage","tag-kulturbrauerei","tag-ladenkino","tag-lara-feith","tag-laura-balzer","tag-lena-urzendowsky","tag-lennart-lenzing","tag-marco-groenwoldt","tag-oliver-kracht","tag-philipp-karner","tag-simon-j-buchner","tag-suedwestrundfunk","tag-till-wonka","tag-truemmermaedchen","tag-valery-tscheplanowa","category-828","category-8","category-10","category-13","category-752","category-7528","description-off"],"acf":[],"yoast_head":"<!-- This site is optimized with the Yoast SEO plugin v27.5 - https:\/\/yoast.com\/product\/yoast-seo-wordpress\/ -->\n<title>\u201eTr\u00fcmmerm\u00e4dchen - Die Geschichte der Charlotte Schumann\u201c<\/title>\n<meta name=\"description\" content=\"Der Spielfilm \u201eTr\u00fcmmerm\u00e4dchen \u2013 Die Geschichte der Charlotte Schumann\u201c von Regisseur Oliver Kracht feiert heute Abend seine Premiere.\" \/>\n<meta name=\"robots\" content=\"index, follow, max-snippet:-1, max-image-preview:large, max-video-preview:-1\" \/>\n<link rel=\"canonical\" href=\"https:\/\/ucm.one\/de\/kinostartpremiere-und-special-screening-truemmermaedchen-die-geschichte-der-charlotte-schumann-in-berlin\/\" \/>\n<meta property=\"og:locale\" content=\"de_DE\" \/>\n<meta property=\"og:type\" content=\"article\" \/>\n<meta property=\"og:title\" content=\"Tr\u00fcmmerm\u00e4dchen \u2013 Die Geschichte der Charlotte Schumann\" \/>\n<meta property=\"og:description\" content=\"Der Spielfilm \u201eTr\u00fcmmerm\u00e4dchen \u2013 Die Geschichte der Charlotte Schumann\u201c von Regisseur Oliver Kracht feiert heute Abend seine Premiere.\" \/>\n<meta property=\"og:url\" content=\"https:\/\/ucm.one\/de\/kinostartpremiere-und-special-screening-truemmermaedchen-die-geschichte-der-charlotte-schumann-in-berlin\/\" \/>\n<meta property=\"og:site_name\" content=\"UCM.ONE\" \/>\n<meta property=\"article:published_time\" content=\"2022-03-23T15:28:45+00:00\" \/>\n<meta property=\"article:modified_time\" content=\"2023-03-10T09:33:24+00:00\" \/>\n<meta property=\"og:image\" content=\"https:\/\/ucm.one\/wp-content\/uploads\/2022\/01\/Truemmermaedchen_Thumbnail_DE.jpg\" \/>\n<meta name=\"author\" content=\"Joachim Keil\" \/>\n<meta name=\"twitter:card\" content=\"summary_large_image\" \/>\n<meta name=\"twitter:title\" content=\"Tr\u00fcmmerm\u00e4dchen \u2013 Die Geschichte der Charlotte Schumann\" \/>\n<meta name=\"twitter:description\" content=\"Der Spielfilm \u201eTr\u00fcmmerm\u00e4dchen \u2013 Die Geschichte der Charlotte Schumann\u201c von Regisseur Oliver Kracht feiert heute Abend seine Premiere.\" \/>\n<meta name=\"twitter:image\" content=\"https:\/\/ucm.one\/wp-content\/uploads\/2022\/01\/Truemmermaedchen_Thumbnail_DE.jpg\" \/>\n<meta name=\"twitter:label1\" content=\"Verfasst von\" \/>\n\t<meta name=\"twitter:data1\" content=\"Joachim Keil\" \/>\n\t<meta name=\"twitter:label2\" content=\"Gesch\u00e4tzte Lesezeit\" \/>\n\t<meta name=\"twitter:data2\" content=\"3\u00a0Minuten\" \/>\n<!-- \/ Yoast SEO plugin. -->","yoast_head_json":{"title":"\u201eTr\u00fcmmerm\u00e4dchen - Die Geschichte der Charlotte Schumann\u201c","description":"Der Spielfilm \u201eTr\u00fcmmerm\u00e4dchen \u2013 Die Geschichte der Charlotte Schumann\u201c von Regisseur Oliver Kracht feiert heute Abend seine Premiere.","robots":{"index":"index","follow":"follow","max-snippet":"max-snippet:-1","max-image-preview":"max-image-preview:large","max-video-preview":"max-video-preview:-1"},"canonical":"https:\/\/ucm.one\/de\/kinostartpremiere-und-special-screening-truemmermaedchen-die-geschichte-der-charlotte-schumann-in-berlin\/","og_locale":"de_DE","og_type":"article","og_title":"Tr\u00fcmmerm\u00e4dchen \u2013 Die Geschichte der Charlotte Schumann","og_description":"Der Spielfilm \u201eTr\u00fcmmerm\u00e4dchen \u2013 Die Geschichte der Charlotte Schumann\u201c von Regisseur Oliver Kracht feiert heute Abend seine Premiere.","og_url":"https:\/\/ucm.one\/de\/kinostartpremiere-und-special-screening-truemmermaedchen-die-geschichte-der-charlotte-schumann-in-berlin\/","og_site_name":"UCM.ONE","article_published_time":"2022-03-23T15:28:45+00:00","article_modified_time":"2023-03-10T09:33:24+00:00","og_image":[{"url":"https:\/\/ucm.one\/wp-content\/uploads\/2022\/01\/Truemmermaedchen_Thumbnail_DE.jpg","type":"","width":"","height":""}],"author":"Joachim Keil","twitter_card":"summary_large_image","twitter_title":"Tr\u00fcmmerm\u00e4dchen \u2013 Die Geschichte der Charlotte Schumann","twitter_description":"Der Spielfilm \u201eTr\u00fcmmerm\u00e4dchen \u2013 Die Geschichte der Charlotte Schumann\u201c von Regisseur Oliver Kracht feiert heute Abend seine Premiere.","twitter_image":"https:\/\/ucm.one\/wp-content\/uploads\/2022\/01\/Truemmermaedchen_Thumbnail_DE.jpg","twitter_misc":{"Verfasst von":"Joachim Keil","Gesch\u00e4tzte Lesezeit":"3\u00a0Minuten"},"schema":{"@context":"https:\/\/schema.org","@graph":[{"@type":"Article","@id":"https:\/\/ucm.one\/de\/kinostartpremiere-und-special-screening-truemmermaedchen-die-geschichte-der-charlotte-schumann-in-berlin\/#article","isPartOf":{"@id":"https:\/\/ucm.one\/de\/kinostartpremiere-und-special-screening-truemmermaedchen-die-geschichte-der-charlotte-schumann-in-berlin\/"},"author":{"name":"Joachim Keil","@id":"https:\/\/ucm.one\/de\/#\/schema\/person\/4b959e467e8acc058836467a0ef8fa50"},"headline":"\ud83c\udfac Kinostartpremiere und Special Screening \u201eTr\u00fcmmerm\u00e4dchen &#8211; Die Geschichte der Charlotte Schumann\u201c in Berlin","datePublished":"2022-03-23T15:28:45+00:00","dateModified":"2023-03-10T09:33:24+00:00","mainEntityOfPage":{"@id":"https:\/\/ucm.one\/de\/kinostartpremiere-und-special-screening-truemmermaedchen-die-geschichte-der-charlotte-schumann-in-berlin\/"},"wordCount":586,"publisher":{"@id":"https:\/\/ucm.one\/de\/#organization"},"image":{"@id":"https:\/\/ucm.one\/de\/kinostartpremiere-und-special-screening-truemmermaedchen-die-geschichte-der-charlotte-schumann-in-berlin\/#primaryimage"},"thumbnailUrl":"https:\/\/ucm.one\/wp-content\/uploads\/2022\/03\/TRM_BannerPremiere_DE2.jpg","keywords":["Anna Gesa-Raija","Artkeim\u00b2","Die Geschichte der Charlotte Schumann","Internationale Hofer Filmtage","KulturBrauerei","Ladenkino","Lara Feith","Laura Balzer","Lena Urzendowsky","Lennart Lenzing","Marco Gr\u00f6nwoldt","Oliver Kracht","Philipp Karner","Simon J. Buchner","S\u00fcdwestrundfunk","Till Wonka","Tr\u00fcmmerm\u00e4dchen","Valery Tscheplanowa"],"articleSection":["Artkeim\u00b2","Film","Kino","News","Verleih","Weltvertrieb"],"inLanguage":"de"},{"@type":"WebPage","@id":"https:\/\/ucm.one\/de\/kinostartpremiere-und-special-screening-truemmermaedchen-die-geschichte-der-charlotte-schumann-in-berlin\/","url":"https:\/\/ucm.one\/de\/kinostartpremiere-und-special-screening-truemmermaedchen-die-geschichte-der-charlotte-schumann-in-berlin\/","name":"\u201eTr\u00fcmmerm\u00e4dchen - Die Geschichte der Charlotte Schumann\u201c","isPartOf":{"@id":"https:\/\/ucm.one\/de\/#website"},"primaryImageOfPage":{"@id":"https:\/\/ucm.one\/de\/kinostartpremiere-und-special-screening-truemmermaedchen-die-geschichte-der-charlotte-schumann-in-berlin\/#primaryimage"},"image":{"@id":"https:\/\/ucm.one\/de\/kinostartpremiere-und-special-screening-truemmermaedchen-die-geschichte-der-charlotte-schumann-in-berlin\/#primaryimage"},"thumbnailUrl":"https:\/\/ucm.one\/wp-content\/uploads\/2022\/03\/TRM_BannerPremiere_DE2.jpg","datePublished":"2022-03-23T15:28:45+00:00","dateModified":"2023-03-10T09:33:24+00:00","description":"Der Spielfilm \u201eTr\u00fcmmerm\u00e4dchen \u2013 Die Geschichte der Charlotte Schumann\u201c von Regisseur Oliver Kracht feiert heute Abend seine Premiere.","breadcrumb":{"@id":"https:\/\/ucm.one\/de\/kinostartpremiere-und-special-screening-truemmermaedchen-die-geschichte-der-charlotte-schumann-in-berlin\/#breadcrumb"},"inLanguage":"de","potentialAction":[{"@type":"ReadAction","target":["https:\/\/ucm.one\/de\/kinostartpremiere-und-special-screening-truemmermaedchen-die-geschichte-der-charlotte-schumann-in-berlin\/"]}]},{"@type":"ImageObject","inLanguage":"de","@id":"https:\/\/ucm.one\/de\/kinostartpremiere-und-special-screening-truemmermaedchen-die-geschichte-der-charlotte-schumann-in-berlin\/#primaryimage","url":"https:\/\/ucm.one\/wp-content\/uploads\/2022\/03\/TRM_BannerPremiere_DE2.jpg","contentUrl":"https:\/\/ucm.one\/wp-content\/uploads\/2022\/03\/TRM_BannerPremiere_DE2.jpg","width":1920,"height":600},{"@type":"BreadcrumbList","@id":"https:\/\/ucm.one\/de\/kinostartpremiere-und-special-screening-truemmermaedchen-die-geschichte-der-charlotte-schumann-in-berlin\/#breadcrumb","itemListElement":[{"@type":"ListItem","position":1,"name":"Home","item":"https:\/\/ucm.one\/de\/"},{"@type":"ListItem","position":2,"name":"\ud83c\udfac Kinostartpremiere und Special Screening \u201eTr\u00fcmmerm\u00e4dchen &#8211; Die Geschichte der Charlotte Schumann\u201c in Berlin"}]},{"@type":"WebSite","@id":"https:\/\/ucm.one\/de\/#website","url":"https:\/\/ucm.one\/de\/","name":"UCM.ONE","description":"","publisher":{"@id":"https:\/\/ucm.one\/de\/#organization"},"potentialAction":[{"@type":"SearchAction","target":{"@type":"EntryPoint","urlTemplate":"https:\/\/ucm.one\/de\/?s={search_term_string}"},"query-input":{"@type":"PropertyValueSpecification","valueRequired":true,"valueName":"search_term_string"}}],"inLanguage":"de"},{"@type":"Organization","@id":"https:\/\/ucm.one\/de\/#organization","name":"UCM.ONE","url":"https:\/\/ucm.one\/de\/","logo":{"@type":"ImageObject","inLanguage":"de","@id":"https:\/\/ucm.one\/de\/#\/schema\/logo\/image\/","url":"https:\/\/ucm.one\/wp-content\/uploads\/2019\/10\/UCM.ONE-Logo-RGB.svg","contentUrl":"https:\/\/ucm.one\/wp-content\/uploads\/2019\/10\/UCM.ONE-Logo-RGB.svg","width":1,"height":1,"caption":"UCM.ONE"},"image":{"@id":"https:\/\/ucm.one\/de\/#\/schema\/logo\/image\/"}},{"@type":"Person","@id":"https:\/\/ucm.one\/de\/#\/schema\/person\/4b959e467e8acc058836467a0ef8fa50","name":"Joachim Keil","image":{"@type":"ImageObject","inLanguage":"de","@id":"https:\/\/secure.gravatar.com\/avatar\/10e1dfd05f2a7a7bc83cd44bae31e01c8ac15f974229211a2b1a49fa0a22fec0?s=96&d=mm&r=g","url":"https:\/\/secure.gravatar.com\/avatar\/10e1dfd05f2a7a7bc83cd44bae31e01c8ac15f974229211a2b1a49fa0a22fec0?s=96&d=mm&r=g","contentUrl":"https:\/\/secure.gravatar.com\/avatar\/10e1dfd05f2a7a7bc83cd44bae31e01c8ac15f974229211a2b1a49fa0a22fec0?s=96&d=mm&r=g","caption":"Joachim Keil"},"sameAs":["https:\/\/ucm.one"]}]}},"_links":{"self":[{"href":"https:\/\/ucm.one\/de\/wp-json\/wp\/v2\/posts\/66004","targetHints":{"allow":["GET"]}}],"collection":[{"href":"https:\/\/ucm.one\/de\/wp-json\/wp\/v2\/posts"}],"about":[{"href":"https:\/\/ucm.one\/de\/wp-json\/wp\/v2\/types\/post"}],"author":[{"embeddable":true,"href":"https:\/\/ucm.one\/de\/wp-json\/wp\/v2\/users\/2"}],"replies":[{"embeddable":true,"href":"https:\/\/ucm.one\/de\/wp-json\/wp\/v2\/comments?post=66004"}],"version-history":[{"count":0,"href":"https:\/\/ucm.one\/de\/wp-json\/wp\/v2\/posts\/66004\/revisions"}],"wp:featuredmedia":[{"embeddable":true,"href":"https:\/\/ucm.one\/de\/wp-json\/wp\/v2\/media\/66005"}],"wp:attachment":[{"href":"https:\/\/ucm.one\/de\/wp-json\/wp\/v2\/media?parent=66004"}],"wp:term":[{"taxonomy":"category","embeddable":true,"href":"https:\/\/ucm.one\/de\/wp-json\/wp\/v2\/categories?post=66004"},{"taxonomy":"post_tag","embeddable":true,"href":"https:\/\/ucm.one\/de\/wp-json\/wp\/v2\/tags?post=66004"}],"curies":[{"name":"wp","href":"https:\/\/api.w.org\/{rel}","templated":true}]}}