{"id":65243,"date":"2022-03-04T13:47:40","date_gmt":"2022-03-04T13:47:40","guid":{"rendered":"https:\/\/ucm.one\/?p=65243"},"modified":"2023-04-01T16:38:05","modified_gmt":"2023-04-01T16:38:05","slug":"es-geschah-am-3-tag","status":"publish","type":"post","link":"https:\/\/ucm.one\/de\/es-geschah-am-3-tag\/","title":{"rendered":"\ud83c\udfac Ab heute erh\u00e4ltlich: \u201eEs geschah am 3. Tag\u201c von Daniel de la Vega (U1 Films Berlin)"},"content":{"rendered":"<div class=\"wpb-content-wrapper\"><p>[vc_row][vc_column][vc_column_text]<\/p>\n<div class=\"\">\n<p>Der au\u00dfergew\u00f6hnlich atmosph\u00e4risch dichte Horrorfilm &#8222;<strong>Es geschah am 3. Tag<\/strong>&#8220;\u00a0<span lang=\"EN-US\">von Regisseur <strong>Daniel de la Vega<\/strong>\u00a0erscheint heute auf dem Label <strong><span style=\"font-family: 'arial black', sans-serif;\">U1<\/span> Films Berlin<\/strong> von <strong><span style=\"font-family: arial black, sans-serif;\">UCM.ONE\u00a0<\/span><\/strong><span style=\"font-family: arial black, sans-serif;\"><span style=\"font-family: arial, helvetica, sans-serif;\">in\u00a0Deutschland,\u00a0\u00d6sterreich und der Schweiz. &#8222;<strong>Es geschah am 3. Tag<\/strong>&#8220;\u00a0<\/span><\/span><\/span>lief 2021 erfolgreich auf dem\u00a0<strong>Fantasia International Filmfest\u00a0<\/strong>in Kanada und beim\u00a0<strong>Grimmfest International Festival of Fantastic Film<\/strong> in\u00a0Manchester (Gro\u00dfbritannien).<\/p>\n<\/div>\n<p>[\/vc_column_text][\/vc_column][\/vc_row][vc_row][vc_column width=&#8220;3\/4&#8243;][vc_column_text]&#8220;<strong>Es geschah am 3. Tag<\/strong>&#8220;\u00a0(Original Titel: <strong>Al Tercer D\u00eda<\/strong>; Englischer Titel:\u00a0<span lang=\"EN-US\"><strong>On the 3<sup>rd\u00a0<\/sup>Day<\/strong>) ist e<\/span>in d\u00fcsteres Meisterwerk, das das Zeug hat, selbst einmal ein moderner Klassiker im Bereich der Vampirfilme zu werden. <span style=\"font-family: 'arial black', sans-serif;\"><strong>UCM.ONE<\/strong><\/span> bringt den Film in der ungeschnittenen Fassung auf den Markt.[\/vc_column_text][vc_column_text]<span style=\"font-size: 14pt;\">Inhalt<\/span><\/p>\n<p>Cecilia (<strong>Mariana Anghileri<\/strong>) und ihr achtj\u00e4hriger Sohn Mart\u00edn (<strong>Octavio Belmonte<\/strong>) haben nachts auf einer Landstra\u00dfe Richtung Santa Cruz einen schweren Autounfall. Drei Tage sp\u00e4ter wacht Cecilia in den \u00dcberresten eines fremden Geb\u00e4udes auf, ohne zu wissen, was in der Zwischenzeit passiert ist oder wo ihr Sohn abgeblieben ist. Herumirrend wird sie aufgegriffen und in ein Krankenhaus gebracht. Sie hat nun immer wieder Visionen von Mart\u00edn in einem roten Regencape. Ihr geschiedener Mann verd\u00e4chtig sie, den Jungen entf\u00fchrt zu haben, und auch die Polizei nimmt nur sie ins Visier der Ermittlungen.[\/vc_column_text][vc_column_text]Deshalb beschlie\u00dft Cecilia, aus dem Krankenhaus zu fliehen und den Unfallgegner zu suchen. Fluchthilfe erh\u00e4lt sie vom Krankenhausarzt Dr. Hern\u00e1n (<strong>Lautaro Delgado<\/strong>). Doch was die beiden auf der Suche nach Mart\u00edn mit Hilfe eines Hellsehers herausfinden, ist ein Trip geradewegs an den Rand des Verstandes und direkt in die H\u00f6lle\u2026[\/vc_column_text][\/vc_column][vc_column width=&#8220;1\/4&#8243;][vc_single_image image=&#8220;65247&#8243; img_size=&#8220;full&#8220; onclick=&#8220;link_image&#8220;][\/vc_column][\/vc_row][vc_row][vc_column][vc_separator][\/vc_column][\/vc_row][vc_row][vc_column width=&#8220;1\/2&#8243;][vc_single_image image=&#8220;65252&#8243; img_size=&#8220;full&#8220; onclick=&#8220;link_image&#8220;][\/vc_column][vc_column width=&#8220;1\/2&#8243;][vc_single_image image=&#8220;65255&#8243; img_size=&#8220;full&#8220; onclick=&#8220;link_image&#8220;][\/vc_column][\/vc_row][vc_row css=&#8220;.vc_custom_1646580453070{margin-right: -10px !important;margin-left: -10px !important;border-right-width: -3px !important;border-left-width: -3px !important;padding-top: 5px !important;padding-right: 5px !important;padding-bottom: 5px !important;padding-left: 5px !important;background-color: #eaeaea !important;}&#8220;][vc_column][vc_empty_space height=&#8220;15px&#8220;][vc_column_text css=&#8220;.vc_custom_1646581872444{margin-bottom: -20px !important;border-bottom-width: -20px !important;padding-bottom: -20px !important;}&#8220;]<\/p>\n<div class=\"wpb_text_column wpb_content_element \">\n<p><span style=\"font-size: 14pt;\">Daten zum Film<\/span><\/p>\n<table style=\"border-collapse: collapse; width: 100%; height: 88px;\">\n<tbody>\n<tr style=\"height: 22px;\">\n<td style=\"width: 14.48703494926719%; height: 22px;\"><strong>Original Titel<\/strong><\/td>\n<td style=\"width: 85.51296505073282%; height: 22px;\">\n<div>Al Tercer D\u00eda<\/div>\n<\/td>\n<\/tr>\n<tr>\n<td style=\"width: 14.48703494926719%;\"><strong>Regie:<\/strong><\/td>\n<td style=\"width: 85.51296505073282%;\">Daniel de la Vega<\/td>\n<\/tr>\n<tr style=\"height: 22px;\">\n<td style=\"width: 14.48703494926719%; height: 22px;\"><strong>Produzenten:<\/strong><\/td>\n<td style=\"width: 85.51296505073282%; height: 22px;\">Daniel de la Vega, N\u00e9stor S\u00e1nchez Sotelo<\/td>\n<\/tr>\n<tr style=\"height: 22px;\">\n<td style=\"width: 14.48703494926719%; height: 22px;\"><strong>Darstellende:<\/strong><\/td>\n<td style=\"width: 85.51296505073282%; height: 22px;\">Mariana Ahghileri, Arturo Bon\u00edn, Diego Cremonesi, Lautaro Delgado, Mathias Domizi, Nicol\u00e1s Galvagno, Ver\u00f3nica Intile, Rodolfo Ranni, Gerardo Romano, Octavio Belmonte<\/td>\n<\/tr>\n<tr>\n<td style=\"width: 14.48703494926719%;\"><strong>Produktionsland:<\/strong><\/td>\n<td style=\"width: 85.51296505073282%;\">Argentinien<\/td>\n<\/tr>\n<tr style=\"height: 22px;\">\n<td style=\"width: 14.48703494926719%; height: 22px;\"><strong>Premiere:<\/strong><\/td>\n<td style=\"width: 85.51296505073282%; height: 22px;\">04. Februar 2021 in Argentinien<\/td>\n<\/tr>\n<\/tbody>\n<\/table>\n<p>&nbsp;<\/p>\n<\/div>\n<p>[\/vc_column_text][vc_empty_space height=&#8220;-40px&#8220;][\/vc_column][\/vc_row][vc_row][vc_column][vc_empty_space height=&#8220;24px&#8220;][vc_column_text]Die au\u00dfergew\u00f6hnliche Kameraeinstellungen stammen von <strong>Mariano Su\u00e1rez<\/strong> (&#8222;<strong>Terrified<\/strong>&#8222;). Dabei werden die Bilder immer dunkler, je mysteri\u00f6ser der Film sich entwickelt. <em>\u201eEr versteht es auch, sich gut in den Schatten zu bewegen und das Licht in den relevanten Details zu sch\u00e4rfen. Eine Fotografie ohne Schnickschnack, aber mit ein paar Details, an die man sich erinnert.\u201c<\/em> (<strong>terrorweekend.com<\/strong>)[\/vc_column_text][\/vc_column][\/vc_row][vc_row][vc_column width=&#8220;1\/2&#8243;][vc_single_image image=&#8220;65267&#8243; img_size=&#8220;full&#8220; onclick=&#8220;link_image&#8220;][\/vc_column][vc_column width=&#8220;1\/2&#8243;][vc_single_image image=&#8220;65270&#8243; img_size=&#8220;full&#8220; onclick=&#8220;link_image&#8220;][\/vc_column][\/vc_row][vc_row][vc_column][vc_column_text]<\/p>\n<div class=\"wpb_text_column wpb_content_element \">\n<p><span style=\"font-size: 18pt;\">Stimmen zum Film<\/span><\/p>\n<p><em>\u201eEin gro\u00dfes Lob geb\u00fchrt auch dem Kameramann Mariano Su\u00e1rez (Blood Brothers, Terrified), der dem Film einen d\u00fcster-atmosph\u00e4rischen Look mit unerwarteten Momenten der Sch\u00f6nheit verleiht.\u201c<\/em> (<strong>voicesfromthebalcony.com<\/strong>)<\/p>\n<p><em>\u201eDie Ausstattung des Films ist gro\u00dfartig; das Ganze funktioniert hervorragend und gibt dem Film das Gef\u00fchl eines reichen und \u00fcppigen filmischen Genusses.\u201d<\/em> (<strong>ukfilmreview.co.uk<\/strong>)<\/p>\n<p><em>\u201eEs geschah am 3. Tag ist nur der j\u00fcngste in einer langen Reihe hervorragender s\u00fcdamerikanischer Horrorfilme, ein wunderbar atmosph\u00e4risches Werk, das Horrorfans sehr zu empfehlen ist.\u201c<\/em> (<strong>Sordid Cinema)<\/strong><\/p>\n<p><em>\u201eDas zentrale Geheimnis des Films ist fesselnd. Wir wissen bis zum Schluss nicht, wie die Teile zusammenh\u00e4ngen. Der Versuch, jeden neuen Hinweis zusammenzusetzen, macht gro\u00dfen Spa\u00df, und die Auswirkungen der gro\u00dfen Enth\u00fcllung sind erschreckend. In Es geschah am 3. Tag gibt es auch eine Menge unterschwellig blutiges Chaos, das auf das Finale hinf\u00fchrt. Nichts f\u00fcr Zartbesaitete&#8230;\u201d<\/em>\u00a0 (<strong>The Aisle Seat<\/strong>)<\/p>\n<p><em>\u201e&#8230;der Erz\u00e4hlstil des Films vermittelt Frische und Aktualit\u00e4t. Gleichzeitig bleibt der Film klassischen mystischen Elementen des Vampir-Horrorfilms treu. Zudem ist das Ende von Es geschah am 3. Tag verst\u00f6rend brutal\u2026\u201c<\/em> \u00a0(<strong>Heaven of Horror<\/strong>)<\/p>\n<p><em>\u201e&#8230;ein cleverer und sorgf\u00e4ltig strukturierter Horrorfilm, der erfolgreich mehrere Horrortropen einbezieht, ohne in einen bestimmtenTrott zu verfallen. Der Film nimmt erst den einen und dann den anderen Weg, die aber alle zu etwas Vertrautem zusammengef\u00fchrt werden, das sich aber dennoch brandneu anf\u00fchlt.&#8220;<\/em> (<strong>Warped Perspective<\/strong>)<\/p>\n<p><em>\u201eEs geschah am 3. Tag ist ein argentinischer Horrorfilm des Regisseurs Daniel de la Vega, der bereits \u00fcber gro\u00dfe Erfahrung in diesem Genre verf\u00fcgt. Der Film, der mit verschiedensten Elementen gespickt ist, bietet eine solide Inszenierung und eine sehr gute Besetzung.\u201c\u00a0<\/em>(<strong>elgolocine.wordpress.com<\/strong>)<\/p>\n<p><em>\u201eEs geschah am 3. Tag ist ein fesselnder Horrorfilm, sowohl visuell als auch in Bezug auf die Geschichte, die er erz\u00e4hlt. Er ist eine der gr\u00f6\u00dften Entdeckungen des Fantasiafilmfest 2021.\u201d<\/em> (<strong>aisleseat.com<\/strong>)<\/p>\n<\/div>\n<p>[\/vc_column_text][\/vc_column][\/vc_row][vc_row][vc_column][vc_single_image image=&#8220;65273&#8243; img_size=&#8220;full&#8220; onclick=&#8220;link_image&#8220;][\/vc_column][\/vc_row][vc_row][vc_column][vc_empty_space height=&#8220;15px&#8220;][vc_separator][vc_row_inner][vc_column_inner width=&#8220;1\/5&#8243;][vc_btn title=&#8220;Amazon&#8220; style=&#8220;classic&#8220; color=&#8220;orange&#8220; size=&#8220;sm&#8220; align=&#8220;center&#8220; i_icon_fontawesome=&#8220;fab fa-amazon&#8220; button_block=&#8220;true&#8220; add_icon=&#8220;true&#8220; link=&#8220;url:https%3A%2F%2Fwww.amazon.de%2FEs-geschah-3-Tag-Blu-ray%2Fdp%2FB09NR745RB|title:Amazon|target:_blank&#8220;][\/vc_column_inner][vc_column_inner width=&#8220;1\/5&#8243;][vc_btn title=&#8220;Mediamarkt&#8220; style=&#8220;classic&#8220; color=&#8220;danger&#8220; size=&#8220;sm&#8220; align=&#8220;center&#8220; i_icon_fontawesome=&#8220;far fa-dot-circle&#8220; button_block=&#8220;true&#8220; add_icon=&#8220;true&#8220; link=&#8220;url:https%3A%2F%2Fwww.mediamarkt.de%2Fde%2Fproduct%2F_on-the-3rd-day-blu-ray-2781141.html|title:Mediamarkt|target:_blank&#8220;][\/vc_column_inner][vc_column_inner width=&#8220;1\/5&#8243;][vc_btn title=&#8220;Shop&#8220; style=&#8220;classic&#8220; color=&#8220;juicy-pink&#8220; size=&#8220;sm&#8220; align=&#8220;center&#8220; i_icon_fontawesome=&#8220;fas fa-shopping-cart&#8220; button_block=&#8220;true&#8220; add_icon=&#8220;true&#8220; link=&#8220;url:https%3A%2F%2Fucm.one%2Fde%2Fprodukt%2Fes-geschah-am-3-tag|title:Shop&#8220;][\/vc_column_inner][vc_column_inner width=&#8220;1\/5&#8243;][vc_btn title=&#8220;Apple TV&#8220; style=&#8220;classic&#8220; color=&#8220;sky&#8220; size=&#8220;sm&#8220; align=&#8220;center&#8220; i_icon_fontawesome=&#8220;fab fa-apple&#8220; button_block=&#8220;true&#8220; add_icon=&#8220;true&#8220; link=&#8220;url:https%3A%2F%2Ftv.apple.com%2Fde%2Fmovie%2Fes-geschah-am-3-tag%2Fumc.cmc.kiisfn7lz523v1m3megqft36|title:Apple%20TV|target:_blank&#8220;][\/vc_column_inner][vc_column_inner width=&#8220;1\/5&#8243;][vc_btn title=&#8220;Maxdome&#8220; style=&#8220;classic&#8220; color=&#8220;sky&#8220; size=&#8220;sm&#8220; align=&#8220;center&#8220; i_icon_fontawesome=&#8220;far fa-play-circle&#8220; button_block=&#8220;true&#8220; add_icon=&#8220;true&#8220; link=&#8220;url:https%3A%2F%2Fstore.maxdome.de%2Fmo43219831|title:Maxdome|target:_blank&#8220;][\/vc_column_inner][\/vc_row_inner][\/vc_column][\/vc_row][vc_row][vc_column][vc_empty_space height=&#8220;25px&#8220;][vc_column_text]<\/p>\n<div class=\"wpb_text_column wpb_content_element \">\n<div class=\"wpb_wrapper\">\n<p><span style=\"font-size: 18pt;\">Technische Daten<\/span><\/p>\n<p><strong>DVD<\/strong> | Bildformat: WS 2.35:1 (anamorph | Laufzeit: ca. 81 Min | Tonformate:\u00a0Deutsch DD 5.1,\u00a0Spanisch DD 5.1,\u00a0Englisch DD 5.1 |<span lang=\"EN-US\">\u00a0Extras: Original Trailer, Deutscher Trailer, Artworkgalerie<\/span><span lang=\"EN-US\">\u00a0<\/span><span lang=\"EN-US\">| Genres: Horror, Mystery |\u00a0<\/span>FSK 18<\/p>\n<p><strong>Blu-Ray<\/strong> | Bildformat:\u00a0<span lang=\"EN-US\">WS 2.35:1 \/ 1080p 23.976\u00a0<\/span>| Laufzeit: ca. 85 Min (84,32) | Tonformate:\u00a0Deutsch\u00a0DTS-HD Master Audio 5.1,\u00a0Spanisch DTS-HD Master Audio 5.1,\u00a0Englisch DTS-HD Master Audio 5.1 |<span lang=\"EN-US\">\u00a0Extras: Original Trailer, Deutscher Trailer, Artworkgalerie<\/span><span lang=\"EN-US\">\u00a0<\/span><span lang=\"EN-US\">| Genres: Horror, Mystery |\u00a0<\/span>FSK 18<\/p>\n<\/div>\n<\/div>\n<p>[\/vc_column_text][vc_separator css=&#8220;.vc_custom_1560377795279{margin-top: 15px !important;}&#8220;][vc_empty_space height=&#8220;15px&#8220;][\/vc_column][\/vc_row][vc_row][vc_column][vc_video link=&#8220;https:\/\/youtu.be\/1ZQZgkIxWbk&#8220; title=&#8220;Es geschah am 3. Tag | Trailer (deutsch) \u1d34\u1d30&#8220;][\/vc_column][\/vc_row][vc_row][vc_column][vc_column_text]Weitere Informationen \u00fcber das Filmlabel: <a title=\"U1 Films Berlin\" href=\"https:\/\/ucm.one\/de\/film-labels\/u1-films-berlin\/\">U1 Films Berlin<\/a>[\/vc_column_text][\/vc_column][\/vc_row]<\/p>\n<\/div>","protected":false},"excerpt":{"rendered":"<p>[vc_row][vc_column][vc_column_text] Der au\u00dfergew\u00f6hnlich atmosph\u00e4risch dichte Horrorfilm &#8222;Es geschah am 3. Tag&#8220;\u00a0von Regisseur Daniel de la Vega\u00a0erscheint heute auf dem Label U1 Films Berlin von UCM.ONE\u00a0in\u00a0Deutschland,\u00a0\u00d6sterreich und der Schweiz. &#8222;Es geschah am 3. Tag&#8220;\u00a0lief 2021 erfolgreich auf dem\u00a0Fantasia International Filmfest\u00a0in Kanada und beim\u00a0Grimmfest International Festival of Fantastic Film in\u00a0Manchester (Gro\u00dfbritannien). [\/vc_column_text][\/vc_column][\/vc_row][vc_row][vc_column width=&#8220;3\/4&#8243;][vc_column_text]&#8220;Es geschah am 3. Tag&#8220;\u00a0(Original&hellip;<\/p>\n","protected":false},"author":2,"featured_media":65244,"comment_status":"closed","ping_status":"closed","sticky":false,"template":"","format":"standard","meta":{"_acf_changed":false,"footnotes":""},"categories":[8,13,8294],"tags":[11952,6387,11957,11954,11958,11951,11959,11956,11960,11955,11961,11953,8322,2344],"class_list":["post-65243","post","type-post","status-publish","format-standard","has-post-thumbnail","hentry","category-film","category-news","category-u1-films-berlin","tag-al-tercer-dia","tag-argentinien","tag-arturo-bonin","tag-daniel-de-la-vega","tag-diego-cremonesi","tag-es-geschah-am-3-tag","tag-lautaro-delgado","tag-mariana-ahghileri","tag-mathias-domizi","tag-nestor-sanchez-sotelo","tag-octavio-belmontehorror","tag-on-the-3rd-day","tag-u1-films-berlin-de","tag-vampire","category-8","category-13","category-8294","description-off"],"acf":[],"yoast_head":"<!-- This site is optimized with the Yoast SEO plugin v27.5 - https:\/\/yoast.com\/product\/yoast-seo-wordpress\/ -->\n<title>\u201eEs geschah am 3. Tag\u201c von Daniel de la Vega<\/title>\n<meta name=\"description\" content=\"Ein d\u00fcsteres Meisterwerk, das das Zeug hat, selbst einmal ein moderner Klassiker des Vampirfilms zu werden.\" \/>\n<meta name=\"robots\" content=\"index, follow, max-snippet:-1, max-image-preview:large, max-video-preview:-1\" \/>\n<link rel=\"canonical\" href=\"https:\/\/ucm.one\/de\/es-geschah-am-3-tag\/\" \/>\n<meta property=\"og:locale\" content=\"de_DE\" \/>\n<meta property=\"og:type\" content=\"article\" \/>\n<meta property=\"og:title\" content=\"\u201eEs geschah am 3. Tag\u201c von Daniel de la Vega\" \/>\n<meta property=\"og:description\" content=\"Ein d\u00fcsteres Meisterwerk, das das Zeug hat, selbst einmal ein moderner Klassiker des Vampirfilms zu werden.\" \/>\n<meta property=\"og:url\" content=\"https:\/\/ucm.one\/de\/es-geschah-am-3-tag\/\" \/>\n<meta property=\"og:site_name\" content=\"UCM.ONE\" \/>\n<meta property=\"article:published_time\" content=\"2022-03-04T13:47:40+00:00\" \/>\n<meta property=\"article:modified_time\" content=\"2023-04-01T16:38:05+00:00\" \/>\n<meta property=\"og:image\" content=\"https:\/\/ucm.one\/wp-content\/uploads\/2022\/03\/P-Es-geschah-am-3-Tag.jpg\" \/>\n<meta name=\"author\" content=\"Joachim Keil\" \/>\n<meta name=\"twitter:card\" content=\"summary_large_image\" \/>\n<meta name=\"twitter:title\" content=\"\u201eEs geschah am 3. Tag\u201c von Daniel de la Vega\" \/>\n<meta name=\"twitter:description\" content=\"Ein d\u00fcsteres Meisterwerk, das das Zeug hat, selbst einmal ein moderner Klassiker des Vampirfilms zu werden.\" \/>\n<meta name=\"twitter:image\" content=\"https:\/\/ucm.one\/wp-content\/uploads\/2022\/03\/P-Es-geschah-am-3-Tag.jpg\" \/>\n<meta name=\"twitter:label1\" content=\"Verfasst von\" \/>\n\t<meta name=\"twitter:data1\" content=\"Joachim Keil\" \/>\n\t<meta name=\"twitter:label2\" content=\"Gesch\u00e4tzte Lesezeit\" \/>\n\t<meta name=\"twitter:data2\" content=\"7\u00a0Minuten\" \/>\n<!-- \/ Yoast SEO plugin. -->","yoast_head_json":{"title":"\u201eEs geschah am 3. Tag\u201c von Daniel de la Vega","description":"Ein d\u00fcsteres Meisterwerk, das das Zeug hat, selbst einmal ein moderner Klassiker des Vampirfilms zu werden.","robots":{"index":"index","follow":"follow","max-snippet":"max-snippet:-1","max-image-preview":"max-image-preview:large","max-video-preview":"max-video-preview:-1"},"canonical":"https:\/\/ucm.one\/de\/es-geschah-am-3-tag\/","og_locale":"de_DE","og_type":"article","og_title":"\u201eEs geschah am 3. Tag\u201c von Daniel de la Vega","og_description":"Ein d\u00fcsteres Meisterwerk, das das Zeug hat, selbst einmal ein moderner Klassiker des Vampirfilms zu werden.","og_url":"https:\/\/ucm.one\/de\/es-geschah-am-3-tag\/","og_site_name":"UCM.ONE","article_published_time":"2022-03-04T13:47:40+00:00","article_modified_time":"2023-04-01T16:38:05+00:00","og_image":[{"url":"https:\/\/ucm.one\/wp-content\/uploads\/2022\/03\/P-Es-geschah-am-3-Tag.jpg","type":"","width":"","height":""}],"author":"Joachim Keil","twitter_card":"summary_large_image","twitter_title":"\u201eEs geschah am 3. Tag\u201c von Daniel de la Vega","twitter_description":"Ein d\u00fcsteres Meisterwerk, das das Zeug hat, selbst einmal ein moderner Klassiker des Vampirfilms zu werden.","twitter_image":"https:\/\/ucm.one\/wp-content\/uploads\/2022\/03\/P-Es-geschah-am-3-Tag.jpg","twitter_misc":{"Verfasst von":"Joachim Keil","Gesch\u00e4tzte Lesezeit":"7\u00a0Minuten"},"schema":{"@context":"https:\/\/schema.org","@graph":[{"@type":"Article","@id":"https:\/\/ucm.one\/de\/es-geschah-am-3-tag\/#article","isPartOf":{"@id":"https:\/\/ucm.one\/de\/es-geschah-am-3-tag\/"},"author":{"name":"Joachim Keil","@id":"https:\/\/ucm.one\/de\/#\/schema\/person\/4b959e467e8acc058836467a0ef8fa50"},"headline":"\ud83c\udfac Ab heute erh\u00e4ltlich: \u201eEs geschah am 3. Tag\u201c von Daniel de la Vega (U1 Films Berlin)","datePublished":"2022-03-04T13:47:40+00:00","dateModified":"2023-04-01T16:38:05+00:00","mainEntityOfPage":{"@id":"https:\/\/ucm.one\/de\/es-geschah-am-3-tag\/"},"wordCount":1358,"publisher":{"@id":"https:\/\/ucm.one\/de\/#organization"},"image":{"@id":"https:\/\/ucm.one\/de\/es-geschah-am-3-tag\/#primaryimage"},"thumbnailUrl":"https:\/\/ucm.one\/wp-content\/uploads\/2022\/03\/B-Es-Geschah-Am-3Tag.jpg","keywords":["Al Tercer D\u00eda","Argentinien","Arturo Bon\u00edn","Daniel de la Vega","Diego Cremonesi","Es geschah am 3. Tag","Lautaro Delgado","Mariana Ahghileri","Mathias Domizi","N\u00e9stor S\u00e1nchez Sotelo","Octavio BelmonteHorror","On the 3rd Day","U1 Films Berlin","Vampire"],"articleSection":["Film","News","U1 Films Berlin"],"inLanguage":"de"},{"@type":"WebPage","@id":"https:\/\/ucm.one\/de\/es-geschah-am-3-tag\/","url":"https:\/\/ucm.one\/de\/es-geschah-am-3-tag\/","name":"\u201eEs geschah am 3. Tag\u201c von Daniel de la Vega","isPartOf":{"@id":"https:\/\/ucm.one\/de\/#website"},"primaryImageOfPage":{"@id":"https:\/\/ucm.one\/de\/es-geschah-am-3-tag\/#primaryimage"},"image":{"@id":"https:\/\/ucm.one\/de\/es-geschah-am-3-tag\/#primaryimage"},"thumbnailUrl":"https:\/\/ucm.one\/wp-content\/uploads\/2022\/03\/B-Es-Geschah-Am-3Tag.jpg","datePublished":"2022-03-04T13:47:40+00:00","dateModified":"2023-04-01T16:38:05+00:00","description":"Ein d\u00fcsteres Meisterwerk, das das Zeug hat, selbst einmal ein moderner Klassiker des Vampirfilms zu werden.","breadcrumb":{"@id":"https:\/\/ucm.one\/de\/es-geschah-am-3-tag\/#breadcrumb"},"inLanguage":"de","potentialAction":[{"@type":"ReadAction","target":["https:\/\/ucm.one\/de\/es-geschah-am-3-tag\/"]}]},{"@type":"ImageObject","inLanguage":"de","@id":"https:\/\/ucm.one\/de\/es-geschah-am-3-tag\/#primaryimage","url":"https:\/\/ucm.one\/wp-content\/uploads\/2022\/03\/B-Es-Geschah-Am-3Tag.jpg","contentUrl":"https:\/\/ucm.one\/wp-content\/uploads\/2022\/03\/B-Es-Geschah-Am-3Tag.jpg","width":1920,"height":600},{"@type":"BreadcrumbList","@id":"https:\/\/ucm.one\/de\/es-geschah-am-3-tag\/#breadcrumb","itemListElement":[{"@type":"ListItem","position":1,"name":"Home","item":"https:\/\/ucm.one\/de\/"},{"@type":"ListItem","position":2,"name":"\ud83c\udfac Ab heute erh\u00e4ltlich: \u201eEs geschah am 3. Tag\u201c von Daniel de la Vega (U1 Films Berlin)"}]},{"@type":"WebSite","@id":"https:\/\/ucm.one\/de\/#website","url":"https:\/\/ucm.one\/de\/","name":"UCM.ONE","description":"","publisher":{"@id":"https:\/\/ucm.one\/de\/#organization"},"potentialAction":[{"@type":"SearchAction","target":{"@type":"EntryPoint","urlTemplate":"https:\/\/ucm.one\/de\/?s={search_term_string}"},"query-input":{"@type":"PropertyValueSpecification","valueRequired":true,"valueName":"search_term_string"}}],"inLanguage":"de"},{"@type":"Organization","@id":"https:\/\/ucm.one\/de\/#organization","name":"UCM.ONE","url":"https:\/\/ucm.one\/de\/","logo":{"@type":"ImageObject","inLanguage":"de","@id":"https:\/\/ucm.one\/de\/#\/schema\/logo\/image\/","url":"https:\/\/ucm.one\/wp-content\/uploads\/2019\/10\/UCM.ONE-Logo-RGB.svg","contentUrl":"https:\/\/ucm.one\/wp-content\/uploads\/2019\/10\/UCM.ONE-Logo-RGB.svg","width":1,"height":1,"caption":"UCM.ONE"},"image":{"@id":"https:\/\/ucm.one\/de\/#\/schema\/logo\/image\/"}},{"@type":"Person","@id":"https:\/\/ucm.one\/de\/#\/schema\/person\/4b959e467e8acc058836467a0ef8fa50","name":"Joachim Keil","image":{"@type":"ImageObject","inLanguage":"de","@id":"https:\/\/secure.gravatar.com\/avatar\/10e1dfd05f2a7a7bc83cd44bae31e01c8ac15f974229211a2b1a49fa0a22fec0?s=96&d=mm&r=g","url":"https:\/\/secure.gravatar.com\/avatar\/10e1dfd05f2a7a7bc83cd44bae31e01c8ac15f974229211a2b1a49fa0a22fec0?s=96&d=mm&r=g","contentUrl":"https:\/\/secure.gravatar.com\/avatar\/10e1dfd05f2a7a7bc83cd44bae31e01c8ac15f974229211a2b1a49fa0a22fec0?s=96&d=mm&r=g","caption":"Joachim Keil"},"sameAs":["https:\/\/ucm.one"]}]}},"_links":{"self":[{"href":"https:\/\/ucm.one\/de\/wp-json\/wp\/v2\/posts\/65243","targetHints":{"allow":["GET"]}}],"collection":[{"href":"https:\/\/ucm.one\/de\/wp-json\/wp\/v2\/posts"}],"about":[{"href":"https:\/\/ucm.one\/de\/wp-json\/wp\/v2\/types\/post"}],"author":[{"embeddable":true,"href":"https:\/\/ucm.one\/de\/wp-json\/wp\/v2\/users\/2"}],"replies":[{"embeddable":true,"href":"https:\/\/ucm.one\/de\/wp-json\/wp\/v2\/comments?post=65243"}],"version-history":[{"count":0,"href":"https:\/\/ucm.one\/de\/wp-json\/wp\/v2\/posts\/65243\/revisions"}],"wp:featuredmedia":[{"embeddable":true,"href":"https:\/\/ucm.one\/de\/wp-json\/wp\/v2\/media\/65244"}],"wp:attachment":[{"href":"https:\/\/ucm.one\/de\/wp-json\/wp\/v2\/media?parent=65243"}],"wp:term":[{"taxonomy":"category","embeddable":true,"href":"https:\/\/ucm.one\/de\/wp-json\/wp\/v2\/categories?post=65243"},{"taxonomy":"post_tag","embeddable":true,"href":"https:\/\/ucm.one\/de\/wp-json\/wp\/v2\/tags?post=65243"}],"curies":[{"name":"wp","href":"https:\/\/api.w.org\/{rel}","templated":true}]}}