{"id":64647,"date":"2022-02-18T17:58:52","date_gmt":"2022-02-18T17:58:52","guid":{"rendered":"https:\/\/ucm.one\/?p=64647"},"modified":"2023-03-09T16:27:36","modified_gmt":"2023-03-09T16:27:36","slug":"cores-millenium-will-rees-mixes-ab-heute-auf-dem-label-time-unlimited-erhaeltlich","status":"publish","type":"post","link":"https:\/\/ucm.one\/de\/cores-millenium-will-rees-mixes-ab-heute-auf-dem-label-time-unlimited-erhaeltlich\/","title":{"rendered":"\ud83c\udfb5 &#8222;Cores &#8211; Millenium (Will Rees Mixes)&#8220; ab heute auf dem Label Time unlimited erh\u00e4ltlich"},"content":{"rendered":"<div class=\"wpb-content-wrapper\"><p>[vc_row][vc_column width=&#8220;4\/5&#8243;][vc_column_text]<\/p>\n<div class=\"\">Der Jahrtausendwechsel zum Jahr 2000 war der erste und vielleicht auch letzte in der elektronischen Popmusik. Die Angst vor dem totalen Computer-Knock-Out am Neujahrsmorgen ging umher. Einige hatten sogar Weltuntergangs-Phantasien.<\/div>\n<p>[\/vc_column_text][vc_column_text]Die Stimmung inspirierte viele Musiker zu epochaler Kunst. Im Techno bringt vielleicht &#8222;<strong>Millennium<\/strong>&#8220; von<strong> Cores<\/strong>\u00a0(urspr\u00fcnglich ver\u00f6ffentlicht auf dem Label <a title=\"\" href=\"https:\/\/ucm.one\/de\/musik-labels\/noom-records\/\"><strong>Noom Records<\/strong><\/a>) dieses Gef\u00fchl am Ende des Jahrtausends am besten Auf den Punkt.[\/vc_column_text][vc_column_text]<\/p>\n<div class=\"\">\n<div class=\"\">\n<div class=\"\">\n<div class=\"\">\n<p>22 Jahre sp\u00e4ter ist es nun wieder an der Zeit der Reflexion, Mit dem &#8222;<strong>Will Rees Mix<\/strong>&#8220; wird die &#8222;<strong>Millennium<\/strong>&#8220; Box auf dem label <strong>Time unlimited<\/strong> neu ge\u00f6ffnet.<\/p>\n<\/div>\n<\/div>\n<\/div>\n<\/div>\n<p>[\/vc_column_text][\/vc_column][vc_column width=&#8220;1\/5&#8243;][vc_single_image image=&#8220;64654&#8243; img_size=&#8220;full&#8220; onclick=&#8220;link_image&#8220;][vc_btn title=&#8220;Cores<br \/>\nMillenium (Will Rees Mixes)<br \/>\n<small>2022\u30fbSingle<\/small>&#8220; style=&#8220;flat&#8220; color=&#8220;white&#8220; size=&#8220;xs&#8220; align=&#8220;center&#8220; button_block=&#8220;true&#8220; css=&#8220;.vc_custom_1645380086598{margin-top: -35px !important;}&#8220; link=&#8220;target:_blank&#8220;][vc_btn title=&#8220;Download \/ Streaming&#8220; style=&#8220;flat&#8220; color=&#8220;sky&#8220; size=&#8220;xs&#8220; align=&#8220;center&#8220; i_icon_fontawesome=&#8220;fas fa-external-link-square-alt&#8220; button_block=&#8220;true&#8220; add_icon=&#8220;true&#8220; css=&#8220;.vc_custom_1645379986574{margin-top: -25px !important;}&#8220; link=&#8220;url:https%3A%2F%2Fsnd.click%2FMilleniumRemix|title:Cores%20-%20Millenium|target:_blank&#8220;][vc_empty_space height=&#8220;15px&#8220;][\/vc_column][\/vc_row][vc_row][vc_column][vc_separator][\/vc_column][\/vc_row][vc_row][vc_column][vc_video link=&#8220;https:\/\/youtu.be\/qVGXHurrz3A&#8220; title=&#8220;Cores &#8211; Millenium (Will Rees Mix) `{`Teaser`}` | Time Unlimited&#8220;][\/vc_column][\/vc_row]<\/p>\n<\/div>","protected":false},"excerpt":{"rendered":"<p>[vc_row][vc_column width=&#8220;4\/5&#8243;][vc_column_text] Der Jahrtausendwechsel zum Jahr 2000 war der erste und vielleicht auch letzte in der elektronischen Popmusik. Die Angst vor dem totalen Computer-Knock-Out am Neujahrsmorgen ging umher. Einige hatten sogar Weltuntergangs-Phantasien. [\/vc_column_text][vc_column_text]Die Stimmung inspirierte viele Musiker zu epochaler Kunst. Im Techno bringt vielleicht &#8222;Millennium&#8220; von Cores\u00a0(urspr\u00fcnglich ver\u00f6ffentlicht auf dem Label Noom Records) dieses Gef\u00fchl&hellip;<\/p>\n","protected":false},"author":2,"featured_media":64648,"comment_status":"closed","ping_status":"closed","sticky":false,"template":"","format":"standard","meta":{"_acf_changed":false,"footnotes":""},"categories":[9,13,10537],"tags":[11846,4966,11848,11847,11845,4985,10540,4742,11844],"class_list":["post-64647","post","type-post","status-publish","format-standard","has-post-thumbnail","hentry","category-musik","category-news","category-time-unlimited","tag-11846","tag-cores","tag-hard-trance","tag-millenium","tag-millennium","tag-noom-records","tag-time-unlimited","tag-trance","tag-will-rees","category-9","category-13","category-10537","description-off"],"acf":[],"yoast_head":"<!-- This site is optimized with the Yoast SEO plugin v27.5 - https:\/\/yoast.com\/product\/yoast-seo-wordpress\/ -->\n<title>&quot;Cores - Millenium (Will Rees Mixes)&quot; ab heute erh\u00e4ltlich<\/title>\n<meta name=\"description\" content=\"Der Jahrtausendwechsel war der erste und vielleicht auch letzte in der elektronischen Musik. Die Angst vor dem Computer-Knock-Out ging umher.\" \/>\n<meta name=\"robots\" content=\"index, follow, max-snippet:-1, max-image-preview:large, max-video-preview:-1\" \/>\n<link rel=\"canonical\" href=\"https:\/\/ucm.one\/de\/cores-millenium-will-rees-mixes-ab-heute-auf-dem-label-time-unlimited-erhaeltlich\/\" \/>\n<meta property=\"og:locale\" content=\"de_DE\" \/>\n<meta property=\"og:type\" content=\"article\" \/>\n<meta property=\"og:title\" content=\"&quot;Cores - Millenium (Will Rees Mixes)&quot; ab heute erh\u00e4ltlich\" \/>\n<meta property=\"og:description\" content=\"Der Jahrtausendwechsel war der erste und vielleicht auch letzte in der elektronischen Musik. Die Angst vor dem Computer-Knock-Out ging umher.\" \/>\n<meta property=\"og:url\" content=\"https:\/\/ucm.one\/de\/cores-millenium-will-rees-mixes-ab-heute-auf-dem-label-time-unlimited-erhaeltlich\/\" \/>\n<meta property=\"og:site_name\" content=\"UCM.ONE\" \/>\n<meta property=\"article:published_time\" content=\"2022-02-18T17:58:52+00:00\" \/>\n<meta property=\"article:modified_time\" content=\"2023-03-09T16:27:36+00:00\" \/>\n<meta property=\"og:image\" content=\"https:\/\/ucm.one\/wp-content\/uploads\/2022\/02\/C-Cores-Millenium.jpg\" \/>\n<meta name=\"author\" content=\"Joachim Keil\" \/>\n<meta name=\"twitter:card\" content=\"summary_large_image\" \/>\n<meta name=\"twitter:title\" content=\"&quot;Cores - Millenium (Will Rees Mixes)&quot; ab heute erh\u00e4ltlich\" \/>\n<meta name=\"twitter:description\" content=\"Der Jahrtausendwechsel war der erste und vielleicht auch letzte in der elektronischen Musik. Die Angst vor dem Computer-Knock-Out ging umher.\" \/>\n<meta name=\"twitter:image\" content=\"https:\/\/ucm.one\/wp-content\/uploads\/2022\/02\/C-Cores-Millenium.jpg\" \/>\n<meta name=\"twitter:label1\" content=\"Verfasst von\" \/>\n\t<meta name=\"twitter:data1\" content=\"Joachim Keil\" \/>\n\t<meta name=\"twitter:label2\" content=\"Gesch\u00e4tzte Lesezeit\" \/>\n\t<meta name=\"twitter:data2\" content=\"1\u00a0Minute\" \/>\n<!-- \/ Yoast SEO plugin. -->","yoast_head_json":{"title":"\"Cores - Millenium (Will Rees Mixes)\" ab heute erh\u00e4ltlich","description":"Der Jahrtausendwechsel war der erste und vielleicht auch letzte in der elektronischen Musik. Die Angst vor dem Computer-Knock-Out ging umher.","robots":{"index":"index","follow":"follow","max-snippet":"max-snippet:-1","max-image-preview":"max-image-preview:large","max-video-preview":"max-video-preview:-1"},"canonical":"https:\/\/ucm.one\/de\/cores-millenium-will-rees-mixes-ab-heute-auf-dem-label-time-unlimited-erhaeltlich\/","og_locale":"de_DE","og_type":"article","og_title":"\"Cores - Millenium (Will Rees Mixes)\" ab heute erh\u00e4ltlich","og_description":"Der Jahrtausendwechsel war der erste und vielleicht auch letzte in der elektronischen Musik. Die Angst vor dem Computer-Knock-Out ging umher.","og_url":"https:\/\/ucm.one\/de\/cores-millenium-will-rees-mixes-ab-heute-auf-dem-label-time-unlimited-erhaeltlich\/","og_site_name":"UCM.ONE","article_published_time":"2022-02-18T17:58:52+00:00","article_modified_time":"2023-03-09T16:27:36+00:00","og_image":[{"url":"https:\/\/ucm.one\/wp-content\/uploads\/2022\/02\/C-Cores-Millenium.jpg","type":"","width":"","height":""}],"author":"Joachim Keil","twitter_card":"summary_large_image","twitter_title":"\"Cores - Millenium (Will Rees Mixes)\" ab heute erh\u00e4ltlich","twitter_description":"Der Jahrtausendwechsel war der erste und vielleicht auch letzte in der elektronischen Musik. Die Angst vor dem Computer-Knock-Out ging umher.","twitter_image":"https:\/\/ucm.one\/wp-content\/uploads\/2022\/02\/C-Cores-Millenium.jpg","twitter_misc":{"Verfasst von":"Joachim Keil","Gesch\u00e4tzte Lesezeit":"1\u00a0Minute"},"schema":{"@context":"https:\/\/schema.org","@graph":[{"@type":"Article","@id":"https:\/\/ucm.one\/de\/cores-millenium-will-rees-mixes-ab-heute-auf-dem-label-time-unlimited-erhaeltlich\/#article","isPartOf":{"@id":"https:\/\/ucm.one\/de\/cores-millenium-will-rees-mixes-ab-heute-auf-dem-label-time-unlimited-erhaeltlich\/"},"author":{"name":"Joachim Keil","@id":"https:\/\/ucm.one\/de\/#\/schema\/person\/4b959e467e8acc058836467a0ef8fa50"},"headline":"\ud83c\udfb5 &#8222;Cores &#8211; Millenium (Will Rees Mixes)&#8220; ab heute auf dem Label Time unlimited erh\u00e4ltlich","datePublished":"2022-02-18T17:58:52+00:00","dateModified":"2023-03-09T16:27:36+00:00","mainEntityOfPage":{"@id":"https:\/\/ucm.one\/de\/cores-millenium-will-rees-mixes-ab-heute-auf-dem-label-time-unlimited-erhaeltlich\/"},"wordCount":267,"publisher":{"@id":"https:\/\/ucm.one\/de\/#organization"},"image":{"@id":"https:\/\/ucm.one\/de\/cores-millenium-will-rees-mixes-ab-heute-auf-dem-label-time-unlimited-erhaeltlich\/#primaryimage"},"thumbnailUrl":"https:\/\/ucm.one\/wp-content\/uploads\/2022\/02\/B-Cores-Millenium.jpeg","keywords":["2000","Cores","Hard trance","Millenium","Millennium","Noom Records","Time unlimited","Trance","Will Rees"],"articleSection":["Musik","News","Time unlimited"],"inLanguage":"de"},{"@type":"WebPage","@id":"https:\/\/ucm.one\/de\/cores-millenium-will-rees-mixes-ab-heute-auf-dem-label-time-unlimited-erhaeltlich\/","url":"https:\/\/ucm.one\/de\/cores-millenium-will-rees-mixes-ab-heute-auf-dem-label-time-unlimited-erhaeltlich\/","name":"\"Cores - Millenium (Will Rees Mixes)\" ab heute erh\u00e4ltlich","isPartOf":{"@id":"https:\/\/ucm.one\/de\/#website"},"primaryImageOfPage":{"@id":"https:\/\/ucm.one\/de\/cores-millenium-will-rees-mixes-ab-heute-auf-dem-label-time-unlimited-erhaeltlich\/#primaryimage"},"image":{"@id":"https:\/\/ucm.one\/de\/cores-millenium-will-rees-mixes-ab-heute-auf-dem-label-time-unlimited-erhaeltlich\/#primaryimage"},"thumbnailUrl":"https:\/\/ucm.one\/wp-content\/uploads\/2022\/02\/B-Cores-Millenium.jpeg","datePublished":"2022-02-18T17:58:52+00:00","dateModified":"2023-03-09T16:27:36+00:00","description":"Der Jahrtausendwechsel war der erste und vielleicht auch letzte in der elektronischen Musik. Die Angst vor dem Computer-Knock-Out ging umher.","breadcrumb":{"@id":"https:\/\/ucm.one\/de\/cores-millenium-will-rees-mixes-ab-heute-auf-dem-label-time-unlimited-erhaeltlich\/#breadcrumb"},"inLanguage":"de","potentialAction":[{"@type":"ReadAction","target":["https:\/\/ucm.one\/de\/cores-millenium-will-rees-mixes-ab-heute-auf-dem-label-time-unlimited-erhaeltlich\/"]}]},{"@type":"ImageObject","inLanguage":"de","@id":"https:\/\/ucm.one\/de\/cores-millenium-will-rees-mixes-ab-heute-auf-dem-label-time-unlimited-erhaeltlich\/#primaryimage","url":"https:\/\/ucm.one\/wp-content\/uploads\/2022\/02\/B-Cores-Millenium.jpeg","contentUrl":"https:\/\/ucm.one\/wp-content\/uploads\/2022\/02\/B-Cores-Millenium.jpeg","width":1920,"height":600},{"@type":"BreadcrumbList","@id":"https:\/\/ucm.one\/de\/cores-millenium-will-rees-mixes-ab-heute-auf-dem-label-time-unlimited-erhaeltlich\/#breadcrumb","itemListElement":[{"@type":"ListItem","position":1,"name":"Home","item":"https:\/\/ucm.one\/de\/"},{"@type":"ListItem","position":2,"name":"\ud83c\udfb5 &#8222;Cores &#8211; Millenium (Will Rees Mixes)&#8220; ab heute auf dem Label Time unlimited erh\u00e4ltlich"}]},{"@type":"WebSite","@id":"https:\/\/ucm.one\/de\/#website","url":"https:\/\/ucm.one\/de\/","name":"UCM.ONE","description":"","publisher":{"@id":"https:\/\/ucm.one\/de\/#organization"},"potentialAction":[{"@type":"SearchAction","target":{"@type":"EntryPoint","urlTemplate":"https:\/\/ucm.one\/de\/?s={search_term_string}"},"query-input":{"@type":"PropertyValueSpecification","valueRequired":true,"valueName":"search_term_string"}}],"inLanguage":"de"},{"@type":"Organization","@id":"https:\/\/ucm.one\/de\/#organization","name":"UCM.ONE","url":"https:\/\/ucm.one\/de\/","logo":{"@type":"ImageObject","inLanguage":"de","@id":"https:\/\/ucm.one\/de\/#\/schema\/logo\/image\/","url":"https:\/\/ucm.one\/wp-content\/uploads\/2019\/10\/UCM.ONE-Logo-RGB.svg","contentUrl":"https:\/\/ucm.one\/wp-content\/uploads\/2019\/10\/UCM.ONE-Logo-RGB.svg","width":1,"height":1,"caption":"UCM.ONE"},"image":{"@id":"https:\/\/ucm.one\/de\/#\/schema\/logo\/image\/"}},{"@type":"Person","@id":"https:\/\/ucm.one\/de\/#\/schema\/person\/4b959e467e8acc058836467a0ef8fa50","name":"Joachim Keil","image":{"@type":"ImageObject","inLanguage":"de","@id":"https:\/\/secure.gravatar.com\/avatar\/10e1dfd05f2a7a7bc83cd44bae31e01c8ac15f974229211a2b1a49fa0a22fec0?s=96&d=mm&r=g","url":"https:\/\/secure.gravatar.com\/avatar\/10e1dfd05f2a7a7bc83cd44bae31e01c8ac15f974229211a2b1a49fa0a22fec0?s=96&d=mm&r=g","contentUrl":"https:\/\/secure.gravatar.com\/avatar\/10e1dfd05f2a7a7bc83cd44bae31e01c8ac15f974229211a2b1a49fa0a22fec0?s=96&d=mm&r=g","caption":"Joachim Keil"},"sameAs":["https:\/\/ucm.one"]}]}},"_links":{"self":[{"href":"https:\/\/ucm.one\/de\/wp-json\/wp\/v2\/posts\/64647","targetHints":{"allow":["GET"]}}],"collection":[{"href":"https:\/\/ucm.one\/de\/wp-json\/wp\/v2\/posts"}],"about":[{"href":"https:\/\/ucm.one\/de\/wp-json\/wp\/v2\/types\/post"}],"author":[{"embeddable":true,"href":"https:\/\/ucm.one\/de\/wp-json\/wp\/v2\/users\/2"}],"replies":[{"embeddable":true,"href":"https:\/\/ucm.one\/de\/wp-json\/wp\/v2\/comments?post=64647"}],"version-history":[{"count":0,"href":"https:\/\/ucm.one\/de\/wp-json\/wp\/v2\/posts\/64647\/revisions"}],"wp:featuredmedia":[{"embeddable":true,"href":"https:\/\/ucm.one\/de\/wp-json\/wp\/v2\/media\/64648"}],"wp:attachment":[{"href":"https:\/\/ucm.one\/de\/wp-json\/wp\/v2\/media?parent=64647"}],"wp:term":[{"taxonomy":"category","embeddable":true,"href":"https:\/\/ucm.one\/de\/wp-json\/wp\/v2\/categories?post=64647"},{"taxonomy":"post_tag","embeddable":true,"href":"https:\/\/ucm.one\/de\/wp-json\/wp\/v2\/tags?post=64647"}],"curies":[{"name":"wp","href":"https:\/\/api.w.org\/{rel}","templated":true}]}}