{"id":59520,"date":"2021-08-13T19:23:00","date_gmt":"2021-08-13T19:23:00","guid":{"rendered":"https:\/\/ucm.one\/?p=59520"},"modified":"2023-04-01T16:44:30","modified_gmt":"2023-04-01T16:44:30","slug":"the-cage-die-letzten-ueberlebenden","status":"publish","type":"post","link":"https:\/\/ucm.one\/de\/the-cage-die-letzten-ueberlebenden\/","title":{"rendered":"&#8222;The Cage \u2013 Die letzten \u00dcberlebenden&#8220; von Jos\u00e9 Salaverr\u00eda ab heute physisch und digital erh\u00e4ltlich"},"content":{"rendered":"<div class=\"wpb-content-wrapper\"><p>[vc_row][vc_column width=&#8220;3\/4&#8243;][vc_column_text]<\/p>\n<div class=\"\">\n<div>&#8222;<b>The Cage \u2013 Die letzten \u00dcberlebenden<\/b>&#8220; von Jos\u00e9 Salaverr\u00eda war beim Sci-Fi-Filmfest im Berlin 2018 der \u00dcberraschungsfilm des Festivals. Jetzt bringt <span style=\"font-family: 'arial black', sans-serif;\"><strong>UCM.ONE<\/strong><\/span> auf dem Label <strong><span style=\"font-family: 'arial black', sans-serif;\">U1<\/span> Films Berlin<\/strong> endlich diesen ersten Science-Fiction-Film aus Venezuela mit seinen zudem visuell atemberaubenden Naturaufnahmen in Deutschland, \u00d6sterreich sowie in der Schweiz auf Blu-Ray und DVD heraus. Gleichzeitig ist der Film auch digital auf den VoD-Potalen zu sehen.<\/div>\n<\/div>\n<p>[\/vc_column_text][vc_column_text]<span style=\"font-size: 14pt;\">Inhalt:<\/span><\/p>\n<p>Nachdem die Menschheit von Aliens nahezu ausgel\u00f6scht worden ist, scheint es nur noch zwei Menschen zu geben: Eva (<strong>Karina Vel\u00e1squez<\/strong>) und Fausto (<strong>Juvel Vielma<\/strong>). Beide leben seit der Invasion am Rande der Ruinen einer ehemaligen Gro\u00dfstadt, inmitten der inzwischen zur\u00fcckkehrenden Wildnis. Nur Fausto wagt sich hin und wieder in die Stadt, um nach lebensnotwendigen Dingen zu suchen. Kein ungef\u00e4hrliches Unterfangen, denn die Raumschiffe und Drohnen der Invasoren stehen \u00fcberall am Himmel und scannen die Umgebung permanent nach \u00dcberlebenden.[\/vc_column_text][vc_column_text]Eines Tages wird die gewohnte Routine unerwartet durch die Ankunft einer dritten \u00dcberlebenden, der mysteri\u00f6sen Dafne (<strong>Ananda Troconis<\/strong>), unterbrochen. Doch Dafne bringt nicht nur ein neues positives Lebensgef\u00fchl zur\u00fcck, sondern scheint selbst Teil eines gr\u00f6\u00dferen Plans zu sein, die Menschheit zu retten.[\/vc_column_text][\/vc_column][vc_column width=&#8220;1\/4&#8243;][vc_single_image image=&#8220;59526&#8243; img_size=&#8220;full&#8220; onclick=&#8220;link_image&#8220;][\/vc_column][\/vc_row][vc_row][vc_column width=&#8220;1\/2&#8243;][vc_single_image image=&#8220;59532&#8243; img_size=&#8220;full&#8220; onclick=&#8220;link_image&#8220;][\/vc_column][vc_column width=&#8220;1\/2&#8243;][vc_single_image image=&#8220;59543&#8243; img_size=&#8220;full&#8220; onclick=&#8220;link_image&#8220;][\/vc_column][\/vc_row][vc_row][vc_column][vc_empty_space height=&#8220;25px&#8220;][vc_column_text]<\/p>\n<div class=\"wpb_text_column wpb_content_element \">\n<p><span style=\"font-size: 18pt;\">Stimmen zum Film<\/span><\/p>\n<p><em>\u201eEin au\u00dfergew\u00f6hnliches Endzeitdrama mit beeindruckenden Bildern.\u201d<\/em> (<strong>tendencia.com<\/strong>)<\/p>\n<p class=\"wpb_wrapper\"><em>\u201eBeeindruckendes Sci-Fi-Drama aus Venezuela.\u201d<\/em> (<strong>cinando.com<\/strong>)<\/p>\n<\/div>\n<p>[\/vc_column_text][vc_empty_space height=&#8220;10px&#8220;][\/vc_column][\/vc_row][vc_row][vc_column width=&#8220;1\/2&#8243;][vc_single_image image=&#8220;59538&#8243; img_size=&#8220;full&#8220; onclick=&#8220;link_image&#8220;][\/vc_column][vc_column width=&#8220;1\/2&#8243;][vc_single_image image=&#8220;59529&#8243; img_size=&#8220;full&#8220; onclick=&#8220;link_image&#8220;][\/vc_column][\/vc_row][vc_row][vc_column][vc_empty_space height=&#8220;15px&#8220;][vc_separator][vc_row_inner][vc_column_inner width=&#8220;1\/5&#8243;][vc_btn title=&#8220;Amazon&#8220; style=&#8220;classic&#8220; color=&#8220;orange&#8220; size=&#8220;sm&#8220; align=&#8220;center&#8220; i_icon_fontawesome=&#8220;fab fa-amazon&#8220; button_block=&#8220;true&#8220; add_icon=&#8220;true&#8220; link=&#8220;url:https%3A%2F%2Fwww.amazon.de%2FCage-Die-letzten-%25C3%259Cberlebenden-Blu-ray%2Fdp%2FB094LBQJM8|title:Amazon|target:_blank&#8220;][\/vc_column_inner][vc_column_inner width=&#8220;1\/5&#8243;][vc_btn title=&#8220;Mediamarkt&#8220; style=&#8220;classic&#8220; color=&#8220;danger&#8220; size=&#8220;sm&#8220; align=&#8220;center&#8220; i_icon_fontawesome=&#8220;far fa-dot-circle&#8220; button_block=&#8220;true&#8220; add_icon=&#8220;true&#8220; link=&#8220;url:https%3A%2F%2Fwww.mediamarkt.de%2Fde%2Fproduct%2F_the-cage-die-letzten-%25C3%25BCberlebenden-horror-blu-ray-2736623.html|title:Mediamarkt|target:_blank&#8220;][\/vc_column_inner][vc_column_inner width=&#8220;1\/5&#8243;][vc_btn title=&#8220;Shop&#8220; style=&#8220;classic&#8220; color=&#8220;juicy-pink&#8220; size=&#8220;sm&#8220; align=&#8220;center&#8220; i_icon_fontawesome=&#8220;fas fa-shopping-cart&#8220; button_block=&#8220;true&#8220; add_icon=&#8220;true&#8220; link=&#8220;url:https%3A%2F%2Fucm.one%2Fde%2Fprodukt%2Fthe-cage-die-letzten-ueberlebenden%2F|title:Shop&#8220;][\/vc_column_inner][vc_column_inner width=&#8220;1\/5&#8243;][vc_btn title=&#8220;Apple TV&#8220; style=&#8220;classic&#8220; color=&#8220;sky&#8220; size=&#8220;sm&#8220; align=&#8220;center&#8220; i_icon_fontawesome=&#8220;fab fa-apple&#8220; button_block=&#8220;true&#8220; add_icon=&#8220;true&#8220; link=&#8220;url:https%3A%2F%2Ftv.apple.com%2Fde%2Fmovie%2Fthe-cage%2Fumc.cmc.1a0a70ddddqz8dtrjoz6hdcct|title:Apple%20TV|target:_blank&#8220;][\/vc_column_inner][vc_column_inner width=&#8220;1\/5&#8243;][vc_btn title=&#8220;Prime Video&#8220; style=&#8220;classic&#8220; color=&#8220;sky&#8220; size=&#8220;sm&#8220; align=&#8220;center&#8220; i_icon_fontawesome=&#8220;fab fa-amazon&#8220; button_block=&#8220;true&#8220; add_icon=&#8220;true&#8220; link=&#8220;url:https%3A%2F%2Fwww.amazon.de%2FCage-Karina-Velasquez%2Fdp%2FB099YQ67QG|title:Amazon|target:_blank&#8220;][\/vc_column_inner][\/vc_row_inner][\/vc_column][\/vc_row][vc_row][vc_column][vc_empty_space height=&#8220;25px&#8220;][vc_column_text]<\/p>\n<div class=\"wpb_text_column wpb_content_element \">\n<div class=\"wpb_wrapper\">\n<p><span style=\"font-size: 18pt;\">Technische Daten<\/span><\/p>\n<p>Bildformat DVD: WS 2.00:1 (anamorph); Bildformat Blu-Ray: WS 2.00:1 \/ 1080p 23,976 | Laufzeit DVD: ca. 83 Min (DVD); Laufzeit Blu-Ray: ca. 87 Min | Tonformat Blu-Ray: Deutsch DTS-HD Master Audio 5.1; Spanisch DTS-HD Master Audio 5.1; Tonformat DVD: Deutsch DD 5.1; Spanisch DD 5.1 |<span lang=\"EN-US\">\u00a0Extras:\u00a0<\/span><span lang=\"EN-US\">Original Trailer, Deutscher Trailer, Trailershow\u00a0<\/span><span lang=\"EN-US\">|\u00a0<\/span>FSK 16<\/p>\n<\/div>\n<\/div>\n<p>[\/vc_column_text][vc_separator css=&#8220;.vc_custom_1560377795279{margin-top: 15px !important;}&#8220;][vc_empty_space height=&#8220;15px&#8220;][\/vc_column][\/vc_row][vc_row][vc_column][vc_video link=&#8220;https:\/\/youtu.be\/31NbZ_mVVaI&#8220; title=&#8220;The Cage \u2013 Die letzten \u00dcberlebenden | Trailer (deutsch) \u1d34\u1d30&#8220;][\/vc_column][\/vc_row][vc_row][vc_column][vc_column_text]Weitere Informationen \u00fcber das Filmlabel: <a title=\"U1 Films Berlin\" href=\"https:\/\/ucm.one\/de\/film-labels\/u1-films-berlin\/\">U1 Films Berlin<\/a>[\/vc_column_text][\/vc_column][\/vc_row]<\/p>\n<\/div>","protected":false},"excerpt":{"rendered":"<p>[vc_row][vc_column width=&#8220;3\/4&#8243;][vc_column_text] &#8222;The Cage \u2013 Die letzten \u00dcberlebenden&#8220; von Jos\u00e9 Salaverr\u00eda war beim Sci-Fi-Filmfest im Berlin 2018 der \u00dcberraschungsfilm des Festivals. Jetzt bringt UCM.ONE auf dem Label U1 Films Berlin endlich diesen ersten Science-Fiction-Film aus Venezuela mit seinen zudem visuell atemberaubenden Naturaufnahmen in Deutschland, \u00d6sterreich sowie in der Schweiz auf Blu-Ray und DVD heraus. Gleichzeitig&hellip;<\/p>\n","protected":false},"author":2,"featured_media":59523,"comment_status":"closed","ping_status":"closed","sticky":false,"template":"","format":"standard","meta":{"_acf_changed":false,"footnotes":""},"categories":[8,13,8294],"tags":[10836,10838,10833,10840,10832,10839,10837,10835,6410,10831,8322,10834],"class_list":["post-59520","post","type-post","status-publish","format-standard","has-post-thumbnail","hentry","category-film","category-news","category-u1-films-berlin","tag-aliens","tag-ananda-troconis","tag-die-letzten-ueberlebenden","tag-invasion-de","tag-jose-salaverria","tag-juvel-vielma","tag-karina-velasquez","tag-la-jaula","tag-science-fiction","tag-the-cage","tag-u1-films-berlin-de","tag-venezuela","category-8","category-13","category-8294","description-off"],"acf":[],"yoast_head":"<!-- This site is optimized with the Yoast SEO plugin v27.5 - https:\/\/yoast.com\/product\/yoast-seo-wordpress\/ -->\n<title>&quot;The Cage \u2013 Die letzten \u00dcberlebenden&quot; von Jos\u00e9 Salaverr\u00eda<\/title>\n<meta name=\"description\" content=\"&quot;The Cage \u2013 Die letzten \u00dcberlebenden&quot; von Jos\u00e9 Salaverr\u00eda war beim Sci-Fi-Filmfest im Berlin 2018 der \u00dcberraschungsfilm des Festivals.\" \/>\n<meta name=\"robots\" content=\"index, follow, max-snippet:-1, max-image-preview:large, max-video-preview:-1\" \/>\n<link rel=\"canonical\" href=\"https:\/\/ucm.one\/de\/the-cage-die-letzten-ueberlebenden\/\" \/>\n<meta property=\"og:locale\" content=\"de_DE\" \/>\n<meta property=\"og:type\" content=\"article\" \/>\n<meta property=\"og:title\" content=\"&quot;The Cage \u2013 Die letzten \u00dcberlebenden&quot; von Jos\u00e9 Salaverr\u00eda\" \/>\n<meta property=\"og:description\" content=\"&quot;The Cage \u2013 Die letzten \u00dcberlebenden&quot; von Jos\u00e9 Salaverr\u00eda war beim Sci-Fi-Filmfest im Berlin 2018 der \u00dcberraschungsfilm des Festivals.\" \/>\n<meta property=\"og:url\" content=\"https:\/\/ucm.one\/de\/the-cage-die-letzten-ueberlebenden\/\" \/>\n<meta property=\"og:site_name\" content=\"UCM.ONE\" \/>\n<meta property=\"article:published_time\" content=\"2021-08-13T19:23:00+00:00\" \/>\n<meta property=\"article:modified_time\" content=\"2023-04-01T16:44:30+00:00\" \/>\n<meta property=\"og:image\" content=\"https:\/\/ucm.one\/wp-content\/uploads\/2021\/12\/TheCage_BannerArtwork.jpg\" \/>\n\t<meta property=\"og:image:width\" content=\"1920\" \/>\n\t<meta property=\"og:image:height\" content=\"600\" \/>\n\t<meta property=\"og:image:type\" content=\"image\/jpeg\" \/>\n<meta name=\"author\" content=\"Joachim Keil\" \/>\n<meta name=\"twitter:card\" content=\"summary_large_image\" \/>\n<meta name=\"twitter:label1\" content=\"Verfasst von\" \/>\n\t<meta name=\"twitter:data1\" content=\"Joachim Keil\" \/>\n\t<meta name=\"twitter:label2\" content=\"Gesch\u00e4tzte Lesezeit\" \/>\n\t<meta name=\"twitter:data2\" content=\"4\u00a0Minuten\" \/>\n<!-- \/ Yoast SEO plugin. -->","yoast_head_json":{"title":"\"The Cage \u2013 Die letzten \u00dcberlebenden\" von Jos\u00e9 Salaverr\u00eda","description":"\"The Cage \u2013 Die letzten \u00dcberlebenden\" von Jos\u00e9 Salaverr\u00eda war beim Sci-Fi-Filmfest im Berlin 2018 der \u00dcberraschungsfilm des Festivals.","robots":{"index":"index","follow":"follow","max-snippet":"max-snippet:-1","max-image-preview":"max-image-preview:large","max-video-preview":"max-video-preview:-1"},"canonical":"https:\/\/ucm.one\/de\/the-cage-die-letzten-ueberlebenden\/","og_locale":"de_DE","og_type":"article","og_title":"\"The Cage \u2013 Die letzten \u00dcberlebenden\" von Jos\u00e9 Salaverr\u00eda","og_description":"\"The Cage \u2013 Die letzten \u00dcberlebenden\" von Jos\u00e9 Salaverr\u00eda war beim Sci-Fi-Filmfest im Berlin 2018 der \u00dcberraschungsfilm des Festivals.","og_url":"https:\/\/ucm.one\/de\/the-cage-die-letzten-ueberlebenden\/","og_site_name":"UCM.ONE","article_published_time":"2021-08-13T19:23:00+00:00","article_modified_time":"2023-04-01T16:44:30+00:00","og_image":[{"width":1920,"height":600,"url":"https:\/\/ucm.one\/wp-content\/uploads\/2021\/12\/TheCage_BannerArtwork.jpg","type":"image\/jpeg"}],"author":"Joachim Keil","twitter_card":"summary_large_image","twitter_misc":{"Verfasst von":"Joachim Keil","Gesch\u00e4tzte Lesezeit":"4\u00a0Minuten"},"schema":{"@context":"https:\/\/schema.org","@graph":[{"@type":"Article","@id":"https:\/\/ucm.one\/de\/the-cage-die-letzten-ueberlebenden\/#article","isPartOf":{"@id":"https:\/\/ucm.one\/de\/the-cage-die-letzten-ueberlebenden\/"},"author":{"name":"Joachim Keil","@id":"https:\/\/ucm.one\/de\/#\/schema\/person\/4b959e467e8acc058836467a0ef8fa50"},"headline":"&#8222;The Cage \u2013 Die letzten \u00dcberlebenden&#8220; von Jos\u00e9 Salaverr\u00eda ab heute physisch und digital erh\u00e4ltlich","datePublished":"2021-08-13T19:23:00+00:00","dateModified":"2023-04-01T16:44:30+00:00","mainEntityOfPage":{"@id":"https:\/\/ucm.one\/de\/the-cage-die-letzten-ueberlebenden\/"},"wordCount":745,"publisher":{"@id":"https:\/\/ucm.one\/de\/#organization"},"image":{"@id":"https:\/\/ucm.one\/de\/the-cage-die-letzten-ueberlebenden\/#primaryimage"},"thumbnailUrl":"https:\/\/ucm.one\/wp-content\/uploads\/2021\/12\/TheCage_BannerArtwork.jpg","keywords":["Aliens","Ananda Troconis","Die letzten \u00dcberlebenden","Invasion","Jos\u00e9 Salaverr\u00eda","Juvel Vielma","Karina Vel\u00e1squez","La Jaula","Science Fiction","The Cage","U1 Films Berlin","Venezuela"],"articleSection":["Film","News","U1 Films Berlin"],"inLanguage":"de"},{"@type":"WebPage","@id":"https:\/\/ucm.one\/de\/the-cage-die-letzten-ueberlebenden\/","url":"https:\/\/ucm.one\/de\/the-cage-die-letzten-ueberlebenden\/","name":"\"The Cage \u2013 Die letzten \u00dcberlebenden\" von Jos\u00e9 Salaverr\u00eda","isPartOf":{"@id":"https:\/\/ucm.one\/de\/#website"},"primaryImageOfPage":{"@id":"https:\/\/ucm.one\/de\/the-cage-die-letzten-ueberlebenden\/#primaryimage"},"image":{"@id":"https:\/\/ucm.one\/de\/the-cage-die-letzten-ueberlebenden\/#primaryimage"},"thumbnailUrl":"https:\/\/ucm.one\/wp-content\/uploads\/2021\/12\/TheCage_BannerArtwork.jpg","datePublished":"2021-08-13T19:23:00+00:00","dateModified":"2023-04-01T16:44:30+00:00","description":"\"The Cage \u2013 Die letzten \u00dcberlebenden\" von Jos\u00e9 Salaverr\u00eda war beim Sci-Fi-Filmfest im Berlin 2018 der \u00dcberraschungsfilm des Festivals.","breadcrumb":{"@id":"https:\/\/ucm.one\/de\/the-cage-die-letzten-ueberlebenden\/#breadcrumb"},"inLanguage":"de","potentialAction":[{"@type":"ReadAction","target":["https:\/\/ucm.one\/de\/the-cage-die-letzten-ueberlebenden\/"]}]},{"@type":"ImageObject","inLanguage":"de","@id":"https:\/\/ucm.one\/de\/the-cage-die-letzten-ueberlebenden\/#primaryimage","url":"https:\/\/ucm.one\/wp-content\/uploads\/2021\/12\/TheCage_BannerArtwork.jpg","contentUrl":"https:\/\/ucm.one\/wp-content\/uploads\/2021\/12\/TheCage_BannerArtwork.jpg","width":1920,"height":600},{"@type":"BreadcrumbList","@id":"https:\/\/ucm.one\/de\/the-cage-die-letzten-ueberlebenden\/#breadcrumb","itemListElement":[{"@type":"ListItem","position":1,"name":"Home","item":"https:\/\/ucm.one\/de\/"},{"@type":"ListItem","position":2,"name":"&#8222;The Cage \u2013 Die letzten \u00dcberlebenden&#8220; von Jos\u00e9 Salaverr\u00eda ab heute physisch und digital erh\u00e4ltlich"}]},{"@type":"WebSite","@id":"https:\/\/ucm.one\/de\/#website","url":"https:\/\/ucm.one\/de\/","name":"UCM.ONE","description":"","publisher":{"@id":"https:\/\/ucm.one\/de\/#organization"},"potentialAction":[{"@type":"SearchAction","target":{"@type":"EntryPoint","urlTemplate":"https:\/\/ucm.one\/de\/?s={search_term_string}"},"query-input":{"@type":"PropertyValueSpecification","valueRequired":true,"valueName":"search_term_string"}}],"inLanguage":"de"},{"@type":"Organization","@id":"https:\/\/ucm.one\/de\/#organization","name":"UCM.ONE","url":"https:\/\/ucm.one\/de\/","logo":{"@type":"ImageObject","inLanguage":"de","@id":"https:\/\/ucm.one\/de\/#\/schema\/logo\/image\/","url":"https:\/\/ucm.one\/wp-content\/uploads\/2019\/10\/UCM.ONE-Logo-RGB.svg","contentUrl":"https:\/\/ucm.one\/wp-content\/uploads\/2019\/10\/UCM.ONE-Logo-RGB.svg","width":1,"height":1,"caption":"UCM.ONE"},"image":{"@id":"https:\/\/ucm.one\/de\/#\/schema\/logo\/image\/"}},{"@type":"Person","@id":"https:\/\/ucm.one\/de\/#\/schema\/person\/4b959e467e8acc058836467a0ef8fa50","name":"Joachim Keil","image":{"@type":"ImageObject","inLanguage":"de","@id":"https:\/\/secure.gravatar.com\/avatar\/10e1dfd05f2a7a7bc83cd44bae31e01c8ac15f974229211a2b1a49fa0a22fec0?s=96&d=mm&r=g","url":"https:\/\/secure.gravatar.com\/avatar\/10e1dfd05f2a7a7bc83cd44bae31e01c8ac15f974229211a2b1a49fa0a22fec0?s=96&d=mm&r=g","contentUrl":"https:\/\/secure.gravatar.com\/avatar\/10e1dfd05f2a7a7bc83cd44bae31e01c8ac15f974229211a2b1a49fa0a22fec0?s=96&d=mm&r=g","caption":"Joachim Keil"},"sameAs":["https:\/\/ucm.one"]}]}},"_links":{"self":[{"href":"https:\/\/ucm.one\/de\/wp-json\/wp\/v2\/posts\/59520","targetHints":{"allow":["GET"]}}],"collection":[{"href":"https:\/\/ucm.one\/de\/wp-json\/wp\/v2\/posts"}],"about":[{"href":"https:\/\/ucm.one\/de\/wp-json\/wp\/v2\/types\/post"}],"author":[{"embeddable":true,"href":"https:\/\/ucm.one\/de\/wp-json\/wp\/v2\/users\/2"}],"replies":[{"embeddable":true,"href":"https:\/\/ucm.one\/de\/wp-json\/wp\/v2\/comments?post=59520"}],"version-history":[{"count":0,"href":"https:\/\/ucm.one\/de\/wp-json\/wp\/v2\/posts\/59520\/revisions"}],"wp:featuredmedia":[{"embeddable":true,"href":"https:\/\/ucm.one\/de\/wp-json\/wp\/v2\/media\/59523"}],"wp:attachment":[{"href":"https:\/\/ucm.one\/de\/wp-json\/wp\/v2\/media?parent=59520"}],"wp:term":[{"taxonomy":"category","embeddable":true,"href":"https:\/\/ucm.one\/de\/wp-json\/wp\/v2\/categories?post=59520"},{"taxonomy":"post_tag","embeddable":true,"href":"https:\/\/ucm.one\/de\/wp-json\/wp\/v2\/tags?post=59520"}],"curies":[{"name":"wp","href":"https:\/\/api.w.org\/{rel}","templated":true}]}}