{"id":59473,"date":"2021-11-26T17:24:12","date_gmt":"2021-11-26T17:24:12","guid":{"rendered":"https:\/\/ucm.one\/?p=59473"},"modified":"2023-03-18T19:55:57","modified_gmt":"2023-03-18T19:55:57","slug":"rebels-of-word-war-ii-operation-avalanche-digital-und-physisch-ab-heute-erhaeltlich","status":"publish","type":"post","link":"https:\/\/ucm.one\/de\/rebels-of-word-war-ii-operation-avalanche-digital-und-physisch-ab-heute-erhaeltlich\/","title":{"rendered":"\u201eThe Rebels of Word War II &#8211; Operation Avalanche\u201c digital und physisch ab heute erh\u00e4ltlich"},"content":{"rendered":"<div class=\"wpb-content-wrapper\"><p>[vc_row][vc_column][vc_column_text]<\/p>\n<div class=\"\">\n<p>Mit dem Film &#8222;<strong>The Rebels of Word War II &#8211; Operation Avalanche<\/strong>&#8220; (kurz: &#8222;<strong>The Rebels of WWII<\/strong>&#8222;) ver\u00f6ffentlicht <strong><span style=\"font-family: 'arial black', sans-serif;\">UCM.ONE<\/span><\/strong> auf dem Label <strong>U1 Films Berlin<\/strong> den neuen mit aktuellen Stars besetzen Action-Kriegsfilm von <strong>The Asylum<\/strong>: Mit dabei sind u.a. <strong>Eric Roberts<\/strong> (&#8222;<strong>Runaway Train<\/strong>&#8222;, &#8222;<strong>Dark Knight<\/strong>&#8222;, &#8222;<strong>The Expendables<\/strong>&#8222;),\u00a0<strong>William Baldwin<\/strong> (&#8222;<strong>Fair Game<\/strong>&#8222;, &#8222;<strong>Backdraft<\/strong>&#8222;, &#8222;<strong>Sliver<\/strong>&#8222;), <strong>Geoff Meed<\/strong> (&#8222;<strong>Fast &amp; Furious Five<\/strong>&#8222;) und <strong>Danny Trejo<\/strong> (&#8222;<strong>Machete<\/strong>&#8222;, &#8222;<strong>From Dusk till Dawn<\/strong>&#8222;).<\/p>\n<\/div>\n<p>[\/vc_column_text][\/vc_column][\/vc_row][vc_row][vc_column width=&#8220;3\/4&#8243;][vc_column_text]Der Film, der auf wahre Ereignisse im zweiten Weltkrieg basiert, wird in Deutschland, \u00d6sterreich und der Schweiz in der ungeschnittenen Fassung ver\u00f6ffentlicht.[\/vc_column_text][vc_column_text]<span style=\"font-size: 14pt;\">Inhalt<\/span><\/p>\n<p>September 1943, der Zweite Weltkrieg ist auf seinem H\u00f6hepunkt und die Vorbereitungen zur <strong>Operation Avalanche<\/strong>, Codename f\u00fcr die Ladung der Alliierten im Golf von Salerno, ist in vollem Gange.[\/vc_column_text][vc_column_text]Das Liberty-Versorgungsschiff, die S.S. Lawton B. Evans unter dem Kommando von Lt. William Snow (<strong>Eric Roberts<\/strong>) soll, unterst\u00fctz von zwei Patrouillentorpedobooten, Material zur Bildung eines Br\u00fcckenkopfes in Salerno liefern. Doch direkt vor der K\u00fcste Italiens ger\u00e4t das Schiff ins Kreuzfeuer eines deutschen U-Boots und zweier gewaltiger landgest\u00fctzter 88mm-Gesch\u00fctze der Wehrmacht. Entgegen des Befehls von General Bradley (<strong>William Baldwin<\/strong>) entscheidet sich Snow zu einem Himmelfahrtskommando. Er will mit einer kleinen Einheit an Land gehen und die Gesch\u00fctzt\u00fcrme vernichten. Hierbei wird er nicht nur von todesmutigen Marinesoldaten, sondern auch von dem mexikanischen Bordkoch (<strong>Danny Trejo<\/strong>) unterst\u00fctzt, der noch eine ganz eigene Rechnung mit dem Nazi-Regime offen hat\u2026[\/vc_column_text][\/vc_column][vc_column width=&#8220;1\/4&#8243;][vc_single_image image=&#8220;59476&#8243; img_size=&#8220;full&#8220; onclick=&#8220;link_image&#8220;][\/vc_column][\/vc_row][vc_row css=&#8220;.vc_custom_1638643064085{padding-top: 5px !important;padding-right: 5px !important;padding-bottom: 5px !important;padding-left: 5px !important;background-color: #eaeaea !important;}&#8220;][vc_column][vc_empty_space height=&#8220;20px&#8220;][vc_column_text]<\/p>\n<div class=\"wpb_text_column wpb_content_element \">\n<p><span style=\"font-size: 14pt;\">Das Schiff SS Lawton B. Evans<\/span><\/p>\n<p>Die SS Lawton B. Evans, die in diesem Film zu sehen ist, lief 1943 vom Stapel und war ein &#8222;Freiheitsschiff&#8220; Die \u201eLiberty-Schiffe\u201c wurden in den USA in Massenproduktion hergestellt. Das britische Konzept wurde von den Vereinigten Staaten wegen seiner einfachen und kosteng\u00fcnstigen Bauweise \u00fcbernommen. Durch die Massenproduktion in einem noch nie dagewesenen Ausma\u00df wurde das Freiheitsschiff zum Symbol f\u00fcr die industrielle Leistung der USA w\u00e4hrend des Krieges. Die Klasse wurde entwickelt, um britische Auftr\u00e4ge f\u00fcr Transporte zu erf\u00fcllen, die verloren gegangene Schiffe ersetzen sollten.<\/p>\n<\/div>\n<p>[\/vc_column_text][vc_single_image image=&#8220;59495&#8243; img_size=&#8220;full&#8220; onclick=&#8220;link_image&#8220;][vc_column_text]<\/p>\n<div class=\"wpb_text_column wpb_content_element \">\n<p>Achtzehn amerikanische Werften bauten zwischen 1941 und 1945 2.710 Liberty-Schiffe), die mit Abstand gr\u00f6\u00dfte Anzahl von Schiffen, die je nach einem einzigen Entwurf hergestellt wurden. (Die SS Lawton B. Evans \u00fcberlebte den Krieg und wurde 1960 im Hafen von Baltimore in Maryland abgewrackt.)<\/p>\n<\/div>\n<p>[\/vc_column_text][\/vc_column][\/vc_row][vc_row][vc_column][vc_empty_space height=&#8220;24px&#8220;][\/vc_column][\/vc_row][vc_row][vc_column width=&#8220;1\/2&#8243;][vc_single_image image=&#8220;59485&#8243; img_size=&#8220;full&#8220; onclick=&#8220;link_image&#8220;][\/vc_column][vc_column width=&#8220;1\/2&#8243;][vc_single_image image=&#8220;59488&#8243; img_size=&#8220;full&#8220; onclick=&#8220;link_image&#8220;][\/vc_column][\/vc_row][vc_row][vc_column][vc_column_text]<\/p>\n<div class=\"wpb_text_column wpb_content_element \">\n<p><span style=\"font-size: 18pt;\">Stimmen zum Film<\/span><\/p>\n<p><em>\u201eThe Rebels of WW II ist ein fesselnder und actiongeladener Film \u00fcber einen intensiven Marineeinsatz im Zweiten Weltkrieg.\u201c<\/em> (<strong>horrorsociety.com<\/strong>)<\/p>\n<p><em>\u201eThe Rebels of WW II erz\u00e4hlt nicht nur eine wahre Geschichte, sondern gibt uns auch nie zuvor filmisch erz\u00e4hlte Details \u00fcber die Geschehnisse im Jahr 1942.\u201c<\/em> (<strong>IMDb<\/strong>)<\/p>\n<\/div>\n<p>[\/vc_column_text][\/vc_column][\/vc_row][vc_row][vc_column][vc_single_image image=&#8220;59482&#8243; img_size=&#8220;full&#8220; onclick=&#8220;link_image&#8220;][\/vc_column][\/vc_row][vc_row][vc_column][vc_empty_space height=&#8220;15px&#8220;][vc_separator][vc_row_inner][vc_column_inner width=&#8220;1\/5&#8243;][vc_btn title=&#8220;Amazon&#8220; style=&#8220;classic&#8220; color=&#8220;orange&#8220; size=&#8220;sm&#8220; align=&#8220;center&#8220; i_icon_fontawesome=&#8220;fab fa-amazon&#8220; button_block=&#8220;true&#8220; add_icon=&#8220;true&#8220; link=&#8220;url:https%3A%2F%2Fwww.amazon.de%2FRebels-World-War-Eric-Roberts%2Fdp%2FB09HFXX4X7|title:Amazon|target:_blank&#8220;][\/vc_column_inner][vc_column_inner width=&#8220;1\/5&#8243;][vc_btn title=&#8220;Mediamarkt&#8220; style=&#8220;classic&#8220; color=&#8220;danger&#8220; size=&#8220;sm&#8220; align=&#8220;center&#8220; i_icon_fontawesome=&#8220;far fa-dot-circle&#8220; button_block=&#8220;true&#8220; add_icon=&#8220;true&#8220; link=&#8220;url:https%3A%2F%2Fwww.mediamarkt.de%2Fde%2Fproduct%2F_rebels-of-world-war-ii-operation-avalanche-blu-ray-2767708.html|title:Mediamarkt|target:_blank&#8220;][\/vc_column_inner][vc_column_inner width=&#8220;1\/5&#8243;][vc_btn title=&#8220;Shop&#8220; style=&#8220;classic&#8220; color=&#8220;juicy-pink&#8220; size=&#8220;sm&#8220; align=&#8220;center&#8220; i_icon_fontawesome=&#8220;fas fa-shopping-cart&#8220; button_block=&#8220;true&#8220; add_icon=&#8220;true&#8220; link=&#8220;url:https%3A%2F%2Fucm.one%2Fde%2Fprodukt%2Fthe-rebels-of-world-war-ii-operation-avalanche%2F|title:Shop&#8220;][\/vc_column_inner][vc_column_inner width=&#8220;1\/5&#8243;][vc_btn title=&#8220;Apple TV&#8220; style=&#8220;classic&#8220; color=&#8220;sky&#8220; size=&#8220;sm&#8220; align=&#8220;center&#8220; i_icon_fontawesome=&#8220;fab fa-apple&#8220; button_block=&#8220;true&#8220; add_icon=&#8220;true&#8220; link=&#8220;url:https%3A%2F%2Ftv.apple.com%2Fde%2Fmovie%2Fthe-rebels-of-ww-ii%2Fumc.cmc.45cw1az199rws7eyyd3nrjsda|title:Apple%20TV|target:_blank&#8220;][\/vc_column_inner][vc_column_inner width=&#8220;1\/5&#8243;][vc_btn title=&#8220;Wer Streamt Es&#8220; style=&#8220;classic&#8220; color=&#8220;blue&#8220; size=&#8220;sm&#8220; align=&#8220;center&#8220; i_icon_fontawesome=&#8220;fas fa-external-link-alt&#8220; button_block=&#8220;true&#8220; add_icon=&#8220;true&#8220; link=&#8220;url:https%3A%2F%2Fwww.werstreamt.es%2Ffilm%2Fdetails%2F2605717%2Fthe-rebels-of-world-war-ii-operation-avalanche%2F|title:Wer%20Streamt%20Es|target:_blank&#8220;][\/vc_column_inner][\/vc_row_inner][\/vc_column][\/vc_row][vc_row][vc_column][vc_empty_space height=&#8220;25px&#8220;][vc_column_text]<\/p>\n<div class=\"wpb_text_column wpb_content_element \">\n<div class=\"wpb_wrapper\">\n<p><span style=\"font-size: 18pt;\">Technische Daten<\/span><\/p>\n<p>Bildformat DVD: WS 2.35:1 (anamorph; Bildformat Blu-Ray: WS 2.35:1 \/ 1080p 23,976\u00a0| Laufzeit DVD: ca. 84 Min; Laufzeit Blu-Ray: ca. 88 Min | Tonformate: Deutsch DD 5.1; Englisch DD 5.1 |<span lang=\"EN-US\">\u00a0Extras:\u00a0<\/span><span lang=\"EN-US\">Original Trailer, Trailershow\u00a0<\/span><span lang=\"EN-US\">| Genre: Action, Krieg |\u00a0<\/span>FSK 16<\/p>\n<\/div>\n<\/div>\n<p>[\/vc_column_text][vc_separator css=&#8220;.vc_custom_1560377795279{margin-top: 15px !important;}&#8220;][vc_empty_space height=&#8220;15px&#8220;][\/vc_column][\/vc_row][vc_row][vc_column][vc_video link=&#8220;https:\/\/youtu.be\/yuIKRR5gh7g&#8220; title=&#8220;The Rebels Of World War II &#8211; Operation Avalanche | Trailer (deutsch) \u1d34\u1d30&#8220;][\/vc_column][\/vc_row][vc_row][vc_column][vc_column_text]Weitere Informationen \u00fcber das Filmlabel: <a title=\"U1 Films Berlin\" href=\"https:\/\/ucm.one\/de\/film-labels\/u1-films-berlin\/\">U1 Films Berlin<\/a>[\/vc_column_text][\/vc_column][\/vc_row]<\/p>\n<\/div>","protected":false},"excerpt":{"rendered":"<p>[vc_row][vc_column][vc_column_text] Mit dem Film &#8222;The Rebels of Word War II &#8211; Operation Avalanche&#8220; (kurz: &#8222;The Rebels of WWII&#8222;) ver\u00f6ffentlicht UCM.ONE auf dem Label U1 Films Berlin den neuen mit aktuellen Stars besetzen Action-Kriegsfilm von The Asylum: Mit dabei sind u.a. Eric Roberts (&#8222;Runaway Train&#8222;, &#8222;Dark Knight&#8222;, &#8222;The Expendables&#8222;),\u00a0William Baldwin (&#8222;Fair Game&#8222;, &#8222;Backdraft&#8222;, &#8222;Sliver&#8222;), Geoff Meed&hellip;<\/p>\n","protected":false},"author":2,"featured_media":59479,"comment_status":"closed","ping_status":"closed","sticky":false,"template":"","format":"standard","meta":{"_acf_changed":false,"footnotes":""},"categories":[8,13,8294],"tags":[6804,10830,10828,8643,10826,2387,10824,10825,10829,7469,10827],"class_list":["post-59473","post","type-post","status-publish","format-standard","has-post-thumbnail","hentry","category-film","category-news","category-u1-films-berlin","tag-2-weltkrieg","tag-adolf-hitler","tag-danny-trejo","tag-eric-roberts","tag-operation-avalanche","tag-the-asylum","tag-the-rebels-of-word-war-ii","tag-the-rebels-of-wwii","tag-u-boot","tag-us-navy","tag-william-baldwin","category-8","category-13","category-8294","description-off"],"acf":[],"yoast_head":"<!-- This site is optimized with the Yoast SEO plugin v27.5 - https:\/\/yoast.com\/product\/yoast-seo-wordpress\/ -->\n<title>%title%<\/title>\n<meta name=\"description\" content=\"&quot;The Rebels of Word War II - Operation Avalanche&quot; ist u.a. mit Eric Roberts, William Baldwin, Geoff Meed und Danny Trejo besetzt.\" \/>\n<meta name=\"robots\" content=\"index, follow, max-snippet:-1, max-image-preview:large, max-video-preview:-1\" \/>\n<link rel=\"canonical\" href=\"https:\/\/ucm.one\/de\/rebels-of-word-war-ii-operation-avalanche-digital-und-physisch-ab-heute-erhaeltlich\/\" \/>\n<meta property=\"og:locale\" content=\"de_DE\" \/>\n<meta property=\"og:type\" content=\"article\" \/>\n<meta property=\"og:title\" content=\"%title%\" \/>\n<meta property=\"og:description\" content=\"&quot;The Rebels of Word War II - Operation Avalanche&quot; ist u.a. mit Eric Roberts, William Baldwin, Geoff Meed und Danny Trejo besetzt.\" \/>\n<meta property=\"og:url\" content=\"https:\/\/ucm.one\/de\/rebels-of-word-war-ii-operation-avalanche-digital-und-physisch-ab-heute-erhaeltlich\/\" \/>\n<meta property=\"og:site_name\" content=\"UCM.ONE\" \/>\n<meta property=\"article:published_time\" content=\"2021-11-26T17:24:12+00:00\" \/>\n<meta property=\"article:modified_time\" content=\"2023-03-18T19:55:57+00:00\" \/>\n<meta property=\"og:image\" content=\"https:\/\/ucm.one\/wp-content\/uploads\/2021\/12\/RebelsOFWWII_BannerArtwork.jpg\" \/>\n\t<meta property=\"og:image:width\" content=\"1920\" \/>\n\t<meta property=\"og:image:height\" content=\"600\" \/>\n\t<meta property=\"og:image:type\" content=\"image\/jpeg\" \/>\n<meta name=\"author\" content=\"Joachim Keil\" \/>\n<meta name=\"twitter:card\" content=\"summary_large_image\" \/>\n<meta name=\"twitter:label1\" content=\"Verfasst von\" \/>\n\t<meta name=\"twitter:data1\" content=\"Joachim Keil\" \/>\n\t<meta name=\"twitter:label2\" content=\"Gesch\u00e4tzte Lesezeit\" \/>\n\t<meta name=\"twitter:data2\" content=\"5\u00a0Minuten\" \/>\n<!-- \/ Yoast SEO plugin. -->","yoast_head_json":{"title":"%title%","description":"\"The Rebels of Word War II - Operation Avalanche\" ist u.a. mit Eric Roberts, William Baldwin, Geoff Meed und Danny Trejo besetzt.","robots":{"index":"index","follow":"follow","max-snippet":"max-snippet:-1","max-image-preview":"max-image-preview:large","max-video-preview":"max-video-preview:-1"},"canonical":"https:\/\/ucm.one\/de\/rebels-of-word-war-ii-operation-avalanche-digital-und-physisch-ab-heute-erhaeltlich\/","og_locale":"de_DE","og_type":"article","og_title":"%title%","og_description":"\"The Rebels of Word War II - Operation Avalanche\" ist u.a. mit Eric Roberts, William Baldwin, Geoff Meed und Danny Trejo besetzt.","og_url":"https:\/\/ucm.one\/de\/rebels-of-word-war-ii-operation-avalanche-digital-und-physisch-ab-heute-erhaeltlich\/","og_site_name":"UCM.ONE","article_published_time":"2021-11-26T17:24:12+00:00","article_modified_time":"2023-03-18T19:55:57+00:00","og_image":[{"width":1920,"height":600,"url":"https:\/\/ucm.one\/wp-content\/uploads\/2021\/12\/RebelsOFWWII_BannerArtwork.jpg","type":"image\/jpeg"}],"author":"Joachim Keil","twitter_card":"summary_large_image","twitter_misc":{"Verfasst von":"Joachim Keil","Gesch\u00e4tzte Lesezeit":"5\u00a0Minuten"},"schema":{"@context":"https:\/\/schema.org","@graph":[{"@type":"Article","@id":"https:\/\/ucm.one\/de\/rebels-of-word-war-ii-operation-avalanche-digital-und-physisch-ab-heute-erhaeltlich\/#article","isPartOf":{"@id":"https:\/\/ucm.one\/de\/rebels-of-word-war-ii-operation-avalanche-digital-und-physisch-ab-heute-erhaeltlich\/"},"author":{"name":"Joachim Keil","@id":"https:\/\/ucm.one\/de\/#\/schema\/person\/4b959e467e8acc058836467a0ef8fa50"},"headline":"\u201eThe Rebels of Word War II &#8211; Operation Avalanche\u201c digital und physisch ab heute erh\u00e4ltlich","datePublished":"2021-11-26T17:24:12+00:00","dateModified":"2023-03-18T19:55:57+00:00","mainEntityOfPage":{"@id":"https:\/\/ucm.one\/de\/rebels-of-word-war-ii-operation-avalanche-digital-und-physisch-ab-heute-erhaeltlich\/"},"wordCount":1006,"publisher":{"@id":"https:\/\/ucm.one\/de\/#organization"},"image":{"@id":"https:\/\/ucm.one\/de\/rebels-of-word-war-ii-operation-avalanche-digital-und-physisch-ab-heute-erhaeltlich\/#primaryimage"},"thumbnailUrl":"https:\/\/ucm.one\/wp-content\/uploads\/2021\/12\/RebelsOFWWII_BannerArtwork.jpg","keywords":["2. Weltkrieg","Adolf Hitler","Danny Trejo","Eric Roberts","Operation Avalanche","The Asylum","The Rebels of Word War II","The Rebels of WWII","U-Boot","US Navy","William Baldwin"],"articleSection":["Film","News","U1 Films Berlin"],"inLanguage":"de"},{"@type":"WebPage","@id":"https:\/\/ucm.one\/de\/rebels-of-word-war-ii-operation-avalanche-digital-und-physisch-ab-heute-erhaeltlich\/","url":"https:\/\/ucm.one\/de\/rebels-of-word-war-ii-operation-avalanche-digital-und-physisch-ab-heute-erhaeltlich\/","name":"%title%","isPartOf":{"@id":"https:\/\/ucm.one\/de\/#website"},"primaryImageOfPage":{"@id":"https:\/\/ucm.one\/de\/rebels-of-word-war-ii-operation-avalanche-digital-und-physisch-ab-heute-erhaeltlich\/#primaryimage"},"image":{"@id":"https:\/\/ucm.one\/de\/rebels-of-word-war-ii-operation-avalanche-digital-und-physisch-ab-heute-erhaeltlich\/#primaryimage"},"thumbnailUrl":"https:\/\/ucm.one\/wp-content\/uploads\/2021\/12\/RebelsOFWWII_BannerArtwork.jpg","datePublished":"2021-11-26T17:24:12+00:00","dateModified":"2023-03-18T19:55:57+00:00","description":"\"The Rebels of Word War II - Operation Avalanche\" ist u.a. mit Eric Roberts, William Baldwin, Geoff Meed und Danny Trejo besetzt.","breadcrumb":{"@id":"https:\/\/ucm.one\/de\/rebels-of-word-war-ii-operation-avalanche-digital-und-physisch-ab-heute-erhaeltlich\/#breadcrumb"},"inLanguage":"de","potentialAction":[{"@type":"ReadAction","target":["https:\/\/ucm.one\/de\/rebels-of-word-war-ii-operation-avalanche-digital-und-physisch-ab-heute-erhaeltlich\/"]}]},{"@type":"ImageObject","inLanguage":"de","@id":"https:\/\/ucm.one\/de\/rebels-of-word-war-ii-operation-avalanche-digital-und-physisch-ab-heute-erhaeltlich\/#primaryimage","url":"https:\/\/ucm.one\/wp-content\/uploads\/2021\/12\/RebelsOFWWII_BannerArtwork.jpg","contentUrl":"https:\/\/ucm.one\/wp-content\/uploads\/2021\/12\/RebelsOFWWII_BannerArtwork.jpg","width":1920,"height":600},{"@type":"BreadcrumbList","@id":"https:\/\/ucm.one\/de\/rebels-of-word-war-ii-operation-avalanche-digital-und-physisch-ab-heute-erhaeltlich\/#breadcrumb","itemListElement":[{"@type":"ListItem","position":1,"name":"Home","item":"https:\/\/ucm.one\/de\/"},{"@type":"ListItem","position":2,"name":"\u201eThe Rebels of Word War II &#8211; Operation Avalanche\u201c digital und physisch ab heute erh\u00e4ltlich"}]},{"@type":"WebSite","@id":"https:\/\/ucm.one\/de\/#website","url":"https:\/\/ucm.one\/de\/","name":"UCM.ONE","description":"","publisher":{"@id":"https:\/\/ucm.one\/de\/#organization"},"potentialAction":[{"@type":"SearchAction","target":{"@type":"EntryPoint","urlTemplate":"https:\/\/ucm.one\/de\/?s={search_term_string}"},"query-input":{"@type":"PropertyValueSpecification","valueRequired":true,"valueName":"search_term_string"}}],"inLanguage":"de"},{"@type":"Organization","@id":"https:\/\/ucm.one\/de\/#organization","name":"UCM.ONE","url":"https:\/\/ucm.one\/de\/","logo":{"@type":"ImageObject","inLanguage":"de","@id":"https:\/\/ucm.one\/de\/#\/schema\/logo\/image\/","url":"https:\/\/ucm.one\/wp-content\/uploads\/2019\/10\/UCM.ONE-Logo-RGB.svg","contentUrl":"https:\/\/ucm.one\/wp-content\/uploads\/2019\/10\/UCM.ONE-Logo-RGB.svg","width":1,"height":1,"caption":"UCM.ONE"},"image":{"@id":"https:\/\/ucm.one\/de\/#\/schema\/logo\/image\/"}},{"@type":"Person","@id":"https:\/\/ucm.one\/de\/#\/schema\/person\/4b959e467e8acc058836467a0ef8fa50","name":"Joachim Keil","image":{"@type":"ImageObject","inLanguage":"de","@id":"https:\/\/secure.gravatar.com\/avatar\/10e1dfd05f2a7a7bc83cd44bae31e01c8ac15f974229211a2b1a49fa0a22fec0?s=96&d=mm&r=g","url":"https:\/\/secure.gravatar.com\/avatar\/10e1dfd05f2a7a7bc83cd44bae31e01c8ac15f974229211a2b1a49fa0a22fec0?s=96&d=mm&r=g","contentUrl":"https:\/\/secure.gravatar.com\/avatar\/10e1dfd05f2a7a7bc83cd44bae31e01c8ac15f974229211a2b1a49fa0a22fec0?s=96&d=mm&r=g","caption":"Joachim Keil"},"sameAs":["https:\/\/ucm.one"]}]}},"_links":{"self":[{"href":"https:\/\/ucm.one\/de\/wp-json\/wp\/v2\/posts\/59473","targetHints":{"allow":["GET"]}}],"collection":[{"href":"https:\/\/ucm.one\/de\/wp-json\/wp\/v2\/posts"}],"about":[{"href":"https:\/\/ucm.one\/de\/wp-json\/wp\/v2\/types\/post"}],"author":[{"embeddable":true,"href":"https:\/\/ucm.one\/de\/wp-json\/wp\/v2\/users\/2"}],"replies":[{"embeddable":true,"href":"https:\/\/ucm.one\/de\/wp-json\/wp\/v2\/comments?post=59473"}],"version-history":[{"count":0,"href":"https:\/\/ucm.one\/de\/wp-json\/wp\/v2\/posts\/59473\/revisions"}],"wp:featuredmedia":[{"embeddable":true,"href":"https:\/\/ucm.one\/de\/wp-json\/wp\/v2\/media\/59479"}],"wp:attachment":[{"href":"https:\/\/ucm.one\/de\/wp-json\/wp\/v2\/media?parent=59473"}],"wp:term":[{"taxonomy":"category","embeddable":true,"href":"https:\/\/ucm.one\/de\/wp-json\/wp\/v2\/categories?post=59473"},{"taxonomy":"post_tag","embeddable":true,"href":"https:\/\/ucm.one\/de\/wp-json\/wp\/v2\/tags?post=59473"}],"curies":[{"name":"wp","href":"https:\/\/api.w.org\/{rel}","templated":true}]}}