{"id":58829,"date":"2022-03-15T20:08:05","date_gmt":"2022-03-15T20:08:05","guid":{"rendered":"https:\/\/ucm.one\/?p=58829"},"modified":"2023-03-20T16:08:46","modified_gmt":"2023-03-20T16:08:46","slug":"was-waere-wenn-von-gerhard-klingenberg-ab-18-maerz-2022-im-rahmen-der-edition-cinefest-erhaeltlich","status":"publish","type":"post","link":"https:\/\/ucm.one\/de\/was-waere-wenn-von-gerhard-klingenberg-ab-18-maerz-2022-im-rahmen-der-edition-cinefest-erhaeltlich\/","title":{"rendered":"\ud83c\udfac &#8222;Was w\u00e4re, wenn &#8230;?&#8220; von Gerhard Klingenberg ab 18. M\u00e4rz 2022 im Rahmen der Edition Cinefest erh\u00e4ltlich"},"content":{"rendered":"<div class=\"wpb-content-wrapper\"><p>[vc_row][vc_column width=&#8220;3\/4&#8243;][vc_column_text]Am 18. M\u00e4rz 2022 ver\u00f6ffentlicht <span style=\"font-family: 'arial black', sans-serif;\"><strong>UCM.ONE<\/strong><\/span> in Zusammenarbeit mit <strong>CineGraph<\/strong> aus Hamburg die <strong>1. Ausgabe<\/strong> der <strong>Edition Cinefest<\/strong>.[\/vc_column_text][vc_column_text]Der Film, der daf\u00fcr vom Kuratorenteam ausgesucht wurde, ist &#8222;<strong>Was w\u00e4re, wenn&#8230;?<\/strong>&#8222;, ein <strong>DEFA<\/strong>-Film aus dem Jahr 1960. Regie bei dieser Kom\u00f6die, in der unter anderem <strong>Manfred Krug<\/strong> in einer seiner ersten Rollen zu sehen ist, f\u00fchrte <strong>Gerhard Klingenberg<\/strong>, das Drehbuch basiert auf dem gleichnamigen Theaterst\u00fcck von <strong>Hedda Zinner<\/strong>.[\/vc_column_text][vc_column_text]<span style=\"font-size: 14pt;\">Darum geht&#8217;s:<\/span><\/p>\n<p>In Willshagen, einem Dorf auf der DDR-Seite der innerdeutschen Grenze, geht das Ger\u00fccht um, dass die Grenze begradigt erden soll. Als eine West-Limousine vor dem leerstehenden Schloss auftaucht, wird gemunkelt, der alte Graf w\u00fcrde zur\u00fcckkehren. W\u00e4hrend die einen in freudiger Erwartung alles auf Hochglanz polieren, organisieren andere den Widerstand.<\/p>\n<p>Dabei bringt das Liebesleben der jungen Paare zwischen Gro\u00df- und Neubauern einiges durcheinander.[\/vc_column_text][vc_column_text]<\/p>\n<div class=\"wpb_text_column wpb_content_element \">\n<div class=\"wpb_wrapper\"><\/div>\n<\/div>\n<div class=\"vc_row wpb_row vc_inner vc_row-fluid\">\n<div class=\"wpb_column vc_column_container vc_col-sm-12\">\n<div class=\"vc_column-inner\">\n<div class=\"wpb_wrapper\">\n<div class=\"wpb_text_column wpb_content_element vc_custom_1636769430816\">\n<div class=\"wpb_wrapper\">\n<p><em>\u201cEs handelt sich um eine Kom\u00f6die, die um eine realistische Sicht auf Bewusstseinshaltungen der DDR-Landbev\u00f6lkerung bem\u00fcht sei und zu erstaunlich ehrlichen, kritischen Schl\u00fcssen komme, jedoch \u00e4sthetisch eher anspruchslos inszeniert sei\u201d <\/em>(<strong>Das Lexikon des internationalen Films<\/strong>)<\/div>\n<\/div>\n<\/div>\n<\/div>\n<\/div>\n<\/div>\n<p>[\/vc_column_text][\/vc_column][vc_column width=&#8220;1\/4&#8243;][vc_single_image image=&#8220;58841&#8243; img_size=&#8220;full&#8220; onclick=&#8220;link_image&#8220;][\/vc_column][\/vc_row][vc_row][vc_column][vc_column_text]Die <strong>Junge Welt<\/strong> schrieb 1960: <em>\u201eZusammenfassend kann man sagen: wer sich einmal achtundachtzig Minuten gut unterhalten will, der soll sich diesen Film ansehen.\u201c<\/em>[\/vc_column_text][\/vc_column][\/vc_row][vc_row][vc_column width=&#8220;1\/3&#8243;][vc_single_image image=&#8220;58815&#8243; img_size=&#8220;full&#8220; onclick=&#8220;link_image&#8220;][\/vc_column][vc_column width=&#8220;1\/3&#8243;][vc_single_image image=&#8220;58794&#8243; img_size=&#8220;full&#8220; onclick=&#8220;link_image&#8220;][\/vc_column][vc_column width=&#8220;1\/3&#8243;][vc_single_image image=&#8220;58797&#8243; img_size=&#8220;full&#8220; onclick=&#8220;link_image&#8220;][\/vc_column][\/vc_row][vc_row][vc_column][vc_column_text]Filmliebhaber und Sammler k\u00f6nnen sich \u00fcber eine hochwertige Clamshell-Verpackung aus Karton freuen sowie \u00fcber das umfangreiche Booklet, einen Audiokommentar der Filmhistoriker <strong>Ralf Schenk<\/strong> und <strong>Hans-Michael Bock<\/strong>, den Kurzfilm \u201e<strong>Die Grenze (Der Porzellanladen Teil 1<\/strong>)\u201c und den originalen Kinotrailer.[\/vc_column_text][vc_separator][vc_row_inner][vc_column_inner width=&#8220;1\/5&#8243;][vc_btn title=&#8220;Amazon&#8220; style=&#8220;flat&#8220; color=&#8220;orange&#8220; size=&#8220;sm&#8220; align=&#8220;center&#8220; i_icon_fontawesome=&#8220;fab fa-amazon&#8220; button_block=&#8220;true&#8220; add_icon=&#8220;true&#8220; link=&#8220;url:https%3A%2F%2Fwww.amazon.de%2FWas-w%C3%A4re-wenn-Kinofassung-40-seitigem%2Fdp%2FB09S64XXLB|title:Amazon|target:_blank&#8220;][\/vc_column_inner][vc_column_inner width=&#8220;1\/5&#8243;][vc_btn title=&#8220;Thalia&#8220; style=&#8220;flat&#8220; color=&#8220;success&#8220; size=&#8220;sm&#8220; align=&#8220;center&#8220; i_icon_fontawesome=&#8220;far fa-dot-circle&#8220; button_block=&#8220;true&#8220; add_icon=&#8220;true&#8220; link=&#8220;url:https%3A%2F%2Fwww.thalia.de%2Fshop%2Fhome%2Fartikeldetails%2FA1063204640|title:Thalia|target:_blank&#8220;][\/vc_column_inner][vc_column_inner width=&#8220;1\/5&#8243;][vc_btn title=&#8220;Shop&#8220; style=&#8220;flat&#8220; color=&#8220;juicy-pink&#8220; size=&#8220;sm&#8220; align=&#8220;center&#8220; i_icon_fontawesome=&#8220;fas fa-shopping-cart&#8220; button_block=&#8220;true&#8220; add_icon=&#8220;true&#8220; link=&#8220;url:https%3A%2F%2Fucm.one%2Fde%2Fprodukt%2Fwas-waere-wenn%2F|title:Shop&#8220;][\/vc_column_inner][vc_column_inner width=&#8220;1\/5&#8243;][vc_btn title=&#8220;Apple TV&#8220; style=&#8220;flat&#8220; color=&#8220;sky&#8220; size=&#8220;sm&#8220; align=&#8220;center&#8220; i_icon_fontawesome=&#8220;fab fa-apple&#8220; button_block=&#8220;true&#8220; add_icon=&#8220;true&#8220; link=&#8220;url:https%3A%2F%2Ftv.apple.com%2Fde%2Fmovie%2Fwas-ware-wenn%2Fumc.cmc.6naci78uujwqk80c0qonzp89i|title:Apple%20TV|target:_blank&#8220;][\/vc_column_inner][vc_column_inner width=&#8220;1\/5&#8243;][vc_btn title=&#8220;Wer Streamt es?&#8220; style=&#8220;flat&#8220; color=&#8220;blue&#8220; size=&#8220;sm&#8220; align=&#8220;center&#8220; i_icon_fontawesome=&#8220;fas fa-external-link-alt&#8220; button_block=&#8220;true&#8220; add_icon=&#8220;true&#8220; link=&#8220;url:https%3A%2F%2Fwww.werstreamt.es%2Ffilm%2Fdetails%2F54880%2Fwas-waere-wenn%2F|title:Wer%20streamt%20es%3F|target:_blank&#8220;][\/vc_column_inner][\/vc_row_inner][vc_empty_space][vc_column_text]<span style=\"font-size: 18pt;\">Technische Daten<\/span><\/p>\n<p>Bildformat : 4:3 in 16:9<span lang=\"EN-US\">\u00a0<\/span>| Tonformat: Deutsch DD 2.0 (Mono)\u00a0|<span lang=\"EN-US\">\u00a0Extras: Audiokommentar der Filmhistoriker <strong>Ralf Schenk<\/strong> und <strong>Hans-Michael Bock<\/strong>; 40-seitiges Booklet; Kurzfilm: \u201c<strong>Die Grenze (Der Porzellanladen Teil 1)<\/strong>\u201c. Deutschland 1995. Regie: <strong>Franz Winzentsen<\/strong> (2:17 min); Original Trailer<\/span>\u00a0<span lang=\"EN-US\">|\u00a0<\/span>FSK 6[\/vc_column_text][\/vc_column][\/vc_row][vc_row][vc_column][vc_separator][vc_video link=&#8220;https:\/\/youtu.be\/y0hJUcbjLlE&#8220; title=&#8220;Was w\u00e4re, wenn&#8230;? (Edition Cinefest 01) | Trailer (deutsch) \u1d34\u1d30&#8220;][\/vc_column][\/vc_row][vc_row][vc_column][vc_column_text]Weiter Informationen \u00fcber den Film: <a title=\"Was w\u00e4re, wenn \u2026?\" href=\"https:\/\/ucm.one\/de\/was-waere-wenn\/\">Was w\u00e4re, wenn \u2026?<\/a>[\/vc_column_text][\/vc_column][\/vc_row]<\/p>\n<\/div>","protected":false},"excerpt":{"rendered":"<p>[vc_row][vc_column width=&#8220;3\/4&#8243;][vc_column_text]Am 18. M\u00e4rz 2022 ver\u00f6ffentlicht UCM.ONE in Zusammenarbeit mit CineGraph aus Hamburg die 1. Ausgabe der Edition Cinefest.[\/vc_column_text][vc_column_text]Der Film, der daf\u00fcr vom Kuratorenteam ausgesucht wurde, ist &#8222;Was w\u00e4re, wenn&#8230;?&#8222;, ein DEFA-Film aus dem Jahr 1960. Regie bei dieser Kom\u00f6die, in der unter anderem Manfred Krug in einer seiner ersten Rollen zu sehen ist, f\u00fchrte&hellip;<\/p>\n","protected":false},"author":2,"featured_media":58832,"comment_status":"closed","ping_status":"closed","sticky":false,"template":"","format":"standard","meta":{"_acf_changed":false,"footnotes":""},"categories":[828,6979,8,13],"tags":[10742,10748,2311,6961,6960,2914,6964,10743,6959,10741,10744,10746,6974,10740,10749,10747,10739,10745],"class_list":["post-58829","post","type-post","status-publish","format-standard","has-post-thumbnail","hentry","category-artkeim","category-edition-cinefest","category-film","category-news","tag-10742","tag-angela-brunner","tag-artkeim","tag-bundesarchiv","tag-cinegraph","tag-ddr","tag-defa","tag-die-grenze","tag-edition-cinefest","tag-erich-gusko","tag-franz-winzentsen","tag-gerd-ehlers","tag-gerhard-klingenberg","tag-hedda-zinner","tag-heinz-froelich","tag-manfred-krug","tag-was-waere-wenn","tag-willi-narloch","category-828","category-6979","category-8","category-13","description-off"],"acf":[],"yoast_head":"<!-- This site is optimized with the Yoast SEO plugin v27.5 - https:\/\/yoast.com\/product\/yoast-seo-wordpress\/ -->\n<title>&quot;Was w\u00e4re, wenn ...?&quot; ab 18. M\u00e4rz 2022 erh\u00e4ltlich<\/title>\n<meta name=\"description\" content=\"In einem Dorf an der innerdeutschen Grenze tauchen geheimnisvolle Herren in einem Westauto auf und zeigen Interesse an dem verkommenen Schlo\u00df\" \/>\n<meta name=\"robots\" content=\"index, follow, max-snippet:-1, max-image-preview:large, max-video-preview:-1\" \/>\n<link rel=\"canonical\" href=\"https:\/\/ucm.one\/de\/was-waere-wenn-von-gerhard-klingenberg-ab-18-maerz-2022-im-rahmen-der-edition-cinefest-erhaeltlich\/\" \/>\n<meta property=\"og:locale\" content=\"de_DE\" \/>\n<meta property=\"og:type\" content=\"article\" \/>\n<meta property=\"og:title\" content=\"&quot;Was w\u00e4re, wenn ...?&quot; ab 18. M\u00e4rz 2022 erh\u00e4ltlich\" \/>\n<meta property=\"og:description\" content=\"In einem Dorf an der innerdeutschen Grenze tauchen geheimnisvolle Herren in einem Westauto auf und zeigen Interesse an dem verkommenen Schlo\u00df\" \/>\n<meta property=\"og:url\" content=\"https:\/\/ucm.one\/de\/was-waere-wenn-von-gerhard-klingenberg-ab-18-maerz-2022-im-rahmen-der-edition-cinefest-erhaeltlich\/\" \/>\n<meta property=\"og:site_name\" content=\"UCM.ONE\" \/>\n<meta property=\"article:published_time\" content=\"2022-03-15T20:08:05+00:00\" \/>\n<meta property=\"article:modified_time\" content=\"2023-03-20T16:08:46+00:00\" \/>\n<meta property=\"og:image\" content=\"https:\/\/ucm.one\/wp-content\/uploads\/2021\/10\/C-Was-Waere-Wenn-2D-FSK6.jpg\" \/>\n<meta name=\"author\" content=\"Joachim Keil\" \/>\n<meta name=\"twitter:card\" content=\"summary_large_image\" \/>\n<meta name=\"twitter:title\" content=\"&quot;Was w\u00e4re, wenn ...?&quot; ab 18. M\u00e4rz 2022 erh\u00e4ltlich\" \/>\n<meta name=\"twitter:description\" content=\"In einem Dorf an der innerdeutschen Grenze tauchen geheimnisvolle Herren in einem Westauto auf und zeigen Interesse an dem verkommenen Schlo\u00df\" \/>\n<meta name=\"twitter:image\" content=\"https:\/\/ucm.one\/wp-content\/uploads\/2021\/10\/C-Was-Waere-Wenn-2D-FSK6.jpg\" \/>\n<meta name=\"twitter:label1\" content=\"Verfasst von\" \/>\n\t<meta name=\"twitter:data1\" content=\"Joachim Keil\" \/>\n\t<meta name=\"twitter:label2\" content=\"Gesch\u00e4tzte Lesezeit\" \/>\n\t<meta name=\"twitter:data2\" content=\"4\u00a0Minuten\" \/>\n<!-- \/ Yoast SEO plugin. -->","yoast_head_json":{"title":"\"Was w\u00e4re, wenn ...?\" ab 18. M\u00e4rz 2022 erh\u00e4ltlich","description":"In einem Dorf an der innerdeutschen Grenze tauchen geheimnisvolle Herren in einem Westauto auf und zeigen Interesse an dem verkommenen Schlo\u00df","robots":{"index":"index","follow":"follow","max-snippet":"max-snippet:-1","max-image-preview":"max-image-preview:large","max-video-preview":"max-video-preview:-1"},"canonical":"https:\/\/ucm.one\/de\/was-waere-wenn-von-gerhard-klingenberg-ab-18-maerz-2022-im-rahmen-der-edition-cinefest-erhaeltlich\/","og_locale":"de_DE","og_type":"article","og_title":"\"Was w\u00e4re, wenn ...?\" ab 18. M\u00e4rz 2022 erh\u00e4ltlich","og_description":"In einem Dorf an der innerdeutschen Grenze tauchen geheimnisvolle Herren in einem Westauto auf und zeigen Interesse an dem verkommenen Schlo\u00df","og_url":"https:\/\/ucm.one\/de\/was-waere-wenn-von-gerhard-klingenberg-ab-18-maerz-2022-im-rahmen-der-edition-cinefest-erhaeltlich\/","og_site_name":"UCM.ONE","article_published_time":"2022-03-15T20:08:05+00:00","article_modified_time":"2023-03-20T16:08:46+00:00","og_image":[{"url":"https:\/\/ucm.one\/wp-content\/uploads\/2021\/10\/C-Was-Waere-Wenn-2D-FSK6.jpg","type":"","width":"","height":""}],"author":"Joachim Keil","twitter_card":"summary_large_image","twitter_title":"\"Was w\u00e4re, wenn ...?\" ab 18. M\u00e4rz 2022 erh\u00e4ltlich","twitter_description":"In einem Dorf an der innerdeutschen Grenze tauchen geheimnisvolle Herren in einem Westauto auf und zeigen Interesse an dem verkommenen Schlo\u00df","twitter_image":"https:\/\/ucm.one\/wp-content\/uploads\/2021\/10\/C-Was-Waere-Wenn-2D-FSK6.jpg","twitter_misc":{"Verfasst von":"Joachim Keil","Gesch\u00e4tzte Lesezeit":"4\u00a0Minuten"},"schema":{"@context":"https:\/\/schema.org","@graph":[{"@type":"Article","@id":"https:\/\/ucm.one\/de\/was-waere-wenn-von-gerhard-klingenberg-ab-18-maerz-2022-im-rahmen-der-edition-cinefest-erhaeltlich\/#article","isPartOf":{"@id":"https:\/\/ucm.one\/de\/was-waere-wenn-von-gerhard-klingenberg-ab-18-maerz-2022-im-rahmen-der-edition-cinefest-erhaeltlich\/"},"author":{"name":"Joachim Keil","@id":"https:\/\/ucm.one\/de\/#\/schema\/person\/4b959e467e8acc058836467a0ef8fa50"},"headline":"\ud83c\udfac &#8222;Was w\u00e4re, wenn &#8230;?&#8220; von Gerhard Klingenberg ab 18. M\u00e4rz 2022 im Rahmen der Edition Cinefest erh\u00e4ltlich","datePublished":"2022-03-15T20:08:05+00:00","dateModified":"2023-03-20T16:08:46+00:00","mainEntityOfPage":{"@id":"https:\/\/ucm.one\/de\/was-waere-wenn-von-gerhard-klingenberg-ab-18-maerz-2022-im-rahmen-der-edition-cinefest-erhaeltlich\/"},"wordCount":728,"publisher":{"@id":"https:\/\/ucm.one\/de\/#organization"},"image":{"@id":"https:\/\/ucm.one\/de\/was-waere-wenn-von-gerhard-klingenberg-ab-18-maerz-2022-im-rahmen-der-edition-cinefest-erhaeltlich\/#primaryimage"},"thumbnailUrl":"https:\/\/ucm.one\/wp-content\/uploads\/2021\/11\/B-Was-Ware-Wenn-EC1-1.jpg","keywords":["1960","Angela Brunner","Artkeim\u00b2","Bundesarchiv","Cinegraph","DDR","DEFA","Die Grenze","Edition Cinefest","Erich Gusko","Franz Winzentsen","Gerd Ehlers","Gerhard Klingenberg","Hedda Zinner","Heinz Fr\u00f6lich","Manfred Krug","Was w\u00e4re wenn ...?","Willi Narloch"],"articleSection":["Artkeim\u00b2","Edition Cinefest","Film","News"],"inLanguage":"de"},{"@type":"WebPage","@id":"https:\/\/ucm.one\/de\/was-waere-wenn-von-gerhard-klingenberg-ab-18-maerz-2022-im-rahmen-der-edition-cinefest-erhaeltlich\/","url":"https:\/\/ucm.one\/de\/was-waere-wenn-von-gerhard-klingenberg-ab-18-maerz-2022-im-rahmen-der-edition-cinefest-erhaeltlich\/","name":"\"Was w\u00e4re, wenn ...?\" ab 18. M\u00e4rz 2022 erh\u00e4ltlich","isPartOf":{"@id":"https:\/\/ucm.one\/de\/#website"},"primaryImageOfPage":{"@id":"https:\/\/ucm.one\/de\/was-waere-wenn-von-gerhard-klingenberg-ab-18-maerz-2022-im-rahmen-der-edition-cinefest-erhaeltlich\/#primaryimage"},"image":{"@id":"https:\/\/ucm.one\/de\/was-waere-wenn-von-gerhard-klingenberg-ab-18-maerz-2022-im-rahmen-der-edition-cinefest-erhaeltlich\/#primaryimage"},"thumbnailUrl":"https:\/\/ucm.one\/wp-content\/uploads\/2021\/11\/B-Was-Ware-Wenn-EC1-1.jpg","datePublished":"2022-03-15T20:08:05+00:00","dateModified":"2023-03-20T16:08:46+00:00","description":"In einem Dorf an der innerdeutschen Grenze tauchen geheimnisvolle Herren in einem Westauto auf und zeigen Interesse an dem verkommenen Schlo\u00df","breadcrumb":{"@id":"https:\/\/ucm.one\/de\/was-waere-wenn-von-gerhard-klingenberg-ab-18-maerz-2022-im-rahmen-der-edition-cinefest-erhaeltlich\/#breadcrumb"},"inLanguage":"de","potentialAction":[{"@type":"ReadAction","target":["https:\/\/ucm.one\/de\/was-waere-wenn-von-gerhard-klingenberg-ab-18-maerz-2022-im-rahmen-der-edition-cinefest-erhaeltlich\/"]}]},{"@type":"ImageObject","inLanguage":"de","@id":"https:\/\/ucm.one\/de\/was-waere-wenn-von-gerhard-klingenberg-ab-18-maerz-2022-im-rahmen-der-edition-cinefest-erhaeltlich\/#primaryimage","url":"https:\/\/ucm.one\/wp-content\/uploads\/2021\/11\/B-Was-Ware-Wenn-EC1-1.jpg","contentUrl":"https:\/\/ucm.one\/wp-content\/uploads\/2021\/11\/B-Was-Ware-Wenn-EC1-1.jpg","width":1920,"height":600},{"@type":"BreadcrumbList","@id":"https:\/\/ucm.one\/de\/was-waere-wenn-von-gerhard-klingenberg-ab-18-maerz-2022-im-rahmen-der-edition-cinefest-erhaeltlich\/#breadcrumb","itemListElement":[{"@type":"ListItem","position":1,"name":"Home","item":"https:\/\/ucm.one\/de\/"},{"@type":"ListItem","position":2,"name":"\ud83c\udfac &#8222;Was w\u00e4re, wenn &#8230;?&#8220; von Gerhard Klingenberg ab 18. M\u00e4rz 2022 im Rahmen der Edition Cinefest erh\u00e4ltlich"}]},{"@type":"WebSite","@id":"https:\/\/ucm.one\/de\/#website","url":"https:\/\/ucm.one\/de\/","name":"UCM.ONE","description":"","publisher":{"@id":"https:\/\/ucm.one\/de\/#organization"},"potentialAction":[{"@type":"SearchAction","target":{"@type":"EntryPoint","urlTemplate":"https:\/\/ucm.one\/de\/?s={search_term_string}"},"query-input":{"@type":"PropertyValueSpecification","valueRequired":true,"valueName":"search_term_string"}}],"inLanguage":"de"},{"@type":"Organization","@id":"https:\/\/ucm.one\/de\/#organization","name":"UCM.ONE","url":"https:\/\/ucm.one\/de\/","logo":{"@type":"ImageObject","inLanguage":"de","@id":"https:\/\/ucm.one\/de\/#\/schema\/logo\/image\/","url":"https:\/\/ucm.one\/wp-content\/uploads\/2019\/10\/UCM.ONE-Logo-RGB.svg","contentUrl":"https:\/\/ucm.one\/wp-content\/uploads\/2019\/10\/UCM.ONE-Logo-RGB.svg","width":1,"height":1,"caption":"UCM.ONE"},"image":{"@id":"https:\/\/ucm.one\/de\/#\/schema\/logo\/image\/"}},{"@type":"Person","@id":"https:\/\/ucm.one\/de\/#\/schema\/person\/4b959e467e8acc058836467a0ef8fa50","name":"Joachim Keil","image":{"@type":"ImageObject","inLanguage":"de","@id":"https:\/\/secure.gravatar.com\/avatar\/10e1dfd05f2a7a7bc83cd44bae31e01c8ac15f974229211a2b1a49fa0a22fec0?s=96&d=mm&r=g","url":"https:\/\/secure.gravatar.com\/avatar\/10e1dfd05f2a7a7bc83cd44bae31e01c8ac15f974229211a2b1a49fa0a22fec0?s=96&d=mm&r=g","contentUrl":"https:\/\/secure.gravatar.com\/avatar\/10e1dfd05f2a7a7bc83cd44bae31e01c8ac15f974229211a2b1a49fa0a22fec0?s=96&d=mm&r=g","caption":"Joachim Keil"},"sameAs":["https:\/\/ucm.one"]}]}},"_links":{"self":[{"href":"https:\/\/ucm.one\/de\/wp-json\/wp\/v2\/posts\/58829","targetHints":{"allow":["GET"]}}],"collection":[{"href":"https:\/\/ucm.one\/de\/wp-json\/wp\/v2\/posts"}],"about":[{"href":"https:\/\/ucm.one\/de\/wp-json\/wp\/v2\/types\/post"}],"author":[{"embeddable":true,"href":"https:\/\/ucm.one\/de\/wp-json\/wp\/v2\/users\/2"}],"replies":[{"embeddable":true,"href":"https:\/\/ucm.one\/de\/wp-json\/wp\/v2\/comments?post=58829"}],"version-history":[{"count":0,"href":"https:\/\/ucm.one\/de\/wp-json\/wp\/v2\/posts\/58829\/revisions"}],"wp:featuredmedia":[{"embeddable":true,"href":"https:\/\/ucm.one\/de\/wp-json\/wp\/v2\/media\/58832"}],"wp:attachment":[{"href":"https:\/\/ucm.one\/de\/wp-json\/wp\/v2\/media?parent=58829"}],"wp:term":[{"taxonomy":"category","embeddable":true,"href":"https:\/\/ucm.one\/de\/wp-json\/wp\/v2\/categories?post=58829"},{"taxonomy":"post_tag","embeddable":true,"href":"https:\/\/ucm.one\/de\/wp-json\/wp\/v2\/tags?post=58829"}],"curies":[{"name":"wp","href":"https:\/\/api.w.org\/{rel}","templated":true}]}}