{"id":58654,"date":"2021-10-31T22:57:04","date_gmt":"2021-10-31T22:57:04","guid":{"rendered":"https:\/\/ucm.one\/?p=58654"},"modified":"2022-01-29T16:57:09","modified_gmt":"2022-01-29T16:57:09","slug":"truemmermaedchen-die-geschichte-der-charlotte-schumann-gewinnt-in-hof-den-bild-kunst-foerderpreis","status":"publish","type":"post","link":"https:\/\/ucm.one\/de\/truemmermaedchen-die-geschichte-der-charlotte-schumann-gewinnt-in-hof-den-bild-kunst-foerderpreis\/","title":{"rendered":"&#8222;Tr\u00fcmmerm\u00e4dchen &#8211; Die Geschichte der Charlotte Schumann&#8220; gewinnt in Hof den Bild-Kunst-F\u00f6rderpreis"},"content":{"rendered":"<div class=\"wpb-content-wrapper\"><p>[vc_row][vc_column][vc_column_text]Bei den gestern zu Ende gegangenen 55. Hofer Filmtagen wurde der Film &#8222;<strong>Tr\u00fcmmerm\u00e4dchen &#8211; Die Geschichte der\u00a0Charlotte Schumann<\/strong>&#8220; von <strong>Oliver Kracht<\/strong> mit dem <strong>Bild-Kunst-F\u00f6rderpreis<\/strong> f\u00fcr <em>&#8222;<\/em><em><strong><em>B<\/em>este Kost\u00fcmbild<\/strong>&#8222;<\/em> (<strong>Hannah Ebenau<\/strong> und <strong>Sabrina Kr\u00e4mer<\/strong>) und das\u00a0<em>&#8222;<strong>Beste Szenenbild<\/strong>&#8222;<\/em> (<strong>Yvonne Leuze<\/strong>) ausgezeichnet.[\/vc_column_text][vc_column_text]Seit 2004 besteht der Preis aus einer Auszeichnung f\u00fcr das beste Kost\u00fcmbild und das beste Szenenbild, beide Preise sind mit jeweils \u20ac 2.500.- dotiert. In der Auswahl standen 15 deutsche Spielfilm-Produktionen, die bei den <strong>Hofer Filmtagen<\/strong> ihre Deutschland-Premiere feierten.[\/vc_column_text][vc_column_text]<span style=\"font-size: 14pt;\">Begr\u00fcndung der Jury<\/span><\/p>\n<p><em>\u201eSabrina Kr\u00e4mer und Hannah Ebenau werden f\u00fcr die gut recherchierten und gut umgesetzten Kostu\u0308me der 1940er Jahre ausgezeichnet: Das Gesamtkonzept des Films erlaubt Abstecher in andere Zeiten, die sehr gefu\u0308hl- und kunstvoll in die filmische Zeit eingef\u00fcgt wurden, ohne sich hierbei aufzudr\u00e4ngen. Den beiden Kostu\u0308mbildnerinnen gelang es, u\u0308ber Farben, Schnitte und Schmuck einen kunstvollen Bogen zu spannen und mit diesen gestalterischen Mitteln eine u\u0308berzeugende Entwicklung der einzelnen Charaktere abzubilden.<\/em>[\/vc_column_text][vc_column_text]<em>Yvonne Leuzes starke Konzeption zeichnet die schwarz-wei\u00dfe Welt einer zerst\u00f6rten und misogynen Gesellschaft, die bruchstu\u0308ckhaft in der Unendlichkeit eines abstrakt-dunklen Raumes aufscheint. Raffinierte Baukonstruktionen lassen Tru\u0308mmerberge und Stra\u00dfenzu\u0308ge entstehen, die die Gratwanderung zwischen Realem und kulissenhafter Reduktion ausloten. Im Kontrast dazu stehen die aufwendigen und liebevoll ausgestatteten Sets des Theaters \u201eProto\u201c: Ort der schmerzvollen Konfrontation und befreienden Selbsterm\u00e4chtigung. Lustvoll bis schrecklich brennt sich die Visualit\u00e4t von Tr\u00fcmerm\u00e4dchen in die Netzhaut.\u201c<\/em>[\/vc_column_text][vc_column_text]Weitere Informationen \u00fcber den Preis: <a title=\"Bild-Kunst-F\u00f6rderpreis\" href=\"https:\/\/www.hofer-filmtage.com\/de\/aktuelles\/2021\/bild-kunst-foerderpreis-fuer-kostuembild-und-szenenbild-bei-truemmermaedchen\" target=\"_blank\" rel=\"noopener\">Bild-Kunst-F\u00f6rderpreis<\/a>[\/vc_column_text][vc_row_inner][vc_column_inner][vc_single_image image=&#8220;58665&#8243; img_size=&#8220;full&#8220; onclick=&#8220;custom_link&#8220; img_link_target=&#8220;_blank&#8220; link=&#8220;https:\/\/stream.hofer-filmtage.com\/movies\/trummermadchen&#8220;][\/vc_column_inner][\/vc_row_inner][\/vc_column][\/vc_row][vc_row][vc_column][vc_column_text]<span style=\"font-size: 14pt;\">Inhalt des Films:<\/span><\/p>\n<p>Deutschland, 1946. Hunger, Tr\u00fcmmer, heimkehrende Soldaten. Charlotte ist schwanger, aber ihr geliebter Heimkehrer will weder sie noch sein Kind. Um ihn f\u00fcr sich zu gewinnen und der drohenden Schande zu entgehen, schreibt sie sich f\u00fcr den \u201eFr\u00e4uleinkurs\u201d der Schauspielerin Gloria Deven ein, die im Faschismus ein aufstrebendes Filmsternchen war und nun Arbeitsverbot hat. Doch Gloria mit ihrem gnadenlosen Unterricht ist nicht daran interessiert, die im Krieg unn\u00f6tig gewordene Koketterie der M\u00e4dchen wiederzubeleben. Stattdessen erweckt sie in Lotte die Sehnsucht nach etwas, das ihr zu lange schon verwehrt wird: Freiheit.[\/vc_column_text][\/vc_column][\/vc_row][vc_row][vc_column][vc_column_text]&#8220;<strong>Tr\u00fcmmerm\u00e4dchen &#8211; Die Geschichte der\u00a0Charlotte Schumann<\/strong>&#8220; wird Anfang 2022 von <span style=\"font-family: 'arial black', sans-serif;\"><strong>UCM.ONE<\/strong><\/span> auf dem Label <strong>Artkeim\u00b2<\/strong> ins Kino gebracht.[\/vc_column_text][\/vc_column][\/vc_row]<\/p>\n<\/div>","protected":false},"excerpt":{"rendered":"<p>[vc_row][vc_column][vc_column_text]Bei den gestern zu Ende gegangenen 55. Hofer Filmtagen wurde der Film &#8222;Tr\u00fcmmerm\u00e4dchen &#8211; Die Geschichte der\u00a0Charlotte Schumann&#8220; von Oliver Kracht mit dem Bild-Kunst-F\u00f6rderpreis f\u00fcr &#8222;Beste Kost\u00fcmbild&#8222; (Hannah Ebenau und Sabrina Kr\u00e4mer) und das\u00a0&#8222;Beste Szenenbild&#8222; (Yvonne Leuze) ausgezeichnet.[\/vc_column_text][vc_column_text]Seit 2004 besteht der Preis aus einer Auszeichnung f\u00fcr das beste Kost\u00fcmbild und das beste Szenenbild, beide Preise&hellip;<\/p>\n","protected":false},"author":2,"featured_media":63345,"comment_status":"closed","ping_status":"closed","sticky":false,"template":"","format":"standard","meta":{"_acf_changed":false,"footnotes":""},"categories":[828,8,10,13,752,7528],"tags":[10525,2311,10714,11763,5675,5721,9655,5664,9658,9656,9657,6396,5674,9653],"class_list":["post-58654","post","type-post","status-publish","format-standard","has-post-thumbnail","hentry","category-artkeim","category-film","category-kino","category-news","category-verleih","category-weltvertrieb","tag-akademie-fuer-darstellende-kunst-baden-wuerttemberg","tag-artkeim","tag-bild-kunst-foerderpreis","tag-die-geschichte-der-charlotte-schumann","tag-filmakademie-baden-wuerttemberg","tag-internationale-hofer-filmtage","tag-laura-balzer","tag-lennart-lenzing","tag-marco-groenwoldt","tag-oliver-kracht","tag-simon-j-buchner","tag-suedwestrundfunk","tag-swr","tag-truemmermaedchen","category-828","category-8","category-10","category-13","category-752","category-7528","description-off"],"acf":[],"yoast_head":"<!-- This site is optimized with the Yoast SEO plugin v27.5 - https:\/\/yoast.com\/product\/yoast-seo-wordpress\/ -->\n<title>%title%<\/title>\n<meta name=\"description\" content=\"Bei den 55. Hofer Filmtagen wurde Tr\u00fcmmerm\u00e4dchen mit dem Bild-Kunst-F\u00f6rderpreis f\u00fcr das Beste Kost\u00fcmbild ausgezeichnet.\" \/>\n<meta name=\"robots\" content=\"index, follow, max-snippet:-1, max-image-preview:large, max-video-preview:-1\" \/>\n<link rel=\"canonical\" href=\"https:\/\/ucm.one\/de\/truemmermaedchen-die-geschichte-der-charlotte-schumann-gewinnt-in-hof-den-bild-kunst-foerderpreis\/\" \/>\n<meta property=\"og:locale\" content=\"de_DE\" \/>\n<meta property=\"og:type\" content=\"article\" \/>\n<meta property=\"og:title\" content=\"%title%\" \/>\n<meta property=\"og:description\" content=\"Bei den 55. Hofer Filmtagen wurde Tr\u00fcmmerm\u00e4dchen mit dem Bild-Kunst-F\u00f6rderpreis f\u00fcr das Beste Kost\u00fcmbild ausgezeichnet.\" \/>\n<meta property=\"og:url\" content=\"https:\/\/ucm.one\/de\/truemmermaedchen-die-geschichte-der-charlotte-schumann-gewinnt-in-hof-den-bild-kunst-foerderpreis\/\" \/>\n<meta property=\"og:site_name\" content=\"UCM.ONE\" \/>\n<meta property=\"article:published_time\" content=\"2021-10-31T22:57:04+00:00\" \/>\n<meta property=\"article:modified_time\" content=\"2022-01-29T16:57:09+00:00\" \/>\n<meta property=\"og:image\" content=\"https:\/\/ucm.one\/wp-content\/uploads\/2021\/10\/B-Truemmermaedchen-Hof-DE-1_NEU.jpg\" \/>\n\t<meta property=\"og:image:width\" content=\"1920\" \/>\n\t<meta property=\"og:image:height\" content=\"600\" \/>\n\t<meta property=\"og:image:type\" content=\"image\/jpeg\" \/>\n<meta name=\"author\" content=\"Joachim Keil\" \/>\n<meta name=\"twitter:card\" content=\"summary_large_image\" \/>\n<meta name=\"twitter:label1\" content=\"Verfasst von\" \/>\n\t<meta name=\"twitter:data1\" content=\"Joachim Keil\" \/>\n\t<meta name=\"twitter:label2\" content=\"Gesch\u00e4tzte Lesezeit\" \/>\n\t<meta name=\"twitter:data2\" content=\"2\u00a0Minuten\" \/>\n<!-- \/ Yoast SEO plugin. -->","yoast_head_json":{"title":"%title%","description":"Bei den 55. Hofer Filmtagen wurde Tr\u00fcmmerm\u00e4dchen mit dem Bild-Kunst-F\u00f6rderpreis f\u00fcr das Beste Kost\u00fcmbild ausgezeichnet.","robots":{"index":"index","follow":"follow","max-snippet":"max-snippet:-1","max-image-preview":"max-image-preview:large","max-video-preview":"max-video-preview:-1"},"canonical":"https:\/\/ucm.one\/de\/truemmermaedchen-die-geschichte-der-charlotte-schumann-gewinnt-in-hof-den-bild-kunst-foerderpreis\/","og_locale":"de_DE","og_type":"article","og_title":"%title%","og_description":"Bei den 55. Hofer Filmtagen wurde Tr\u00fcmmerm\u00e4dchen mit dem Bild-Kunst-F\u00f6rderpreis f\u00fcr das Beste Kost\u00fcmbild ausgezeichnet.","og_url":"https:\/\/ucm.one\/de\/truemmermaedchen-die-geschichte-der-charlotte-schumann-gewinnt-in-hof-den-bild-kunst-foerderpreis\/","og_site_name":"UCM.ONE","article_published_time":"2021-10-31T22:57:04+00:00","article_modified_time":"2022-01-29T16:57:09+00:00","og_image":[{"width":1920,"height":600,"url":"https:\/\/ucm.one\/wp-content\/uploads\/2021\/10\/B-Truemmermaedchen-Hof-DE-1_NEU.jpg","type":"image\/jpeg"}],"author":"Joachim Keil","twitter_card":"summary_large_image","twitter_misc":{"Verfasst von":"Joachim Keil","Gesch\u00e4tzte Lesezeit":"2\u00a0Minuten"},"schema":{"@context":"https:\/\/schema.org","@graph":[{"@type":"Article","@id":"https:\/\/ucm.one\/de\/truemmermaedchen-die-geschichte-der-charlotte-schumann-gewinnt-in-hof-den-bild-kunst-foerderpreis\/#article","isPartOf":{"@id":"https:\/\/ucm.one\/de\/truemmermaedchen-die-geschichte-der-charlotte-schumann-gewinnt-in-hof-den-bild-kunst-foerderpreis\/"},"author":{"name":"Joachim Keil","@id":"https:\/\/ucm.one\/de\/#\/schema\/person\/4b959e467e8acc058836467a0ef8fa50"},"headline":"&#8222;Tr\u00fcmmerm\u00e4dchen &#8211; Die Geschichte der Charlotte Schumann&#8220; gewinnt in Hof den Bild-Kunst-F\u00f6rderpreis","datePublished":"2021-10-31T22:57:04+00:00","dateModified":"2022-01-29T16:57:09+00:00","mainEntityOfPage":{"@id":"https:\/\/ucm.one\/de\/truemmermaedchen-die-geschichte-der-charlotte-schumann-gewinnt-in-hof-den-bild-kunst-foerderpreis\/"},"wordCount":484,"publisher":{"@id":"https:\/\/ucm.one\/de\/#organization"},"image":{"@id":"https:\/\/ucm.one\/de\/truemmermaedchen-die-geschichte-der-charlotte-schumann-gewinnt-in-hof-den-bild-kunst-foerderpreis\/#primaryimage"},"thumbnailUrl":"https:\/\/ucm.one\/wp-content\/uploads\/2021\/10\/B-Truemmermaedchen-Hof-DE-1_NEU.jpg","keywords":["Akademie f\u00fcr Darstellende Kunst Baden-W\u00fcrttemberg","Artkeim\u00b2","Bild-Kunst-F\u00f6rderpreis","Die Geschichte der Charlotte Schumann","Filmakademie Baden-W\u00fcrttemberg","Internationale Hofer Filmtage","Laura Balzer","Lennart Lenzing","Marco Gr\u00f6nwoldt","Oliver Kracht","Simon J. Buchner","S\u00fcdwestrundfunk","SWR","Tr\u00fcmmerm\u00e4dchen"],"articleSection":["Artkeim\u00b2","Film","Kino","News","Verleih","Weltvertrieb"],"inLanguage":"de"},{"@type":"WebPage","@id":"https:\/\/ucm.one\/de\/truemmermaedchen-die-geschichte-der-charlotte-schumann-gewinnt-in-hof-den-bild-kunst-foerderpreis\/","url":"https:\/\/ucm.one\/de\/truemmermaedchen-die-geschichte-der-charlotte-schumann-gewinnt-in-hof-den-bild-kunst-foerderpreis\/","name":"%title%","isPartOf":{"@id":"https:\/\/ucm.one\/de\/#website"},"primaryImageOfPage":{"@id":"https:\/\/ucm.one\/de\/truemmermaedchen-die-geschichte-der-charlotte-schumann-gewinnt-in-hof-den-bild-kunst-foerderpreis\/#primaryimage"},"image":{"@id":"https:\/\/ucm.one\/de\/truemmermaedchen-die-geschichte-der-charlotte-schumann-gewinnt-in-hof-den-bild-kunst-foerderpreis\/#primaryimage"},"thumbnailUrl":"https:\/\/ucm.one\/wp-content\/uploads\/2021\/10\/B-Truemmermaedchen-Hof-DE-1_NEU.jpg","datePublished":"2021-10-31T22:57:04+00:00","dateModified":"2022-01-29T16:57:09+00:00","description":"Bei den 55. Hofer Filmtagen wurde Tr\u00fcmmerm\u00e4dchen mit dem Bild-Kunst-F\u00f6rderpreis f\u00fcr das Beste Kost\u00fcmbild ausgezeichnet.","breadcrumb":{"@id":"https:\/\/ucm.one\/de\/truemmermaedchen-die-geschichte-der-charlotte-schumann-gewinnt-in-hof-den-bild-kunst-foerderpreis\/#breadcrumb"},"inLanguage":"de","potentialAction":[{"@type":"ReadAction","target":["https:\/\/ucm.one\/de\/truemmermaedchen-die-geschichte-der-charlotte-schumann-gewinnt-in-hof-den-bild-kunst-foerderpreis\/"]}]},{"@type":"ImageObject","inLanguage":"de","@id":"https:\/\/ucm.one\/de\/truemmermaedchen-die-geschichte-der-charlotte-schumann-gewinnt-in-hof-den-bild-kunst-foerderpreis\/#primaryimage","url":"https:\/\/ucm.one\/wp-content\/uploads\/2021\/10\/B-Truemmermaedchen-Hof-DE-1_NEU.jpg","contentUrl":"https:\/\/ucm.one\/wp-content\/uploads\/2021\/10\/B-Truemmermaedchen-Hof-DE-1_NEU.jpg","width":1920,"height":600},{"@type":"BreadcrumbList","@id":"https:\/\/ucm.one\/de\/truemmermaedchen-die-geschichte-der-charlotte-schumann-gewinnt-in-hof-den-bild-kunst-foerderpreis\/#breadcrumb","itemListElement":[{"@type":"ListItem","position":1,"name":"Home","item":"https:\/\/ucm.one\/de\/"},{"@type":"ListItem","position":2,"name":"&#8222;Tr\u00fcmmerm\u00e4dchen &#8211; Die Geschichte der Charlotte Schumann&#8220; gewinnt in Hof den Bild-Kunst-F\u00f6rderpreis"}]},{"@type":"WebSite","@id":"https:\/\/ucm.one\/de\/#website","url":"https:\/\/ucm.one\/de\/","name":"UCM.ONE","description":"","publisher":{"@id":"https:\/\/ucm.one\/de\/#organization"},"potentialAction":[{"@type":"SearchAction","target":{"@type":"EntryPoint","urlTemplate":"https:\/\/ucm.one\/de\/?s={search_term_string}"},"query-input":{"@type":"PropertyValueSpecification","valueRequired":true,"valueName":"search_term_string"}}],"inLanguage":"de"},{"@type":"Organization","@id":"https:\/\/ucm.one\/de\/#organization","name":"UCM.ONE","url":"https:\/\/ucm.one\/de\/","logo":{"@type":"ImageObject","inLanguage":"de","@id":"https:\/\/ucm.one\/de\/#\/schema\/logo\/image\/","url":"https:\/\/ucm.one\/wp-content\/uploads\/2019\/10\/UCM.ONE-Logo-RGB.svg","contentUrl":"https:\/\/ucm.one\/wp-content\/uploads\/2019\/10\/UCM.ONE-Logo-RGB.svg","width":1,"height":1,"caption":"UCM.ONE"},"image":{"@id":"https:\/\/ucm.one\/de\/#\/schema\/logo\/image\/"}},{"@type":"Person","@id":"https:\/\/ucm.one\/de\/#\/schema\/person\/4b959e467e8acc058836467a0ef8fa50","name":"Joachim Keil","image":{"@type":"ImageObject","inLanguage":"de","@id":"https:\/\/secure.gravatar.com\/avatar\/10e1dfd05f2a7a7bc83cd44bae31e01c8ac15f974229211a2b1a49fa0a22fec0?s=96&d=mm&r=g","url":"https:\/\/secure.gravatar.com\/avatar\/10e1dfd05f2a7a7bc83cd44bae31e01c8ac15f974229211a2b1a49fa0a22fec0?s=96&d=mm&r=g","contentUrl":"https:\/\/secure.gravatar.com\/avatar\/10e1dfd05f2a7a7bc83cd44bae31e01c8ac15f974229211a2b1a49fa0a22fec0?s=96&d=mm&r=g","caption":"Joachim Keil"},"sameAs":["https:\/\/ucm.one"]}]}},"_links":{"self":[{"href":"https:\/\/ucm.one\/de\/wp-json\/wp\/v2\/posts\/58654","targetHints":{"allow":["GET"]}}],"collection":[{"href":"https:\/\/ucm.one\/de\/wp-json\/wp\/v2\/posts"}],"about":[{"href":"https:\/\/ucm.one\/de\/wp-json\/wp\/v2\/types\/post"}],"author":[{"embeddable":true,"href":"https:\/\/ucm.one\/de\/wp-json\/wp\/v2\/users\/2"}],"replies":[{"embeddable":true,"href":"https:\/\/ucm.one\/de\/wp-json\/wp\/v2\/comments?post=58654"}],"version-history":[{"count":0,"href":"https:\/\/ucm.one\/de\/wp-json\/wp\/v2\/posts\/58654\/revisions"}],"wp:featuredmedia":[{"embeddable":true,"href":"https:\/\/ucm.one\/de\/wp-json\/wp\/v2\/media\/63345"}],"wp:attachment":[{"href":"https:\/\/ucm.one\/de\/wp-json\/wp\/v2\/media?parent=58654"}],"wp:term":[{"taxonomy":"category","embeddable":true,"href":"https:\/\/ucm.one\/de\/wp-json\/wp\/v2\/categories?post=58654"},{"taxonomy":"post_tag","embeddable":true,"href":"https:\/\/ucm.one\/de\/wp-json\/wp\/v2\/tags?post=58654"}],"curies":[{"name":"wp","href":"https:\/\/api.w.org\/{rel}","templated":true}]}}