{"id":58518,"date":"2021-11-07T17:00:37","date_gmt":"2021-11-07T17:00:37","guid":{"rendered":"https:\/\/ucm.one\/?p=58518"},"modified":"2021-11-10T04:00:22","modified_gmt":"2021-11-10T04:00:22","slug":"nachtblende-mit-romy-schneider-erstmalig-in-der-neu-abgetasteten-version-auf-mubi","status":"publish","type":"post","link":"https:\/\/ucm.one\/de\/nachtblende-mit-romy-schneider-erstmalig-in-der-neu-abgetasteten-version-auf-mubi\/","title":{"rendered":"\u201eNachtblende\u201c mit Romy Schneider erstmalig in der neu abgetasteten Version auf MUBI"},"content":{"rendered":"<div class=\"wpb-content-wrapper\"><p>[vc_row][vc_column][vc_column_text]Am 7. November zeigt <strong>MUBI<\/strong> die exklusive Premiere der neu abgetasteten Version des franz\u00f6sischen Filmdramas \u201e<strong>Nachtblende<\/strong>\u201c (Originaltitel: &#8222;<strong>L\u2019important c\u2019est d\u2019aimer<\/strong>&#8222;) von 1975. Anfang 2022 wird der Film dann von <span style=\"font-family: 'arial black', sans-serif;\"><strong>UCM.ONE<\/strong><\/span> auch in einem aufwendig gestalteten Mediabook auf dem Label <strong>Artkeim\u00b2<\/strong> im Rahmen der\u00a0<strong>\u00c9dition ParaSol Videoth\u00e8que<\/strong> in den Handel kommen.[\/vc_column_text][\/vc_column][\/vc_row][vc_row][vc_column width=&#8220;3\/4&#8243;][vc_column_text]Der Spielfilm von Regisseur <strong>Andrzej \u017bu\u0142awski<\/strong> handelt von einer Dreiecksbeziehung im Milieu der franz\u00f6sisch-italienischen Mafia und sorgte bei seiner Premiere f\u00fcr einen handfesten Skandal wegen seiner freiz\u00fcgigen Szenen und der Darstellung eines Selbstmords. Hauptdarstellerin <strong>Romy Schneider<\/strong> wurde f\u00fcr ihr atemberaubendes Schauspiel mit dem <strong>C\u00e9sar<\/strong> ausgezeichnet. An ihrer Seite spielen unter anderem der franz\u00f6sische Superstar <strong>Jacques Dutronc<\/strong>, der damals vor allem als Musiker bekannt war, mit diesem Film aber den Grundstein f\u00fcr eine zweite Karriere als Charakterdarsteller legte, der italienische Filmstar und S\u00e4nger <strong>Fabio Testi,<\/strong> der mit den Western <strong>Sergio Leones<\/strong> bekannt geworden war, und in einer markanten Nebenrolle <strong>Klaus Kinski<\/strong>.[\/vc_column_text][vc_column_text]Der Film dreht sich um die erfolglose Schauspielerin <strong>Nadine Chevalier<\/strong>. Sie lernt bei Dreharbeiten f\u00fcr einen Softporno den Fotografen Servais Mont kennen, der sich sofort in sie verliebt. Nadine ist jedoch verheiratet und l\u00e4sst sich zwar auf eine Aff\u00e4re ein, will aber ihren impotenten und manisch-depressiven Mann Jacques nicht verlassen, da sie ihn immer noch liebt. Servais leiht sich einen erheblichen Geldbetrag von der Mafia, um Nadine eine Rolle in einer Auff\u00fchrung von Richard III. zu verschaffen. Derweil erf\u00e4hrt Jacques von der Aff\u00e4re seiner Frau\u2026[\/vc_column_text][vc_column_text]<em><strong>Schauspieler:innen:\u00a0<\/strong>Romy Schneider, Fabio Testi, Klaus Kinski, Jacques Dutronc, Roger Blin, Gabrielle Doulcet, Michel Robin, Guy Mairesse, Katia Tchenko, Nicoletta Machiavelli, Paul Bisciglia, Henri Coutet, Sylvain Levignac, Andr\u00e9e Tainsy, Olga Val\u00e9ry, Jacques Boudet, Robert Dadi\u00e8s Georges-Fr\u00e9deric Dehlen, Jack Jourdain, Claude Legros, Kira Potonie, Michel Such, Jacques Van Dooren, Nadia Vasil, Sin May Zao und G\u00e9rard Zimmermann<\/em>[\/vc_column_text][\/vc_column][vc_column width=&#8220;1\/4&#8243;][vc_single_image image=&#8220;16845&#8243; img_size=&#8220;full&#8220;][\/vc_column][\/vc_row][vc_row][vc_column][vc_column_text]<\/p>\n<h3>Kritiken:<\/h3>\n<p><em>\u201e\u201aNachtblende\u2018 ist ein Skandalfilm. Brutal, nackt, obsessiv und intensiv. Ein Filmgenuss der komplizierteren Art.\u201c<\/em> (<strong>Mitternachtskino.de<\/strong>)<\/p>\n<p><em>\u201eZulawski erz\u00e4hlt also eine Geschichte, in der sich zwei Prinzipien nicht nur diametral gegen\u00fcberstehen, sondern miteinander verschr\u00e4nkt sind: das Prinzip Geld und das Prinzip Liebe. Es verschafft Macht in der Beziehung und produziert die Unm\u00f6glichkeit von Liebe \u2013 bis in den Tod.\u201c <\/em>(<strong>Filmstarts.de<\/strong>)<\/p>\n<p><em>\u201eMischung aus Psychogramm-Versuch und Melodram, inszeniert in barocker, greller Manier. In der Schilderung existentieller Extremsituationen stellenweise spekulativ, nicht selten aber auch unfreiwillig komisch.\u201c <\/em>(<strong>Lexikon des internationalen Films<\/strong>)[\/vc_column_text][\/vc_column][\/vc_row][vc_row][vc_column][vc_single_image image=&#8220;58535&#8243; img_size=&#8220;full&#8220; onclick=&#8220;custom_link&#8220; img_link_target=&#8220;_blank&#8220; link=&#8220;https:\/\/mubi.com\/de\/films\/that-most-important-thing-love&#8220;][\/vc_column][\/vc_row][vc_row][vc_column][vc_column_text]Direkt bei MUBI ansehen: <a title=\"Nachtblende\" href=\"https:\/\/mubi.com\/de\/films\/that-most-important-thing-love\" target=\"_blank\" rel=\"noopener\">Nachtblende<\/a>[\/vc_column_text][\/vc_column][\/vc_row]<\/p>\n<\/div>","protected":false},"excerpt":{"rendered":"<p>[vc_row][vc_column][vc_column_text]Am 7. November zeigt MUBI die exklusive Premiere der neu abgetasteten Version des franz\u00f6sischen Filmdramas \u201eNachtblende\u201c (Originaltitel: &#8222;L\u2019important c\u2019est d\u2019aimer&#8222;) von 1975. Anfang 2022 wird der Film dann von UCM.ONE auch in einem aufwendig gestalteten Mediabook auf dem Label Artkeim\u00b2 im Rahmen der\u00a0\u00c9dition ParaSol Videoth\u00e8que in den Handel kommen.[\/vc_column_text][\/vc_column][\/vc_row][vc_row][vc_column width=&#8220;3\/4&#8243;][vc_column_text]Der Spielfilm von Regisseur Andrzej \u017bu\u0142awski&hellip;<\/p>\n","protected":false},"author":2,"featured_media":58521,"comment_status":"closed","ping_status":"closed","sticky":false,"template":"","format":"standard","meta":{"_acf_changed":false,"footnotes":""},"categories":[828,4658,8,7004,13],"tags":[10628,4722,2311,4674,4685,4671,6848,10627,10630,4676,4673,4672,10626,4660,10629,4675,4663],"class_list":["post-58518","post","type-post","status-publish","format-standard","has-post-thumbnail","hentry","category-artkeim","category-edition-parasol-videotheque","category-film","category-filmklassiker","category-news","tag-4k","tag-andrzej-zulawski","tag-artkeim","tag-claude-dauphin","tag-edition-parasol-videotheque","tag-fabio-testi","tag-filmklassiker","tag-filmlassiker","tag-full-hd","tag-gabrielle-doulcet","tag-jacques-dutronc","tag-klaus-kinski","tag-mubi","tag-nachtblende","tag-neue-abtastung","tag-roger-blin","tag-romy-schneider","category-828","category-4658","category-8","category-7004","category-13","description-off"],"acf":[],"yoast_head":"<!-- This site is optimized with the Yoast SEO plugin v27.5 - https:\/\/yoast.com\/product\/yoast-seo-wordpress\/ -->\n<title>\u201eNachtblende\u201c mit Romy Schneider auf MUBI<\/title>\n<meta name=\"description\" content=\"Der Film von Andrzej \u017bu\u0142awski handelt von einer Dreiecksbeziehung im Milieu der Mafia und sorgte bei der Premiere f\u00fcr einen handfesten Skandal.\" \/>\n<meta name=\"robots\" content=\"index, follow, max-snippet:-1, max-image-preview:large, max-video-preview:-1\" \/>\n<link rel=\"canonical\" href=\"https:\/\/ucm.one\/de\/nachtblende-mit-romy-schneider-erstmalig-in-der-neu-abgetasteten-version-auf-mubi\/\" \/>\n<meta property=\"og:locale\" content=\"de_DE\" \/>\n<meta property=\"og:type\" content=\"article\" \/>\n<meta property=\"og:title\" content=\"\u201eNachtblende\u201c mit Romy Schneider auf MUBI\" \/>\n<meta property=\"og:description\" content=\"Der Film von Andrzej \u017bu\u0142awski handelt von einer Dreiecksbeziehung im Milieu der Mafia und sorgte bei der Premiere f\u00fcr einen handfesten Skandal.\" \/>\n<meta property=\"og:url\" content=\"https:\/\/ucm.one\/de\/nachtblende-mit-romy-schneider-erstmalig-in-der-neu-abgetasteten-version-auf-mubi\/\" \/>\n<meta property=\"og:site_name\" content=\"UCM.ONE\" \/>\n<meta property=\"article:published_time\" content=\"2021-11-07T17:00:37+00:00\" \/>\n<meta property=\"article:modified_time\" content=\"2021-11-10T04:00:22+00:00\" \/>\n<meta property=\"og:image\" content=\"https:\/\/ucm.one\/wp-content\/uploads\/2021\/11\/B-Nachtblende-Mubi-de.jpg\" \/>\n\t<meta property=\"og:image:width\" content=\"1920\" \/>\n\t<meta property=\"og:image:height\" content=\"600\" \/>\n\t<meta property=\"og:image:type\" content=\"image\/jpeg\" \/>\n<meta name=\"author\" content=\"Joachim Keil\" \/>\n<meta name=\"twitter:card\" content=\"summary_large_image\" \/>\n<meta name=\"twitter:label1\" content=\"Verfasst von\" \/>\n\t<meta name=\"twitter:data1\" content=\"Joachim Keil\" \/>\n\t<meta name=\"twitter:label2\" content=\"Gesch\u00e4tzte Lesezeit\" \/>\n\t<meta name=\"twitter:data2\" content=\"3\u00a0Minuten\" \/>\n<!-- \/ Yoast SEO plugin. -->","yoast_head_json":{"title":"\u201eNachtblende\u201c mit Romy Schneider auf MUBI","description":"Der Film von Andrzej \u017bu\u0142awski handelt von einer Dreiecksbeziehung im Milieu der Mafia und sorgte bei der Premiere f\u00fcr einen handfesten Skandal.","robots":{"index":"index","follow":"follow","max-snippet":"max-snippet:-1","max-image-preview":"max-image-preview:large","max-video-preview":"max-video-preview:-1"},"canonical":"https:\/\/ucm.one\/de\/nachtblende-mit-romy-schneider-erstmalig-in-der-neu-abgetasteten-version-auf-mubi\/","og_locale":"de_DE","og_type":"article","og_title":"\u201eNachtblende\u201c mit Romy Schneider auf MUBI","og_description":"Der Film von Andrzej \u017bu\u0142awski handelt von einer Dreiecksbeziehung im Milieu der Mafia und sorgte bei der Premiere f\u00fcr einen handfesten Skandal.","og_url":"https:\/\/ucm.one\/de\/nachtblende-mit-romy-schneider-erstmalig-in-der-neu-abgetasteten-version-auf-mubi\/","og_site_name":"UCM.ONE","article_published_time":"2021-11-07T17:00:37+00:00","article_modified_time":"2021-11-10T04:00:22+00:00","og_image":[{"width":1920,"height":600,"url":"https:\/\/ucm.one\/wp-content\/uploads\/2021\/11\/B-Nachtblende-Mubi-de.jpg","type":"image\/jpeg"}],"author":"Joachim Keil","twitter_card":"summary_large_image","twitter_misc":{"Verfasst von":"Joachim Keil","Gesch\u00e4tzte Lesezeit":"3\u00a0Minuten"},"schema":{"@context":"https:\/\/schema.org","@graph":[{"@type":"Article","@id":"https:\/\/ucm.one\/de\/nachtblende-mit-romy-schneider-erstmalig-in-der-neu-abgetasteten-version-auf-mubi\/#article","isPartOf":{"@id":"https:\/\/ucm.one\/de\/nachtblende-mit-romy-schneider-erstmalig-in-der-neu-abgetasteten-version-auf-mubi\/"},"author":{"name":"Joachim Keil","@id":"https:\/\/ucm.one\/de\/#\/schema\/person\/4b959e467e8acc058836467a0ef8fa50"},"headline":"\u201eNachtblende\u201c mit Romy Schneider erstmalig in der neu abgetasteten Version auf MUBI","datePublished":"2021-11-07T17:00:37+00:00","dateModified":"2021-11-10T04:00:22+00:00","mainEntityOfPage":{"@id":"https:\/\/ucm.one\/de\/nachtblende-mit-romy-schneider-erstmalig-in-der-neu-abgetasteten-version-auf-mubi\/"},"wordCount":533,"publisher":{"@id":"https:\/\/ucm.one\/de\/#organization"},"image":{"@id":"https:\/\/ucm.one\/de\/nachtblende-mit-romy-schneider-erstmalig-in-der-neu-abgetasteten-version-auf-mubi\/#primaryimage"},"thumbnailUrl":"https:\/\/ucm.one\/wp-content\/uploads\/2021\/11\/B-Nachtblende-Mubi-de.jpg","keywords":["4K","Andrzej Zulawski","Artkeim\u00b2","Claude Dauphin","\u00c9dition ParaSol Videoth\u00e8que","Fabio Testi","Filmklassiker","Filmlassiker","Full HD","Gabrielle Doulcet","Jacques Dutronc","Klaus Kinski","MUBI","Nachtblende","Neue Abtastung","Roger Blin","Romy Schneider"],"articleSection":["Artkeim\u00b2","\u00c9dition ParaSol Videoth\u00e8que","Film","Filmklassiker","News"],"inLanguage":"de"},{"@type":"WebPage","@id":"https:\/\/ucm.one\/de\/nachtblende-mit-romy-schneider-erstmalig-in-der-neu-abgetasteten-version-auf-mubi\/","url":"https:\/\/ucm.one\/de\/nachtblende-mit-romy-schneider-erstmalig-in-der-neu-abgetasteten-version-auf-mubi\/","name":"\u201eNachtblende\u201c mit Romy Schneider auf MUBI","isPartOf":{"@id":"https:\/\/ucm.one\/de\/#website"},"primaryImageOfPage":{"@id":"https:\/\/ucm.one\/de\/nachtblende-mit-romy-schneider-erstmalig-in-der-neu-abgetasteten-version-auf-mubi\/#primaryimage"},"image":{"@id":"https:\/\/ucm.one\/de\/nachtblende-mit-romy-schneider-erstmalig-in-der-neu-abgetasteten-version-auf-mubi\/#primaryimage"},"thumbnailUrl":"https:\/\/ucm.one\/wp-content\/uploads\/2021\/11\/B-Nachtblende-Mubi-de.jpg","datePublished":"2021-11-07T17:00:37+00:00","dateModified":"2021-11-10T04:00:22+00:00","description":"Der Film von Andrzej \u017bu\u0142awski handelt von einer Dreiecksbeziehung im Milieu der Mafia und sorgte bei der Premiere f\u00fcr einen handfesten Skandal.","breadcrumb":{"@id":"https:\/\/ucm.one\/de\/nachtblende-mit-romy-schneider-erstmalig-in-der-neu-abgetasteten-version-auf-mubi\/#breadcrumb"},"inLanguage":"de","potentialAction":[{"@type":"ReadAction","target":["https:\/\/ucm.one\/de\/nachtblende-mit-romy-schneider-erstmalig-in-der-neu-abgetasteten-version-auf-mubi\/"]}]},{"@type":"ImageObject","inLanguage":"de","@id":"https:\/\/ucm.one\/de\/nachtblende-mit-romy-schneider-erstmalig-in-der-neu-abgetasteten-version-auf-mubi\/#primaryimage","url":"https:\/\/ucm.one\/wp-content\/uploads\/2021\/11\/B-Nachtblende-Mubi-de.jpg","contentUrl":"https:\/\/ucm.one\/wp-content\/uploads\/2021\/11\/B-Nachtblende-Mubi-de.jpg","width":1920,"height":600},{"@type":"BreadcrumbList","@id":"https:\/\/ucm.one\/de\/nachtblende-mit-romy-schneider-erstmalig-in-der-neu-abgetasteten-version-auf-mubi\/#breadcrumb","itemListElement":[{"@type":"ListItem","position":1,"name":"Home","item":"https:\/\/ucm.one\/de\/"},{"@type":"ListItem","position":2,"name":"\u201eNachtblende\u201c mit Romy Schneider erstmalig in der neu abgetasteten Version auf MUBI"}]},{"@type":"WebSite","@id":"https:\/\/ucm.one\/de\/#website","url":"https:\/\/ucm.one\/de\/","name":"UCM.ONE","description":"","publisher":{"@id":"https:\/\/ucm.one\/de\/#organization"},"potentialAction":[{"@type":"SearchAction","target":{"@type":"EntryPoint","urlTemplate":"https:\/\/ucm.one\/de\/?s={search_term_string}"},"query-input":{"@type":"PropertyValueSpecification","valueRequired":true,"valueName":"search_term_string"}}],"inLanguage":"de"},{"@type":"Organization","@id":"https:\/\/ucm.one\/de\/#organization","name":"UCM.ONE","url":"https:\/\/ucm.one\/de\/","logo":{"@type":"ImageObject","inLanguage":"de","@id":"https:\/\/ucm.one\/de\/#\/schema\/logo\/image\/","url":"https:\/\/ucm.one\/wp-content\/uploads\/2019\/10\/UCM.ONE-Logo-RGB.svg","contentUrl":"https:\/\/ucm.one\/wp-content\/uploads\/2019\/10\/UCM.ONE-Logo-RGB.svg","width":1,"height":1,"caption":"UCM.ONE"},"image":{"@id":"https:\/\/ucm.one\/de\/#\/schema\/logo\/image\/"}},{"@type":"Person","@id":"https:\/\/ucm.one\/de\/#\/schema\/person\/4b959e467e8acc058836467a0ef8fa50","name":"Joachim Keil","image":{"@type":"ImageObject","inLanguage":"de","@id":"https:\/\/secure.gravatar.com\/avatar\/10e1dfd05f2a7a7bc83cd44bae31e01c8ac15f974229211a2b1a49fa0a22fec0?s=96&d=mm&r=g","url":"https:\/\/secure.gravatar.com\/avatar\/10e1dfd05f2a7a7bc83cd44bae31e01c8ac15f974229211a2b1a49fa0a22fec0?s=96&d=mm&r=g","contentUrl":"https:\/\/secure.gravatar.com\/avatar\/10e1dfd05f2a7a7bc83cd44bae31e01c8ac15f974229211a2b1a49fa0a22fec0?s=96&d=mm&r=g","caption":"Joachim Keil"},"sameAs":["https:\/\/ucm.one"]}]}},"_links":{"self":[{"href":"https:\/\/ucm.one\/de\/wp-json\/wp\/v2\/posts\/58518","targetHints":{"allow":["GET"]}}],"collection":[{"href":"https:\/\/ucm.one\/de\/wp-json\/wp\/v2\/posts"}],"about":[{"href":"https:\/\/ucm.one\/de\/wp-json\/wp\/v2\/types\/post"}],"author":[{"embeddable":true,"href":"https:\/\/ucm.one\/de\/wp-json\/wp\/v2\/users\/2"}],"replies":[{"embeddable":true,"href":"https:\/\/ucm.one\/de\/wp-json\/wp\/v2\/comments?post=58518"}],"version-history":[{"count":0,"href":"https:\/\/ucm.one\/de\/wp-json\/wp\/v2\/posts\/58518\/revisions"}],"wp:featuredmedia":[{"embeddable":true,"href":"https:\/\/ucm.one\/de\/wp-json\/wp\/v2\/media\/58521"}],"wp:attachment":[{"href":"https:\/\/ucm.one\/de\/wp-json\/wp\/v2\/media?parent=58518"}],"wp:term":[{"taxonomy":"category","embeddable":true,"href":"https:\/\/ucm.one\/de\/wp-json\/wp\/v2\/categories?post=58518"},{"taxonomy":"post_tag","embeddable":true,"href":"https:\/\/ucm.one\/de\/wp-json\/wp\/v2\/tags?post=58518"}],"curies":[{"name":"wp","href":"https:\/\/api.w.org\/{rel}","templated":true}]}}