{"id":58348,"date":"2021-11-06T02:04:48","date_gmt":"2021-11-06T02:04:48","guid":{"rendered":"https:\/\/ucm.one\/?p=58348"},"modified":"2023-03-10T08:44:54","modified_gmt":"2023-03-10T08:44:54","slug":"jaded-star-veroeffentlichen-neues-musikvideo-zu-a-pain-all-mine-noble-demon","status":"publish","type":"post","link":"https:\/\/ucm.one\/de\/jaded-star-veroeffentlichen-neues-musikvideo-zu-a-pain-all-mine-noble-demon\/","title":{"rendered":"&#8222;Jaded Star&#8220; ver\u00f6ffentlichen neues Musikvideo zu &#8222;A Pain All Mine&#8220; (Noble Demon)"},"content":{"rendered":"<div class=\"wpb-content-wrapper\"><p>[vc_row][vc_column width=&#8220;3\/4&#8243;][vc_column_text]Zur Feier des 1. Jahrestages ihres aktuellen Albums &#8222;<strong>Realign<\/strong>&#8220; melden sich <strong>Jaded Star<\/strong> mit der Live-Version ihrer Single &#8222;<strong>A Pain All Mine<\/strong>&#8220; zur\u00fcck, die live im <strong>The Crow Club Athen<\/strong> gefilmt und aufgenommen wurde! <em>&#8222;Wir hatten das Bed\u00fcrfnis, diesen Song live zu spielen, um den ersten Geburtstag unseres Albums zu feiern, weil es der pers\u00f6nlichste und emotionalste Song ist, den wir bisher ver\u00f6ffentlicht haben. Wir k\u00f6nnen es kaum erwarten, ihn mit euch allen auf der B\u00fchne mit einem echten Publikum zu teilen<\/em>&#8222;, sagt die Band.[\/vc_column_text][vc_column_text]F\u00fcnf Jahre nach ihrem hochgelobten Deb\u00fctalbum &#8222;<strong>Memories From The Future<\/strong>&#8220; feierten die Melodic-Metaller <strong>Jaded Star<\/strong> im vergangenen Jahr mit <strong>Noble Demon<\/strong> die Ver\u00f6ffentlichung ihres zweiten Albums &#8222;<strong>Realign<\/strong>&#8222;. Dynamische Arrangements und einzigartiges Songwriting, das an Old-School-Metal mit modernem Einschlag erinnert: &#8222;<strong>Realign<\/strong>&#8220; ist das charismatische und dynamische, sch\u00f6ne, aber schwere Nachfolgealbum, auf das ihre Fans gewartet haben.[\/vc_column_text][vc_column_text]&#8220;<strong>Realign<\/strong>&#8222;, das bisher st\u00e4rkste, emotionalste und h\u00e4rteste Album der Band, ist beim deutschen Label <strong>Noble Demon<\/strong> erschienen und kann digital, auf CD sowie Vinyl angeh\u00f6rt werden.[\/vc_column_text][\/vc_column][vc_column width=&#8220;1\/4&#8243;][vc_single_image image=&#8220;44388&#8243; img_size=&#8220;full&#8220; onclick=&#8220;link_image&#8220;][vc_btn title=&#8220;Realign<br \/>\n<small>2020\u30fbAlbum<\/small>&#8220; shape=&#8220;square&#8220; color=&#8220;white&#8220; size=&#8220;xs&#8220; align=&#8220;center&#8220; button_block=&#8220;true&#8220; css=&#8220;.vc_custom_1599227215753{margin-top: -40px !important;}&#8220; link=&#8220;url:https%3A%2F%2Fsnd.click%2Frealign|title:Realign|target:_blank&#8220;][vc_empty_space height=&#8220;20px&#8220;][\/vc_column][\/vc_row][vc_row][vc_column][vc_separator][\/vc_column][\/vc_row][vc_row][vc_column width=&#8220;1\/3&#8243;][vc_column_text]<span style=\"font-size: 12pt; color: #000000;\">CD:<\/span>[\/vc_column_text][vc_single_image image=&#8220;46510&#8243; img_size=&#8220;full&#8220; onclick=&#8220;link_image&#8220; css=&#8220;.vc_custom_1604688296069{margin-top: -25px !important;}&#8220;][\/vc_column][vc_column width=&#8220;1\/3&#8243;][vc_column_text]<span style=\"color: #ffffff;\">b<\/span>[\/vc_column_text][vc_single_image image=&#8220;46506&#8243; img_size=&#8220;full&#8220; onclick=&#8220;link_image&#8220; css=&#8220;.vc_custom_1604688289668{margin-top: -25px !important;}&#8220;][\/vc_column][vc_column width=&#8220;1\/3&#8243;][vc_column_text]<span style=\"color: #000000; font-size: 12pt;\">Vinyl:<\/span>[\/vc_column_text][vc_single_image image=&#8220;46517&#8243; img_size=&#8220;full&#8220; onclick=&#8220;link_image&#8220; css=&#8220;.vc_custom_1604688309376{margin-top: -25px !important;}&#8220;][\/vc_column][\/vc_row][vc_row][vc_column width=&#8220;1\/4&#8243;][vc_btn title=&#8220;Download \/ Streaming&#8220; style=&#8220;flat&#8220; color=&#8220;sky&#8220; size=&#8220;sm&#8220; align=&#8220;center&#8220; i_icon_fontawesome=&#8220;fas fa-external-link-square-alt&#8220; button_block=&#8220;true&#8220; add_icon=&#8220;true&#8220; link=&#8220;url:https%3A%2F%2Fsnd.click%2Frealign|title:Download%20%2F%20Streaming|target:_blank&#8220;][\/vc_column][vc_column width=&#8220;1\/4&#8243;][vc_btn title=&#8220;Amazon&#8220; style=&#8220;flat&#8220; color=&#8220;orange&#8220; size=&#8220;sm&#8220; align=&#8220;center&#8220; i_icon_fontawesome=&#8220;fab fa-amazon&#8220; button_block=&#8220;true&#8220; add_icon=&#8220;true&#8220; link=&#8220;url:https%3A%2F%2Fwww.amazon.de%2FRealign-Digipak-Jaded-Star%2Fdp%2FB08HPY3XXY|title:Amazon|target:_blank&#8220;][\/vc_column][vc_column width=&#8220;1\/4&#8243;][vc_btn title=&#8220;Nuclear Blast&#8220; style=&#8220;flat&#8220; color=&#8220;inverse&#8220; size=&#8220;sm&#8220; align=&#8220;center&#8220; i_icon_fontawesome=&#8220;fas fa-radiation&#8220; button_block=&#8220;true&#8220; add_icon=&#8220;true&#8220; link=&#8220;url:https%3A%2F%2Fwww.nuclearblast.de%2Fde%2Fprodukte%2Ftontraeger%2Fvinyl%2Flp%2Fjaded-star-realign-splatter-vinyl.html|title:Nuclear%20blast|target:_blank&#8220;][\/vc_column][vc_column width=&#8220;1\/4&#8243;][vc_btn title=&#8220;Bandcamp&#8220; style=&#8220;flat&#8220; color=&#8220;inverse&#8220; size=&#8220;sm&#8220; align=&#8220;center&#8220; i_icon_fontawesome=&#8220;fab fa-bandcamp&#8220; button_block=&#8220;true&#8220; add_icon=&#8220;true&#8220; link=&#8220;url:https%3A%2F%2Fjadedstar.bandcamp.com|title:Bandcamp|target:_blank&#8220;][\/vc_column][\/vc_row][vc_row][vc_column][vc_empty_space height=&#8220;24px&#8220;][vc_separator][\/vc_column][\/vc_row][vc_row][vc_column][vc_video link=&#8220;https:\/\/youtu.be\/gnNoJ97Xv1A&#8220; title=&#8220;Jaded Star &#8211; A Pain All Mine (Official Live Music Video)&#8220;][\/vc_column][\/vc_row][vc_row][vc_column][vc_column_text]<span style=\"font-size: 14pt;\">Informationen zum Video:<\/span><br \/>\nGefilmt von <strong>Bob Katsionis<\/strong> , <strong>Lorin Paraskevopoulou<\/strong> und <strong>Jim Georgosopoulos<\/strong> im <strong>The Crow Club Athen<\/strong><br \/>\nGeschnitten und bearbeitet von <strong>Bob Katsionis<\/strong> bei der <strong>Progressive Vision Group<\/strong> (<a title=\"\" href=\"mailto:bob_katsionis@yahoo.gr\">bob_katsionis@yahoo.gr<\/a>)<br \/>\nAufgenommen und gemischt von <strong>Mike Skarakis<\/strong> (<a href=\"https:\/\/www.facebook.com\/133-Productions-741134435952392\">https:\/\/www.facebook.com\/133-Productions-741134435952392<\/a>)<br \/>\nGemastert von <strong>Nasos Nomikos<\/strong> im <strong>VU Production Mastering Studio<\/strong> (<a href=\"http:\/\/www.vu-productions.gr\">http:\/\/www.vu-productions.gr<\/a>)<br \/>\n<strong>MUA\/ Hair Adelin Mary Make Up<\/strong> (@adelinmary_makeup ) (<a href=\"https:\/\/www.facebook.com\/jadedstarofficia\">https:\/\/www.facebook.com\/jadedstarofficia<\/a>l)[\/vc_column_text][vc_empty_space height=&#8220;12px&#8220;][\/vc_column][\/vc_row][vc_row][vc_column width=&#8220;1\/2&#8243;][vc_column_text]Weitere Informationen \u00fcber die Band: <a title=\"Jaded Star | Noble Demon\" href=\"https:\/\/ucm.one\/de\/jaded-star\/\">Jaded Star<\/a>[\/vc_column_text][\/vc_column][vc_column width=&#8220;1\/2&#8243;][vc_column_text]Weitere Informationen \u00fcber das Label: <a title=\"Noble Demon\" href=\"https:\/\/ucm.one\/de\/musik-labels\/noble-demon\/\">Noble Demon<\/a>[\/vc_column_text][\/vc_column][\/vc_row]<\/p>\n<\/div>","protected":false},"excerpt":{"rendered":"<p>[vc_row][vc_column width=&#8220;3\/4&#8243;][vc_column_text]Zur Feier des 1. Jahrestages ihres aktuellen Albums &#8222;Realign&#8220; melden sich Jaded Star mit der Live-Version ihrer Single &#8222;A Pain All Mine&#8220; zur\u00fcck, die live im The Crow Club Athen gefilmt und aufgenommen wurde! &#8222;Wir hatten das Bed\u00fcrfnis, diesen Song live zu spielen, um den ersten Geburtstag unseres Albums zu feiern, weil es der&hellip;<\/p>\n","protected":false},"author":2,"featured_media":58355,"comment_status":"closed","ping_status":"closed","sticky":false,"template":"","format":"standard","meta":{"_acf_changed":false,"footnotes":""},"categories":[9,13,7077],"tags":[8952,8692,10298,8694,8693,8129,10300,8695,10299,8690,7079,8691,8685,10301],"class_list":["post-58348","post","type-post","status-publish","format-standard","has-post-thumbnail","hentry","category-musik","category-news","category-noble-demon","tag-a-pain-all-mine","tag-angelo-vafiadis","tag-bob-katsionis","tag-dane-constantine","tag-fredrik-nordstrom","tag-jaded-star","tag-jim-georgosopoulos","tag-john-dres","tag-lorin-paraskevopoulou","tag-maxi-nil","tag-noble-demon","tag-raphael-saini","tag-realign","tag-the-crow-club-athen","category-9","category-13","category-7077","description-off"],"acf":[],"yoast_head":"<!-- This site is optimized with the Yoast SEO plugin v27.5 - https:\/\/yoast.com\/product\/yoast-seo-wordpress\/ -->\n<title>&quot;Jaded Star&quot; ver\u00f6ffentlichen neues Musikvideo zu &quot;A Pain All Mine&quot; (Noble Demon)<\/title>\n<meta name=\"description\" content=\"Zur Feier des 1. Jahrestages ihres aktuellen Albums &quot;Realign&quot; melden sich Jaded Star mit der Live-Version ihrer Single &quot;A Pain All Mine&quot; zur\u00fcck\" \/>\n<meta name=\"robots\" content=\"index, follow, max-snippet:-1, max-image-preview:large, max-video-preview:-1\" \/>\n<link rel=\"canonical\" href=\"https:\/\/ucm.one\/de\/jaded-star-veroeffentlichen-neues-musikvideo-zu-a-pain-all-mine-noble-demon\/\" \/>\n<meta property=\"og:locale\" content=\"de_DE\" \/>\n<meta property=\"og:type\" content=\"article\" \/>\n<meta property=\"og:title\" content=\"&quot;Jaded Star&quot; ver\u00f6ffentlichen neues Musikvideo zu &quot;A Pain All Mine&quot; (Noble Demon)\" \/>\n<meta property=\"og:description\" content=\"Zur Feier des 1. Jahrestages ihres aktuellen Albums &quot;Realign&quot; melden sich Jaded Star mit der Live-Version ihrer Single &quot;A Pain All Mine&quot; zur\u00fcck\" \/>\n<meta property=\"og:url\" content=\"https:\/\/ucm.one\/de\/jaded-star-veroeffentlichen-neues-musikvideo-zu-a-pain-all-mine-noble-demon\/\" \/>\n<meta property=\"og:site_name\" content=\"UCM.ONE\" \/>\n<meta property=\"article:published_time\" content=\"2021-11-06T02:04:48+00:00\" \/>\n<meta property=\"article:modified_time\" content=\"2023-03-10T08:44:54+00:00\" \/>\n<meta property=\"og:image\" content=\"https:\/\/ucm.one\/wp-content\/uploads\/2021\/11\/B-Jaded-Star-A-Pain-All-Mine-2021-1.jpg\" \/>\n\t<meta property=\"og:image:width\" content=\"1920\" \/>\n\t<meta property=\"og:image:height\" content=\"600\" \/>\n\t<meta property=\"og:image:type\" content=\"image\/jpeg\" \/>\n<meta name=\"author\" content=\"Joachim Keil\" \/>\n<meta name=\"twitter:card\" content=\"summary_large_image\" \/>\n<meta name=\"twitter:label1\" content=\"Verfasst von\" \/>\n\t<meta name=\"twitter:data1\" content=\"Joachim Keil\" \/>\n\t<meta name=\"twitter:label2\" content=\"Gesch\u00e4tzte Lesezeit\" \/>\n\t<meta name=\"twitter:data2\" content=\"4\u00a0Minuten\" \/>\n<!-- \/ Yoast SEO plugin. -->","yoast_head_json":{"title":"\"Jaded Star\" ver\u00f6ffentlichen neues Musikvideo zu \"A Pain All Mine\" (Noble Demon)","description":"Zur Feier des 1. Jahrestages ihres aktuellen Albums \"Realign\" melden sich Jaded Star mit der Live-Version ihrer Single \"A Pain All Mine\" zur\u00fcck","robots":{"index":"index","follow":"follow","max-snippet":"max-snippet:-1","max-image-preview":"max-image-preview:large","max-video-preview":"max-video-preview:-1"},"canonical":"https:\/\/ucm.one\/de\/jaded-star-veroeffentlichen-neues-musikvideo-zu-a-pain-all-mine-noble-demon\/","og_locale":"de_DE","og_type":"article","og_title":"\"Jaded Star\" ver\u00f6ffentlichen neues Musikvideo zu \"A Pain All Mine\" (Noble Demon)","og_description":"Zur Feier des 1. Jahrestages ihres aktuellen Albums \"Realign\" melden sich Jaded Star mit der Live-Version ihrer Single \"A Pain All Mine\" zur\u00fcck","og_url":"https:\/\/ucm.one\/de\/jaded-star-veroeffentlichen-neues-musikvideo-zu-a-pain-all-mine-noble-demon\/","og_site_name":"UCM.ONE","article_published_time":"2021-11-06T02:04:48+00:00","article_modified_time":"2023-03-10T08:44:54+00:00","og_image":[{"width":1920,"height":600,"url":"https:\/\/ucm.one\/wp-content\/uploads\/2021\/11\/B-Jaded-Star-A-Pain-All-Mine-2021-1.jpg","type":"image\/jpeg"}],"author":"Joachim Keil","twitter_card":"summary_large_image","twitter_misc":{"Verfasst von":"Joachim Keil","Gesch\u00e4tzte Lesezeit":"4\u00a0Minuten"},"schema":{"@context":"https:\/\/schema.org","@graph":[{"@type":"Article","@id":"https:\/\/ucm.one\/de\/jaded-star-veroeffentlichen-neues-musikvideo-zu-a-pain-all-mine-noble-demon\/#article","isPartOf":{"@id":"https:\/\/ucm.one\/de\/jaded-star-veroeffentlichen-neues-musikvideo-zu-a-pain-all-mine-noble-demon\/"},"author":{"name":"Joachim Keil","@id":"https:\/\/ucm.one\/de\/#\/schema\/person\/4b959e467e8acc058836467a0ef8fa50"},"headline":"&#8222;Jaded Star&#8220; ver\u00f6ffentlichen neues Musikvideo zu &#8222;A Pain All Mine&#8220; (Noble Demon)","datePublished":"2021-11-06T02:04:48+00:00","dateModified":"2023-03-10T08:44:54+00:00","mainEntityOfPage":{"@id":"https:\/\/ucm.one\/de\/jaded-star-veroeffentlichen-neues-musikvideo-zu-a-pain-all-mine-noble-demon\/"},"wordCount":727,"publisher":{"@id":"https:\/\/ucm.one\/de\/#organization"},"image":{"@id":"https:\/\/ucm.one\/de\/jaded-star-veroeffentlichen-neues-musikvideo-zu-a-pain-all-mine-noble-demon\/#primaryimage"},"thumbnailUrl":"https:\/\/ucm.one\/wp-content\/uploads\/2021\/11\/B-Jaded-Star-A-Pain-All-Mine-2021-1.jpg","keywords":["A Pain All Mine","Angelo Vafiadis","Bob Katsionis","Dane Constantine","Fredrik Nordstrom","Jaded Star","Jim Georgosopoulos","John Dres","Lorin Paraskevopoulou","Maxi Nil","Noble Demon","Raphael Saini","Realign","The Crow Club Athen"],"articleSection":["Musik","News","Noble Demon"],"inLanguage":"de"},{"@type":"WebPage","@id":"https:\/\/ucm.one\/de\/jaded-star-veroeffentlichen-neues-musikvideo-zu-a-pain-all-mine-noble-demon\/","url":"https:\/\/ucm.one\/de\/jaded-star-veroeffentlichen-neues-musikvideo-zu-a-pain-all-mine-noble-demon\/","name":"\"Jaded Star\" ver\u00f6ffentlichen neues Musikvideo zu \"A Pain All Mine\" (Noble Demon)","isPartOf":{"@id":"https:\/\/ucm.one\/de\/#website"},"primaryImageOfPage":{"@id":"https:\/\/ucm.one\/de\/jaded-star-veroeffentlichen-neues-musikvideo-zu-a-pain-all-mine-noble-demon\/#primaryimage"},"image":{"@id":"https:\/\/ucm.one\/de\/jaded-star-veroeffentlichen-neues-musikvideo-zu-a-pain-all-mine-noble-demon\/#primaryimage"},"thumbnailUrl":"https:\/\/ucm.one\/wp-content\/uploads\/2021\/11\/B-Jaded-Star-A-Pain-All-Mine-2021-1.jpg","datePublished":"2021-11-06T02:04:48+00:00","dateModified":"2023-03-10T08:44:54+00:00","description":"Zur Feier des 1. Jahrestages ihres aktuellen Albums \"Realign\" melden sich Jaded Star mit der Live-Version ihrer Single \"A Pain All Mine\" zur\u00fcck","breadcrumb":{"@id":"https:\/\/ucm.one\/de\/jaded-star-veroeffentlichen-neues-musikvideo-zu-a-pain-all-mine-noble-demon\/#breadcrumb"},"inLanguage":"de","potentialAction":[{"@type":"ReadAction","target":["https:\/\/ucm.one\/de\/jaded-star-veroeffentlichen-neues-musikvideo-zu-a-pain-all-mine-noble-demon\/"]}]},{"@type":"ImageObject","inLanguage":"de","@id":"https:\/\/ucm.one\/de\/jaded-star-veroeffentlichen-neues-musikvideo-zu-a-pain-all-mine-noble-demon\/#primaryimage","url":"https:\/\/ucm.one\/wp-content\/uploads\/2021\/11\/B-Jaded-Star-A-Pain-All-Mine-2021-1.jpg","contentUrl":"https:\/\/ucm.one\/wp-content\/uploads\/2021\/11\/B-Jaded-Star-A-Pain-All-Mine-2021-1.jpg","width":1920,"height":600},{"@type":"BreadcrumbList","@id":"https:\/\/ucm.one\/de\/jaded-star-veroeffentlichen-neues-musikvideo-zu-a-pain-all-mine-noble-demon\/#breadcrumb","itemListElement":[{"@type":"ListItem","position":1,"name":"Home","item":"https:\/\/ucm.one\/de\/"},{"@type":"ListItem","position":2,"name":"&#8222;Jaded Star&#8220; ver\u00f6ffentlichen neues Musikvideo zu &#8222;A Pain All Mine&#8220; (Noble Demon)"}]},{"@type":"WebSite","@id":"https:\/\/ucm.one\/de\/#website","url":"https:\/\/ucm.one\/de\/","name":"UCM.ONE","description":"","publisher":{"@id":"https:\/\/ucm.one\/de\/#organization"},"potentialAction":[{"@type":"SearchAction","target":{"@type":"EntryPoint","urlTemplate":"https:\/\/ucm.one\/de\/?s={search_term_string}"},"query-input":{"@type":"PropertyValueSpecification","valueRequired":true,"valueName":"search_term_string"}}],"inLanguage":"de"},{"@type":"Organization","@id":"https:\/\/ucm.one\/de\/#organization","name":"UCM.ONE","url":"https:\/\/ucm.one\/de\/","logo":{"@type":"ImageObject","inLanguage":"de","@id":"https:\/\/ucm.one\/de\/#\/schema\/logo\/image\/","url":"https:\/\/ucm.one\/wp-content\/uploads\/2019\/10\/UCM.ONE-Logo-RGB.svg","contentUrl":"https:\/\/ucm.one\/wp-content\/uploads\/2019\/10\/UCM.ONE-Logo-RGB.svg","width":1,"height":1,"caption":"UCM.ONE"},"image":{"@id":"https:\/\/ucm.one\/de\/#\/schema\/logo\/image\/"}},{"@type":"Person","@id":"https:\/\/ucm.one\/de\/#\/schema\/person\/4b959e467e8acc058836467a0ef8fa50","name":"Joachim Keil","image":{"@type":"ImageObject","inLanguage":"de","@id":"https:\/\/secure.gravatar.com\/avatar\/10e1dfd05f2a7a7bc83cd44bae31e01c8ac15f974229211a2b1a49fa0a22fec0?s=96&d=mm&r=g","url":"https:\/\/secure.gravatar.com\/avatar\/10e1dfd05f2a7a7bc83cd44bae31e01c8ac15f974229211a2b1a49fa0a22fec0?s=96&d=mm&r=g","contentUrl":"https:\/\/secure.gravatar.com\/avatar\/10e1dfd05f2a7a7bc83cd44bae31e01c8ac15f974229211a2b1a49fa0a22fec0?s=96&d=mm&r=g","caption":"Joachim Keil"},"sameAs":["https:\/\/ucm.one"]}]}},"_links":{"self":[{"href":"https:\/\/ucm.one\/de\/wp-json\/wp\/v2\/posts\/58348","targetHints":{"allow":["GET"]}}],"collection":[{"href":"https:\/\/ucm.one\/de\/wp-json\/wp\/v2\/posts"}],"about":[{"href":"https:\/\/ucm.one\/de\/wp-json\/wp\/v2\/types\/post"}],"author":[{"embeddable":true,"href":"https:\/\/ucm.one\/de\/wp-json\/wp\/v2\/users\/2"}],"replies":[{"embeddable":true,"href":"https:\/\/ucm.one\/de\/wp-json\/wp\/v2\/comments?post=58348"}],"version-history":[{"count":0,"href":"https:\/\/ucm.one\/de\/wp-json\/wp\/v2\/posts\/58348\/revisions"}],"wp:featuredmedia":[{"embeddable":true,"href":"https:\/\/ucm.one\/de\/wp-json\/wp\/v2\/media\/58355"}],"wp:attachment":[{"href":"https:\/\/ucm.one\/de\/wp-json\/wp\/v2\/media?parent=58348"}],"wp:term":[{"taxonomy":"category","embeddable":true,"href":"https:\/\/ucm.one\/de\/wp-json\/wp\/v2\/categories?post=58348"},{"taxonomy":"post_tag","embeddable":true,"href":"https:\/\/ucm.one\/de\/wp-json\/wp\/v2\/tags?post=58348"}],"curies":[{"name":"wp","href":"https:\/\/api.w.org\/{rel}","templated":true}]}}